{"id":10336,"date":"2024-09-24T05:57:05","date_gmt":"2024-09-24T05:57:05","guid":{"rendered":"https:\/\/sindromecharge.es\/index.php\/2024\/09\/24\/gobierno-pedira-tramitar-por-via-urgencia-reforma-que-elimina-despido-automatico-por-discapacidad-sobrevenida\/"},"modified":"2024-09-24T05:57:05","modified_gmt":"2024-09-24T05:57:05","slug":"gobierno-pedira-tramitar-por-via-urgencia-reforma-que-elimina-despido-automatico-por-discapacidad-sobrevenida","status":"publish","type":"post","link":"https:\/\/sindromecharge.es\/index.php\/2024\/09\/24\/gobierno-pedira-tramitar-por-via-urgencia-reforma-que-elimina-despido-automatico-por-discapacidad-sobrevenida\/","title":{"rendered":"El Gobierno pedir\u00e1 tramitar por v\u00eda de urgencia la reforma que elimina el despido autom\u00e1tico por discapacidad sobrevenida"},"content":{"rendered":"<p>Leemos en Discapacidad la siguiente noticia que os reproducimos de forma \u00edntegra: <\/p>\n<div>\n<p>El <a href=\"https:\/\/www.20minutos.es\/minuteca\/el-gobierno\/\" title=\"El Gobierno\" target=\"_blank\" rel=\"noopener\">Gobierno<\/a> pedir\u00e1 ma\u00f1ana martes al <a href=\"https:\/\/www.20minutos.es\/minuteca\/congreso-de-los-diputados\/\" title=\"Congreso de los Diputados\" target=\"_blank\" rel=\"noopener\">Congreso de los Diputados<\/a> que tramite por v\u00eda de urgencia la reforma del art\u00edculo 49 del Estatuto de los Trabajadores para<b> eliminar el despido autom\u00e1tico por una <a href=\"https:\/\/www.20minutos.es\/minuteca\/discapacidad\/\" title=\"Discapacidad\" target=\"_blank\" rel=\"noopener\">discapacidad<\/a> sobrevenida <\/b>que cause<b> incapacidad permanente<\/b>, una medida que considera la \u201cerradicaci\u00f3n de una discriminaci\u00f3n hist\u00f3rica en Espa\u00f1a\u201d.<\/p>\n<p>Fuentes pr\u00f3ximas al Ejecutivo indicaron a Servimedia que el Consejo de Ministros tiene previsto solicitar este tipo de tramitaci\u00f3n parlamentaria <b>para acelerar los plazos <\/b>y conseguir que la reforma legislativa entre en vigor antes de lo habitual.<\/p>\n<p>As\u00ed <b>podr\u00eda ser aprobado antes de acabar este a\u00f1o<\/b>, ya que el proyecto de ley fue aprobado por el Consejo de Ministros el pasado mes de julio y remitido a las Cortes Generales, donde actualmente se encuentra en periodo de enmiendas en la Comisi\u00f3n de Trabajo de la C\u00e1mara Baja.<\/p>\n<p>Esta reforma consiste en <b>modificar el art\u00edculo 49.1.e) del Estatuto de los Trabajadores <\/b>para eliminar la referencia a la extinci\u00f3n autom\u00e1tica por \u201cgran invalidez o incapacidad permanente total o absoluta del trabajador\u201d, dejando solamente la extinci\u00f3n por \u201cmuerte de la persona trabajadora\u201d. En la actualidad aparecen ambas opciones en el articulado del Estatuto.<\/p>\n<p>La posibilidad de<b> extinguir el contrato<\/b>, hasta ahora en manos de la empresa<b>, se condiciona a la voluntad del trabajador<\/b>, que podr\u00e1 solicitar una <b>adaptaci\u00f3n del puesto de trabajo razonable<\/b>, necesaria y adecuada, y el cambio a otro puesto de trabajo vacante y disponible cuando la carga sea \u201cexcesiva\u201d, acorde con su perfil profesional y compatible con su nueva situaci\u00f3n.<\/p>\n<p>Para determinar si la carga es \u201cexcesiva\u201d para la empresa, el texto se\u00f1ala que \u201cse tendr\u00e1 en cuenta si puede ser paliada en grado suficiente mediante medidas, ayudas o subvenciones p\u00fablicas para personas con discapacidad, as\u00ed como los<b> costes que la adaptaci\u00f3n<\/b> implique, en relaci\u00f3n con el salario medio, el tama\u00f1o y el volumen de negocios de la empresa\u201d.<\/p>\n<p>Adem\u00e1s, los trabajadores que adquieran una discapacidad sobrevenida que sea causante de una situaci\u00f3n de incapacidad permanente <b>dispondr\u00e1n de un mes <\/b>desde el momento en el que se les reconozca oficialmente esta situaci\u00f3n para informar a su empresa de si quieren permanecer en la compa\u00f1\u00eda, para adaptar el puesto de trabajo, el cambio a otro o proceder a la extinci\u00f3n del contrato. Por su parte, la empresa contar\u00e1 desde entonces de<b> tres meses para responder<\/b>.<\/p>\n<p>El Gobierno se compromete en la ley a presentar una propuesta de modificaci\u00f3n de la normativa en materia de Seguridad Social sobre incapacidad permanente y su compatibilidad con el trabajo, a fin de que la misma se ampl\u00ede. Y para ello, se da un plazo de seis meses para plantear dicha propuesta en el seno del di\u00e1logo social.<\/p>\n<\/div>\n<p>Fuente: Discapacidad https:\/\/www.20minutos.es\/noticia\/5636703\/0\/gobierno-pedira-tramitar-por-via-urgencia-reforma-que-elimina-despido-automatico-por-discapacidad-sobrevenida\/<\/p>\n","protected":false},"excerpt":{"rendered":"<p>La reforma, aprobada en Consejo de Ministros en julio, podr\u00eda ser aprobada antes de acabar este a\u00f1o.<\/p>\n","protected":false},"author":1,"featured_media":0,"comment_status":"closed","ping_status":"closed","sticky":false,"template":"","format":"standard","meta":{"footnotes":""},"categories":[8],"tags":[],"class_list":["post-10336","post","type-post","status-publish","format-standard","hentry","category-noticias"],"yoast_head":"<!-- This site is optimized with the Yoast SEO plugin v27.5 - https:\/\/yoast.com\/product\/yoast-seo-wordpress\/ -->\n<title>El Gobierno pedir\u00e1 tramitar por v\u00eda de urgencia la reforma que elimina el despido autom\u00e1tico por discapacidad sobrevenida - Asociaci\u00f3n Espa\u00f1ola S\u00edndrome de Charge<\/title>\n<meta name=\"robots\" content=\"index, follow, max-snippet:-1, max-image-preview:large, max-video-preview:-1\" \/>\n<link rel=\"canonical\" href=\"https:\/\/sindromecharge.es\/index.php\/2024\/09\/24\/gobierno-pedira-tramitar-por-via-urgencia-reforma-que-elimina-despido-automatico-por-discapacidad-sobrevenida\/\" \/>\n<meta property=\"og:locale\" content=\"es_ES\" \/>\n<meta property=\"og:type\" content=\"article\" \/>\n<meta property=\"og:title\" content=\"El Gobierno pedir\u00e1 tramitar por v\u00eda de urgencia la reforma que elimina el despido autom\u00e1tico por discapacidad sobrevenida - Asociaci\u00f3n Espa\u00f1ola S\u00edndrome de Charge\" \/>\n<meta property=\"og:description\" content=\"La reforma, aprobada en Consejo de Ministros en julio, podr\u00eda ser aprobada antes de acabar este a\u00f1o.\" \/>\n<meta property=\"og:url\" content=\"https:\/\/sindromecharge.es\/index.php\/2024\/09\/24\/gobierno-pedira-tramitar-por-via-urgencia-reforma-que-elimina-despido-automatico-por-discapacidad-sobrevenida\/\" \/>\n<meta property=\"og:site_name\" content=\"Asociaci\u00f3n Espa\u00f1ola S\u00edndrome de Charge\" \/>\n<meta property=\"article:publisher\" content=\"https:\/\/www.facebook.com\/asociacionsindromecharge\" \/>\n<meta property=\"article:published_time\" content=\"2024-09-24T05:57:05+00:00\" \/>\n<meta property=\"og:image\" content=\"https:\/\/sindromecharge.es\/wp-content\/uploads\/2013\/09\/logodecharge300x98.png\" \/>\n\t<meta property=\"og:image:width\" content=\"300\" \/>\n\t<meta property=\"og:image:height\" content=\"98\" \/>\n\t<meta property=\"og:image:type\" content=\"image\/png\" \/>\n<meta name=\"author\" content=\"Charge\" \/>\n<meta name=\"twitter:card\" content=\"summary_large_image\" \/>\n<meta name=\"twitter:creator\" content=\"@sindromecharge\" \/>\n<meta name=\"twitter:site\" content=\"@sindromecharge\" \/>\n<meta name=\"twitter:label1\" content=\"Escrito por\" \/>\n\t<meta name=\"twitter:data1\" content=\"Charge\" \/>\n\t<meta name=\"twitter:label2\" content=\"Tiempo de lectura\" \/>\n\t<meta name=\"twitter:data2\" content=\"2 minutos\" \/>\n<script type=\"application\/ld+json\" class=\"yoast-schema-graph\">{\"@context\":\"https:\\\/\\\/schema.org\",\"@graph\":[{\"@type\":\"Article\",\"@id\":\"https:\\\/\\\/sindromecharge.es\\\/index.php\\\/2024\\\/09\\\/24\\\/gobierno-pedira-tramitar-por-via-urgencia-reforma-que-elimina-despido-automatico-por-discapacidad-sobrevenida\\\/#article\",\"isPartOf\":{\"@id\":\"https:\\\/\\\/sindromecharge.es\\\/index.php\\\/2024\\\/09\\\/24\\\/gobierno-pedira-tramitar-por-via-urgencia-reforma-que-elimina-despido-automatico-por-discapacidad-sobrevenida\\\/\"},\"author\":{\"name\":\"Charge\",\"@id\":\"https:\\\/\\\/sindromecharge.es\\\/#\\\/schema\\\/person\\\/39a60ebe0a2b4d5a11179701e336b039\"},\"headline\":\"El Gobierno pedir\u00e1 tramitar por v\u00eda de urgencia la reforma que elimina el despido autom\u00e1tico por discapacidad sobrevenida\",\"datePublished\":\"2024-09-24T05:57:05+00:00\",\"mainEntityOfPage\":{\"@id\":\"https:\\\/\\\/sindromecharge.es\\\/index.php\\\/2024\\\/09\\\/24\\\/gobierno-pedira-tramitar-por-via-urgencia-reforma-que-elimina-despido-automatico-por-discapacidad-sobrevenida\\\/\"},\"wordCount\":516,\"articleSection\":[\"noticias\"],\"inLanguage\":\"es\"},{\"@type\":\"WebPage\",\"@id\":\"https:\\\/\\\/sindromecharge.es\\\/index.php\\\/2024\\\/09\\\/24\\\/gobierno-pedira-tramitar-por-via-urgencia-reforma-que-elimina-despido-automatico-por-discapacidad-sobrevenida\\\/\",\"url\":\"https:\\\/\\\/sindromecharge.es\\\/index.php\\\/2024\\\/09\\\/24\\\/gobierno-pedira-tramitar-por-via-urgencia-reforma-que-elimina-despido-automatico-por-discapacidad-sobrevenida\\\/\",\"name\":\"El Gobierno pedir\u00e1 tramitar por v\u00eda de urgencia la reforma que elimina el despido autom\u00e1tico por discapacidad sobrevenida - Asociaci\u00f3n Espa\u00f1ola S\u00edndrome de Charge\",\"isPartOf\":{\"@id\":\"https:\\\/\\\/sindromecharge.es\\\/#website\"},\"datePublished\":\"2024-09-24T05:57:05+00:00\",\"author\":{\"@id\":\"https:\\\/\\\/sindromecharge.es\\\/#\\\/schema\\\/person\\\/39a60ebe0a2b4d5a11179701e336b039\"},\"breadcrumb\":{\"@id\":\"https:\\\/\\\/sindromecharge.es\\\/index.php\\\/2024\\\/09\\\/24\\\/gobierno-pedira-tramitar-por-via-urgencia-reforma-que-elimina-despido-automatico-por-discapacidad-sobrevenida\\\/#breadcrumb\"},\"inLanguage\":\"es\",\"potentialAction\":[{\"@type\":\"ReadAction\",\"target\":[\"https:\\\/\\\/sindromecharge.es\\\/index.php\\\/2024\\\/09\\\/24\\\/gobierno-pedira-tramitar-por-via-urgencia-reforma-que-elimina-despido-automatico-por-discapacidad-sobrevenida\\\/\"]}]},{\"@type\":\"BreadcrumbList\",\"@id\":\"https:\\\/\\\/sindromecharge.es\\\/index.php\\\/2024\\\/09\\\/24\\\/gobierno-pedira-tramitar-por-via-urgencia-reforma-que-elimina-despido-automatico-por-discapacidad-sobrevenida\\\/#breadcrumb\",\"itemListElement\":[{\"@type\":\"ListItem\",\"position\":1,\"name\":\"Portada\",\"item\":\"https:\\\/\\\/sindromecharge.es\\\/\"},{\"@type\":\"ListItem\",\"position\":2,\"name\":\"El Gobierno pedir\u00e1 tramitar por v\u00eda de urgencia la reforma que elimina el despido autom\u00e1tico por discapacidad sobrevenida\"}]},{\"@type\":\"WebSite\",\"@id\":\"https:\\\/\\\/sindromecharge.es\\\/#website\",\"url\":\"https:\\\/\\\/sindromecharge.es\\\/\",\"name\":\"Asociaci\u00f3n Espa\u00f1ola S\u00edndrome de Charge\",\"description\":\"\",\"potentialAction\":[{\"@type\":\"SearchAction\",\"target\":{\"@type\":\"EntryPoint\",\"urlTemplate\":\"https:\\\/\\\/sindromecharge.es\\\/?s={search_term_string}\"},\"query-input\":{\"@type\":\"PropertyValueSpecification\",\"valueRequired\":true,\"valueName\":\"search_term_string\"}}],\"inLanguage\":\"es\"},{\"@type\":\"Person\",\"@id\":\"https:\\\/\\\/sindromecharge.es\\\/#\\\/schema\\\/person\\\/39a60ebe0a2b4d5a11179701e336b039\",\"name\":\"Charge\",\"image\":{\"@type\":\"ImageObject\",\"inLanguage\":\"es\",\"@id\":\"https:\\\/\\\/secure.gravatar.com\\\/avatar\\\/c3b46e32a0fc3b093a0873fb767bf3293de856293065e84ef06b7ec7a8acfb98?s=96&d=identicon&r=x\",\"url\":\"https:\\\/\\\/secure.gravatar.com\\\/avatar\\\/c3b46e32a0fc3b093a0873fb767bf3293de856293065e84ef06b7ec7a8acfb98?s=96&d=identicon&r=x\",\"contentUrl\":\"https:\\\/\\\/secure.gravatar.com\\\/avatar\\\/c3b46e32a0fc3b093a0873fb767bf3293de856293065e84ef06b7ec7a8acfb98?s=96&d=identicon&r=x\",\"caption\":\"Charge\"},\"url\":\"https:\\\/\\\/sindromecharge.es\\\/index.php\\\/author\\\/admin\\\/\"}]}<\/script>\n<!-- \/ Yoast SEO plugin. -->","yoast_head_json":{"title":"El Gobierno pedir\u00e1 tramitar por v\u00eda de urgencia la reforma que elimina el despido autom\u00e1tico por discapacidad sobrevenida - Asociaci\u00f3n Espa\u00f1ola S\u00edndrome de Charge","robots":{"index":"index","follow":"follow","max-snippet":"max-snippet:-1","max-image-preview":"max-image-preview:large","max-video-preview":"max-video-preview:-1"},"canonical":"https:\/\/sindromecharge.es\/index.php\/2024\/09\/24\/gobierno-pedira-tramitar-por-via-urgencia-reforma-que-elimina-despido-automatico-por-discapacidad-sobrevenida\/","og_locale":"es_ES","og_type":"article","og_title":"El Gobierno pedir\u00e1 tramitar por v\u00eda de urgencia la reforma que elimina el despido autom\u00e1tico por discapacidad sobrevenida - Asociaci\u00f3n Espa\u00f1ola S\u00edndrome de Charge","og_description":"La reforma, aprobada en Consejo de Ministros en julio, podr\u00eda ser aprobada antes de acabar este a\u00f1o.","og_url":"https:\/\/sindromecharge.es\/index.php\/2024\/09\/24\/gobierno-pedira-tramitar-por-via-urgencia-reforma-que-elimina-despido-automatico-por-discapacidad-sobrevenida\/","og_site_name":"Asociaci\u00f3n Espa\u00f1ola S\u00edndrome de Charge","article_publisher":"https:\/\/www.facebook.com\/asociacionsindromecharge","article_published_time":"2024-09-24T05:57:05+00:00","og_image":[{"width":300,"height":98,"url":"https:\/\/sindromecharge.es\/wp-content\/uploads\/2013\/09\/logodecharge300x98.png","type":"image\/png"}],"author":"Charge","twitter_card":"summary_large_image","twitter_creator":"@sindromecharge","twitter_site":"@sindromecharge","twitter_misc":{"Escrito por":"Charge","Tiempo de lectura":"2 minutos"},"schema":{"@context":"https:\/\/schema.org","@graph":[{"@type":"Article","@id":"https:\/\/sindromecharge.es\/index.php\/2024\/09\/24\/gobierno-pedira-tramitar-por-via-urgencia-reforma-que-elimina-despido-automatico-por-discapacidad-sobrevenida\/#article","isPartOf":{"@id":"https:\/\/sindromecharge.es\/index.php\/2024\/09\/24\/gobierno-pedira-tramitar-por-via-urgencia-reforma-que-elimina-despido-automatico-por-discapacidad-sobrevenida\/"},"author":{"name":"Charge","@id":"https:\/\/sindromecharge.es\/#\/schema\/person\/39a60ebe0a2b4d5a11179701e336b039"},"headline":"El Gobierno pedir\u00e1 tramitar por v\u00eda de urgencia la reforma que elimina el despido autom\u00e1tico por discapacidad sobrevenida","datePublished":"2024-09-24T05:57:05+00:00","mainEntityOfPage":{"@id":"https:\/\/sindromecharge.es\/index.php\/2024\/09\/24\/gobierno-pedira-tramitar-por-via-urgencia-reforma-que-elimina-despido-automatico-por-discapacidad-sobrevenida\/"},"wordCount":516,"articleSection":["noticias"],"inLanguage":"es"},{"@type":"WebPage","@id":"https:\/\/sindromecharge.es\/index.php\/2024\/09\/24\/gobierno-pedira-tramitar-por-via-urgencia-reforma-que-elimina-despido-automatico-por-discapacidad-sobrevenida\/","url":"https:\/\/sindromecharge.es\/index.php\/2024\/09\/24\/gobierno-pedira-tramitar-por-via-urgencia-reforma-que-elimina-despido-automatico-por-discapacidad-sobrevenida\/","name":"El Gobierno pedir\u00e1 tramitar por v\u00eda de urgencia la reforma que elimina el despido autom\u00e1tico por discapacidad sobrevenida - Asociaci\u00f3n Espa\u00f1ola S\u00edndrome de Charge","isPartOf":{"@id":"https:\/\/sindromecharge.es\/#website"},"datePublished":"2024-09-24T05:57:05+00:00","author":{"@id":"https:\/\/sindromecharge.es\/#\/schema\/person\/39a60ebe0a2b4d5a11179701e336b039"},"breadcrumb":{"@id":"https:\/\/sindromecharge.es\/index.php\/2024\/09\/24\/gobierno-pedira-tramitar-por-via-urgencia-reforma-que-elimina-despido-automatico-por-discapacidad-sobrevenida\/#breadcrumb"},"inLanguage":"es","potentialAction":[{"@type":"ReadAction","target":["https:\/\/sindromecharge.es\/index.php\/2024\/09\/24\/gobierno-pedira-tramitar-por-via-urgencia-reforma-que-elimina-despido-automatico-por-discapacidad-sobrevenida\/"]}]},{"@type":"BreadcrumbList","@id":"https:\/\/sindromecharge.es\/index.php\/2024\/09\/24\/gobierno-pedira-tramitar-por-via-urgencia-reforma-que-elimina-despido-automatico-por-discapacidad-sobrevenida\/#breadcrumb","itemListElement":[{"@type":"ListItem","position":1,"name":"Portada","item":"https:\/\/sindromecharge.es\/"},{"@type":"ListItem","position":2,"name":"El Gobierno pedir\u00e1 tramitar por v\u00eda de urgencia la reforma que elimina el despido autom\u00e1tico por discapacidad sobrevenida"}]},{"@type":"WebSite","@id":"https:\/\/sindromecharge.es\/#website","url":"https:\/\/sindromecharge.es\/","name":"Asociaci\u00f3n Espa\u00f1ola S\u00edndrome de Charge","description":"","potentialAction":[{"@type":"SearchAction","target":{"@type":"EntryPoint","urlTemplate":"https:\/\/sindromecharge.es\/?s={search_term_string}"},"query-input":{"@type":"PropertyValueSpecification","valueRequired":true,"valueName":"search_term_string"}}],"inLanguage":"es"},{"@type":"Person","@id":"https:\/\/sindromecharge.es\/#\/schema\/person\/39a60ebe0a2b4d5a11179701e336b039","name":"Charge","image":{"@type":"ImageObject","inLanguage":"es","@id":"https:\/\/secure.gravatar.com\/avatar\/c3b46e32a0fc3b093a0873fb767bf3293de856293065e84ef06b7ec7a8acfb98?s=96&d=identicon&r=x","url":"https:\/\/secure.gravatar.com\/avatar\/c3b46e32a0fc3b093a0873fb767bf3293de856293065e84ef06b7ec7a8acfb98?s=96&d=identicon&r=x","contentUrl":"https:\/\/secure.gravatar.com\/avatar\/c3b46e32a0fc3b093a0873fb767bf3293de856293065e84ef06b7ec7a8acfb98?s=96&d=identicon&r=x","caption":"Charge"},"url":"https:\/\/sindromecharge.es\/index.php\/author\/admin\/"}]}},"_links":{"self":[{"href":"https:\/\/sindromecharge.es\/index.php\/wp-json\/wp\/v2\/posts\/10336","targetHints":{"allow":["GET"]}}],"collection":[{"href":"https:\/\/sindromecharge.es\/index.php\/wp-json\/wp\/v2\/posts"}],"about":[{"href":"https:\/\/sindromecharge.es\/index.php\/wp-json\/wp\/v2\/types\/post"}],"author":[{"embeddable":true,"href":"https:\/\/sindromecharge.es\/index.php\/wp-json\/wp\/v2\/users\/1"}],"replies":[{"embeddable":true,"href":"https:\/\/sindromecharge.es\/index.php\/wp-json\/wp\/v2\/comments?post=10336"}],"version-history":[{"count":0,"href":"https:\/\/sindromecharge.es\/index.php\/wp-json\/wp\/v2\/posts\/10336\/revisions"}],"wp:attachment":[{"href":"https:\/\/sindromecharge.es\/index.php\/wp-json\/wp\/v2\/media?parent=10336"}],"wp:term":[{"taxonomy":"category","embeddable":true,"href":"https:\/\/sindromecharge.es\/index.php\/wp-json\/wp\/v2\/categories?post=10336"},{"taxonomy":"post_tag","embeddable":true,"href":"https:\/\/sindromecharge.es\/index.php\/wp-json\/wp\/v2\/tags?post=10336"}],"curies":[{"name":"wp","href":"https:\/\/api.w.org\/{rel}","templated":true}]}}