{"id":10335,"date":"2024-09-24T05:35:23","date_gmt":"2024-09-24T05:35:23","guid":{"rendered":"https:\/\/sindromecharge.es\/index.php\/2024\/09\/24\/si-tengo-discapacidad-tengo-incapacidad-abogado-pedro-lopez-nos-aclara-tododiscapacidad\/"},"modified":"2024-09-24T05:35:23","modified_gmt":"2024-09-24T05:35:23","slug":"si-tengo-discapacidad-tengo-incapacidad-abogado-pedro-lopez-nos-aclara-tododiscapacidad","status":"publish","type":"post","link":"https:\/\/sindromecharge.es\/index.php\/2024\/09\/24\/si-tengo-discapacidad-tengo-incapacidad-abogado-pedro-lopez-nos-aclara-tododiscapacidad\/","title":{"rendered":"\u00ab\u00bfSi tengo discapacidad tengo incapacidad?\u00bb El abogado Pedro L\u00f3pez lo aclara en &#8216;Tododiscapacidad&#8217;"},"content":{"rendered":"<p>Leemos en Discapacidad la siguiente noticia que os reproducimos de forma \u00edntegra: <\/p>\n<div>\n<p><b>Incapacidad y <a href=\"https:\/\/www.20minutos.es\/minuteca\/discapacidad\/\" title=\"Discapacidad\" target=\"_blank\" rel=\"noopener\">discapacidad<\/a> <\/b>son dos t\u00e9rminos que muchas personas que no est\u00e1n familiarizadas con el mundo de la discapacidad o acaban de iniciarse en \u00e9l a menudo confunden. <\/p>\n<p>Es una de las dudas m\u00e1s frecuentes a las que se enfrente el abogado Pedro L\u00f3pez de Cerro, por eso ha querido a aclararlo en uno de sus v\u00eddeos en su perfil de<a href=\"https:\/\/www.instagram.com\/tododiscapacidad\/\" target=\"_blank\" rel=\"nofollow noopener\"> &#8216;Tododiscapacidad&#8217; en Instagram<\/a>, abierto a las consultas de las personas con discapacidad. <\/p>\n<p>Como el propio letrado aclara,<b> tener discapacidad no implica tener una incapacidad<\/b>, pues son reconocimientos distintos. La incapacidad es el reconocimiento de que no puede desarrollar un trabajo en concreto o ninguno y conlleva una pensi\u00f3n para compensarlo, mientras que la discapacidad es el reconocimiento de que tienes unas limitaciones funcionales y se expresa en un porcentaje. <\/p>\n<p><b>Tener un 33% reconocido proporciona una serie de derechos, pero no te \u2018incapacita\u2019 para desarrollar un trabajo.<\/b> Por eso, tener discapacidad no conlleva una pensi\u00f3n, porque no impide trabajar. Algo que s\u00ed ocurre, como explica L\u00f3pez, al contrario, \u00abla persona que tiene una incapacidad reconocida s\u00ed va a tener una discapacidad de al menos el 33%. Administrativamente se le va a reconocer, porque da derecho a una pensi\u00f3n, ya que, esta incapacidad le va a limitar a trabajar en, como m\u00ednimo, una profesi\u00f3n\u00bb.<\/p>\n<p>Al contrario, no es as\u00ed. Es decir, <b>que una persona que tenga reconocida una discapacidad no tiene reconocida la incapacidad<\/b>, pues \u00abla discapacidad no es ninguna limitaci\u00f3n, sino que se puede entender, en todo caso, como una dificultad, pero no una limitaci\u00f3n. De hecho, <b>te va a permitir trabajar en cualquier puesto<\/b>, aunque en algunos casos vayas a necesitar una adaptaci\u00f3n, un requerimiento, pero no va a haber ning\u00fan tipo de limitaci\u00f3n a los efectos de trabajar\u00bb. <\/p>\n<p>Por eso la discapacidad con un 33% -o al menos hasta un 65%-, <b>no da derecho a ning\u00fan tipo de pensi\u00f3n<\/b>. Adem\u00e1s, que hay muchas empresas \u00abque si contratan a estas personas tienen una serie de bonificaciones en las cuotas de Seguridad Social que se pagan por los trabajadores\u00bb. <b>La discapacidad es, por tanto, \u00abun reconocimiento puramente administrativo<\/b>, pero que no tiene aparejada una incapacidad ni tiene por qu\u00e9 conllevar el reconocimiento de una incapacidad\u00bb, aclara.<\/p>\n<p>Para resolver dudas como esta, relacionadas con el mundo de la discapacidad y el derecho, es posible mandar preguntas a trav\u00e9s &#8216;<a href=\"https:\/\/www.instagram.com\/tododiscapacidad\/\" target=\"_blank\" rel=\"nofollow noopener\">Tododiscapacidad<\/a>&#8216;, el perfil que Pedro L\u00f3pez de Cerro ha creado en Instagram. <\/p>\n<\/div>\n<p>Fuente: Discapacidad https:\/\/www.20minutos.es\/noticia\/5636324\/0\/si-tengo-discapacidad-tengo-incapacidad-abogado-pedro-lopez-nos-aclara-tododiscapacidad\/<\/p>\n","protected":false},"excerpt":{"rendered":"<p>&#8216;Discapacidad&#8217; e &#8216;incapacidad&#8217; suelen confundirse. Tener discapacidad reconocida no \u2018incapacita\u2019 para trabajar.<\/p>\n","protected":false},"author":1,"featured_media":0,"comment_status":"closed","ping_status":"closed","sticky":false,"template":"","format":"standard","meta":{"footnotes":""},"categories":[8],"tags":[],"class_list":["post-10335","post","type-post","status-publish","format-standard","hentry","category-noticias"],"yoast_head":"<!-- This site is optimized with the Yoast SEO plugin v27.5 - https:\/\/yoast.com\/product\/yoast-seo-wordpress\/ -->\n<title>&quot;\u00bfSi tengo discapacidad tengo incapacidad?&quot; El abogado Pedro L\u00f3pez lo aclara en &#039;Tododiscapacidad&#039; - Asociaci\u00f3n Espa\u00f1ola S\u00edndrome de Charge<\/title>\n<meta name=\"robots\" content=\"index, follow, max-snippet:-1, max-image-preview:large, max-video-preview:-1\" \/>\n<link rel=\"canonical\" href=\"https:\/\/sindromecharge.es\/index.php\/2024\/09\/24\/si-tengo-discapacidad-tengo-incapacidad-abogado-pedro-lopez-nos-aclara-tododiscapacidad\/\" \/>\n<meta property=\"og:locale\" content=\"es_ES\" \/>\n<meta property=\"og:type\" content=\"article\" \/>\n<meta property=\"og:title\" content=\"&quot;\u00bfSi tengo discapacidad tengo incapacidad?&quot; El abogado Pedro L\u00f3pez lo aclara en &#039;Tododiscapacidad&#039; - Asociaci\u00f3n Espa\u00f1ola S\u00edndrome de Charge\" \/>\n<meta property=\"og:description\" content=\"&#8216;Discapacidad&#8217; e &#8216;incapacidad&#8217; suelen confundirse. Tener discapacidad reconocida no \u2018incapacita\u2019 para trabajar.\" \/>\n<meta property=\"og:url\" content=\"https:\/\/sindromecharge.es\/index.php\/2024\/09\/24\/si-tengo-discapacidad-tengo-incapacidad-abogado-pedro-lopez-nos-aclara-tododiscapacidad\/\" \/>\n<meta property=\"og:site_name\" content=\"Asociaci\u00f3n Espa\u00f1ola S\u00edndrome de Charge\" \/>\n<meta property=\"article:publisher\" content=\"https:\/\/www.facebook.com\/asociacionsindromecharge\" \/>\n<meta property=\"article:published_time\" content=\"2024-09-24T05:35:23+00:00\" \/>\n<meta property=\"og:image\" content=\"https:\/\/sindromecharge.es\/wp-content\/uploads\/2013\/09\/logodecharge300x98.png\" \/>\n\t<meta property=\"og:image:width\" content=\"300\" \/>\n\t<meta property=\"og:image:height\" content=\"98\" \/>\n\t<meta property=\"og:image:type\" content=\"image\/png\" \/>\n<meta name=\"author\" content=\"Charge\" \/>\n<meta name=\"twitter:card\" content=\"summary_large_image\" \/>\n<meta name=\"twitter:creator\" content=\"@sindromecharge\" \/>\n<meta name=\"twitter:site\" content=\"@sindromecharge\" \/>\n<meta name=\"twitter:label1\" content=\"Escrito por\" \/>\n\t<meta name=\"twitter:data1\" content=\"Charge\" \/>\n\t<meta name=\"twitter:label2\" content=\"Tiempo de lectura\" \/>\n\t<meta name=\"twitter:data2\" content=\"2 minutos\" \/>\n<script type=\"application\/ld+json\" class=\"yoast-schema-graph\">{\"@context\":\"https:\\\/\\\/schema.org\",\"@graph\":[{\"@type\":\"Article\",\"@id\":\"https:\\\/\\\/sindromecharge.es\\\/index.php\\\/2024\\\/09\\\/24\\\/si-tengo-discapacidad-tengo-incapacidad-abogado-pedro-lopez-nos-aclara-tododiscapacidad\\\/#article\",\"isPartOf\":{\"@id\":\"https:\\\/\\\/sindromecharge.es\\\/index.php\\\/2024\\\/09\\\/24\\\/si-tengo-discapacidad-tengo-incapacidad-abogado-pedro-lopez-nos-aclara-tododiscapacidad\\\/\"},\"author\":{\"name\":\"Charge\",\"@id\":\"https:\\\/\\\/sindromecharge.es\\\/#\\\/schema\\\/person\\\/39a60ebe0a2b4d5a11179701e336b039\"},\"headline\":\"\u00ab\u00bfSi tengo discapacidad tengo incapacidad?\u00bb El abogado Pedro L\u00f3pez lo aclara en &#8216;Tododiscapacidad&#8217;\",\"datePublished\":\"2024-09-24T05:35:23+00:00\",\"mainEntityOfPage\":{\"@id\":\"https:\\\/\\\/sindromecharge.es\\\/index.php\\\/2024\\\/09\\\/24\\\/si-tengo-discapacidad-tengo-incapacidad-abogado-pedro-lopez-nos-aclara-tododiscapacidad\\\/\"},\"wordCount\":451,\"articleSection\":[\"noticias\"],\"inLanguage\":\"es\"},{\"@type\":\"WebPage\",\"@id\":\"https:\\\/\\\/sindromecharge.es\\\/index.php\\\/2024\\\/09\\\/24\\\/si-tengo-discapacidad-tengo-incapacidad-abogado-pedro-lopez-nos-aclara-tododiscapacidad\\\/\",\"url\":\"https:\\\/\\\/sindromecharge.es\\\/index.php\\\/2024\\\/09\\\/24\\\/si-tengo-discapacidad-tengo-incapacidad-abogado-pedro-lopez-nos-aclara-tododiscapacidad\\\/\",\"name\":\"\\\"\u00bfSi tengo discapacidad tengo incapacidad?\\\" El abogado Pedro L\u00f3pez lo aclara en 'Tododiscapacidad' - Asociaci\u00f3n Espa\u00f1ola S\u00edndrome de Charge\",\"isPartOf\":{\"@id\":\"https:\\\/\\\/sindromecharge.es\\\/#website\"},\"datePublished\":\"2024-09-24T05:35:23+00:00\",\"author\":{\"@id\":\"https:\\\/\\\/sindromecharge.es\\\/#\\\/schema\\\/person\\\/39a60ebe0a2b4d5a11179701e336b039\"},\"breadcrumb\":{\"@id\":\"https:\\\/\\\/sindromecharge.es\\\/index.php\\\/2024\\\/09\\\/24\\\/si-tengo-discapacidad-tengo-incapacidad-abogado-pedro-lopez-nos-aclara-tododiscapacidad\\\/#breadcrumb\"},\"inLanguage\":\"es\",\"potentialAction\":[{\"@type\":\"ReadAction\",\"target\":[\"https:\\\/\\\/sindromecharge.es\\\/index.php\\\/2024\\\/09\\\/24\\\/si-tengo-discapacidad-tengo-incapacidad-abogado-pedro-lopez-nos-aclara-tododiscapacidad\\\/\"]}]},{\"@type\":\"BreadcrumbList\",\"@id\":\"https:\\\/\\\/sindromecharge.es\\\/index.php\\\/2024\\\/09\\\/24\\\/si-tengo-discapacidad-tengo-incapacidad-abogado-pedro-lopez-nos-aclara-tododiscapacidad\\\/#breadcrumb\",\"itemListElement\":[{\"@type\":\"ListItem\",\"position\":1,\"name\":\"Portada\",\"item\":\"https:\\\/\\\/sindromecharge.es\\\/\"},{\"@type\":\"ListItem\",\"position\":2,\"name\":\"&#8220;\u00bfSi tengo discapacidad tengo incapacidad?&#8221; El abogado Pedro L\u00f3pez lo aclara en &#8216;Tododiscapacidad&#8217;\"}]},{\"@type\":\"WebSite\",\"@id\":\"https:\\\/\\\/sindromecharge.es\\\/#website\",\"url\":\"https:\\\/\\\/sindromecharge.es\\\/\",\"name\":\"Asociaci\u00f3n Espa\u00f1ola S\u00edndrome de Charge\",\"description\":\"\",\"potentialAction\":[{\"@type\":\"SearchAction\",\"target\":{\"@type\":\"EntryPoint\",\"urlTemplate\":\"https:\\\/\\\/sindromecharge.es\\\/?s={search_term_string}\"},\"query-input\":{\"@type\":\"PropertyValueSpecification\",\"valueRequired\":true,\"valueName\":\"search_term_string\"}}],\"inLanguage\":\"es\"},{\"@type\":\"Person\",\"@id\":\"https:\\\/\\\/sindromecharge.es\\\/#\\\/schema\\\/person\\\/39a60ebe0a2b4d5a11179701e336b039\",\"name\":\"Charge\",\"image\":{\"@type\":\"ImageObject\",\"inLanguage\":\"es\",\"@id\":\"https:\\\/\\\/secure.gravatar.com\\\/avatar\\\/c3b46e32a0fc3b093a0873fb767bf3293de856293065e84ef06b7ec7a8acfb98?s=96&d=identicon&r=x\",\"url\":\"https:\\\/\\\/secure.gravatar.com\\\/avatar\\\/c3b46e32a0fc3b093a0873fb767bf3293de856293065e84ef06b7ec7a8acfb98?s=96&d=identicon&r=x\",\"contentUrl\":\"https:\\\/\\\/secure.gravatar.com\\\/avatar\\\/c3b46e32a0fc3b093a0873fb767bf3293de856293065e84ef06b7ec7a8acfb98?s=96&d=identicon&r=x\",\"caption\":\"Charge\"},\"url\":\"https:\\\/\\\/sindromecharge.es\\\/index.php\\\/author\\\/admin\\\/\"}]}<\/script>\n<!-- \/ Yoast SEO plugin. -->","yoast_head_json":{"title":"\"\u00bfSi tengo discapacidad tengo incapacidad?\" El abogado Pedro L\u00f3pez lo aclara en 'Tododiscapacidad' - Asociaci\u00f3n Espa\u00f1ola S\u00edndrome de Charge","robots":{"index":"index","follow":"follow","max-snippet":"max-snippet:-1","max-image-preview":"max-image-preview:large","max-video-preview":"max-video-preview:-1"},"canonical":"https:\/\/sindromecharge.es\/index.php\/2024\/09\/24\/si-tengo-discapacidad-tengo-incapacidad-abogado-pedro-lopez-nos-aclara-tododiscapacidad\/","og_locale":"es_ES","og_type":"article","og_title":"\"\u00bfSi tengo discapacidad tengo incapacidad?\" El abogado Pedro L\u00f3pez lo aclara en 'Tododiscapacidad' - Asociaci\u00f3n Espa\u00f1ola S\u00edndrome de Charge","og_description":"&#8216;Discapacidad&#8217; e &#8216;incapacidad&#8217; suelen confundirse. Tener discapacidad reconocida no \u2018incapacita\u2019 para trabajar.","og_url":"https:\/\/sindromecharge.es\/index.php\/2024\/09\/24\/si-tengo-discapacidad-tengo-incapacidad-abogado-pedro-lopez-nos-aclara-tododiscapacidad\/","og_site_name":"Asociaci\u00f3n Espa\u00f1ola S\u00edndrome de Charge","article_publisher":"https:\/\/www.facebook.com\/asociacionsindromecharge","article_published_time":"2024-09-24T05:35:23+00:00","og_image":[{"width":300,"height":98,"url":"https:\/\/sindromecharge.es\/wp-content\/uploads\/2013\/09\/logodecharge300x98.png","type":"image\/png"}],"author":"Charge","twitter_card":"summary_large_image","twitter_creator":"@sindromecharge","twitter_site":"@sindromecharge","twitter_misc":{"Escrito por":"Charge","Tiempo de lectura":"2 minutos"},"schema":{"@context":"https:\/\/schema.org","@graph":[{"@type":"Article","@id":"https:\/\/sindromecharge.es\/index.php\/2024\/09\/24\/si-tengo-discapacidad-tengo-incapacidad-abogado-pedro-lopez-nos-aclara-tododiscapacidad\/#article","isPartOf":{"@id":"https:\/\/sindromecharge.es\/index.php\/2024\/09\/24\/si-tengo-discapacidad-tengo-incapacidad-abogado-pedro-lopez-nos-aclara-tododiscapacidad\/"},"author":{"name":"Charge","@id":"https:\/\/sindromecharge.es\/#\/schema\/person\/39a60ebe0a2b4d5a11179701e336b039"},"headline":"\u00ab\u00bfSi tengo discapacidad tengo incapacidad?\u00bb El abogado Pedro L\u00f3pez lo aclara en &#8216;Tododiscapacidad&#8217;","datePublished":"2024-09-24T05:35:23+00:00","mainEntityOfPage":{"@id":"https:\/\/sindromecharge.es\/index.php\/2024\/09\/24\/si-tengo-discapacidad-tengo-incapacidad-abogado-pedro-lopez-nos-aclara-tododiscapacidad\/"},"wordCount":451,"articleSection":["noticias"],"inLanguage":"es"},{"@type":"WebPage","@id":"https:\/\/sindromecharge.es\/index.php\/2024\/09\/24\/si-tengo-discapacidad-tengo-incapacidad-abogado-pedro-lopez-nos-aclara-tododiscapacidad\/","url":"https:\/\/sindromecharge.es\/index.php\/2024\/09\/24\/si-tengo-discapacidad-tengo-incapacidad-abogado-pedro-lopez-nos-aclara-tododiscapacidad\/","name":"\"\u00bfSi tengo discapacidad tengo incapacidad?\" El abogado Pedro L\u00f3pez lo aclara en 'Tododiscapacidad' - Asociaci\u00f3n Espa\u00f1ola S\u00edndrome de Charge","isPartOf":{"@id":"https:\/\/sindromecharge.es\/#website"},"datePublished":"2024-09-24T05:35:23+00:00","author":{"@id":"https:\/\/sindromecharge.es\/#\/schema\/person\/39a60ebe0a2b4d5a11179701e336b039"},"breadcrumb":{"@id":"https:\/\/sindromecharge.es\/index.php\/2024\/09\/24\/si-tengo-discapacidad-tengo-incapacidad-abogado-pedro-lopez-nos-aclara-tododiscapacidad\/#breadcrumb"},"inLanguage":"es","potentialAction":[{"@type":"ReadAction","target":["https:\/\/sindromecharge.es\/index.php\/2024\/09\/24\/si-tengo-discapacidad-tengo-incapacidad-abogado-pedro-lopez-nos-aclara-tododiscapacidad\/"]}]},{"@type":"BreadcrumbList","@id":"https:\/\/sindromecharge.es\/index.php\/2024\/09\/24\/si-tengo-discapacidad-tengo-incapacidad-abogado-pedro-lopez-nos-aclara-tododiscapacidad\/#breadcrumb","itemListElement":[{"@type":"ListItem","position":1,"name":"Portada","item":"https:\/\/sindromecharge.es\/"},{"@type":"ListItem","position":2,"name":"&#8220;\u00bfSi tengo discapacidad tengo incapacidad?&#8221; El abogado Pedro L\u00f3pez lo aclara en &#8216;Tododiscapacidad&#8217;"}]},{"@type":"WebSite","@id":"https:\/\/sindromecharge.es\/#website","url":"https:\/\/sindromecharge.es\/","name":"Asociaci\u00f3n Espa\u00f1ola S\u00edndrome de Charge","description":"","potentialAction":[{"@type":"SearchAction","target":{"@type":"EntryPoint","urlTemplate":"https:\/\/sindromecharge.es\/?s={search_term_string}"},"query-input":{"@type":"PropertyValueSpecification","valueRequired":true,"valueName":"search_term_string"}}],"inLanguage":"es"},{"@type":"Person","@id":"https:\/\/sindromecharge.es\/#\/schema\/person\/39a60ebe0a2b4d5a11179701e336b039","name":"Charge","image":{"@type":"ImageObject","inLanguage":"es","@id":"https:\/\/secure.gravatar.com\/avatar\/c3b46e32a0fc3b093a0873fb767bf3293de856293065e84ef06b7ec7a8acfb98?s=96&d=identicon&r=x","url":"https:\/\/secure.gravatar.com\/avatar\/c3b46e32a0fc3b093a0873fb767bf3293de856293065e84ef06b7ec7a8acfb98?s=96&d=identicon&r=x","contentUrl":"https:\/\/secure.gravatar.com\/avatar\/c3b46e32a0fc3b093a0873fb767bf3293de856293065e84ef06b7ec7a8acfb98?s=96&d=identicon&r=x","caption":"Charge"},"url":"https:\/\/sindromecharge.es\/index.php\/author\/admin\/"}]}},"_links":{"self":[{"href":"https:\/\/sindromecharge.es\/index.php\/wp-json\/wp\/v2\/posts\/10335","targetHints":{"allow":["GET"]}}],"collection":[{"href":"https:\/\/sindromecharge.es\/index.php\/wp-json\/wp\/v2\/posts"}],"about":[{"href":"https:\/\/sindromecharge.es\/index.php\/wp-json\/wp\/v2\/types\/post"}],"author":[{"embeddable":true,"href":"https:\/\/sindromecharge.es\/index.php\/wp-json\/wp\/v2\/users\/1"}],"replies":[{"embeddable":true,"href":"https:\/\/sindromecharge.es\/index.php\/wp-json\/wp\/v2\/comments?post=10335"}],"version-history":[{"count":0,"href":"https:\/\/sindromecharge.es\/index.php\/wp-json\/wp\/v2\/posts\/10335\/revisions"}],"wp:attachment":[{"href":"https:\/\/sindromecharge.es\/index.php\/wp-json\/wp\/v2\/media?parent=10335"}],"wp:term":[{"taxonomy":"category","embeddable":true,"href":"https:\/\/sindromecharge.es\/index.php\/wp-json\/wp\/v2\/categories?post=10335"},{"taxonomy":"post_tag","embeddable":true,"href":"https:\/\/sindromecharge.es\/index.php\/wp-json\/wp\/v2\/tags?post=10335"}],"curies":[{"name":"wp","href":"https:\/\/api.w.org\/{rel}","templated":true}]}}