{"id":10333,"date":"2024-09-24T05:34:41","date_gmt":"2024-09-24T05:34:41","guid":{"rendered":"https:\/\/sindromecharge.es\/index.php\/2024\/09\/24\/brecha-salarial-los-trabajadores-con-sin-discapacidad-se-dispara-1-5-puntos-ganan-un-18-7-menos\/"},"modified":"2024-09-24T05:34:41","modified_gmt":"2024-09-24T05:34:41","slug":"brecha-salarial-los-trabajadores-con-sin-discapacidad-se-dispara-1-5-puntos-ganan-un-18-7-menos","status":"publish","type":"post","link":"https:\/\/sindromecharge.es\/index.php\/2024\/09\/24\/brecha-salarial-los-trabajadores-con-sin-discapacidad-se-dispara-1-5-puntos-ganan-un-18-7-menos\/","title":{"rendered":"La brecha salarial de los trabajadores con discapacidad aumenta 1,5 puntos: ganan un 18,7% menos"},"content":{"rendered":"<p>Leemos en Discapacidad la siguiente noticia que os reproducimos de forma \u00edntegra: <\/p>\n<div>\n<p>Seg\u00fan los datos que <b><a href=\"https:\/\/www.ine.es\/dynt3\/inebase\/es\/index.htm?padre=1437&amp;capsel=1441\" target=\"_blank\" rel=\"nofollow noopener\">acaba de publicar el INE<\/a><\/b>, el salario medio de las personas con discapacidad en 2022 -el \u00faltimo el que hay datos- es de <b>22.040,7 euros brutos al a\u00f1o<\/b>, 596 euros m\u00e1s que el a\u00f1o anterior, que se situaba en 21.544,2.<\/p>\n<p>Este aumento es, sin embargo, menos que el de los<b> trabajadores sin discapacidad<\/b>, que pasan de ganar de media 26.030 euros al a\u00f1o a ganar <b>27.107,8<\/b>, es decir, 1.077 euros brutos m\u00e1s al a\u00f1o.<\/p>\n<p>Esto supone un aumento de la brecha salarial entre las personas con y sin discapacidad<b>, que pasa del 17,2% en 2021 al 18,7 %<\/b>, pues sube de los 4.486 euros a los 5.067.<\/p>\n<p>La <b>brecha sigue, por tanto, aumentado<\/b>, pues salvo el a\u00f1o anterior -que pas\u00f3 del 17,8 al 17,2- sigue acrecent\u00e1ndose y en la \u00faltima d\u00e9cada computada,<b> desde 2012<\/b>, la brecha ha aumentado en m\u00e1s de cuatro puntos, <b>del 14,5% al 18,7%<\/b>.<\/p>\n<p>Si lo separamos por g\u00e9nero, se observa que<b> la brecha es mayor entre los hombres: <\/b>frente a los 29.609,1 que gana un hombre sin discapacidad, son 22.938,4 los que ingresa uno sin discapacidad; 6.671 (un 22,54%) menos. Entre las mujeres, la brecha tambi\u00e9n es considerable, pues las que no tienen discapacidad ganan 24.461,3 y las que s\u00ed la tienen 20.898,9, es decir, 3.563 (un 14,57%) menos. <\/p>\n<h2>Sigue la brecha entre tipos de discapacidad<\/h2>\n<p>La<b> brecha salarial tambi\u00e9n es interna<\/b>, es decir, entre las propias personas con discapacidad. Al igual que en anteriores estad\u00edsticas, las personas que <b>menos ganan son las que tienen m\u00e1s porcentaje de <a href=\"https:\/\/www.20minutos.es\/minuteca\/discapacidad\/\" title=\"Discapacidad\" target=\"_blank\" rel=\"noopener\">discapacidad<\/a><\/b> y cuya discapacidad es intelectual.<\/p>\n<p>As\u00ed, mientras que personas con entre un 33 y 45% con discapacidad ganan, de media 23.021,8 euros anuales, las que tienen m\u00e1s de un 65% apenas suben de los 20.079,5.<\/p>\n<p><b>Por discapacidad<\/b>, como apunt\u00e1bamos, la<a href=\"https:\/\/www.20minutos.es\/minuteca\/discapacidad-intelectual\/\" title=\"Discapacidad intelectual\" target=\"_blank\" rel=\"noopener\"> <b>intelectual<\/b><\/a> es la peor remunerada con 15.025,4, muy cerca de la<b> mental<\/b>, con 17.930,8. La<b> f\u00edsica <\/b>y la <b>sensorial <\/b>est\u00e1n muy pr\u00f3ximas, con 23.796,2 y 23.887,8, respectivamente. <\/p>\n<\/div>\n<p>Fuente: Discapacidad https:\/\/www.20minutos.es\/noticia\/5636435\/0\/brecha-salarial-los-trabajadores-con-sin-discapacidad-se-dispara-1-5-puntos-ganan-un-18-7-menos\/<\/p>\n","protected":false},"excerpt":{"rendered":"<p>En 2022 el salario medio de los trabajadores con discapacidad era de 22.040,7 mientras que el de las personas sin discapacidad se situ\u00f3 en de 27.107,8.<\/p>\n","protected":false},"author":1,"featured_media":0,"comment_status":"closed","ping_status":"closed","sticky":false,"template":"","format":"standard","meta":{"footnotes":""},"categories":[8],"tags":[],"class_list":["post-10333","post","type-post","status-publish","format-standard","hentry","category-noticias"],"yoast_head":"<!-- This site is optimized with the Yoast SEO plugin v27.5 - https:\/\/yoast.com\/product\/yoast-seo-wordpress\/ -->\n<title>La brecha salarial de los trabajadores con discapacidad aumenta 1,5 puntos: ganan un 18,7% menos - Asociaci\u00f3n Espa\u00f1ola S\u00edndrome de Charge<\/title>\n<meta name=\"robots\" content=\"index, follow, max-snippet:-1, max-image-preview:large, max-video-preview:-1\" \/>\n<link rel=\"canonical\" href=\"https:\/\/sindromecharge.es\/index.php\/2024\/09\/24\/brecha-salarial-los-trabajadores-con-sin-discapacidad-se-dispara-1-5-puntos-ganan-un-18-7-menos\/\" \/>\n<meta property=\"og:locale\" content=\"es_ES\" \/>\n<meta property=\"og:type\" content=\"article\" \/>\n<meta property=\"og:title\" content=\"La brecha salarial de los trabajadores con discapacidad aumenta 1,5 puntos: ganan un 18,7% menos - Asociaci\u00f3n Espa\u00f1ola S\u00edndrome de Charge\" \/>\n<meta property=\"og:description\" content=\"En 2022 el salario medio de los trabajadores con discapacidad era de 22.040,7 mientras que el de las personas sin discapacidad se situ\u00f3 en de 27.107,8.\" \/>\n<meta property=\"og:url\" content=\"https:\/\/sindromecharge.es\/index.php\/2024\/09\/24\/brecha-salarial-los-trabajadores-con-sin-discapacidad-se-dispara-1-5-puntos-ganan-un-18-7-menos\/\" \/>\n<meta property=\"og:site_name\" content=\"Asociaci\u00f3n Espa\u00f1ola S\u00edndrome de Charge\" \/>\n<meta property=\"article:publisher\" content=\"https:\/\/www.facebook.com\/asociacionsindromecharge\" \/>\n<meta property=\"article:published_time\" content=\"2024-09-24T05:34:41+00:00\" \/>\n<meta property=\"og:image\" content=\"https:\/\/sindromecharge.es\/wp-content\/uploads\/2013\/09\/logodecharge300x98.png\" \/>\n\t<meta property=\"og:image:width\" content=\"300\" \/>\n\t<meta property=\"og:image:height\" content=\"98\" \/>\n\t<meta property=\"og:image:type\" content=\"image\/png\" \/>\n<meta name=\"author\" content=\"Charge\" \/>\n<meta name=\"twitter:card\" content=\"summary_large_image\" \/>\n<meta name=\"twitter:creator\" content=\"@sindromecharge\" \/>\n<meta name=\"twitter:site\" content=\"@sindromecharge\" \/>\n<meta name=\"twitter:label1\" content=\"Escrito por\" \/>\n\t<meta name=\"twitter:data1\" content=\"Charge\" \/>\n\t<meta name=\"twitter:label2\" content=\"Tiempo de lectura\" \/>\n\t<meta name=\"twitter:data2\" content=\"2 minutos\" \/>\n<script type=\"application\/ld+json\" class=\"yoast-schema-graph\">{\"@context\":\"https:\\\/\\\/schema.org\",\"@graph\":[{\"@type\":\"Article\",\"@id\":\"https:\\\/\\\/sindromecharge.es\\\/index.php\\\/2024\\\/09\\\/24\\\/brecha-salarial-los-trabajadores-con-sin-discapacidad-se-dispara-1-5-puntos-ganan-un-18-7-menos\\\/#article\",\"isPartOf\":{\"@id\":\"https:\\\/\\\/sindromecharge.es\\\/index.php\\\/2024\\\/09\\\/24\\\/brecha-salarial-los-trabajadores-con-sin-discapacidad-se-dispara-1-5-puntos-ganan-un-18-7-menos\\\/\"},\"author\":{\"name\":\"Charge\",\"@id\":\"https:\\\/\\\/sindromecharge.es\\\/#\\\/schema\\\/person\\\/39a60ebe0a2b4d5a11179701e336b039\"},\"headline\":\"La brecha salarial de los trabajadores con discapacidad aumenta 1,5 puntos: ganan un 18,7% menos\",\"datePublished\":\"2024-09-24T05:34:41+00:00\",\"mainEntityOfPage\":{\"@id\":\"https:\\\/\\\/sindromecharge.es\\\/index.php\\\/2024\\\/09\\\/24\\\/brecha-salarial-los-trabajadores-con-sin-discapacidad-se-dispara-1-5-puntos-ganan-un-18-7-menos\\\/\"},\"wordCount\":348,\"articleSection\":[\"noticias\"],\"inLanguage\":\"es\"},{\"@type\":\"WebPage\",\"@id\":\"https:\\\/\\\/sindromecharge.es\\\/index.php\\\/2024\\\/09\\\/24\\\/brecha-salarial-los-trabajadores-con-sin-discapacidad-se-dispara-1-5-puntos-ganan-un-18-7-menos\\\/\",\"url\":\"https:\\\/\\\/sindromecharge.es\\\/index.php\\\/2024\\\/09\\\/24\\\/brecha-salarial-los-trabajadores-con-sin-discapacidad-se-dispara-1-5-puntos-ganan-un-18-7-menos\\\/\",\"name\":\"La brecha salarial de los trabajadores con discapacidad aumenta 1,5 puntos: ganan un 18,7% menos - Asociaci\u00f3n Espa\u00f1ola S\u00edndrome de Charge\",\"isPartOf\":{\"@id\":\"https:\\\/\\\/sindromecharge.es\\\/#website\"},\"datePublished\":\"2024-09-24T05:34:41+00:00\",\"author\":{\"@id\":\"https:\\\/\\\/sindromecharge.es\\\/#\\\/schema\\\/person\\\/39a60ebe0a2b4d5a11179701e336b039\"},\"breadcrumb\":{\"@id\":\"https:\\\/\\\/sindromecharge.es\\\/index.php\\\/2024\\\/09\\\/24\\\/brecha-salarial-los-trabajadores-con-sin-discapacidad-se-dispara-1-5-puntos-ganan-un-18-7-menos\\\/#breadcrumb\"},\"inLanguage\":\"es\",\"potentialAction\":[{\"@type\":\"ReadAction\",\"target\":[\"https:\\\/\\\/sindromecharge.es\\\/index.php\\\/2024\\\/09\\\/24\\\/brecha-salarial-los-trabajadores-con-sin-discapacidad-se-dispara-1-5-puntos-ganan-un-18-7-menos\\\/\"]}]},{\"@type\":\"BreadcrumbList\",\"@id\":\"https:\\\/\\\/sindromecharge.es\\\/index.php\\\/2024\\\/09\\\/24\\\/brecha-salarial-los-trabajadores-con-sin-discapacidad-se-dispara-1-5-puntos-ganan-un-18-7-menos\\\/#breadcrumb\",\"itemListElement\":[{\"@type\":\"ListItem\",\"position\":1,\"name\":\"Portada\",\"item\":\"https:\\\/\\\/sindromecharge.es\\\/\"},{\"@type\":\"ListItem\",\"position\":2,\"name\":\"La brecha salarial de los trabajadores con discapacidad aumenta 1,5 puntos: ganan un 18,7% menos\"}]},{\"@type\":\"WebSite\",\"@id\":\"https:\\\/\\\/sindromecharge.es\\\/#website\",\"url\":\"https:\\\/\\\/sindromecharge.es\\\/\",\"name\":\"Asociaci\u00f3n Espa\u00f1ola S\u00edndrome de Charge\",\"description\":\"\",\"potentialAction\":[{\"@type\":\"SearchAction\",\"target\":{\"@type\":\"EntryPoint\",\"urlTemplate\":\"https:\\\/\\\/sindromecharge.es\\\/?s={search_term_string}\"},\"query-input\":{\"@type\":\"PropertyValueSpecification\",\"valueRequired\":true,\"valueName\":\"search_term_string\"}}],\"inLanguage\":\"es\"},{\"@type\":\"Person\",\"@id\":\"https:\\\/\\\/sindromecharge.es\\\/#\\\/schema\\\/person\\\/39a60ebe0a2b4d5a11179701e336b039\",\"name\":\"Charge\",\"image\":{\"@type\":\"ImageObject\",\"inLanguage\":\"es\",\"@id\":\"https:\\\/\\\/secure.gravatar.com\\\/avatar\\\/c3b46e32a0fc3b093a0873fb767bf3293de856293065e84ef06b7ec7a8acfb98?s=96&d=identicon&r=x\",\"url\":\"https:\\\/\\\/secure.gravatar.com\\\/avatar\\\/c3b46e32a0fc3b093a0873fb767bf3293de856293065e84ef06b7ec7a8acfb98?s=96&d=identicon&r=x\",\"contentUrl\":\"https:\\\/\\\/secure.gravatar.com\\\/avatar\\\/c3b46e32a0fc3b093a0873fb767bf3293de856293065e84ef06b7ec7a8acfb98?s=96&d=identicon&r=x\",\"caption\":\"Charge\"},\"url\":\"https:\\\/\\\/sindromecharge.es\\\/index.php\\\/author\\\/admin\\\/\"}]}<\/script>\n<!-- \/ Yoast SEO plugin. -->","yoast_head_json":{"title":"La brecha salarial de los trabajadores con discapacidad aumenta 1,5 puntos: ganan un 18,7% menos - Asociaci\u00f3n Espa\u00f1ola S\u00edndrome de Charge","robots":{"index":"index","follow":"follow","max-snippet":"max-snippet:-1","max-image-preview":"max-image-preview:large","max-video-preview":"max-video-preview:-1"},"canonical":"https:\/\/sindromecharge.es\/index.php\/2024\/09\/24\/brecha-salarial-los-trabajadores-con-sin-discapacidad-se-dispara-1-5-puntos-ganan-un-18-7-menos\/","og_locale":"es_ES","og_type":"article","og_title":"La brecha salarial de los trabajadores con discapacidad aumenta 1,5 puntos: ganan un 18,7% menos - Asociaci\u00f3n Espa\u00f1ola S\u00edndrome de Charge","og_description":"En 2022 el salario medio de los trabajadores con discapacidad era de 22.040,7 mientras que el de las personas sin discapacidad se situ\u00f3 en de 27.107,8.","og_url":"https:\/\/sindromecharge.es\/index.php\/2024\/09\/24\/brecha-salarial-los-trabajadores-con-sin-discapacidad-se-dispara-1-5-puntos-ganan-un-18-7-menos\/","og_site_name":"Asociaci\u00f3n Espa\u00f1ola S\u00edndrome de Charge","article_publisher":"https:\/\/www.facebook.com\/asociacionsindromecharge","article_published_time":"2024-09-24T05:34:41+00:00","og_image":[{"width":300,"height":98,"url":"https:\/\/sindromecharge.es\/wp-content\/uploads\/2013\/09\/logodecharge300x98.png","type":"image\/png"}],"author":"Charge","twitter_card":"summary_large_image","twitter_creator":"@sindromecharge","twitter_site":"@sindromecharge","twitter_misc":{"Escrito por":"Charge","Tiempo de lectura":"2 minutos"},"schema":{"@context":"https:\/\/schema.org","@graph":[{"@type":"Article","@id":"https:\/\/sindromecharge.es\/index.php\/2024\/09\/24\/brecha-salarial-los-trabajadores-con-sin-discapacidad-se-dispara-1-5-puntos-ganan-un-18-7-menos\/#article","isPartOf":{"@id":"https:\/\/sindromecharge.es\/index.php\/2024\/09\/24\/brecha-salarial-los-trabajadores-con-sin-discapacidad-se-dispara-1-5-puntos-ganan-un-18-7-menos\/"},"author":{"name":"Charge","@id":"https:\/\/sindromecharge.es\/#\/schema\/person\/39a60ebe0a2b4d5a11179701e336b039"},"headline":"La brecha salarial de los trabajadores con discapacidad aumenta 1,5 puntos: ganan un 18,7% menos","datePublished":"2024-09-24T05:34:41+00:00","mainEntityOfPage":{"@id":"https:\/\/sindromecharge.es\/index.php\/2024\/09\/24\/brecha-salarial-los-trabajadores-con-sin-discapacidad-se-dispara-1-5-puntos-ganan-un-18-7-menos\/"},"wordCount":348,"articleSection":["noticias"],"inLanguage":"es"},{"@type":"WebPage","@id":"https:\/\/sindromecharge.es\/index.php\/2024\/09\/24\/brecha-salarial-los-trabajadores-con-sin-discapacidad-se-dispara-1-5-puntos-ganan-un-18-7-menos\/","url":"https:\/\/sindromecharge.es\/index.php\/2024\/09\/24\/brecha-salarial-los-trabajadores-con-sin-discapacidad-se-dispara-1-5-puntos-ganan-un-18-7-menos\/","name":"La brecha salarial de los trabajadores con discapacidad aumenta 1,5 puntos: ganan un 18,7% menos - Asociaci\u00f3n Espa\u00f1ola S\u00edndrome de Charge","isPartOf":{"@id":"https:\/\/sindromecharge.es\/#website"},"datePublished":"2024-09-24T05:34:41+00:00","author":{"@id":"https:\/\/sindromecharge.es\/#\/schema\/person\/39a60ebe0a2b4d5a11179701e336b039"},"breadcrumb":{"@id":"https:\/\/sindromecharge.es\/index.php\/2024\/09\/24\/brecha-salarial-los-trabajadores-con-sin-discapacidad-se-dispara-1-5-puntos-ganan-un-18-7-menos\/#breadcrumb"},"inLanguage":"es","potentialAction":[{"@type":"ReadAction","target":["https:\/\/sindromecharge.es\/index.php\/2024\/09\/24\/brecha-salarial-los-trabajadores-con-sin-discapacidad-se-dispara-1-5-puntos-ganan-un-18-7-menos\/"]}]},{"@type":"BreadcrumbList","@id":"https:\/\/sindromecharge.es\/index.php\/2024\/09\/24\/brecha-salarial-los-trabajadores-con-sin-discapacidad-se-dispara-1-5-puntos-ganan-un-18-7-menos\/#breadcrumb","itemListElement":[{"@type":"ListItem","position":1,"name":"Portada","item":"https:\/\/sindromecharge.es\/"},{"@type":"ListItem","position":2,"name":"La brecha salarial de los trabajadores con discapacidad aumenta 1,5 puntos: ganan un 18,7% menos"}]},{"@type":"WebSite","@id":"https:\/\/sindromecharge.es\/#website","url":"https:\/\/sindromecharge.es\/","name":"Asociaci\u00f3n Espa\u00f1ola S\u00edndrome de Charge","description":"","potentialAction":[{"@type":"SearchAction","target":{"@type":"EntryPoint","urlTemplate":"https:\/\/sindromecharge.es\/?s={search_term_string}"},"query-input":{"@type":"PropertyValueSpecification","valueRequired":true,"valueName":"search_term_string"}}],"inLanguage":"es"},{"@type":"Person","@id":"https:\/\/sindromecharge.es\/#\/schema\/person\/39a60ebe0a2b4d5a11179701e336b039","name":"Charge","image":{"@type":"ImageObject","inLanguage":"es","@id":"https:\/\/secure.gravatar.com\/avatar\/c3b46e32a0fc3b093a0873fb767bf3293de856293065e84ef06b7ec7a8acfb98?s=96&d=identicon&r=x","url":"https:\/\/secure.gravatar.com\/avatar\/c3b46e32a0fc3b093a0873fb767bf3293de856293065e84ef06b7ec7a8acfb98?s=96&d=identicon&r=x","contentUrl":"https:\/\/secure.gravatar.com\/avatar\/c3b46e32a0fc3b093a0873fb767bf3293de856293065e84ef06b7ec7a8acfb98?s=96&d=identicon&r=x","caption":"Charge"},"url":"https:\/\/sindromecharge.es\/index.php\/author\/admin\/"}]}},"_links":{"self":[{"href":"https:\/\/sindromecharge.es\/index.php\/wp-json\/wp\/v2\/posts\/10333","targetHints":{"allow":["GET"]}}],"collection":[{"href":"https:\/\/sindromecharge.es\/index.php\/wp-json\/wp\/v2\/posts"}],"about":[{"href":"https:\/\/sindromecharge.es\/index.php\/wp-json\/wp\/v2\/types\/post"}],"author":[{"embeddable":true,"href":"https:\/\/sindromecharge.es\/index.php\/wp-json\/wp\/v2\/users\/1"}],"replies":[{"embeddable":true,"href":"https:\/\/sindromecharge.es\/index.php\/wp-json\/wp\/v2\/comments?post=10333"}],"version-history":[{"count":0,"href":"https:\/\/sindromecharge.es\/index.php\/wp-json\/wp\/v2\/posts\/10333\/revisions"}],"wp:attachment":[{"href":"https:\/\/sindromecharge.es\/index.php\/wp-json\/wp\/v2\/media?parent=10333"}],"wp:term":[{"taxonomy":"category","embeddable":true,"href":"https:\/\/sindromecharge.es\/index.php\/wp-json\/wp\/v2\/categories?post=10333"},{"taxonomy":"post_tag","embeddable":true,"href":"https:\/\/sindromecharge.es\/index.php\/wp-json\/wp\/v2\/tags?post=10333"}],"curies":[{"name":"wp","href":"https:\/\/api.w.org\/{rel}","templated":true}]}}