{"id":10332,"date":"2024-09-23T06:18:36","date_gmt":"2024-09-23T06:18:36","guid":{"rendered":"https:\/\/sindromecharge.es\/index.php\/2024\/09\/23\/creador-ciego-una-app-que-narra-partidos-futbol-pide-estadios-accesibles-para-discapacidad-visual-5636268\/"},"modified":"2024-09-23T06:18:36","modified_gmt":"2024-09-23T06:18:36","slug":"creador-ciego-una-app-que-narra-partidos-futbol-pide-estadios-accesibles-para-discapacidad-visual-5636268","status":"publish","type":"post","link":"https:\/\/sindromecharge.es\/index.php\/2024\/09\/23\/creador-ciego-una-app-que-narra-partidos-futbol-pide-estadios-accesibles-para-discapacidad-visual-5636268\/","title":{"rendered":"\u00c1lvaro, un ni\u00f1o ciego, y Jes\u00fas, creador de una app que narra partidos, piden estadios de f\u00fatbol m\u00e1s accesibles"},"content":{"rendered":"<p>Leemos en Discapacidad la siguiente noticia que os reproducimos de forma \u00edntegra: <\/p>\n<div>\n<p><b>\u00c1lvaro Otero <\/b>es un ni\u00f1o de Ferrol con una <b>gran discapacidad visual<\/b> que acaba de cumplir ocho a\u00f1os y anhela cumplir un sue\u00f1o: seguir los partidos de su equipo favorito, el Racing Club Ferrol, <b>a trav\u00e9s de un sistema de narraci\u00f3n continuada<\/b> que, de momento, solo se utiliza en el estadio Abanca-Riazor, donde juega el Real Club Deportivo de La Coru\u00f1a.<\/p>\n<p>El <b>proyecto Escoita<\/b>, a diferencia de la radio, ofrece un <b>servicio de narraci\u00f3n, sin interrupciones, ni cortes publicitarios<\/b>, durante todo el partido. Su objetivo es hacer que las personas con discapacidad visual puedan disfrutar de los <b>eventos deportivos y culturales<\/b> en igualdad de condiciones que cualquier otro espectador.<\/p>\n<p><b>\u00c1lvaro es un ni\u00f1o \u00abobsesionado con el f\u00fatbol\u00bb<\/b>, tal y como lo describe su madre. Su equipo favorito es el Racing Club Ferrol. \u201cEs la \u2018Wikipedia\u2019 del Racing, lo sabe todo de \u00e9l. Cuando vamos al estadio municipal de A Malata sigue el partido a trav\u00e9s de Radio Gallega\u201d, explica Noem\u00ed Rubido, madre del menor.<\/p>\n<p>En esta emisora trabaja su padre, quien colabora retransmitiendo encuentros deportivos junto el periodista Ra\u00fal Villares. \u201cPero estas narraciones tienen anuncios publicitarios, conexiones en directo con otros partidos y entrevistas. Y esto hace que \u00c1lvaro pierda la informaci\u00f3n del partido de su equipo\u201d, se lamenta la madre.<\/p>\n<h2>Meter un gol por la accesibilidad<\/h2>\n<p>\u00c1lvaro ha tenido la oportunidad de probar la <b>aplicaci\u00f3n Escoita<\/b>, tras conseguir este verano en un sorteo unas entradas para asistir al torneo de f\u00fatbol Teresa Herrera, considerado como uno de los m\u00e1s prestigiosos del mundo.<\/p>\n<p>El peque\u00f1o acudi\u00f3 al estadio municipal de Riazor donde se celebraba el encuentro entre el Real Club Deportivo de La Coru\u00f1a frente a su equipo, el Racing Club Ferrol. \u201c\u00a1Se escuchaba tan bien desde Riazor! No hab\u00eda ninguna interrupci\u00f3n, ni conexiones con otros estadios\u201d, rememora el peque\u00f1o.<\/p>\n<p>\u201cRegres\u00f3 a casa \u2018alucinado\u2019, como si fuera el d\u00eda de Reyes\u201d, cuenta su madre, y a\u00f1ade que su hijo le pregunt\u00f3 acerca de \u2018por qu\u00e9 <b>no exist\u00eda ese servicio en su estadio de f\u00fatbol<\/b>\u2019. Noem\u00ed y \u00c1lvaro no vacilaron ni un momento. El peque\u00f1o se puso frente a la c\u00e1mara para pedir en redes sociales que en el estadio donde juega su equipo, el Racing Club Ferrol, tambi\u00e9n utilizara este servicio de narraci\u00f3n.<\/p>\n<h1>Me parece fundamental que un ni\u00f1o que va todos los fines de semana a ver a su equipo tenga un apoyo sonoro que le permita seguir el partido<\/h1>\n<p>El mensaje cal\u00f3 r\u00e1pidamente y alcanz\u00f3 las 50.000 visualizaciones en apenas dos d\u00edas. As\u00ed lleg\u00f3 hasta los o\u00eddos de<b> Jes\u00fas Su\u00e1rez, tambi\u00e9n ciego como \u00c1lvaro, y creador de la aplicaci\u00f3n Escoita<\/b>.<\/p>\n<p>\u201cMe parece fundamental que un ni\u00f1o que va todos los fines de semana a ver a su equipo al campo tenga un apoyo sonoro que le permita seguir el partido de manera ininterrumpida y aut\u00f3noma\u201d, confiesa Jes\u00fas.<\/p>\n<p>Despu\u00e9s de su paso por las redes, el deseo de \u00c1lvaro ha conseguido unir a aficionados del Racing de Ferrol y del \u2018D\u00e9por\u2019, en ocasiones enfrentados, porque \u201ccuando hay algo importante que apoyar todas las aficiones van a una\u00bb, explica el CEO de Escoita.<\/p>\n<h2>Ver a trav\u00e9s de la palabra<\/h2>\n<p><b>Jes\u00fas Su\u00e1rez no naci\u00f3 ciego<\/b>, sino que fue perdiendo paulatinamente la vista hasta alcanzar la <b>ceguera total a los 20 a\u00f1os<\/b>. Reconoce que siempre le ha apasionado el f\u00fatbol y que cuando lleg\u00f3 la oscuridad se neg\u00f3 a renunciar a su gran pasi\u00f3n.<\/p>\n<p>\u201cComo soy<b> ingeniero de software<\/b> se me ocurri\u00f3 desarrollar un sistema que generase <b>audiodescripci\u00f3n en tiempo real<\/b>\u201d, explica. \u201cSe trata de una app que te descargas en el m\u00f3vil y aparece una de l\u00ednea de tiempo donde se suceden los eventos en directo\u201d.<\/p>\n<h1>Escoita es una app que te descargas en el m\u00f3vil y aparece una de l\u00ednea de tiempo donde se suceden los eventos en directo<\/h1>\n<p>\u00c1lvaro acaba de cumplir ocho a\u00f1os y en el d\u00eda de su cumplea\u00f1os ha recibido el mejor de los regalos: asistir recientemente a un duelo entre el D\u00e9por y el Racing. \u201cLo mejor es que mi hijo ha seguido el encuentro a trav\u00e9s de Escoita y adem\u00e1s por fin ha conocido a Jes\u00fas\u201d, relata la madre.<\/p>\n<p>Noem\u00ed pide \u00ab<b>que se hagan esfuerzos\u00bb para est\u00e9 presente esta herramienta en todos los estadios<\/b> y que \u00c1lvaro pueda disfrutar del f\u00fatbol \u00abcomo un espectador m\u00e1s\u00bb. \u201cNo puede haber <a href=\"https:\/\/www.20minutos.es\/minuteca\/discapacidad\/\" title=\"Discapacidad\" target=\"_blank\" rel=\"noopener\">discapacidad <\/a>de primera y de segunda divisi\u00f3n\u201d, apunta Jes\u00fas Su\u00e1rez. El art\u00edfice de Escoita insiste en que \u201clos estadios est\u00e1n adaptados para las discapacidades motrices, pero no para las visuales\u201d.<\/p>\n<\/div>\n<p>Fuente: Discapacidad https:\/\/www.20minutos.es\/noticia\/5636268\/0\/creador-ciego-una-app-que-narra-partidos-futbol-pide-estadios-accesibles-para-discapacidad-visual-5636268\/<\/p>\n","protected":false},"excerpt":{"rendered":"<p>\u00c1lvaro y Jes\u00fas, ciegos y grandes aficionados al f\u00fatbol, quieren que los eventos deportivos sean m\u00e1s accesibles: \u00abest\u00e1n adaptados para las discapacidades motrices, pero no para las visuales\u00bb.<\/p>\n","protected":false},"author":1,"featured_media":0,"comment_status":"closed","ping_status":"closed","sticky":false,"template":"","format":"standard","meta":{"footnotes":""},"categories":[8],"tags":[],"class_list":["post-10332","post","type-post","status-publish","format-standard","hentry","category-noticias"],"yoast_head":"<!-- This site is optimized with the Yoast SEO plugin v27.5 - https:\/\/yoast.com\/product\/yoast-seo-wordpress\/ -->\n<title>\u00c1lvaro, un ni\u00f1o ciego, y Jes\u00fas, creador de una app que narra partidos, piden estadios de f\u00fatbol m\u00e1s accesibles - Asociaci\u00f3n Espa\u00f1ola S\u00edndrome de Charge<\/title>\n<meta name=\"robots\" content=\"index, follow, max-snippet:-1, max-image-preview:large, max-video-preview:-1\" \/>\n<link rel=\"canonical\" href=\"https:\/\/sindromecharge.es\/index.php\/2024\/09\/23\/creador-ciego-una-app-que-narra-partidos-futbol-pide-estadios-accesibles-para-discapacidad-visual-5636268\/\" \/>\n<meta property=\"og:locale\" content=\"es_ES\" \/>\n<meta property=\"og:type\" content=\"article\" \/>\n<meta property=\"og:title\" content=\"\u00c1lvaro, un ni\u00f1o ciego, y Jes\u00fas, creador de una app que narra partidos, piden estadios de f\u00fatbol m\u00e1s accesibles - Asociaci\u00f3n Espa\u00f1ola S\u00edndrome de Charge\" \/>\n<meta property=\"og:description\" content=\"\u00c1lvaro y Jes\u00fas, ciegos y grandes aficionados al f\u00fatbol, quieren que los eventos deportivos sean m\u00e1s accesibles: \u00abest\u00e1n adaptados para las discapacidades motrices, pero no para las visuales\u00bb.\" \/>\n<meta property=\"og:url\" content=\"https:\/\/sindromecharge.es\/index.php\/2024\/09\/23\/creador-ciego-una-app-que-narra-partidos-futbol-pide-estadios-accesibles-para-discapacidad-visual-5636268\/\" \/>\n<meta property=\"og:site_name\" content=\"Asociaci\u00f3n Espa\u00f1ola S\u00edndrome de Charge\" \/>\n<meta property=\"article:publisher\" content=\"https:\/\/www.facebook.com\/asociacionsindromecharge\" \/>\n<meta property=\"article:published_time\" content=\"2024-09-23T06:18:36+00:00\" \/>\n<meta property=\"og:image\" content=\"https:\/\/sindromecharge.es\/wp-content\/uploads\/2013\/09\/logodecharge300x98.png\" \/>\n\t<meta property=\"og:image:width\" content=\"300\" \/>\n\t<meta property=\"og:image:height\" content=\"98\" \/>\n\t<meta property=\"og:image:type\" content=\"image\/png\" \/>\n<meta name=\"author\" content=\"Charge\" \/>\n<meta name=\"twitter:card\" content=\"summary_large_image\" \/>\n<meta name=\"twitter:creator\" content=\"@sindromecharge\" \/>\n<meta name=\"twitter:site\" content=\"@sindromecharge\" \/>\n<meta name=\"twitter:label1\" content=\"Escrito por\" \/>\n\t<meta name=\"twitter:data1\" content=\"Charge\" \/>\n\t<meta name=\"twitter:label2\" content=\"Tiempo de lectura\" \/>\n\t<meta name=\"twitter:data2\" content=\"4 minutos\" \/>\n<script type=\"application\/ld+json\" class=\"yoast-schema-graph\">{\"@context\":\"https:\\\/\\\/schema.org\",\"@graph\":[{\"@type\":\"Article\",\"@id\":\"https:\\\/\\\/sindromecharge.es\\\/index.php\\\/2024\\\/09\\\/23\\\/creador-ciego-una-app-que-narra-partidos-futbol-pide-estadios-accesibles-para-discapacidad-visual-5636268\\\/#article\",\"isPartOf\":{\"@id\":\"https:\\\/\\\/sindromecharge.es\\\/index.php\\\/2024\\\/09\\\/23\\\/creador-ciego-una-app-que-narra-partidos-futbol-pide-estadios-accesibles-para-discapacidad-visual-5636268\\\/\"},\"author\":{\"name\":\"Charge\",\"@id\":\"https:\\\/\\\/sindromecharge.es\\\/#\\\/schema\\\/person\\\/39a60ebe0a2b4d5a11179701e336b039\"},\"headline\":\"\u00c1lvaro, un ni\u00f1o ciego, y Jes\u00fas, creador de una app que narra partidos, piden estadios de f\u00fatbol m\u00e1s accesibles\",\"datePublished\":\"2024-09-23T06:18:36+00:00\",\"mainEntityOfPage\":{\"@id\":\"https:\\\/\\\/sindromecharge.es\\\/index.php\\\/2024\\\/09\\\/23\\\/creador-ciego-una-app-que-narra-partidos-futbol-pide-estadios-accesibles-para-discapacidad-visual-5636268\\\/\"},\"wordCount\":851,\"articleSection\":[\"noticias\"],\"inLanguage\":\"es\"},{\"@type\":\"WebPage\",\"@id\":\"https:\\\/\\\/sindromecharge.es\\\/index.php\\\/2024\\\/09\\\/23\\\/creador-ciego-una-app-que-narra-partidos-futbol-pide-estadios-accesibles-para-discapacidad-visual-5636268\\\/\",\"url\":\"https:\\\/\\\/sindromecharge.es\\\/index.php\\\/2024\\\/09\\\/23\\\/creador-ciego-una-app-que-narra-partidos-futbol-pide-estadios-accesibles-para-discapacidad-visual-5636268\\\/\",\"name\":\"\u00c1lvaro, un ni\u00f1o ciego, y Jes\u00fas, creador de una app que narra partidos, piden estadios de f\u00fatbol m\u00e1s accesibles - Asociaci\u00f3n Espa\u00f1ola S\u00edndrome de Charge\",\"isPartOf\":{\"@id\":\"https:\\\/\\\/sindromecharge.es\\\/#website\"},\"datePublished\":\"2024-09-23T06:18:36+00:00\",\"author\":{\"@id\":\"https:\\\/\\\/sindromecharge.es\\\/#\\\/schema\\\/person\\\/39a60ebe0a2b4d5a11179701e336b039\"},\"breadcrumb\":{\"@id\":\"https:\\\/\\\/sindromecharge.es\\\/index.php\\\/2024\\\/09\\\/23\\\/creador-ciego-una-app-que-narra-partidos-futbol-pide-estadios-accesibles-para-discapacidad-visual-5636268\\\/#breadcrumb\"},\"inLanguage\":\"es\",\"potentialAction\":[{\"@type\":\"ReadAction\",\"target\":[\"https:\\\/\\\/sindromecharge.es\\\/index.php\\\/2024\\\/09\\\/23\\\/creador-ciego-una-app-que-narra-partidos-futbol-pide-estadios-accesibles-para-discapacidad-visual-5636268\\\/\"]}]},{\"@type\":\"BreadcrumbList\",\"@id\":\"https:\\\/\\\/sindromecharge.es\\\/index.php\\\/2024\\\/09\\\/23\\\/creador-ciego-una-app-que-narra-partidos-futbol-pide-estadios-accesibles-para-discapacidad-visual-5636268\\\/#breadcrumb\",\"itemListElement\":[{\"@type\":\"ListItem\",\"position\":1,\"name\":\"Portada\",\"item\":\"https:\\\/\\\/sindromecharge.es\\\/\"},{\"@type\":\"ListItem\",\"position\":2,\"name\":\"\u00c1lvaro, un ni\u00f1o ciego, y Jes\u00fas, creador de una app que narra partidos, piden estadios de f\u00fatbol m\u00e1s accesibles\"}]},{\"@type\":\"WebSite\",\"@id\":\"https:\\\/\\\/sindromecharge.es\\\/#website\",\"url\":\"https:\\\/\\\/sindromecharge.es\\\/\",\"name\":\"Asociaci\u00f3n Espa\u00f1ola S\u00edndrome de Charge\",\"description\":\"\",\"potentialAction\":[{\"@type\":\"SearchAction\",\"target\":{\"@type\":\"EntryPoint\",\"urlTemplate\":\"https:\\\/\\\/sindromecharge.es\\\/?s={search_term_string}\"},\"query-input\":{\"@type\":\"PropertyValueSpecification\",\"valueRequired\":true,\"valueName\":\"search_term_string\"}}],\"inLanguage\":\"es\"},{\"@type\":\"Person\",\"@id\":\"https:\\\/\\\/sindromecharge.es\\\/#\\\/schema\\\/person\\\/39a60ebe0a2b4d5a11179701e336b039\",\"name\":\"Charge\",\"image\":{\"@type\":\"ImageObject\",\"inLanguage\":\"es\",\"@id\":\"https:\\\/\\\/secure.gravatar.com\\\/avatar\\\/c3b46e32a0fc3b093a0873fb767bf3293de856293065e84ef06b7ec7a8acfb98?s=96&d=identicon&r=x\",\"url\":\"https:\\\/\\\/secure.gravatar.com\\\/avatar\\\/c3b46e32a0fc3b093a0873fb767bf3293de856293065e84ef06b7ec7a8acfb98?s=96&d=identicon&r=x\",\"contentUrl\":\"https:\\\/\\\/secure.gravatar.com\\\/avatar\\\/c3b46e32a0fc3b093a0873fb767bf3293de856293065e84ef06b7ec7a8acfb98?s=96&d=identicon&r=x\",\"caption\":\"Charge\"},\"url\":\"https:\\\/\\\/sindromecharge.es\\\/index.php\\\/author\\\/admin\\\/\"}]}<\/script>\n<!-- \/ Yoast SEO plugin. -->","yoast_head_json":{"title":"\u00c1lvaro, un ni\u00f1o ciego, y Jes\u00fas, creador de una app que narra partidos, piden estadios de f\u00fatbol m\u00e1s accesibles - Asociaci\u00f3n Espa\u00f1ola S\u00edndrome de Charge","robots":{"index":"index","follow":"follow","max-snippet":"max-snippet:-1","max-image-preview":"max-image-preview:large","max-video-preview":"max-video-preview:-1"},"canonical":"https:\/\/sindromecharge.es\/index.php\/2024\/09\/23\/creador-ciego-una-app-que-narra-partidos-futbol-pide-estadios-accesibles-para-discapacidad-visual-5636268\/","og_locale":"es_ES","og_type":"article","og_title":"\u00c1lvaro, un ni\u00f1o ciego, y Jes\u00fas, creador de una app que narra partidos, piden estadios de f\u00fatbol m\u00e1s accesibles - Asociaci\u00f3n Espa\u00f1ola S\u00edndrome de Charge","og_description":"\u00c1lvaro y Jes\u00fas, ciegos y grandes aficionados al f\u00fatbol, quieren que los eventos deportivos sean m\u00e1s accesibles: \u00abest\u00e1n adaptados para las discapacidades motrices, pero no para las visuales\u00bb.","og_url":"https:\/\/sindromecharge.es\/index.php\/2024\/09\/23\/creador-ciego-una-app-que-narra-partidos-futbol-pide-estadios-accesibles-para-discapacidad-visual-5636268\/","og_site_name":"Asociaci\u00f3n Espa\u00f1ola S\u00edndrome de Charge","article_publisher":"https:\/\/www.facebook.com\/asociacionsindromecharge","article_published_time":"2024-09-23T06:18:36+00:00","og_image":[{"width":300,"height":98,"url":"https:\/\/sindromecharge.es\/wp-content\/uploads\/2013\/09\/logodecharge300x98.png","type":"image\/png"}],"author":"Charge","twitter_card":"summary_large_image","twitter_creator":"@sindromecharge","twitter_site":"@sindromecharge","twitter_misc":{"Escrito por":"Charge","Tiempo de lectura":"4 minutos"},"schema":{"@context":"https:\/\/schema.org","@graph":[{"@type":"Article","@id":"https:\/\/sindromecharge.es\/index.php\/2024\/09\/23\/creador-ciego-una-app-que-narra-partidos-futbol-pide-estadios-accesibles-para-discapacidad-visual-5636268\/#article","isPartOf":{"@id":"https:\/\/sindromecharge.es\/index.php\/2024\/09\/23\/creador-ciego-una-app-que-narra-partidos-futbol-pide-estadios-accesibles-para-discapacidad-visual-5636268\/"},"author":{"name":"Charge","@id":"https:\/\/sindromecharge.es\/#\/schema\/person\/39a60ebe0a2b4d5a11179701e336b039"},"headline":"\u00c1lvaro, un ni\u00f1o ciego, y Jes\u00fas, creador de una app que narra partidos, piden estadios de f\u00fatbol m\u00e1s accesibles","datePublished":"2024-09-23T06:18:36+00:00","mainEntityOfPage":{"@id":"https:\/\/sindromecharge.es\/index.php\/2024\/09\/23\/creador-ciego-una-app-que-narra-partidos-futbol-pide-estadios-accesibles-para-discapacidad-visual-5636268\/"},"wordCount":851,"articleSection":["noticias"],"inLanguage":"es"},{"@type":"WebPage","@id":"https:\/\/sindromecharge.es\/index.php\/2024\/09\/23\/creador-ciego-una-app-que-narra-partidos-futbol-pide-estadios-accesibles-para-discapacidad-visual-5636268\/","url":"https:\/\/sindromecharge.es\/index.php\/2024\/09\/23\/creador-ciego-una-app-que-narra-partidos-futbol-pide-estadios-accesibles-para-discapacidad-visual-5636268\/","name":"\u00c1lvaro, un ni\u00f1o ciego, y Jes\u00fas, creador de una app que narra partidos, piden estadios de f\u00fatbol m\u00e1s accesibles - Asociaci\u00f3n Espa\u00f1ola S\u00edndrome de Charge","isPartOf":{"@id":"https:\/\/sindromecharge.es\/#website"},"datePublished":"2024-09-23T06:18:36+00:00","author":{"@id":"https:\/\/sindromecharge.es\/#\/schema\/person\/39a60ebe0a2b4d5a11179701e336b039"},"breadcrumb":{"@id":"https:\/\/sindromecharge.es\/index.php\/2024\/09\/23\/creador-ciego-una-app-que-narra-partidos-futbol-pide-estadios-accesibles-para-discapacidad-visual-5636268\/#breadcrumb"},"inLanguage":"es","potentialAction":[{"@type":"ReadAction","target":["https:\/\/sindromecharge.es\/index.php\/2024\/09\/23\/creador-ciego-una-app-que-narra-partidos-futbol-pide-estadios-accesibles-para-discapacidad-visual-5636268\/"]}]},{"@type":"BreadcrumbList","@id":"https:\/\/sindromecharge.es\/index.php\/2024\/09\/23\/creador-ciego-una-app-que-narra-partidos-futbol-pide-estadios-accesibles-para-discapacidad-visual-5636268\/#breadcrumb","itemListElement":[{"@type":"ListItem","position":1,"name":"Portada","item":"https:\/\/sindromecharge.es\/"},{"@type":"ListItem","position":2,"name":"\u00c1lvaro, un ni\u00f1o ciego, y Jes\u00fas, creador de una app que narra partidos, piden estadios de f\u00fatbol m\u00e1s accesibles"}]},{"@type":"WebSite","@id":"https:\/\/sindromecharge.es\/#website","url":"https:\/\/sindromecharge.es\/","name":"Asociaci\u00f3n Espa\u00f1ola S\u00edndrome de Charge","description":"","potentialAction":[{"@type":"SearchAction","target":{"@type":"EntryPoint","urlTemplate":"https:\/\/sindromecharge.es\/?s={search_term_string}"},"query-input":{"@type":"PropertyValueSpecification","valueRequired":true,"valueName":"search_term_string"}}],"inLanguage":"es"},{"@type":"Person","@id":"https:\/\/sindromecharge.es\/#\/schema\/person\/39a60ebe0a2b4d5a11179701e336b039","name":"Charge","image":{"@type":"ImageObject","inLanguage":"es","@id":"https:\/\/secure.gravatar.com\/avatar\/c3b46e32a0fc3b093a0873fb767bf3293de856293065e84ef06b7ec7a8acfb98?s=96&d=identicon&r=x","url":"https:\/\/secure.gravatar.com\/avatar\/c3b46e32a0fc3b093a0873fb767bf3293de856293065e84ef06b7ec7a8acfb98?s=96&d=identicon&r=x","contentUrl":"https:\/\/secure.gravatar.com\/avatar\/c3b46e32a0fc3b093a0873fb767bf3293de856293065e84ef06b7ec7a8acfb98?s=96&d=identicon&r=x","caption":"Charge"},"url":"https:\/\/sindromecharge.es\/index.php\/author\/admin\/"}]}},"_links":{"self":[{"href":"https:\/\/sindromecharge.es\/index.php\/wp-json\/wp\/v2\/posts\/10332","targetHints":{"allow":["GET"]}}],"collection":[{"href":"https:\/\/sindromecharge.es\/index.php\/wp-json\/wp\/v2\/posts"}],"about":[{"href":"https:\/\/sindromecharge.es\/index.php\/wp-json\/wp\/v2\/types\/post"}],"author":[{"embeddable":true,"href":"https:\/\/sindromecharge.es\/index.php\/wp-json\/wp\/v2\/users\/1"}],"replies":[{"embeddable":true,"href":"https:\/\/sindromecharge.es\/index.php\/wp-json\/wp\/v2\/comments?post=10332"}],"version-history":[{"count":0,"href":"https:\/\/sindromecharge.es\/index.php\/wp-json\/wp\/v2\/posts\/10332\/revisions"}],"wp:attachment":[{"href":"https:\/\/sindromecharge.es\/index.php\/wp-json\/wp\/v2\/media?parent=10332"}],"wp:term":[{"taxonomy":"category","embeddable":true,"href":"https:\/\/sindromecharge.es\/index.php\/wp-json\/wp\/v2\/categories?post=10332"},{"taxonomy":"post_tag","embeddable":true,"href":"https:\/\/sindromecharge.es\/index.php\/wp-json\/wp\/v2\/tags?post=10332"}],"curies":[{"name":"wp","href":"https:\/\/api.w.org\/{rel}","templated":true}]}}