{"id":10331,"date":"2024-09-23T05:20:14","date_gmt":"2024-09-23T05:20:14","guid":{"rendered":"https:\/\/sindromecharge.es\/index.php\/2024\/09\/23\/beatriz-romero-interprete-lengua-signos-rozalen\/"},"modified":"2024-09-23T05:20:14","modified_gmt":"2024-09-23T05:20:14","slug":"beatriz-romero-interprete-lengua-signos-rozalen","status":"publish","type":"post","link":"https:\/\/sindromecharge.es\/index.php\/2024\/09\/23\/beatriz-romero-interprete-lengua-signos-rozalen\/","title":{"rendered":"Beatriz Romero, int\u00e9rprete de lengua de signos de Rozal\u00e9n: \u00abVer c\u00f3mo disfrutan las personas sordas en los conciertos emociona\u00bb"},"content":{"rendered":"<p>Leemos en Discapacidad la siguiente noticia que os reproducimos de forma \u00edntegra: <\/p>\n<div>\n<p>El 23 de septi<a href=\"https:\/\/www.20minutos.es\/\"><\/a>embre es el<b> d\u00eda internacional de las <a href=\"https:\/\/www.20minutos.es\/minuteca\/lengua-de-signos\/\" title=\"Lengua de signos\" target=\"_blank\" rel=\"noopener\">lenguas de signos<\/a><\/b>, una lengua -o, mejor dicho, m\u00e1s de 300- que m\u00e1s de 70 millones de personas sordas utilizan para comunicarse y entender el mundo. En Espa\u00f1a, las personas sordas que la usan son unas 70.000, a las que hay que a\u00f1adir los <b>int\u00e9rpretes como Beatriz Romero<\/b>, personas que ayudan a tender puentes entre el mundo de los oyentes y los no oyentes.<\/p>\n<p>En su caso, adem\u00e1s, lo hace desde un escenario, el que comparte con <a href=\"https:\/\/www.20minutos.es\/minuteca\/rozalen\/\" title=\"Rozal\u00e9n\" target=\"_blank\" rel=\"noopener\">Rozal\u00e9n<\/a> desde hace m\u00e1s de una d\u00e9cada. Beatriz Romero nos cuenta c\u00f3mo descubri\u00f3 la lengua de signos y c\u00f3mo empez\u00f3 esta bonita y pionera colaboraci\u00f3n art\u00edstica y solidaria.<\/p>\n<h1>Me choca bastante que una persona tenga que justificar tant\u00edsimo que necesita la lengua de signos para que se le conceda un int\u00e9rprete<\/h1>\n<h1>Las personas sordas tienen su manera de &#8216;escuchar&#8217; la m\u00fasica y de disfrutarla. Los miro y bailan m\u00e1s al ritmo de la m\u00fasica que yo<\/h1>\n<\/div>\n<p>Fuente: Discapacidad https:\/\/www.20minutos.es\/noticia\/5635648\/0\/beatriz-romero-interprete-lengua-signos-rozalen\/<\/p>\n","protected":false},"excerpt":{"rendered":"<p>El 23 de septiembre es el d\u00eda internacional de las lenguas de signos, idioma que usan 70 millones de personas.<\/p>\n","protected":false},"author":1,"featured_media":0,"comment_status":"closed","ping_status":"closed","sticky":false,"template":"","format":"standard","meta":{"footnotes":""},"categories":[8],"tags":[],"class_list":["post-10331","post","type-post","status-publish","format-standard","hentry","category-noticias"],"yoast_head":"<!-- This site is optimized with the Yoast SEO plugin v27.5 - https:\/\/yoast.com\/product\/yoast-seo-wordpress\/ -->\n<title>Beatriz Romero, int\u00e9rprete de lengua de signos de Rozal\u00e9n: &quot;Ver c\u00f3mo disfrutan las personas sordas en los conciertos emociona&quot; - Asociaci\u00f3n Espa\u00f1ola S\u00edndrome de Charge<\/title>\n<meta name=\"robots\" content=\"index, follow, max-snippet:-1, max-image-preview:large, max-video-preview:-1\" \/>\n<link rel=\"canonical\" href=\"https:\/\/sindromecharge.es\/index.php\/2024\/09\/23\/beatriz-romero-interprete-lengua-signos-rozalen\/\" \/>\n<meta property=\"og:locale\" content=\"es_ES\" \/>\n<meta property=\"og:type\" content=\"article\" \/>\n<meta property=\"og:title\" content=\"Beatriz Romero, int\u00e9rprete de lengua de signos de Rozal\u00e9n: &quot;Ver c\u00f3mo disfrutan las personas sordas en los conciertos emociona&quot; - Asociaci\u00f3n Espa\u00f1ola S\u00edndrome de Charge\" \/>\n<meta property=\"og:description\" content=\"El 23 de septiembre es el d\u00eda internacional de las lenguas de signos, idioma que usan 70 millones de personas.\" \/>\n<meta property=\"og:url\" content=\"https:\/\/sindromecharge.es\/index.php\/2024\/09\/23\/beatriz-romero-interprete-lengua-signos-rozalen\/\" \/>\n<meta property=\"og:site_name\" content=\"Asociaci\u00f3n Espa\u00f1ola S\u00edndrome de Charge\" \/>\n<meta property=\"article:publisher\" content=\"https:\/\/www.facebook.com\/asociacionsindromecharge\" \/>\n<meta property=\"article:published_time\" content=\"2024-09-23T05:20:14+00:00\" \/>\n<meta property=\"og:image\" content=\"https:\/\/sindromecharge.es\/wp-content\/uploads\/2013\/09\/logodecharge300x98.png\" \/>\n\t<meta property=\"og:image:width\" content=\"300\" \/>\n\t<meta property=\"og:image:height\" content=\"98\" \/>\n\t<meta property=\"og:image:type\" content=\"image\/png\" \/>\n<meta name=\"author\" content=\"Charge\" \/>\n<meta name=\"twitter:card\" content=\"summary_large_image\" \/>\n<meta name=\"twitter:creator\" content=\"@sindromecharge\" \/>\n<meta name=\"twitter:site\" content=\"@sindromecharge\" \/>\n<meta name=\"twitter:label1\" content=\"Escrito por\" \/>\n\t<meta name=\"twitter:data1\" content=\"Charge\" \/>\n\t<meta name=\"twitter:label2\" content=\"Tiempo de lectura\" \/>\n\t<meta name=\"twitter:data2\" content=\"1 minuto\" \/>\n<script type=\"application\/ld+json\" class=\"yoast-schema-graph\">{\"@context\":\"https:\\\/\\\/schema.org\",\"@graph\":[{\"@type\":\"Article\",\"@id\":\"https:\\\/\\\/sindromecharge.es\\\/index.php\\\/2024\\\/09\\\/23\\\/beatriz-romero-interprete-lengua-signos-rozalen\\\/#article\",\"isPartOf\":{\"@id\":\"https:\\\/\\\/sindromecharge.es\\\/index.php\\\/2024\\\/09\\\/23\\\/beatriz-romero-interprete-lengua-signos-rozalen\\\/\"},\"author\":{\"name\":\"Charge\",\"@id\":\"https:\\\/\\\/sindromecharge.es\\\/#\\\/schema\\\/person\\\/39a60ebe0a2b4d5a11179701e336b039\"},\"headline\":\"Beatriz Romero, int\u00e9rprete de lengua de signos de Rozal\u00e9n: \u00abVer c\u00f3mo disfrutan las personas sordas en los conciertos emociona\u00bb\",\"datePublished\":\"2024-09-23T05:20:14+00:00\",\"mainEntityOfPage\":{\"@id\":\"https:\\\/\\\/sindromecharge.es\\\/index.php\\\/2024\\\/09\\\/23\\\/beatriz-romero-interprete-lengua-signos-rozalen\\\/\"},\"wordCount\":222,\"articleSection\":[\"noticias\"],\"inLanguage\":\"es\"},{\"@type\":\"WebPage\",\"@id\":\"https:\\\/\\\/sindromecharge.es\\\/index.php\\\/2024\\\/09\\\/23\\\/beatriz-romero-interprete-lengua-signos-rozalen\\\/\",\"url\":\"https:\\\/\\\/sindromecharge.es\\\/index.php\\\/2024\\\/09\\\/23\\\/beatriz-romero-interprete-lengua-signos-rozalen\\\/\",\"name\":\"Beatriz Romero, int\u00e9rprete de lengua de signos de Rozal\u00e9n: \\\"Ver c\u00f3mo disfrutan las personas sordas en los conciertos emociona\\\" - Asociaci\u00f3n Espa\u00f1ola S\u00edndrome de Charge\",\"isPartOf\":{\"@id\":\"https:\\\/\\\/sindromecharge.es\\\/#website\"},\"datePublished\":\"2024-09-23T05:20:14+00:00\",\"author\":{\"@id\":\"https:\\\/\\\/sindromecharge.es\\\/#\\\/schema\\\/person\\\/39a60ebe0a2b4d5a11179701e336b039\"},\"breadcrumb\":{\"@id\":\"https:\\\/\\\/sindromecharge.es\\\/index.php\\\/2024\\\/09\\\/23\\\/beatriz-romero-interprete-lengua-signos-rozalen\\\/#breadcrumb\"},\"inLanguage\":\"es\",\"potentialAction\":[{\"@type\":\"ReadAction\",\"target\":[\"https:\\\/\\\/sindromecharge.es\\\/index.php\\\/2024\\\/09\\\/23\\\/beatriz-romero-interprete-lengua-signos-rozalen\\\/\"]}]},{\"@type\":\"BreadcrumbList\",\"@id\":\"https:\\\/\\\/sindromecharge.es\\\/index.php\\\/2024\\\/09\\\/23\\\/beatriz-romero-interprete-lengua-signos-rozalen\\\/#breadcrumb\",\"itemListElement\":[{\"@type\":\"ListItem\",\"position\":1,\"name\":\"Portada\",\"item\":\"https:\\\/\\\/sindromecharge.es\\\/\"},{\"@type\":\"ListItem\",\"position\":2,\"name\":\"Beatriz Romero, int\u00e9rprete de lengua de signos de Rozal\u00e9n: &#8220;Ver c\u00f3mo disfrutan las personas sordas en los conciertos emociona&#8221;\"}]},{\"@type\":\"WebSite\",\"@id\":\"https:\\\/\\\/sindromecharge.es\\\/#website\",\"url\":\"https:\\\/\\\/sindromecharge.es\\\/\",\"name\":\"Asociaci\u00f3n Espa\u00f1ola S\u00edndrome de Charge\",\"description\":\"\",\"potentialAction\":[{\"@type\":\"SearchAction\",\"target\":{\"@type\":\"EntryPoint\",\"urlTemplate\":\"https:\\\/\\\/sindromecharge.es\\\/?s={search_term_string}\"},\"query-input\":{\"@type\":\"PropertyValueSpecification\",\"valueRequired\":true,\"valueName\":\"search_term_string\"}}],\"inLanguage\":\"es\"},{\"@type\":\"Person\",\"@id\":\"https:\\\/\\\/sindromecharge.es\\\/#\\\/schema\\\/person\\\/39a60ebe0a2b4d5a11179701e336b039\",\"name\":\"Charge\",\"image\":{\"@type\":\"ImageObject\",\"inLanguage\":\"es\",\"@id\":\"https:\\\/\\\/secure.gravatar.com\\\/avatar\\\/c3b46e32a0fc3b093a0873fb767bf3293de856293065e84ef06b7ec7a8acfb98?s=96&d=identicon&r=x\",\"url\":\"https:\\\/\\\/secure.gravatar.com\\\/avatar\\\/c3b46e32a0fc3b093a0873fb767bf3293de856293065e84ef06b7ec7a8acfb98?s=96&d=identicon&r=x\",\"contentUrl\":\"https:\\\/\\\/secure.gravatar.com\\\/avatar\\\/c3b46e32a0fc3b093a0873fb767bf3293de856293065e84ef06b7ec7a8acfb98?s=96&d=identicon&r=x\",\"caption\":\"Charge\"},\"url\":\"https:\\\/\\\/sindromecharge.es\\\/index.php\\\/author\\\/admin\\\/\"}]}<\/script>\n<!-- \/ Yoast SEO plugin. -->","yoast_head_json":{"title":"Beatriz Romero, int\u00e9rprete de lengua de signos de Rozal\u00e9n: \"Ver c\u00f3mo disfrutan las personas sordas en los conciertos emociona\" - Asociaci\u00f3n Espa\u00f1ola S\u00edndrome de Charge","robots":{"index":"index","follow":"follow","max-snippet":"max-snippet:-1","max-image-preview":"max-image-preview:large","max-video-preview":"max-video-preview:-1"},"canonical":"https:\/\/sindromecharge.es\/index.php\/2024\/09\/23\/beatriz-romero-interprete-lengua-signos-rozalen\/","og_locale":"es_ES","og_type":"article","og_title":"Beatriz Romero, int\u00e9rprete de lengua de signos de Rozal\u00e9n: \"Ver c\u00f3mo disfrutan las personas sordas en los conciertos emociona\" - Asociaci\u00f3n Espa\u00f1ola S\u00edndrome de Charge","og_description":"El 23 de septiembre es el d\u00eda internacional de las lenguas de signos, idioma que usan 70 millones de personas.","og_url":"https:\/\/sindromecharge.es\/index.php\/2024\/09\/23\/beatriz-romero-interprete-lengua-signos-rozalen\/","og_site_name":"Asociaci\u00f3n Espa\u00f1ola S\u00edndrome de Charge","article_publisher":"https:\/\/www.facebook.com\/asociacionsindromecharge","article_published_time":"2024-09-23T05:20:14+00:00","og_image":[{"width":300,"height":98,"url":"https:\/\/sindromecharge.es\/wp-content\/uploads\/2013\/09\/logodecharge300x98.png","type":"image\/png"}],"author":"Charge","twitter_card":"summary_large_image","twitter_creator":"@sindromecharge","twitter_site":"@sindromecharge","twitter_misc":{"Escrito por":"Charge","Tiempo de lectura":"1 minuto"},"schema":{"@context":"https:\/\/schema.org","@graph":[{"@type":"Article","@id":"https:\/\/sindromecharge.es\/index.php\/2024\/09\/23\/beatriz-romero-interprete-lengua-signos-rozalen\/#article","isPartOf":{"@id":"https:\/\/sindromecharge.es\/index.php\/2024\/09\/23\/beatriz-romero-interprete-lengua-signos-rozalen\/"},"author":{"name":"Charge","@id":"https:\/\/sindromecharge.es\/#\/schema\/person\/39a60ebe0a2b4d5a11179701e336b039"},"headline":"Beatriz Romero, int\u00e9rprete de lengua de signos de Rozal\u00e9n: \u00abVer c\u00f3mo disfrutan las personas sordas en los conciertos emociona\u00bb","datePublished":"2024-09-23T05:20:14+00:00","mainEntityOfPage":{"@id":"https:\/\/sindromecharge.es\/index.php\/2024\/09\/23\/beatriz-romero-interprete-lengua-signos-rozalen\/"},"wordCount":222,"articleSection":["noticias"],"inLanguage":"es"},{"@type":"WebPage","@id":"https:\/\/sindromecharge.es\/index.php\/2024\/09\/23\/beatriz-romero-interprete-lengua-signos-rozalen\/","url":"https:\/\/sindromecharge.es\/index.php\/2024\/09\/23\/beatriz-romero-interprete-lengua-signos-rozalen\/","name":"Beatriz Romero, int\u00e9rprete de lengua de signos de Rozal\u00e9n: \"Ver c\u00f3mo disfrutan las personas sordas en los conciertos emociona\" - Asociaci\u00f3n Espa\u00f1ola S\u00edndrome de Charge","isPartOf":{"@id":"https:\/\/sindromecharge.es\/#website"},"datePublished":"2024-09-23T05:20:14+00:00","author":{"@id":"https:\/\/sindromecharge.es\/#\/schema\/person\/39a60ebe0a2b4d5a11179701e336b039"},"breadcrumb":{"@id":"https:\/\/sindromecharge.es\/index.php\/2024\/09\/23\/beatriz-romero-interprete-lengua-signos-rozalen\/#breadcrumb"},"inLanguage":"es","potentialAction":[{"@type":"ReadAction","target":["https:\/\/sindromecharge.es\/index.php\/2024\/09\/23\/beatriz-romero-interprete-lengua-signos-rozalen\/"]}]},{"@type":"BreadcrumbList","@id":"https:\/\/sindromecharge.es\/index.php\/2024\/09\/23\/beatriz-romero-interprete-lengua-signos-rozalen\/#breadcrumb","itemListElement":[{"@type":"ListItem","position":1,"name":"Portada","item":"https:\/\/sindromecharge.es\/"},{"@type":"ListItem","position":2,"name":"Beatriz Romero, int\u00e9rprete de lengua de signos de Rozal\u00e9n: &#8220;Ver c\u00f3mo disfrutan las personas sordas en los conciertos emociona&#8221;"}]},{"@type":"WebSite","@id":"https:\/\/sindromecharge.es\/#website","url":"https:\/\/sindromecharge.es\/","name":"Asociaci\u00f3n Espa\u00f1ola S\u00edndrome de Charge","description":"","potentialAction":[{"@type":"SearchAction","target":{"@type":"EntryPoint","urlTemplate":"https:\/\/sindromecharge.es\/?s={search_term_string}"},"query-input":{"@type":"PropertyValueSpecification","valueRequired":true,"valueName":"search_term_string"}}],"inLanguage":"es"},{"@type":"Person","@id":"https:\/\/sindromecharge.es\/#\/schema\/person\/39a60ebe0a2b4d5a11179701e336b039","name":"Charge","image":{"@type":"ImageObject","inLanguage":"es","@id":"https:\/\/secure.gravatar.com\/avatar\/c3b46e32a0fc3b093a0873fb767bf3293de856293065e84ef06b7ec7a8acfb98?s=96&d=identicon&r=x","url":"https:\/\/secure.gravatar.com\/avatar\/c3b46e32a0fc3b093a0873fb767bf3293de856293065e84ef06b7ec7a8acfb98?s=96&d=identicon&r=x","contentUrl":"https:\/\/secure.gravatar.com\/avatar\/c3b46e32a0fc3b093a0873fb767bf3293de856293065e84ef06b7ec7a8acfb98?s=96&d=identicon&r=x","caption":"Charge"},"url":"https:\/\/sindromecharge.es\/index.php\/author\/admin\/"}]}},"_links":{"self":[{"href":"https:\/\/sindromecharge.es\/index.php\/wp-json\/wp\/v2\/posts\/10331","targetHints":{"allow":["GET"]}}],"collection":[{"href":"https:\/\/sindromecharge.es\/index.php\/wp-json\/wp\/v2\/posts"}],"about":[{"href":"https:\/\/sindromecharge.es\/index.php\/wp-json\/wp\/v2\/types\/post"}],"author":[{"embeddable":true,"href":"https:\/\/sindromecharge.es\/index.php\/wp-json\/wp\/v2\/users\/1"}],"replies":[{"embeddable":true,"href":"https:\/\/sindromecharge.es\/index.php\/wp-json\/wp\/v2\/comments?post=10331"}],"version-history":[{"count":0,"href":"https:\/\/sindromecharge.es\/index.php\/wp-json\/wp\/v2\/posts\/10331\/revisions"}],"wp:attachment":[{"href":"https:\/\/sindromecharge.es\/index.php\/wp-json\/wp\/v2\/media?parent=10331"}],"wp:term":[{"taxonomy":"category","embeddable":true,"href":"https:\/\/sindromecharge.es\/index.php\/wp-json\/wp\/v2\/categories?post=10331"},{"taxonomy":"post_tag","embeddable":true,"href":"https:\/\/sindromecharge.es\/index.php\/wp-json\/wp\/v2\/tags?post=10331"}],"curies":[{"name":"wp","href":"https:\/\/api.w.org\/{rel}","templated":true}]}}