{"id":10330,"date":"2024-09-23T07:22:26","date_gmt":"2024-09-23T07:22:26","guid":{"rendered":"https:\/\/sindromecharge.es\/index.php\/2024\/09\/23\/index-php-109\/"},"modified":"2024-09-23T07:22:26","modified_gmt":"2024-09-23T07:22:26","slug":"index-php-109","status":"publish","type":"post","link":"https:\/\/sindromecharge.es\/index.php\/2024\/09\/23\/index-php-109\/","title":{"rendered":"Ser O\u00eddo: pr\u00f3xima parada, Congreso de los Diputados"},"content":{"rendered":"<p>Leemos en Federaci\u00f3n de Asociaciones de Implantados Cocleares de Espa\u00f1a. Federaci\u00f3n AICE la siguiente noticia que os reproducimos de forma \u00edntegra: <\/p>\n<div>\n<p style=\"text-align: center;\"><img decoding=\"async\" src=\"http:\/\/implantecoclear.org\/images\/stories\/banner%20ser%20odo.jpg\"><\/p>\n<div><\/div>\n<div>\n<div>El pr\u00f3ximo 1 de octubre, coincidiendo con el D\u00eda Internacional de las Personas de Edad, se llevar\u00e1 a cabo un evento de gran relevancia, tanto para Federaci\u00f3n AICE, como para las personas con p\u00e9rdida auditiva en Espa\u00f1a.<\/div>\n<div>La campa\u00f1a \u00abSer O\u00eddo\u00bb ha organizado una cita en el Congreso de los Diputados en Madrid, donde se presentar\u00e1n las firmas recogidas a lo largo de los \u00faltimos meses. El objetivo principal de esta iniciativa es promover un futuro m\u00e1s inclusivo, accesible y sostenible para las personas con p\u00e9rdida auditiva.<\/div>\n<div><\/div>\n<div><\/div>\n<div>La presencia de la campa\u00f1a \u00abSer O\u00eddo\u00bb en el Congreso de los Diputados es un paso crucial hacia un futuro m\u00e1s inclusivo para las personas con p\u00e9rdida auditiva en Espa\u00f1a. En una sociedad donde la diversidad y la inclusi\u00f3n son cada vez m\u00e1s valoradas, es esencial que se implementen medidas concretas que garanticen la accesibilidad y el respeto de los derechos de todos los ciudadanos, independientemente de sus capacidades auditivas.<\/div>\n<div><\/div>\n<\/div>\n<\/div>\n<p>Fuente: Federaci\u00f3n de Asociaciones de Implantados Cocleares de Espa\u00f1a. Federaci\u00f3n AICE http:\/\/implantecoclear.org\/index.php?option=com_content&#038;view=article&#038;id=728:2024-09-23-07-31-32&#038;catid=1:latest-news<\/p>\n","protected":false},"excerpt":{"rendered":"<p>El pr\u00f3ximo 1 de octubre, coincidiendo con el D\u00eda Internacional de las Personas de Edad, se llevar\u00e1 a cabo un evento de gran relevancia, tanto para Federaci\u00f3n AICE, como para las personas con p\u00e9rdida auditiva en Espa\u00f1a. La campa\u00f1a \u00abSer O\u00eddo\u00bb ha organizado una cita en el Congreso de los Diputados en Madrid, donde se [&hellip;]<\/p>\n","protected":false},"author":1,"featured_media":0,"comment_status":"closed","ping_status":"closed","sticky":false,"template":"","format":"standard","meta":{"footnotes":""},"categories":[8],"tags":[],"class_list":["post-10330","post","type-post","status-publish","format-standard","hentry","category-noticias"],"yoast_head":"<!-- This site is optimized with the Yoast SEO plugin v27.5 - https:\/\/yoast.com\/product\/yoast-seo-wordpress\/ -->\n<title>Ser O\u00eddo: pr\u00f3xima parada, Congreso de los Diputados - Asociaci\u00f3n Espa\u00f1ola S\u00edndrome de Charge<\/title>\n<meta name=\"robots\" content=\"index, follow, max-snippet:-1, max-image-preview:large, max-video-preview:-1\" \/>\n<link rel=\"canonical\" href=\"https:\/\/sindromecharge.es\/index.php\/2024\/09\/23\/index-php-109\/\" \/>\n<meta property=\"og:locale\" content=\"es_ES\" \/>\n<meta property=\"og:type\" content=\"article\" \/>\n<meta property=\"og:title\" content=\"Ser O\u00eddo: pr\u00f3xima parada, Congreso de los Diputados - Asociaci\u00f3n Espa\u00f1ola S\u00edndrome de Charge\" \/>\n<meta property=\"og:description\" content=\"El pr\u00f3ximo 1 de octubre, coincidiendo con el D\u00eda Internacional de las Personas de Edad, se llevar\u00e1 a cabo un evento de gran relevancia, tanto para Federaci\u00f3n AICE, como para las personas con p\u00e9rdida auditiva en Espa\u00f1a. La campa\u00f1a \u00abSer O\u00eddo\u00bb ha organizado una cita en el Congreso de los Diputados en Madrid, donde se [&hellip;]\" \/>\n<meta property=\"og:url\" content=\"https:\/\/sindromecharge.es\/index.php\/2024\/09\/23\/index-php-109\/\" \/>\n<meta property=\"og:site_name\" content=\"Asociaci\u00f3n Espa\u00f1ola S\u00edndrome de Charge\" \/>\n<meta property=\"article:publisher\" content=\"https:\/\/www.facebook.com\/asociacionsindromecharge\" \/>\n<meta property=\"article:published_time\" content=\"2024-09-23T07:22:26+00:00\" \/>\n<meta property=\"og:image\" content=\"http:\/\/implantecoclear.org\/images\/stories\/banner%20ser%20odo.jpg\" \/>\n<meta name=\"author\" content=\"Charge\" \/>\n<meta name=\"twitter:card\" content=\"summary_large_image\" \/>\n<meta name=\"twitter:creator\" content=\"@sindromecharge\" \/>\n<meta name=\"twitter:site\" content=\"@sindromecharge\" \/>\n<meta name=\"twitter:label1\" content=\"Escrito por\" \/>\n\t<meta name=\"twitter:data1\" content=\"Charge\" \/>\n\t<meta name=\"twitter:label2\" content=\"Tiempo de lectura\" \/>\n\t<meta name=\"twitter:data2\" content=\"1 minuto\" \/>\n<script type=\"application\/ld+json\" class=\"yoast-schema-graph\">{\"@context\":\"https:\\\/\\\/schema.org\",\"@graph\":[{\"@type\":\"Article\",\"@id\":\"https:\\\/\\\/sindromecharge.es\\\/index.php\\\/2024\\\/09\\\/23\\\/index-php-109\\\/#article\",\"isPartOf\":{\"@id\":\"https:\\\/\\\/sindromecharge.es\\\/index.php\\\/2024\\\/09\\\/23\\\/index-php-109\\\/\"},\"author\":{\"name\":\"Charge\",\"@id\":\"https:\\\/\\\/sindromecharge.es\\\/#\\\/schema\\\/person\\\/39a60ebe0a2b4d5a11179701e336b039\"},\"headline\":\"Ser O\u00eddo: pr\u00f3xima parada, Congreso de los Diputados\",\"datePublished\":\"2024-09-23T07:22:26+00:00\",\"mainEntityOfPage\":{\"@id\":\"https:\\\/\\\/sindromecharge.es\\\/index.php\\\/2024\\\/09\\\/23\\\/index-php-109\\\/\"},\"wordCount\":239,\"image\":{\"@id\":\"https:\\\/\\\/sindromecharge.es\\\/index.php\\\/2024\\\/09\\\/23\\\/index-php-109\\\/#primaryimage\"},\"thumbnailUrl\":\"http:\\\/\\\/implantecoclear.org\\\/images\\\/stories\\\/banner%20ser%20odo.jpg\",\"articleSection\":[\"noticias\"],\"inLanguage\":\"es\"},{\"@type\":\"WebPage\",\"@id\":\"https:\\\/\\\/sindromecharge.es\\\/index.php\\\/2024\\\/09\\\/23\\\/index-php-109\\\/\",\"url\":\"https:\\\/\\\/sindromecharge.es\\\/index.php\\\/2024\\\/09\\\/23\\\/index-php-109\\\/\",\"name\":\"Ser O\u00eddo: pr\u00f3xima parada, Congreso de los Diputados - Asociaci\u00f3n Espa\u00f1ola S\u00edndrome de Charge\",\"isPartOf\":{\"@id\":\"https:\\\/\\\/sindromecharge.es\\\/#website\"},\"primaryImageOfPage\":{\"@id\":\"https:\\\/\\\/sindromecharge.es\\\/index.php\\\/2024\\\/09\\\/23\\\/index-php-109\\\/#primaryimage\"},\"image\":{\"@id\":\"https:\\\/\\\/sindromecharge.es\\\/index.php\\\/2024\\\/09\\\/23\\\/index-php-109\\\/#primaryimage\"},\"thumbnailUrl\":\"http:\\\/\\\/implantecoclear.org\\\/images\\\/stories\\\/banner%20ser%20odo.jpg\",\"datePublished\":\"2024-09-23T07:22:26+00:00\",\"author\":{\"@id\":\"https:\\\/\\\/sindromecharge.es\\\/#\\\/schema\\\/person\\\/39a60ebe0a2b4d5a11179701e336b039\"},\"breadcrumb\":{\"@id\":\"https:\\\/\\\/sindromecharge.es\\\/index.php\\\/2024\\\/09\\\/23\\\/index-php-109\\\/#breadcrumb\"},\"inLanguage\":\"es\",\"potentialAction\":[{\"@type\":\"ReadAction\",\"target\":[\"https:\\\/\\\/sindromecharge.es\\\/index.php\\\/2024\\\/09\\\/23\\\/index-php-109\\\/\"]}]},{\"@type\":\"ImageObject\",\"inLanguage\":\"es\",\"@id\":\"https:\\\/\\\/sindromecharge.es\\\/index.php\\\/2024\\\/09\\\/23\\\/index-php-109\\\/#primaryimage\",\"url\":\"http:\\\/\\\/implantecoclear.org\\\/images\\\/stories\\\/banner%20ser%20odo.jpg\",\"contentUrl\":\"http:\\\/\\\/implantecoclear.org\\\/images\\\/stories\\\/banner%20ser%20odo.jpg\"},{\"@type\":\"BreadcrumbList\",\"@id\":\"https:\\\/\\\/sindromecharge.es\\\/index.php\\\/2024\\\/09\\\/23\\\/index-php-109\\\/#breadcrumb\",\"itemListElement\":[{\"@type\":\"ListItem\",\"position\":1,\"name\":\"Portada\",\"item\":\"https:\\\/\\\/sindromecharge.es\\\/\"},{\"@type\":\"ListItem\",\"position\":2,\"name\":\"Ser O\u00eddo: pr\u00f3xima parada, Congreso de los Diputados\"}]},{\"@type\":\"WebSite\",\"@id\":\"https:\\\/\\\/sindromecharge.es\\\/#website\",\"url\":\"https:\\\/\\\/sindromecharge.es\\\/\",\"name\":\"Asociaci\u00f3n Espa\u00f1ola S\u00edndrome de Charge\",\"description\":\"\",\"potentialAction\":[{\"@type\":\"SearchAction\",\"target\":{\"@type\":\"EntryPoint\",\"urlTemplate\":\"https:\\\/\\\/sindromecharge.es\\\/?s={search_term_string}\"},\"query-input\":{\"@type\":\"PropertyValueSpecification\",\"valueRequired\":true,\"valueName\":\"search_term_string\"}}],\"inLanguage\":\"es\"},{\"@type\":\"Person\",\"@id\":\"https:\\\/\\\/sindromecharge.es\\\/#\\\/schema\\\/person\\\/39a60ebe0a2b4d5a11179701e336b039\",\"name\":\"Charge\",\"image\":{\"@type\":\"ImageObject\",\"inLanguage\":\"es\",\"@id\":\"https:\\\/\\\/secure.gravatar.com\\\/avatar\\\/c3b46e32a0fc3b093a0873fb767bf3293de856293065e84ef06b7ec7a8acfb98?s=96&d=identicon&r=x\",\"url\":\"https:\\\/\\\/secure.gravatar.com\\\/avatar\\\/c3b46e32a0fc3b093a0873fb767bf3293de856293065e84ef06b7ec7a8acfb98?s=96&d=identicon&r=x\",\"contentUrl\":\"https:\\\/\\\/secure.gravatar.com\\\/avatar\\\/c3b46e32a0fc3b093a0873fb767bf3293de856293065e84ef06b7ec7a8acfb98?s=96&d=identicon&r=x\",\"caption\":\"Charge\"},\"url\":\"https:\\\/\\\/sindromecharge.es\\\/index.php\\\/author\\\/admin\\\/\"}]}<\/script>\n<!-- \/ Yoast SEO plugin. -->","yoast_head_json":{"title":"Ser O\u00eddo: pr\u00f3xima parada, Congreso de los Diputados - Asociaci\u00f3n Espa\u00f1ola S\u00edndrome de Charge","robots":{"index":"index","follow":"follow","max-snippet":"max-snippet:-1","max-image-preview":"max-image-preview:large","max-video-preview":"max-video-preview:-1"},"canonical":"https:\/\/sindromecharge.es\/index.php\/2024\/09\/23\/index-php-109\/","og_locale":"es_ES","og_type":"article","og_title":"Ser O\u00eddo: pr\u00f3xima parada, Congreso de los Diputados - Asociaci\u00f3n Espa\u00f1ola S\u00edndrome de Charge","og_description":"El pr\u00f3ximo 1 de octubre, coincidiendo con el D\u00eda Internacional de las Personas de Edad, se llevar\u00e1 a cabo un evento de gran relevancia, tanto para Federaci\u00f3n AICE, como para las personas con p\u00e9rdida auditiva en Espa\u00f1a. La campa\u00f1a \u00abSer O\u00eddo\u00bb ha organizado una cita en el Congreso de los Diputados en Madrid, donde se [&hellip;]","og_url":"https:\/\/sindromecharge.es\/index.php\/2024\/09\/23\/index-php-109\/","og_site_name":"Asociaci\u00f3n Espa\u00f1ola S\u00edndrome de Charge","article_publisher":"https:\/\/www.facebook.com\/asociacionsindromecharge","article_published_time":"2024-09-23T07:22:26+00:00","og_image":[{"url":"http:\/\/implantecoclear.org\/images\/stories\/banner%20ser%20odo.jpg","type":"","width":"","height":""}],"author":"Charge","twitter_card":"summary_large_image","twitter_creator":"@sindromecharge","twitter_site":"@sindromecharge","twitter_misc":{"Escrito por":"Charge","Tiempo de lectura":"1 minuto"},"schema":{"@context":"https:\/\/schema.org","@graph":[{"@type":"Article","@id":"https:\/\/sindromecharge.es\/index.php\/2024\/09\/23\/index-php-109\/#article","isPartOf":{"@id":"https:\/\/sindromecharge.es\/index.php\/2024\/09\/23\/index-php-109\/"},"author":{"name":"Charge","@id":"https:\/\/sindromecharge.es\/#\/schema\/person\/39a60ebe0a2b4d5a11179701e336b039"},"headline":"Ser O\u00eddo: pr\u00f3xima parada, Congreso de los Diputados","datePublished":"2024-09-23T07:22:26+00:00","mainEntityOfPage":{"@id":"https:\/\/sindromecharge.es\/index.php\/2024\/09\/23\/index-php-109\/"},"wordCount":239,"image":{"@id":"https:\/\/sindromecharge.es\/index.php\/2024\/09\/23\/index-php-109\/#primaryimage"},"thumbnailUrl":"http:\/\/implantecoclear.org\/images\/stories\/banner%20ser%20odo.jpg","articleSection":["noticias"],"inLanguage":"es"},{"@type":"WebPage","@id":"https:\/\/sindromecharge.es\/index.php\/2024\/09\/23\/index-php-109\/","url":"https:\/\/sindromecharge.es\/index.php\/2024\/09\/23\/index-php-109\/","name":"Ser O\u00eddo: pr\u00f3xima parada, Congreso de los Diputados - Asociaci\u00f3n Espa\u00f1ola S\u00edndrome de Charge","isPartOf":{"@id":"https:\/\/sindromecharge.es\/#website"},"primaryImageOfPage":{"@id":"https:\/\/sindromecharge.es\/index.php\/2024\/09\/23\/index-php-109\/#primaryimage"},"image":{"@id":"https:\/\/sindromecharge.es\/index.php\/2024\/09\/23\/index-php-109\/#primaryimage"},"thumbnailUrl":"http:\/\/implantecoclear.org\/images\/stories\/banner%20ser%20odo.jpg","datePublished":"2024-09-23T07:22:26+00:00","author":{"@id":"https:\/\/sindromecharge.es\/#\/schema\/person\/39a60ebe0a2b4d5a11179701e336b039"},"breadcrumb":{"@id":"https:\/\/sindromecharge.es\/index.php\/2024\/09\/23\/index-php-109\/#breadcrumb"},"inLanguage":"es","potentialAction":[{"@type":"ReadAction","target":["https:\/\/sindromecharge.es\/index.php\/2024\/09\/23\/index-php-109\/"]}]},{"@type":"ImageObject","inLanguage":"es","@id":"https:\/\/sindromecharge.es\/index.php\/2024\/09\/23\/index-php-109\/#primaryimage","url":"http:\/\/implantecoclear.org\/images\/stories\/banner%20ser%20odo.jpg","contentUrl":"http:\/\/implantecoclear.org\/images\/stories\/banner%20ser%20odo.jpg"},{"@type":"BreadcrumbList","@id":"https:\/\/sindromecharge.es\/index.php\/2024\/09\/23\/index-php-109\/#breadcrumb","itemListElement":[{"@type":"ListItem","position":1,"name":"Portada","item":"https:\/\/sindromecharge.es\/"},{"@type":"ListItem","position":2,"name":"Ser O\u00eddo: pr\u00f3xima parada, Congreso de los Diputados"}]},{"@type":"WebSite","@id":"https:\/\/sindromecharge.es\/#website","url":"https:\/\/sindromecharge.es\/","name":"Asociaci\u00f3n Espa\u00f1ola S\u00edndrome de Charge","description":"","potentialAction":[{"@type":"SearchAction","target":{"@type":"EntryPoint","urlTemplate":"https:\/\/sindromecharge.es\/?s={search_term_string}"},"query-input":{"@type":"PropertyValueSpecification","valueRequired":true,"valueName":"search_term_string"}}],"inLanguage":"es"},{"@type":"Person","@id":"https:\/\/sindromecharge.es\/#\/schema\/person\/39a60ebe0a2b4d5a11179701e336b039","name":"Charge","image":{"@type":"ImageObject","inLanguage":"es","@id":"https:\/\/secure.gravatar.com\/avatar\/c3b46e32a0fc3b093a0873fb767bf3293de856293065e84ef06b7ec7a8acfb98?s=96&d=identicon&r=x","url":"https:\/\/secure.gravatar.com\/avatar\/c3b46e32a0fc3b093a0873fb767bf3293de856293065e84ef06b7ec7a8acfb98?s=96&d=identicon&r=x","contentUrl":"https:\/\/secure.gravatar.com\/avatar\/c3b46e32a0fc3b093a0873fb767bf3293de856293065e84ef06b7ec7a8acfb98?s=96&d=identicon&r=x","caption":"Charge"},"url":"https:\/\/sindromecharge.es\/index.php\/author\/admin\/"}]}},"_links":{"self":[{"href":"https:\/\/sindromecharge.es\/index.php\/wp-json\/wp\/v2\/posts\/10330","targetHints":{"allow":["GET"]}}],"collection":[{"href":"https:\/\/sindromecharge.es\/index.php\/wp-json\/wp\/v2\/posts"}],"about":[{"href":"https:\/\/sindromecharge.es\/index.php\/wp-json\/wp\/v2\/types\/post"}],"author":[{"embeddable":true,"href":"https:\/\/sindromecharge.es\/index.php\/wp-json\/wp\/v2\/users\/1"}],"replies":[{"embeddable":true,"href":"https:\/\/sindromecharge.es\/index.php\/wp-json\/wp\/v2\/comments?post=10330"}],"version-history":[{"count":0,"href":"https:\/\/sindromecharge.es\/index.php\/wp-json\/wp\/v2\/posts\/10330\/revisions"}],"wp:attachment":[{"href":"https:\/\/sindromecharge.es\/index.php\/wp-json\/wp\/v2\/media?parent=10330"}],"wp:term":[{"taxonomy":"category","embeddable":true,"href":"https:\/\/sindromecharge.es\/index.php\/wp-json\/wp\/v2\/categories?post=10330"},{"taxonomy":"post_tag","embeddable":true,"href":"https:\/\/sindromecharge.es\/index.php\/wp-json\/wp\/v2\/tags?post=10330"}],"curies":[{"name":"wp","href":"https:\/\/api.w.org\/{rel}","templated":true}]}}