{"id":10329,"date":"2024-09-22T06:37:46","date_gmt":"2024-09-22T06:37:46","guid":{"rendered":"https:\/\/sindromecharge.es\/index.php\/2024\/09\/22\/jonatan-armengol-ciego-que-cocina-es-critico-gastronomico-cocinar-es-mayor-expresion-amor\/"},"modified":"2024-09-22T06:37:46","modified_gmt":"2024-09-22T06:37:46","slug":"jonatan-armengol-ciego-que-cocina-es-critico-gastronomico-cocinar-es-mayor-expresion-amor","status":"publish","type":"post","link":"https:\/\/sindromecharge.es\/index.php\/2024\/09\/22\/jonatan-armengol-ciego-que-cocina-es-critico-gastronomico-cocinar-es-mayor-expresion-amor\/","title":{"rendered":"J\u00f3natan Armengol, el ciego que cocina y es cr\u00edtico gastron\u00f3mico: \u00abCocinar es la mayor expresi\u00f3n de amor\u00bb"},"content":{"rendered":"<p>Leemos en Discapacidad la siguiente noticia que os reproducimos de forma \u00edntegra: <\/p>\n<div>\n<p>\u00abLa imagen muestra a una <b>persona en un restaurante<\/b>. Lleva gafas y una camiseta blanca con un dise\u00f1o que parece ser una ilustraci\u00f3n de un torii, una puerta tradicional japonesa. Est\u00e1 sentada en un banco acolchado con rayas verticales. En la mesa, frente a ella, hay un plato amarillo con cubiertos. En la pared, detr\u00e1s de la persona, hay varios elementos decorativos, incluyendo un plato de cer\u00e1mica con un dise\u00f1o azul, una fotograf\u00eda enmarcada en blanco y negro, y una l\u00e1mpara con un dise\u00f1o de rayas verticales en tonos naranjas\u00bb.<\/p>\n<p>Esto es lo que le dice de m\u00ed la aplicaci\u00f3n <b>Be My Eyes<\/b> despu\u00e9s de que me haya sacado una foto.<\/p>\n<p>Estamos en el restaurante Baldoria. Para Jonatan es uno de los tres mejores italianos que hay en Madrid. <b>Ha entrado del brazo del due\u00f1o y acompa\u00f1ado por su perro gu\u00eda.<\/b> De fondo suena la canci\u00f3n Azzurro.<\/p>\n<p>Jonatan Armengol tiene 47 a\u00f1os, es de <a href=\"https:\/\/www.20minutos.es\/minuteca\/li-barcelona\/\" title=\"Barcelona\">Barcelona<\/a>, vive en Madrid, y es periodista y cr\u00edtico gastron\u00f3mico. Es <a href=\"https:\/\/www.20minutos.es\/minuteca\/ciegos\/\" title=\"Ciegos\">ciego<\/a>.<\/p>\n<p>Hoy lo acompa\u00f1o en la parte m\u00e1s saciante (y envidiable) de su trabajo: <b>comer en <a href=\"https:\/\/www.20minutos.es\/minuteca\/restaurantes\/\" title=\"Restaurantes\">restaurantes<\/a><\/b>. Come fuera de tres a cinco d\u00edas de la semana. Siempre acompa\u00f1ado. A veces es su mujer y otras alg\u00fan amigo. \u201cNo hay nada m\u00e1s triste para m\u00ed que comer solo\u201d, dice. De paso su acompa\u00f1ante le presta apoyo, aunque necesita poco. \u00c9l se sirve su propia comida, por ejemplo. \u201cQuien me acompa\u00f1a me habla del ambiente del sitio y de la est\u00e9tica de los platos. A m\u00ed me sirve para entender la percepci\u00f3n de las personas que veis\u201d, dice y de fondo suena una tarantela.<\/p>\n<p>\u201cLo primero es que se coma bien, que est\u00e9 muy bueno\u201d, dice en su versi\u00f3n de cr\u00edtico gastron\u00f3mico. \u201cPuede ser desde un sitio de cocina de la abuela hasta otro de cocina con esferificaciones. Que est\u00e9 limpio, que no huela a fritanga, a sucio. Que el personal sea amable. Que est\u00e9s c\u00f3modo y a gusto. Hablar de relaci\u00f3n calidad precio es un error. Yo hablo de relaci\u00f3n precio placer. <b>El placer que te provoca un plato a cambio del importe que pagas por \u00e9l<\/b>\u201d.<\/p>\n<p>Comparte sus cr\u00edticas gastron\u00f3micas en el programa <i>Comer a ciegas <\/i>de Radio Intereconom\u00eda y tambi\u00e9n en sus <a href=\"https:\/\/www.20minutos.es\/minuteca\/redes-sociales\/\" title=\"Redes sociales\">redes sociales<\/a>, sobre todo en <b>Instagram, donde tiene m\u00e1s de 66.000 seguidores<\/b>. Dice que si un sitio no le gusta, no lo saca. En vez de publicar una cr\u00edtica mala le dice al due\u00f1o y al chef porqu\u00e9 no le ha gustado.<\/p>\n<p><b>Jonatan habla en italiano con los camareros y el due\u00f1o del Baldoria. <\/b>\u201cHe aprendido a base de viajar a Italia, que me encanta, as\u00ed que le doy unas patadas al italiano que no veas\u201d, dice ri\u00e9ndose. Habla varios idiomas, lo que le ha permitido viajar (con su perro gu\u00eda) a distintos lugares del mundo.<\/p>\n<p>\u201c\u00bfTe f\u00edas de m\u00ed?\u201d. Le digo que s\u00ed y pide varios platos dej\u00e1ndose guiar por las recomendaciones del due\u00f1o. Ahora toca situarse en la mesa: Jonatan toca vaso, cubiertos, plato, todo lo que le rodea para saber d\u00f3nde est\u00e1 cada cosa. Mete el dedo en su vaso para servir sin derramar ni que rebose el agua con gas que ha pedido. Aun as\u00ed, a veces pasan cosas. \u201cAyer me tir\u00e9 encima una copa de champ\u00e1n\u201d, cuenta divertido mientras me recuerda que a los que vemos tambi\u00e9n nos pasan cosas. <b>\u201cSi no te importa la comida digital\u201d,<\/b> me dice ri\u00e9ndose mientras mete el dedo en una crema de pesto a la genovese que nos han tra\u00eddo como aperitivo. Tambi\u00e9n lo huele todo, algo b\u00e1sico en su trabajo.<\/p>\n<p>Fotograf\u00eda cada plato. <b>Es un ciego que hace fotos (y v\u00eddeos).<\/b><\/p>\n<p><b>Lleva unas <a href=\"https:\/\/www.20minutos.es\/minuteca\/gafas\/\" title=\"Gafas\">gafas<\/a> Ray-Ban Meta que le han cambiado la vida.<\/b> Poder grabar y hacer fotos f\u00e1cilmente ha influido en su trabajo y tambi\u00e9n en sus reivindicaciones. Antes pod\u00eda grabar y hacer fotos con el m\u00f3vil, pero era m\u00e1s dif\u00edcil enfocar, no ten\u00eda claro lo que estaba saliendo. \u201cAhora con las gafas s\u00e9 que grabo o fotograf\u00edo lo que queda a la altura de mis ojos, es m\u00e1s sencillo\u201d, explica.<\/p>\n<p>Los obst\u00e1culos a los que se enfrenta no han variado con el paso de los a\u00f1os: situaciones como que el organizador de un viaje de trabajo diga que \u00e9l no va porque un ciego no puede viajar. \u201c<b>Existen todos los prejuicios del mundo<\/b>. Lo llamativo es que creo que ahora hay m\u00e1s odio que antes, que hab\u00eda m\u00e1s empat\u00eda y tolerancia. <b>Ahora somos todos unos radicales<\/b> que queremos imponernos y eso hace que seamos m\u00e1s agresivos\u201d, cuenta.<\/p>\n<p>Suele grabar con las gafas cuando va por la calle. <b>Registra los obst\u00e1culos que entorpecen su caminar<\/b> y el de su perro: terrazas, motos o patinetes (est\u00e1 encantado con que vayan a desaparecer).<\/p>\n<p>Lo que peor lleva es tener que coger un taxi o un VTC, como ha sucedido hoy para venir a comer. Normalmente se mueve en autob\u00fas y metro (se sirve de varias aplicaciones que tiene en el m\u00f3vil para orientarse), pero cuando va justo de tiempo, como hoy, llama un taxi o un VTC. Antes de que llegue el coche ya ha puesto a grabar la c\u00e1mara de sus gafas. \u201cPor experiencia s\u00e9 que <b>uno de cada diez conductores me va a poner problemas<\/b> porque no quiere llevar a mi perro gu\u00eda, cuando eso es ilegal. Yo lo grabo y le digo que lo voy a denunciar. Me generan much\u00edsimo estr\u00e9s y ansiedad estas situaciones en las que no quieren llevarte\u201d, cuenta.<\/p>\n<p>Jonatan toca el carpaccio que acaba de llegar. Bromea sobre que a veces no atina con esto de servirse en el plato. Llega el turno de tocar las croquetas <i>alla parmigiana<\/i>. <b>Primero toca, despu\u00e9s huele y por \u00faltimo prueba:<\/b> \u201cEl aroma es total. Es cremosa por dentro, crujiente por fuera, con resistencia en boca. Est\u00e1 a la temperatura ideal. Es un bocado exquisito. Guau. No me extra\u00f1a que sea de lo m\u00e1s pedido. Si tuviera que puntuarla, estar\u00eda en torno al nueve\u201d, dice.<\/p>\n<p>Nos traen mucha comida porque tiene que probar distintas cosas. Dice que no soporta tirarla, as\u00ed que cuando terminemos nos la pondr\u00e1n para llevar. \u201c<b>Como muy poquito<\/b> porque si no estar\u00eda como una bola\u201d, me dice y a\u00f1ade entre risas: \u201cEst\u00e1s pensando en que te equivocaste de rama del periodismo, \u00bfeh?\u201d.<\/p>\n<p>Sus gafas le ayudan tambi\u00e9n en su trabajo. Adem\u00e1s de fotografiar cada plato, Jonatan ha grabado al due\u00f1o cuando al principio nos ha tra\u00eddo una <b>carta en braille<\/b> (su plan es colgar el v\u00eddeo en su perfil de Instagram). La carta la han hecho gracias a la asociaci\u00f3n Restaurantes Para Todos. Jonatan est\u00e1 encantado y agradecido. \u201cEs un detallazo, \u00a1se te va a llenar el restaurante de ciegos con perro!\u201d, le dice.<\/p>\n<p>Cuando come en casa cocina \u00e9l. <b>Es un ciego que cocina.<\/b><\/p>\n<p>Su madre fue la primera persona que le dijo que un ciego no pod\u00eda cocinar y desde entonces lo ha escuchado demasiadas veces. En las redes sociales <b>abundan los comentarios que dicen que no es ciego de verdad porque cocina<\/b>. \u201cEntiendo que me digan que no puedo conducir un autob\u00fas u operar a coraz\u00f3n abierto, pero puedo cocinar, empec\u00e9 a hacerlo cuando me independic\u00e9 con 18 a\u00f1os. Mi hermano cocinaba desde los 11 o 12, pero a m\u00ed mi madre no me hab\u00eda dejado por la superprotecci\u00f3n. Que me pod\u00eda quemar, que me pod\u00eda hacer da\u00f1o. Cuando me independic\u00e9 compr\u00e9 una freidora. Pon\u00eda la mano encima y cuando notaba que estaba caliente el aceite, pon\u00eda lo que fuera a fre\u00edr. Al tercer mes ten\u00eda una acidez de est\u00f3mago que no te aguantas\u201d, dice ri\u00e9ndose. \u201cUna amiga me dej\u00f3 una plancha para cocinar y luego empec\u00e9 con el microondas. <b>Cada vez fui cocinando m\u00e1s y disfrutaba<\/b>\u201d, recuerda.<\/p>\n<h1>Entiendo que me digan que no puedo conducir un autob\u00fas u operar a coraz\u00f3n abierto, pero puedo cocinar<\/h1>\n<p>\u201cA m\u00ed nadie me ha ense\u00f1ado, todo ha sido prueba y error. He tenido accidentes pero nunca me he hecho da\u00f1o serio. Cocino con toda la tranquilidad del mundo. Como tullido que soy, persona con discapacidad, con capacidades diferentes, con minusval\u00eda, como quieras llamarlo, me pongo pocos l\u00edmites, pero tambi\u00e9n es importante conocer los que tengo. <b>Cuando conoces tus l\u00edmites, se trata de ponerlos a tu favor<\/b>\u201d.<\/p>\n<p>Estudia las recetas, lee, mira y remira para cocinar. Le gusta experimentar. Tambi\u00e9n cuenta con la <b>ayuda de distintos chefs nacionales e internacionales<\/b> con los que presume de tener buena relaci\u00f3n. Los llama pidiendo consejo para hacer un plato.<\/p>\n<p>Tanto le gusta cocinar que tiene un <b>canal de YouTube que se llama <i>El camino del fuego<\/i><\/b>, donde cocina con brasas y fuego. Su perfil de Instagram tambi\u00e9n incluye v\u00eddeos cocinando adem\u00e1s de otros donde comparte su realidad como ciego: los (des)encuentros con taxistas, sus desplazamientos en metro o sus viajes.<\/p>\n<p>Para las redes sociales cuenta con un equipo. \u00c9l graba con sus gafas, pero cuando cocina tiene tambi\u00e9n un c\u00e1mara. Adem\u00e1s cuenta con un grupo de edici\u00f3n de fotos y v\u00eddeo. \u201cA nivel redes he pasado de que no me hiciera caso ni el tato a que <b>me contacten las marcas para hacerme propuestas<\/b>\u201d, cuenta.<\/p>\n<p>Precisamente las redes sociales son la mejor muestra del odio que recibe Jonatan. \u201cEstoy convencido de que la gente que me dice barbaridades como que a las personas con <a href=\"https:\/\/www.20minutos.es\/minuteca\/discapacidad\/\" title=\"Discapacidad\">discapacidad<\/a> deber\u00edan eliminarnos al nacer, me ayudar\u00edan a cruzar la calle si me vieran. Es el tema del anonimato y del odio que circula en las redes. Nadie me dice eso a la cara, pueden pensarlo, pero se lo comen. <b>Hay gente que paga sus frustraciones machacando a los dem\u00e1s en las redes<\/b>\u201d, explica. Tiene por costumbre responder a todo lo que llega a sus perfiles, sea bueno, malo o regular. Su mujer y su equipo le recomiendan no responder a los \u201chaters\u201d, pero \u00e9l se empe\u00f1a en hacerlo, cuenta mientras de fondo suena Volare.<\/p>\n<p>Comer es su trabajo y \u201cun acto social important\u00edsimo. Adem\u00e1s, no se puede vivir sin comer\u201d. <b>Cocinar es \u201cla mayor expresi\u00f3n de amor hacia la gente para la que est\u00e1s cocinando<\/b>\u201d, concluye. <\/p>\n<\/div>\n<p>Fuente: Discapacidad https:\/\/www.20minutos.es\/noticia\/5633070\/0\/jonatan-armengol-ciego-que-cocina-es-critico-gastronomico-cocinar-es-mayor-expresion-amor\/<\/p>\n","protected":false},"excerpt":{"rendered":"<p>\u201cLa imagen muestra a una persona sentada en un restaurante. Lleva gafas y una camiseta blanca con un dise\u00f1o que parece ser una ilustraci\u00f3n de un torii,&#8230;<\/p>\n","protected":false},"author":1,"featured_media":0,"comment_status":"closed","ping_status":"closed","sticky":false,"template":"","format":"standard","meta":{"footnotes":""},"categories":[8],"tags":[],"class_list":["post-10329","post","type-post","status-publish","format-standard","hentry","category-noticias"],"yoast_head":"<!-- This site is optimized with the Yoast SEO plugin v27.5 - https:\/\/yoast.com\/product\/yoast-seo-wordpress\/ -->\n<title>J\u00f3natan Armengol, el ciego que cocina y es cr\u00edtico gastron\u00f3mico: &quot;Cocinar es la mayor expresi\u00f3n de amor&quot; - Asociaci\u00f3n Espa\u00f1ola S\u00edndrome de Charge<\/title>\n<meta name=\"robots\" content=\"index, follow, max-snippet:-1, max-image-preview:large, max-video-preview:-1\" \/>\n<link rel=\"canonical\" href=\"https:\/\/sindromecharge.es\/index.php\/2024\/09\/22\/jonatan-armengol-ciego-que-cocina-es-critico-gastronomico-cocinar-es-mayor-expresion-amor\/\" \/>\n<meta property=\"og:locale\" content=\"es_ES\" \/>\n<meta property=\"og:type\" content=\"article\" \/>\n<meta property=\"og:title\" content=\"J\u00f3natan Armengol, el ciego que cocina y es cr\u00edtico gastron\u00f3mico: &quot;Cocinar es la mayor expresi\u00f3n de amor&quot; - Asociaci\u00f3n Espa\u00f1ola S\u00edndrome de Charge\" \/>\n<meta property=\"og:description\" content=\"\u201cLa imagen muestra a una persona sentada en un restaurante. Lleva gafas y una camiseta blanca con un dise\u00f1o que parece ser una ilustraci\u00f3n de un torii,&#8230;\" \/>\n<meta property=\"og:url\" content=\"https:\/\/sindromecharge.es\/index.php\/2024\/09\/22\/jonatan-armengol-ciego-que-cocina-es-critico-gastronomico-cocinar-es-mayor-expresion-amor\/\" \/>\n<meta property=\"og:site_name\" content=\"Asociaci\u00f3n Espa\u00f1ola S\u00edndrome de Charge\" \/>\n<meta property=\"article:publisher\" content=\"https:\/\/www.facebook.com\/asociacionsindromecharge\" \/>\n<meta property=\"article:published_time\" content=\"2024-09-22T06:37:46+00:00\" \/>\n<meta property=\"og:image\" content=\"https:\/\/sindromecharge.es\/wp-content\/uploads\/2013\/09\/logodecharge300x98.png\" \/>\n\t<meta property=\"og:image:width\" content=\"300\" \/>\n\t<meta property=\"og:image:height\" content=\"98\" \/>\n\t<meta property=\"og:image:type\" content=\"image\/png\" \/>\n<meta name=\"author\" content=\"Charge\" \/>\n<meta name=\"twitter:card\" content=\"summary_large_image\" \/>\n<meta name=\"twitter:creator\" content=\"@sindromecharge\" \/>\n<meta name=\"twitter:site\" content=\"@sindromecharge\" \/>\n<meta name=\"twitter:label1\" content=\"Escrito por\" \/>\n\t<meta name=\"twitter:data1\" content=\"Charge\" \/>\n\t<meta name=\"twitter:label2\" content=\"Tiempo de lectura\" \/>\n\t<meta name=\"twitter:data2\" content=\"9 minutos\" \/>\n<script type=\"application\/ld+json\" class=\"yoast-schema-graph\">{\"@context\":\"https:\\\/\\\/schema.org\",\"@graph\":[{\"@type\":\"Article\",\"@id\":\"https:\\\/\\\/sindromecharge.es\\\/index.php\\\/2024\\\/09\\\/22\\\/jonatan-armengol-ciego-que-cocina-es-critico-gastronomico-cocinar-es-mayor-expresion-amor\\\/#article\",\"isPartOf\":{\"@id\":\"https:\\\/\\\/sindromecharge.es\\\/index.php\\\/2024\\\/09\\\/22\\\/jonatan-armengol-ciego-que-cocina-es-critico-gastronomico-cocinar-es-mayor-expresion-amor\\\/\"},\"author\":{\"name\":\"Charge\",\"@id\":\"https:\\\/\\\/sindromecharge.es\\\/#\\\/schema\\\/person\\\/39a60ebe0a2b4d5a11179701e336b039\"},\"headline\":\"J\u00f3natan Armengol, el ciego que cocina y es cr\u00edtico gastron\u00f3mico: \u00abCocinar es la mayor expresi\u00f3n de amor\u00bb\",\"datePublished\":\"2024-09-22T06:37:46+00:00\",\"mainEntityOfPage\":{\"@id\":\"https:\\\/\\\/sindromecharge.es\\\/index.php\\\/2024\\\/09\\\/22\\\/jonatan-armengol-ciego-que-cocina-es-critico-gastronomico-cocinar-es-mayor-expresion-amor\\\/\"},\"wordCount\":1835,\"articleSection\":[\"noticias\"],\"inLanguage\":\"es\"},{\"@type\":\"WebPage\",\"@id\":\"https:\\\/\\\/sindromecharge.es\\\/index.php\\\/2024\\\/09\\\/22\\\/jonatan-armengol-ciego-que-cocina-es-critico-gastronomico-cocinar-es-mayor-expresion-amor\\\/\",\"url\":\"https:\\\/\\\/sindromecharge.es\\\/index.php\\\/2024\\\/09\\\/22\\\/jonatan-armengol-ciego-que-cocina-es-critico-gastronomico-cocinar-es-mayor-expresion-amor\\\/\",\"name\":\"J\u00f3natan Armengol, el ciego que cocina y es cr\u00edtico gastron\u00f3mico: \\\"Cocinar es la mayor expresi\u00f3n de amor\\\" - Asociaci\u00f3n Espa\u00f1ola S\u00edndrome de Charge\",\"isPartOf\":{\"@id\":\"https:\\\/\\\/sindromecharge.es\\\/#website\"},\"datePublished\":\"2024-09-22T06:37:46+00:00\",\"author\":{\"@id\":\"https:\\\/\\\/sindromecharge.es\\\/#\\\/schema\\\/person\\\/39a60ebe0a2b4d5a11179701e336b039\"},\"breadcrumb\":{\"@id\":\"https:\\\/\\\/sindromecharge.es\\\/index.php\\\/2024\\\/09\\\/22\\\/jonatan-armengol-ciego-que-cocina-es-critico-gastronomico-cocinar-es-mayor-expresion-amor\\\/#breadcrumb\"},\"inLanguage\":\"es\",\"potentialAction\":[{\"@type\":\"ReadAction\",\"target\":[\"https:\\\/\\\/sindromecharge.es\\\/index.php\\\/2024\\\/09\\\/22\\\/jonatan-armengol-ciego-que-cocina-es-critico-gastronomico-cocinar-es-mayor-expresion-amor\\\/\"]}]},{\"@type\":\"BreadcrumbList\",\"@id\":\"https:\\\/\\\/sindromecharge.es\\\/index.php\\\/2024\\\/09\\\/22\\\/jonatan-armengol-ciego-que-cocina-es-critico-gastronomico-cocinar-es-mayor-expresion-amor\\\/#breadcrumb\",\"itemListElement\":[{\"@type\":\"ListItem\",\"position\":1,\"name\":\"Portada\",\"item\":\"https:\\\/\\\/sindromecharge.es\\\/\"},{\"@type\":\"ListItem\",\"position\":2,\"name\":\"J\u00f3natan Armengol, el ciego que cocina y es cr\u00edtico gastron\u00f3mico: &#8220;Cocinar es la mayor expresi\u00f3n de amor&#8221;\"}]},{\"@type\":\"WebSite\",\"@id\":\"https:\\\/\\\/sindromecharge.es\\\/#website\",\"url\":\"https:\\\/\\\/sindromecharge.es\\\/\",\"name\":\"Asociaci\u00f3n Espa\u00f1ola S\u00edndrome de Charge\",\"description\":\"\",\"potentialAction\":[{\"@type\":\"SearchAction\",\"target\":{\"@type\":\"EntryPoint\",\"urlTemplate\":\"https:\\\/\\\/sindromecharge.es\\\/?s={search_term_string}\"},\"query-input\":{\"@type\":\"PropertyValueSpecification\",\"valueRequired\":true,\"valueName\":\"search_term_string\"}}],\"inLanguage\":\"es\"},{\"@type\":\"Person\",\"@id\":\"https:\\\/\\\/sindromecharge.es\\\/#\\\/schema\\\/person\\\/39a60ebe0a2b4d5a11179701e336b039\",\"name\":\"Charge\",\"image\":{\"@type\":\"ImageObject\",\"inLanguage\":\"es\",\"@id\":\"https:\\\/\\\/secure.gravatar.com\\\/avatar\\\/c3b46e32a0fc3b093a0873fb767bf3293de856293065e84ef06b7ec7a8acfb98?s=96&d=identicon&r=x\",\"url\":\"https:\\\/\\\/secure.gravatar.com\\\/avatar\\\/c3b46e32a0fc3b093a0873fb767bf3293de856293065e84ef06b7ec7a8acfb98?s=96&d=identicon&r=x\",\"contentUrl\":\"https:\\\/\\\/secure.gravatar.com\\\/avatar\\\/c3b46e32a0fc3b093a0873fb767bf3293de856293065e84ef06b7ec7a8acfb98?s=96&d=identicon&r=x\",\"caption\":\"Charge\"},\"url\":\"https:\\\/\\\/sindromecharge.es\\\/index.php\\\/author\\\/admin\\\/\"}]}<\/script>\n<!-- \/ Yoast SEO plugin. -->","yoast_head_json":{"title":"J\u00f3natan Armengol, el ciego que cocina y es cr\u00edtico gastron\u00f3mico: \"Cocinar es la mayor expresi\u00f3n de amor\" - Asociaci\u00f3n Espa\u00f1ola S\u00edndrome de Charge","robots":{"index":"index","follow":"follow","max-snippet":"max-snippet:-1","max-image-preview":"max-image-preview:large","max-video-preview":"max-video-preview:-1"},"canonical":"https:\/\/sindromecharge.es\/index.php\/2024\/09\/22\/jonatan-armengol-ciego-que-cocina-es-critico-gastronomico-cocinar-es-mayor-expresion-amor\/","og_locale":"es_ES","og_type":"article","og_title":"J\u00f3natan Armengol, el ciego que cocina y es cr\u00edtico gastron\u00f3mico: \"Cocinar es la mayor expresi\u00f3n de amor\" - Asociaci\u00f3n Espa\u00f1ola S\u00edndrome de Charge","og_description":"\u201cLa imagen muestra a una persona sentada en un restaurante. Lleva gafas y una camiseta blanca con un dise\u00f1o que parece ser una ilustraci\u00f3n de un torii,&#8230;","og_url":"https:\/\/sindromecharge.es\/index.php\/2024\/09\/22\/jonatan-armengol-ciego-que-cocina-es-critico-gastronomico-cocinar-es-mayor-expresion-amor\/","og_site_name":"Asociaci\u00f3n Espa\u00f1ola S\u00edndrome de Charge","article_publisher":"https:\/\/www.facebook.com\/asociacionsindromecharge","article_published_time":"2024-09-22T06:37:46+00:00","og_image":[{"width":300,"height":98,"url":"https:\/\/sindromecharge.es\/wp-content\/uploads\/2013\/09\/logodecharge300x98.png","type":"image\/png"}],"author":"Charge","twitter_card":"summary_large_image","twitter_creator":"@sindromecharge","twitter_site":"@sindromecharge","twitter_misc":{"Escrito por":"Charge","Tiempo de lectura":"9 minutos"},"schema":{"@context":"https:\/\/schema.org","@graph":[{"@type":"Article","@id":"https:\/\/sindromecharge.es\/index.php\/2024\/09\/22\/jonatan-armengol-ciego-que-cocina-es-critico-gastronomico-cocinar-es-mayor-expresion-amor\/#article","isPartOf":{"@id":"https:\/\/sindromecharge.es\/index.php\/2024\/09\/22\/jonatan-armengol-ciego-que-cocina-es-critico-gastronomico-cocinar-es-mayor-expresion-amor\/"},"author":{"name":"Charge","@id":"https:\/\/sindromecharge.es\/#\/schema\/person\/39a60ebe0a2b4d5a11179701e336b039"},"headline":"J\u00f3natan Armengol, el ciego que cocina y es cr\u00edtico gastron\u00f3mico: \u00abCocinar es la mayor expresi\u00f3n de amor\u00bb","datePublished":"2024-09-22T06:37:46+00:00","mainEntityOfPage":{"@id":"https:\/\/sindromecharge.es\/index.php\/2024\/09\/22\/jonatan-armengol-ciego-que-cocina-es-critico-gastronomico-cocinar-es-mayor-expresion-amor\/"},"wordCount":1835,"articleSection":["noticias"],"inLanguage":"es"},{"@type":"WebPage","@id":"https:\/\/sindromecharge.es\/index.php\/2024\/09\/22\/jonatan-armengol-ciego-que-cocina-es-critico-gastronomico-cocinar-es-mayor-expresion-amor\/","url":"https:\/\/sindromecharge.es\/index.php\/2024\/09\/22\/jonatan-armengol-ciego-que-cocina-es-critico-gastronomico-cocinar-es-mayor-expresion-amor\/","name":"J\u00f3natan Armengol, el ciego que cocina y es cr\u00edtico gastron\u00f3mico: \"Cocinar es la mayor expresi\u00f3n de amor\" - Asociaci\u00f3n Espa\u00f1ola S\u00edndrome de Charge","isPartOf":{"@id":"https:\/\/sindromecharge.es\/#website"},"datePublished":"2024-09-22T06:37:46+00:00","author":{"@id":"https:\/\/sindromecharge.es\/#\/schema\/person\/39a60ebe0a2b4d5a11179701e336b039"},"breadcrumb":{"@id":"https:\/\/sindromecharge.es\/index.php\/2024\/09\/22\/jonatan-armengol-ciego-que-cocina-es-critico-gastronomico-cocinar-es-mayor-expresion-amor\/#breadcrumb"},"inLanguage":"es","potentialAction":[{"@type":"ReadAction","target":["https:\/\/sindromecharge.es\/index.php\/2024\/09\/22\/jonatan-armengol-ciego-que-cocina-es-critico-gastronomico-cocinar-es-mayor-expresion-amor\/"]}]},{"@type":"BreadcrumbList","@id":"https:\/\/sindromecharge.es\/index.php\/2024\/09\/22\/jonatan-armengol-ciego-que-cocina-es-critico-gastronomico-cocinar-es-mayor-expresion-amor\/#breadcrumb","itemListElement":[{"@type":"ListItem","position":1,"name":"Portada","item":"https:\/\/sindromecharge.es\/"},{"@type":"ListItem","position":2,"name":"J\u00f3natan Armengol, el ciego que cocina y es cr\u00edtico gastron\u00f3mico: &#8220;Cocinar es la mayor expresi\u00f3n de amor&#8221;"}]},{"@type":"WebSite","@id":"https:\/\/sindromecharge.es\/#website","url":"https:\/\/sindromecharge.es\/","name":"Asociaci\u00f3n Espa\u00f1ola S\u00edndrome de Charge","description":"","potentialAction":[{"@type":"SearchAction","target":{"@type":"EntryPoint","urlTemplate":"https:\/\/sindromecharge.es\/?s={search_term_string}"},"query-input":{"@type":"PropertyValueSpecification","valueRequired":true,"valueName":"search_term_string"}}],"inLanguage":"es"},{"@type":"Person","@id":"https:\/\/sindromecharge.es\/#\/schema\/person\/39a60ebe0a2b4d5a11179701e336b039","name":"Charge","image":{"@type":"ImageObject","inLanguage":"es","@id":"https:\/\/secure.gravatar.com\/avatar\/c3b46e32a0fc3b093a0873fb767bf3293de856293065e84ef06b7ec7a8acfb98?s=96&d=identicon&r=x","url":"https:\/\/secure.gravatar.com\/avatar\/c3b46e32a0fc3b093a0873fb767bf3293de856293065e84ef06b7ec7a8acfb98?s=96&d=identicon&r=x","contentUrl":"https:\/\/secure.gravatar.com\/avatar\/c3b46e32a0fc3b093a0873fb767bf3293de856293065e84ef06b7ec7a8acfb98?s=96&d=identicon&r=x","caption":"Charge"},"url":"https:\/\/sindromecharge.es\/index.php\/author\/admin\/"}]}},"_links":{"self":[{"href":"https:\/\/sindromecharge.es\/index.php\/wp-json\/wp\/v2\/posts\/10329","targetHints":{"allow":["GET"]}}],"collection":[{"href":"https:\/\/sindromecharge.es\/index.php\/wp-json\/wp\/v2\/posts"}],"about":[{"href":"https:\/\/sindromecharge.es\/index.php\/wp-json\/wp\/v2\/types\/post"}],"author":[{"embeddable":true,"href":"https:\/\/sindromecharge.es\/index.php\/wp-json\/wp\/v2\/users\/1"}],"replies":[{"embeddable":true,"href":"https:\/\/sindromecharge.es\/index.php\/wp-json\/wp\/v2\/comments?post=10329"}],"version-history":[{"count":0,"href":"https:\/\/sindromecharge.es\/index.php\/wp-json\/wp\/v2\/posts\/10329\/revisions"}],"wp:attachment":[{"href":"https:\/\/sindromecharge.es\/index.php\/wp-json\/wp\/v2\/media?parent=10329"}],"wp:term":[{"taxonomy":"category","embeddable":true,"href":"https:\/\/sindromecharge.es\/index.php\/wp-json\/wp\/v2\/categories?post=10329"},{"taxonomy":"post_tag","embeddable":true,"href":"https:\/\/sindromecharge.es\/index.php\/wp-json\/wp\/v2\/tags?post=10329"}],"curies":[{"name":"wp","href":"https:\/\/api.w.org\/{rel}","templated":true}]}}