{"id":10327,"date":"2024-09-21T06:35:53","date_gmt":"2024-09-21T06:35:53","guid":{"rendered":"https:\/\/sindromecharge.es\/index.php\/2024\/09\/21\/nina-gramunt-fundacion-pasqual-maragall-hasta-45-los-casos-demencia-podrian-prevenirse\/"},"modified":"2024-09-21T06:35:53","modified_gmt":"2024-09-21T06:35:53","slug":"nina-gramunt-fundacion-pasqual-maragall-hasta-45-los-casos-demencia-podrian-prevenirse","status":"publish","type":"post","link":"https:\/\/sindromecharge.es\/index.php\/2024\/09\/21\/nina-gramunt-fundacion-pasqual-maragall-hasta-45-los-casos-demencia-podrian-prevenirse\/","title":{"rendered":"Nina Gramunt, de la Fundaci\u00f3n Pasqual Maragall: \u00abHasta el 45% de los casos de demencia podr\u00edan prevenirse\u00bb"},"content":{"rendered":"<p>Leemos en Discapacidad la siguiente noticia que os reproducimos de forma \u00edntegra: <\/p>\n<div>\n<p>En 2008, solo un a\u00f1o despu\u00e9s de recibir el diagn\u00f3stico de <a href=\"https:\/\/www.20minutos.es\/minuteca\/alzheimer\/\" title=\"Alzh\u00e9imer\" target=\"_blank\" rel=\"noopener\">alzh\u00e9ime<\/a>r, el pol\u00edtico<b> <a href=\"https:\/\/fpmaragall.org\/\" target=\"_blank\" rel=\"nofollow noopener\">Pasqual Maragall<\/a><\/b><a href=\"https:\/\/www.20minutos.es\/\"> <\/a>cre\u00f3 la fundaci\u00f3n que llevar\u00eda su nombre. Desde entonces, esta entidad, en la que ya trabajan m\u00e1s de 150 personas y tiene m\u00e1s de 50.000 socios, se ha convertido en todo un referente en investigaci\u00f3n, en divulgaci\u00f3n, con varios grupos de investigaci\u00f3n y un \u00e1rea social con la que ayuda a miles de personas.<\/p>\n<p><b>La Dra. Nina Gramunt, neuropsic\u00f3loga de la fundaci\u00f3n<\/b>, nos habla tanto de la labor de la entidad como de los \u00faltimos avances cient\u00edficos en torno a una enfermedad que ya afecta a unas <b>800.000 personas en Espa\u00f1a<\/b>.<\/p>\n<h1>Se sabe, desde hace a\u00f1os, que la enfermedad  empieza mucho tiempo antes de que se presenten los s\u00edntomas, que est\u00e1 presente en el cerebro hasta d\u00e9cadas antes<\/h1>\n<h1>Aunque queda mucho por pulir, porque es una enfermedad muy compleja, creo que estamos en un momento muy esperanzador<\/h1>\n<\/div>\n<p>Fuente: Discapacidad https:\/\/www.20minutos.es\/noticia\/5633512\/0\/nina-gramunt-fundacion-pasqual-maragall-hasta-45-los-casos-demencia-podrian-prevenirse\/<\/p>\n","protected":false},"excerpt":{"rendered":"<p>La Fundaci\u00f3n Pasqual Maragall es todo un referente en la investigaci\u00f3n del alzh\u00e9imer, enfermedad de la que se celebra hoy el d\u00eda mundial.<\/p>\n","protected":false},"author":1,"featured_media":0,"comment_status":"closed","ping_status":"closed","sticky":false,"template":"","format":"standard","meta":{"footnotes":""},"categories":[8],"tags":[],"class_list":["post-10327","post","type-post","status-publish","format-standard","hentry","category-noticias"],"yoast_head":"<!-- This site is optimized with the Yoast SEO plugin v27.5 - https:\/\/yoast.com\/product\/yoast-seo-wordpress\/ -->\n<title>Nina Gramunt, de la Fundaci\u00f3n Pasqual Maragall: &quot;Hasta el 45% de los casos de demencia podr\u00edan prevenirse&quot; - Asociaci\u00f3n Espa\u00f1ola S\u00edndrome de Charge<\/title>\n<meta name=\"robots\" content=\"index, follow, max-snippet:-1, max-image-preview:large, max-video-preview:-1\" \/>\n<link rel=\"canonical\" href=\"https:\/\/sindromecharge.es\/index.php\/2024\/09\/21\/nina-gramunt-fundacion-pasqual-maragall-hasta-45-los-casos-demencia-podrian-prevenirse\/\" \/>\n<meta property=\"og:locale\" content=\"es_ES\" \/>\n<meta property=\"og:type\" content=\"article\" \/>\n<meta property=\"og:title\" content=\"Nina Gramunt, de la Fundaci\u00f3n Pasqual Maragall: &quot;Hasta el 45% de los casos de demencia podr\u00edan prevenirse&quot; - Asociaci\u00f3n Espa\u00f1ola S\u00edndrome de Charge\" \/>\n<meta property=\"og:description\" content=\"La Fundaci\u00f3n Pasqual Maragall es todo un referente en la investigaci\u00f3n del alzh\u00e9imer, enfermedad de la que se celebra hoy el d\u00eda mundial.\" \/>\n<meta property=\"og:url\" content=\"https:\/\/sindromecharge.es\/index.php\/2024\/09\/21\/nina-gramunt-fundacion-pasqual-maragall-hasta-45-los-casos-demencia-podrian-prevenirse\/\" \/>\n<meta property=\"og:site_name\" content=\"Asociaci\u00f3n Espa\u00f1ola S\u00edndrome de Charge\" \/>\n<meta property=\"article:publisher\" content=\"https:\/\/www.facebook.com\/asociacionsindromecharge\" \/>\n<meta property=\"article:published_time\" content=\"2024-09-21T06:35:53+00:00\" \/>\n<meta property=\"og:image\" content=\"https:\/\/sindromecharge.es\/wp-content\/uploads\/2013\/09\/logodecharge300x98.png\" \/>\n\t<meta property=\"og:image:width\" content=\"300\" \/>\n\t<meta property=\"og:image:height\" content=\"98\" \/>\n\t<meta property=\"og:image:type\" content=\"image\/png\" \/>\n<meta name=\"author\" content=\"Charge\" \/>\n<meta name=\"twitter:card\" content=\"summary_large_image\" \/>\n<meta name=\"twitter:creator\" content=\"@sindromecharge\" \/>\n<meta name=\"twitter:site\" content=\"@sindromecharge\" \/>\n<meta name=\"twitter:label1\" content=\"Escrito por\" \/>\n\t<meta name=\"twitter:data1\" content=\"Charge\" \/>\n\t<meta name=\"twitter:label2\" content=\"Tiempo de lectura\" \/>\n\t<meta name=\"twitter:data2\" content=\"1 minuto\" \/>\n<script type=\"application\/ld+json\" class=\"yoast-schema-graph\">{\"@context\":\"https:\\\/\\\/schema.org\",\"@graph\":[{\"@type\":\"Article\",\"@id\":\"https:\\\/\\\/sindromecharge.es\\\/index.php\\\/2024\\\/09\\\/21\\\/nina-gramunt-fundacion-pasqual-maragall-hasta-45-los-casos-demencia-podrian-prevenirse\\\/#article\",\"isPartOf\":{\"@id\":\"https:\\\/\\\/sindromecharge.es\\\/index.php\\\/2024\\\/09\\\/21\\\/nina-gramunt-fundacion-pasqual-maragall-hasta-45-los-casos-demencia-podrian-prevenirse\\\/\"},\"author\":{\"name\":\"Charge\",\"@id\":\"https:\\\/\\\/sindromecharge.es\\\/#\\\/schema\\\/person\\\/39a60ebe0a2b4d5a11179701e336b039\"},\"headline\":\"Nina Gramunt, de la Fundaci\u00f3n Pasqual Maragall: \u00abHasta el 45% de los casos de demencia podr\u00edan prevenirse\u00bb\",\"datePublished\":\"2024-09-21T06:35:53+00:00\",\"mainEntityOfPage\":{\"@id\":\"https:\\\/\\\/sindromecharge.es\\\/index.php\\\/2024\\\/09\\\/21\\\/nina-gramunt-fundacion-pasqual-maragall-hasta-45-los-casos-demencia-podrian-prevenirse\\\/\"},\"wordCount\":207,\"articleSection\":[\"noticias\"],\"inLanguage\":\"es\"},{\"@type\":\"WebPage\",\"@id\":\"https:\\\/\\\/sindromecharge.es\\\/index.php\\\/2024\\\/09\\\/21\\\/nina-gramunt-fundacion-pasqual-maragall-hasta-45-los-casos-demencia-podrian-prevenirse\\\/\",\"url\":\"https:\\\/\\\/sindromecharge.es\\\/index.php\\\/2024\\\/09\\\/21\\\/nina-gramunt-fundacion-pasqual-maragall-hasta-45-los-casos-demencia-podrian-prevenirse\\\/\",\"name\":\"Nina Gramunt, de la Fundaci\u00f3n Pasqual Maragall: \\\"Hasta el 45% de los casos de demencia podr\u00edan prevenirse\\\" - Asociaci\u00f3n Espa\u00f1ola S\u00edndrome de Charge\",\"isPartOf\":{\"@id\":\"https:\\\/\\\/sindromecharge.es\\\/#website\"},\"datePublished\":\"2024-09-21T06:35:53+00:00\",\"author\":{\"@id\":\"https:\\\/\\\/sindromecharge.es\\\/#\\\/schema\\\/person\\\/39a60ebe0a2b4d5a11179701e336b039\"},\"breadcrumb\":{\"@id\":\"https:\\\/\\\/sindromecharge.es\\\/index.php\\\/2024\\\/09\\\/21\\\/nina-gramunt-fundacion-pasqual-maragall-hasta-45-los-casos-demencia-podrian-prevenirse\\\/#breadcrumb\"},\"inLanguage\":\"es\",\"potentialAction\":[{\"@type\":\"ReadAction\",\"target\":[\"https:\\\/\\\/sindromecharge.es\\\/index.php\\\/2024\\\/09\\\/21\\\/nina-gramunt-fundacion-pasqual-maragall-hasta-45-los-casos-demencia-podrian-prevenirse\\\/\"]}]},{\"@type\":\"BreadcrumbList\",\"@id\":\"https:\\\/\\\/sindromecharge.es\\\/index.php\\\/2024\\\/09\\\/21\\\/nina-gramunt-fundacion-pasqual-maragall-hasta-45-los-casos-demencia-podrian-prevenirse\\\/#breadcrumb\",\"itemListElement\":[{\"@type\":\"ListItem\",\"position\":1,\"name\":\"Portada\",\"item\":\"https:\\\/\\\/sindromecharge.es\\\/\"},{\"@type\":\"ListItem\",\"position\":2,\"name\":\"Nina Gramunt, de la Fundaci\u00f3n Pasqual Maragall: &#8220;Hasta el 45% de los casos de demencia podr\u00edan prevenirse&#8221;\"}]},{\"@type\":\"WebSite\",\"@id\":\"https:\\\/\\\/sindromecharge.es\\\/#website\",\"url\":\"https:\\\/\\\/sindromecharge.es\\\/\",\"name\":\"Asociaci\u00f3n Espa\u00f1ola S\u00edndrome de Charge\",\"description\":\"\",\"potentialAction\":[{\"@type\":\"SearchAction\",\"target\":{\"@type\":\"EntryPoint\",\"urlTemplate\":\"https:\\\/\\\/sindromecharge.es\\\/?s={search_term_string}\"},\"query-input\":{\"@type\":\"PropertyValueSpecification\",\"valueRequired\":true,\"valueName\":\"search_term_string\"}}],\"inLanguage\":\"es\"},{\"@type\":\"Person\",\"@id\":\"https:\\\/\\\/sindromecharge.es\\\/#\\\/schema\\\/person\\\/39a60ebe0a2b4d5a11179701e336b039\",\"name\":\"Charge\",\"image\":{\"@type\":\"ImageObject\",\"inLanguage\":\"es\",\"@id\":\"https:\\\/\\\/secure.gravatar.com\\\/avatar\\\/c3b46e32a0fc3b093a0873fb767bf3293de856293065e84ef06b7ec7a8acfb98?s=96&d=identicon&r=x\",\"url\":\"https:\\\/\\\/secure.gravatar.com\\\/avatar\\\/c3b46e32a0fc3b093a0873fb767bf3293de856293065e84ef06b7ec7a8acfb98?s=96&d=identicon&r=x\",\"contentUrl\":\"https:\\\/\\\/secure.gravatar.com\\\/avatar\\\/c3b46e32a0fc3b093a0873fb767bf3293de856293065e84ef06b7ec7a8acfb98?s=96&d=identicon&r=x\",\"caption\":\"Charge\"},\"url\":\"https:\\\/\\\/sindromecharge.es\\\/index.php\\\/author\\\/admin\\\/\"}]}<\/script>\n<!-- \/ Yoast SEO plugin. -->","yoast_head_json":{"title":"Nina Gramunt, de la Fundaci\u00f3n Pasqual Maragall: \"Hasta el 45% de los casos de demencia podr\u00edan prevenirse\" - Asociaci\u00f3n Espa\u00f1ola S\u00edndrome de Charge","robots":{"index":"index","follow":"follow","max-snippet":"max-snippet:-1","max-image-preview":"max-image-preview:large","max-video-preview":"max-video-preview:-1"},"canonical":"https:\/\/sindromecharge.es\/index.php\/2024\/09\/21\/nina-gramunt-fundacion-pasqual-maragall-hasta-45-los-casos-demencia-podrian-prevenirse\/","og_locale":"es_ES","og_type":"article","og_title":"Nina Gramunt, de la Fundaci\u00f3n Pasqual Maragall: \"Hasta el 45% de los casos de demencia podr\u00edan prevenirse\" - Asociaci\u00f3n Espa\u00f1ola S\u00edndrome de Charge","og_description":"La Fundaci\u00f3n Pasqual Maragall es todo un referente en la investigaci\u00f3n del alzh\u00e9imer, enfermedad de la que se celebra hoy el d\u00eda mundial.","og_url":"https:\/\/sindromecharge.es\/index.php\/2024\/09\/21\/nina-gramunt-fundacion-pasqual-maragall-hasta-45-los-casos-demencia-podrian-prevenirse\/","og_site_name":"Asociaci\u00f3n Espa\u00f1ola S\u00edndrome de Charge","article_publisher":"https:\/\/www.facebook.com\/asociacionsindromecharge","article_published_time":"2024-09-21T06:35:53+00:00","og_image":[{"width":300,"height":98,"url":"https:\/\/sindromecharge.es\/wp-content\/uploads\/2013\/09\/logodecharge300x98.png","type":"image\/png"}],"author":"Charge","twitter_card":"summary_large_image","twitter_creator":"@sindromecharge","twitter_site":"@sindromecharge","twitter_misc":{"Escrito por":"Charge","Tiempo de lectura":"1 minuto"},"schema":{"@context":"https:\/\/schema.org","@graph":[{"@type":"Article","@id":"https:\/\/sindromecharge.es\/index.php\/2024\/09\/21\/nina-gramunt-fundacion-pasqual-maragall-hasta-45-los-casos-demencia-podrian-prevenirse\/#article","isPartOf":{"@id":"https:\/\/sindromecharge.es\/index.php\/2024\/09\/21\/nina-gramunt-fundacion-pasqual-maragall-hasta-45-los-casos-demencia-podrian-prevenirse\/"},"author":{"name":"Charge","@id":"https:\/\/sindromecharge.es\/#\/schema\/person\/39a60ebe0a2b4d5a11179701e336b039"},"headline":"Nina Gramunt, de la Fundaci\u00f3n Pasqual Maragall: \u00abHasta el 45% de los casos de demencia podr\u00edan prevenirse\u00bb","datePublished":"2024-09-21T06:35:53+00:00","mainEntityOfPage":{"@id":"https:\/\/sindromecharge.es\/index.php\/2024\/09\/21\/nina-gramunt-fundacion-pasqual-maragall-hasta-45-los-casos-demencia-podrian-prevenirse\/"},"wordCount":207,"articleSection":["noticias"],"inLanguage":"es"},{"@type":"WebPage","@id":"https:\/\/sindromecharge.es\/index.php\/2024\/09\/21\/nina-gramunt-fundacion-pasqual-maragall-hasta-45-los-casos-demencia-podrian-prevenirse\/","url":"https:\/\/sindromecharge.es\/index.php\/2024\/09\/21\/nina-gramunt-fundacion-pasqual-maragall-hasta-45-los-casos-demencia-podrian-prevenirse\/","name":"Nina Gramunt, de la Fundaci\u00f3n Pasqual Maragall: \"Hasta el 45% de los casos de demencia podr\u00edan prevenirse\" - Asociaci\u00f3n Espa\u00f1ola S\u00edndrome de Charge","isPartOf":{"@id":"https:\/\/sindromecharge.es\/#website"},"datePublished":"2024-09-21T06:35:53+00:00","author":{"@id":"https:\/\/sindromecharge.es\/#\/schema\/person\/39a60ebe0a2b4d5a11179701e336b039"},"breadcrumb":{"@id":"https:\/\/sindromecharge.es\/index.php\/2024\/09\/21\/nina-gramunt-fundacion-pasqual-maragall-hasta-45-los-casos-demencia-podrian-prevenirse\/#breadcrumb"},"inLanguage":"es","potentialAction":[{"@type":"ReadAction","target":["https:\/\/sindromecharge.es\/index.php\/2024\/09\/21\/nina-gramunt-fundacion-pasqual-maragall-hasta-45-los-casos-demencia-podrian-prevenirse\/"]}]},{"@type":"BreadcrumbList","@id":"https:\/\/sindromecharge.es\/index.php\/2024\/09\/21\/nina-gramunt-fundacion-pasqual-maragall-hasta-45-los-casos-demencia-podrian-prevenirse\/#breadcrumb","itemListElement":[{"@type":"ListItem","position":1,"name":"Portada","item":"https:\/\/sindromecharge.es\/"},{"@type":"ListItem","position":2,"name":"Nina Gramunt, de la Fundaci\u00f3n Pasqual Maragall: &#8220;Hasta el 45% de los casos de demencia podr\u00edan prevenirse&#8221;"}]},{"@type":"WebSite","@id":"https:\/\/sindromecharge.es\/#website","url":"https:\/\/sindromecharge.es\/","name":"Asociaci\u00f3n Espa\u00f1ola S\u00edndrome de Charge","description":"","potentialAction":[{"@type":"SearchAction","target":{"@type":"EntryPoint","urlTemplate":"https:\/\/sindromecharge.es\/?s={search_term_string}"},"query-input":{"@type":"PropertyValueSpecification","valueRequired":true,"valueName":"search_term_string"}}],"inLanguage":"es"},{"@type":"Person","@id":"https:\/\/sindromecharge.es\/#\/schema\/person\/39a60ebe0a2b4d5a11179701e336b039","name":"Charge","image":{"@type":"ImageObject","inLanguage":"es","@id":"https:\/\/secure.gravatar.com\/avatar\/c3b46e32a0fc3b093a0873fb767bf3293de856293065e84ef06b7ec7a8acfb98?s=96&d=identicon&r=x","url":"https:\/\/secure.gravatar.com\/avatar\/c3b46e32a0fc3b093a0873fb767bf3293de856293065e84ef06b7ec7a8acfb98?s=96&d=identicon&r=x","contentUrl":"https:\/\/secure.gravatar.com\/avatar\/c3b46e32a0fc3b093a0873fb767bf3293de856293065e84ef06b7ec7a8acfb98?s=96&d=identicon&r=x","caption":"Charge"},"url":"https:\/\/sindromecharge.es\/index.php\/author\/admin\/"}]}},"_links":{"self":[{"href":"https:\/\/sindromecharge.es\/index.php\/wp-json\/wp\/v2\/posts\/10327","targetHints":{"allow":["GET"]}}],"collection":[{"href":"https:\/\/sindromecharge.es\/index.php\/wp-json\/wp\/v2\/posts"}],"about":[{"href":"https:\/\/sindromecharge.es\/index.php\/wp-json\/wp\/v2\/types\/post"}],"author":[{"embeddable":true,"href":"https:\/\/sindromecharge.es\/index.php\/wp-json\/wp\/v2\/users\/1"}],"replies":[{"embeddable":true,"href":"https:\/\/sindromecharge.es\/index.php\/wp-json\/wp\/v2\/comments?post=10327"}],"version-history":[{"count":0,"href":"https:\/\/sindromecharge.es\/index.php\/wp-json\/wp\/v2\/posts\/10327\/revisions"}],"wp:attachment":[{"href":"https:\/\/sindromecharge.es\/index.php\/wp-json\/wp\/v2\/media?parent=10327"}],"wp:term":[{"taxonomy":"category","embeddable":true,"href":"https:\/\/sindromecharge.es\/index.php\/wp-json\/wp\/v2\/categories?post=10327"},{"taxonomy":"post_tag","embeddable":true,"href":"https:\/\/sindromecharge.es\/index.php\/wp-json\/wp\/v2\/tags?post=10327"}],"curies":[{"name":"wp","href":"https:\/\/api.w.org\/{rel}","templated":true}]}}