{"id":10326,"date":"2024-09-20T06:00:42","date_gmt":"2024-09-20T06:00:42","guid":{"rendered":"https:\/\/sindromecharge.es\/index.php\/2024\/09\/20\/esclerosis-investigacion-biomarcadores-pueden-predecir-progresion-discapacidad-esclerosis-multiple\/"},"modified":"2024-09-20T06:00:42","modified_gmt":"2024-09-20T06:00:42","slug":"esclerosis-investigacion-biomarcadores-pueden-predecir-progresion-discapacidad-esclerosis-multiple","status":"publish","type":"post","link":"https:\/\/sindromecharge.es\/index.php\/2024\/09\/20\/esclerosis-investigacion-biomarcadores-pueden-predecir-progresion-discapacidad-esclerosis-multiple\/","title":{"rendered":"Descubren que algunos biomarcadores pueden predecir la progresi\u00f3n de la discapacidad en la esclerosis m\u00faltiple"},"content":{"rendered":"<p>Leemos en Discapacidad la siguiente noticia que os reproducimos de forma \u00edntegra: <\/p>\n<div>\n<p>Un equipo de investigadores ha identificado una serie de <b>biomarcadores fundamentales <\/b>que pueden predecir el empeoramiento de la <a href=\"https:\/\/www.20minutos.es\/minuteca\/discapacidad\/\" title=\"Discapacidad\" target=\"_blank\" rel=\"noopener\">discapacidad<\/a> en la <a href=\"https:\/\/www.20minutos.es\/minuteca\/esclerosis-multiple\/\" title=\"Esclerosis m\u00faltiple\" target=\"_blank\" rel=\"noopener\">esclerosis m\u00faltiple<\/a>.<\/p>\n<p>El estudio de tipo observacional fue realizado en trece hospitales espa\u00f1oles e italianos por un equipo encabezado por Enric Monreal, investigador del Instituto Ram\u00f3n y Cajal de Investigaci\u00f3n Sanitaria y presentado en la reuni\u00f3n anual del <b>Comit\u00e9 Europeo para el Tratamiento y la Investigaci\u00f3n de la Esclerosis M\u00faltiple (ECTRIMS).<\/b><\/p>\n<p>La investigaci\u00f3n puede <b>transformar las estrategias de tratamiento<\/b> de millones de pacientes de esclerosis m\u00faltiple y allanar el camino hacia planes terap\u00e9uticos m\u00e1s personalizados y eficaces, explic\u00f3 la ECTRIMS en un comunicado.<\/p>\n<p>Los pacientes de esclerosis m\u00faltiple adquieren discapacidad por dos mecanismos principales, uno de ellos es el <b>aumento gradual de la discapacidad<\/b> como resultado de una <b>recuperaci\u00f3n incompleta tras una reca\u00edda<\/b>, lo que se conoce como empeoramiento asociado a la reca\u00edda (RAW).<\/p>\n<p>La otra forma es una progresi\u00f3n gradual de la discapacidad que se produce independientemente de cualquier actividad de reca\u00edda, a lo que se denomina progresi\u00f3n independiente de la actividad de reca\u00edda (PIRA).<\/p>\n<p>El equipo descubri\u00f3 que tener<b> niveles s\u00e9ricos (en sangre) elevados de la prote\u00edna sNfL<\/b>, que indica <b>da\u00f1o en las c\u00e9lulas nerviosas<\/b>, al principio de la enfermedad puede predecir tanto el  empeoramiento asociado a la reca\u00edda (RAW) como la progresi\u00f3n independiente de la actividad de reca\u00edda (PIRA).<\/p>\n<p>Adem\u00e1s, los niveles s\u00e9ricos altos de prote\u00edna sGFAP, que entra en el torrente sangu\u00edneo cuando <b>el sistema nervioso central est\u00e1 lesionado o inflamado<\/b>, se correlacionan con la PIRA en pacientes con niveles bajos de sNfL.<\/p>\n<p>En el estudio se analizaron<b> muestras de sangre de 725 pacientes<\/b> recogidas en los doce meses siguientes al inicio de la enfermedad.<\/p>\n<p>\u201cLa identificaci\u00f3n de sNfL y sGFAP como biomarcadores predictivos nos <b>permite adaptar las estrategias de tratamiento<\/b> de los pacientes con esclerosis m\u00faltiple de forma m\u00e1s eficaz\u201d, indic\u00f3 Monreal<\/p>\n<p>Los pacientes con<b> niveles bajos de ambos biomarcadores ten\u00edan un buen pron\u00f3stico <\/b>y pod\u00edan tomar tratamientos est\u00e1ndar modificadores de la enfermedad (DMT) inyectables u orales.<\/p>\n<p>Sin embargo, los <b>niveles elevados de sNfL indican la necesidad de utilizar tratamientos modificadores de la enfermedad de alta eficacia <\/b>para prevenir el empeoramiento de la discapacidad.<\/p>\n<p>Los pacientes con niveles elevados de sGFAP y valores bajos de sNfL pueden requerir <b>nuevos enfoques terap\u00e9uticos<\/b>, agreg\u00f3 el investigador.<\/p>\n<p>Estas v\u00edas distintas en la esclerosis m\u00faltiple tiene, seg\u00fan Monreal, \u201c<b>implicaciones terap\u00e9uticas significativas<\/b>\u201d, ya que los actuales tratamientos est\u00e1ndar modificadores de la enfermedad se dirigen principalmente al <b>sistema inmunitario adaptativo perif\u00e9rico<\/b> sin afectar a la inmunidad del sistema nervioso central.<\/p>\n<p>Por ello, identificar a los enfermos con niveles m\u00e1s altos de <b>inflamaci\u00f3n perif\u00e9rica<\/b> \u201ces crucial para <b>prevenir la discapacidad<\/b> y mejorar los resultados de los pacientes\u201d.<\/p>\n<p>Los resultados del estudio subrayan, seg\u00fan el investigador, la necesidad de <b>enfoques terap\u00e9uticos personalizados <\/b>para tratar eficazmente a los millones de personas afectadas por la esclerosis m\u00faltiples en todo el mundo, muchas de las cuales padecen una discapacidad cr\u00f3nica.<\/p>\n<p>Los hallazgos clave de la investigaci\u00f3n indican que los niveles m\u00e1s altos de sNfL, indicativos de inflamaci\u00f3n aguda dentro del sistema nervioso central, se asocian con un<b> 45 % m\u00e1s de riesgo <\/b>de RAW y un 43 % m\u00e1s de riesgo de PIRA.<\/p>\n<p>Por su parte, los enfermos con <b>niveles elevados de sGFAP, que es un indicador de una inflamaci\u00f3n<\/b> m\u00e1s localizada en el sistema nervioso central, y niveles bajos de sNfL experimentaron un aumento del riesgo de PIRA del 86 %.<\/p>\n<\/div>\n<p>Fuente: Discapacidad https:\/\/www.20minutos.es\/noticia\/5635603\/0\/esclerosis-investigacion-biomarcadores-pueden-predecir-progresion-discapacidad-esclerosis-multiple\/<\/p>\n","protected":false},"excerpt":{"rendered":"<p>Este descubrimiento podr\u00eda dar lugar a tratamiento m\u00e1s personalizados y eficaces para prevenirla discapacidad<\/p>\n","protected":false},"author":1,"featured_media":0,"comment_status":"closed","ping_status":"closed","sticky":false,"template":"","format":"standard","meta":{"footnotes":""},"categories":[8],"tags":[],"class_list":["post-10326","post","type-post","status-publish","format-standard","hentry","category-noticias"],"yoast_head":"<!-- This site is optimized with the Yoast SEO plugin v27.5 - https:\/\/yoast.com\/product\/yoast-seo-wordpress\/ -->\n<title>Descubren que algunos biomarcadores pueden predecir la progresi\u00f3n de la discapacidad en la esclerosis m\u00faltiple - Asociaci\u00f3n Espa\u00f1ola S\u00edndrome de Charge<\/title>\n<meta name=\"robots\" content=\"index, follow, max-snippet:-1, max-image-preview:large, max-video-preview:-1\" \/>\n<link rel=\"canonical\" href=\"https:\/\/sindromecharge.es\/index.php\/2024\/09\/20\/esclerosis-investigacion-biomarcadores-pueden-predecir-progresion-discapacidad-esclerosis-multiple\/\" \/>\n<meta property=\"og:locale\" content=\"es_ES\" \/>\n<meta property=\"og:type\" content=\"article\" \/>\n<meta property=\"og:title\" content=\"Descubren que algunos biomarcadores pueden predecir la progresi\u00f3n de la discapacidad en la esclerosis m\u00faltiple - Asociaci\u00f3n Espa\u00f1ola S\u00edndrome de Charge\" \/>\n<meta property=\"og:description\" content=\"Este descubrimiento podr\u00eda dar lugar a tratamiento m\u00e1s personalizados y eficaces para prevenirla discapacidad\" \/>\n<meta property=\"og:url\" content=\"https:\/\/sindromecharge.es\/index.php\/2024\/09\/20\/esclerosis-investigacion-biomarcadores-pueden-predecir-progresion-discapacidad-esclerosis-multiple\/\" \/>\n<meta property=\"og:site_name\" content=\"Asociaci\u00f3n Espa\u00f1ola S\u00edndrome de Charge\" \/>\n<meta property=\"article:publisher\" content=\"https:\/\/www.facebook.com\/asociacionsindromecharge\" \/>\n<meta property=\"article:published_time\" content=\"2024-09-20T06:00:42+00:00\" \/>\n<meta property=\"og:image\" content=\"https:\/\/sindromecharge.es\/wp-content\/uploads\/2013\/09\/logodecharge300x98.png\" \/>\n\t<meta property=\"og:image:width\" content=\"300\" \/>\n\t<meta property=\"og:image:height\" content=\"98\" \/>\n\t<meta property=\"og:image:type\" content=\"image\/png\" \/>\n<meta name=\"author\" content=\"Charge\" \/>\n<meta name=\"twitter:card\" content=\"summary_large_image\" \/>\n<meta name=\"twitter:creator\" content=\"@sindromecharge\" \/>\n<meta name=\"twitter:site\" content=\"@sindromecharge\" \/>\n<meta name=\"twitter:label1\" content=\"Escrito por\" \/>\n\t<meta name=\"twitter:data1\" content=\"Charge\" \/>\n\t<meta name=\"twitter:label2\" content=\"Tiempo de lectura\" \/>\n\t<meta name=\"twitter:data2\" content=\"3 minutos\" \/>\n<script type=\"application\/ld+json\" class=\"yoast-schema-graph\">{\"@context\":\"https:\\\/\\\/schema.org\",\"@graph\":[{\"@type\":\"Article\",\"@id\":\"https:\\\/\\\/sindromecharge.es\\\/index.php\\\/2024\\\/09\\\/20\\\/esclerosis-investigacion-biomarcadores-pueden-predecir-progresion-discapacidad-esclerosis-multiple\\\/#article\",\"isPartOf\":{\"@id\":\"https:\\\/\\\/sindromecharge.es\\\/index.php\\\/2024\\\/09\\\/20\\\/esclerosis-investigacion-biomarcadores-pueden-predecir-progresion-discapacidad-esclerosis-multiple\\\/\"},\"author\":{\"name\":\"Charge\",\"@id\":\"https:\\\/\\\/sindromecharge.es\\\/#\\\/schema\\\/person\\\/39a60ebe0a2b4d5a11179701e336b039\"},\"headline\":\"Descubren que algunos biomarcadores pueden predecir la progresi\u00f3n de la discapacidad en la esclerosis m\u00faltiple\",\"datePublished\":\"2024-09-20T06:00:42+00:00\",\"mainEntityOfPage\":{\"@id\":\"https:\\\/\\\/sindromecharge.es\\\/index.php\\\/2024\\\/09\\\/20\\\/esclerosis-investigacion-biomarcadores-pueden-predecir-progresion-discapacidad-esclerosis-multiple\\\/\"},\"wordCount\":655,\"articleSection\":[\"noticias\"],\"inLanguage\":\"es\"},{\"@type\":\"WebPage\",\"@id\":\"https:\\\/\\\/sindromecharge.es\\\/index.php\\\/2024\\\/09\\\/20\\\/esclerosis-investigacion-biomarcadores-pueden-predecir-progresion-discapacidad-esclerosis-multiple\\\/\",\"url\":\"https:\\\/\\\/sindromecharge.es\\\/index.php\\\/2024\\\/09\\\/20\\\/esclerosis-investigacion-biomarcadores-pueden-predecir-progresion-discapacidad-esclerosis-multiple\\\/\",\"name\":\"Descubren que algunos biomarcadores pueden predecir la progresi\u00f3n de la discapacidad en la esclerosis m\u00faltiple - Asociaci\u00f3n Espa\u00f1ola S\u00edndrome de Charge\",\"isPartOf\":{\"@id\":\"https:\\\/\\\/sindromecharge.es\\\/#website\"},\"datePublished\":\"2024-09-20T06:00:42+00:00\",\"author\":{\"@id\":\"https:\\\/\\\/sindromecharge.es\\\/#\\\/schema\\\/person\\\/39a60ebe0a2b4d5a11179701e336b039\"},\"breadcrumb\":{\"@id\":\"https:\\\/\\\/sindromecharge.es\\\/index.php\\\/2024\\\/09\\\/20\\\/esclerosis-investigacion-biomarcadores-pueden-predecir-progresion-discapacidad-esclerosis-multiple\\\/#breadcrumb\"},\"inLanguage\":\"es\",\"potentialAction\":[{\"@type\":\"ReadAction\",\"target\":[\"https:\\\/\\\/sindromecharge.es\\\/index.php\\\/2024\\\/09\\\/20\\\/esclerosis-investigacion-biomarcadores-pueden-predecir-progresion-discapacidad-esclerosis-multiple\\\/\"]}]},{\"@type\":\"BreadcrumbList\",\"@id\":\"https:\\\/\\\/sindromecharge.es\\\/index.php\\\/2024\\\/09\\\/20\\\/esclerosis-investigacion-biomarcadores-pueden-predecir-progresion-discapacidad-esclerosis-multiple\\\/#breadcrumb\",\"itemListElement\":[{\"@type\":\"ListItem\",\"position\":1,\"name\":\"Portada\",\"item\":\"https:\\\/\\\/sindromecharge.es\\\/\"},{\"@type\":\"ListItem\",\"position\":2,\"name\":\"Descubren que algunos biomarcadores pueden predecir la progresi\u00f3n de la discapacidad en la esclerosis m\u00faltiple\"}]},{\"@type\":\"WebSite\",\"@id\":\"https:\\\/\\\/sindromecharge.es\\\/#website\",\"url\":\"https:\\\/\\\/sindromecharge.es\\\/\",\"name\":\"Asociaci\u00f3n Espa\u00f1ola S\u00edndrome de Charge\",\"description\":\"\",\"potentialAction\":[{\"@type\":\"SearchAction\",\"target\":{\"@type\":\"EntryPoint\",\"urlTemplate\":\"https:\\\/\\\/sindromecharge.es\\\/?s={search_term_string}\"},\"query-input\":{\"@type\":\"PropertyValueSpecification\",\"valueRequired\":true,\"valueName\":\"search_term_string\"}}],\"inLanguage\":\"es\"},{\"@type\":\"Person\",\"@id\":\"https:\\\/\\\/sindromecharge.es\\\/#\\\/schema\\\/person\\\/39a60ebe0a2b4d5a11179701e336b039\",\"name\":\"Charge\",\"image\":{\"@type\":\"ImageObject\",\"inLanguage\":\"es\",\"@id\":\"https:\\\/\\\/secure.gravatar.com\\\/avatar\\\/c3b46e32a0fc3b093a0873fb767bf3293de856293065e84ef06b7ec7a8acfb98?s=96&d=identicon&r=x\",\"url\":\"https:\\\/\\\/secure.gravatar.com\\\/avatar\\\/c3b46e32a0fc3b093a0873fb767bf3293de856293065e84ef06b7ec7a8acfb98?s=96&d=identicon&r=x\",\"contentUrl\":\"https:\\\/\\\/secure.gravatar.com\\\/avatar\\\/c3b46e32a0fc3b093a0873fb767bf3293de856293065e84ef06b7ec7a8acfb98?s=96&d=identicon&r=x\",\"caption\":\"Charge\"},\"url\":\"https:\\\/\\\/sindromecharge.es\\\/index.php\\\/author\\\/admin\\\/\"}]}<\/script>\n<!-- \/ Yoast SEO plugin. -->","yoast_head_json":{"title":"Descubren que algunos biomarcadores pueden predecir la progresi\u00f3n de la discapacidad en la esclerosis m\u00faltiple - Asociaci\u00f3n Espa\u00f1ola S\u00edndrome de Charge","robots":{"index":"index","follow":"follow","max-snippet":"max-snippet:-1","max-image-preview":"max-image-preview:large","max-video-preview":"max-video-preview:-1"},"canonical":"https:\/\/sindromecharge.es\/index.php\/2024\/09\/20\/esclerosis-investigacion-biomarcadores-pueden-predecir-progresion-discapacidad-esclerosis-multiple\/","og_locale":"es_ES","og_type":"article","og_title":"Descubren que algunos biomarcadores pueden predecir la progresi\u00f3n de la discapacidad en la esclerosis m\u00faltiple - Asociaci\u00f3n Espa\u00f1ola S\u00edndrome de Charge","og_description":"Este descubrimiento podr\u00eda dar lugar a tratamiento m\u00e1s personalizados y eficaces para prevenirla discapacidad","og_url":"https:\/\/sindromecharge.es\/index.php\/2024\/09\/20\/esclerosis-investigacion-biomarcadores-pueden-predecir-progresion-discapacidad-esclerosis-multiple\/","og_site_name":"Asociaci\u00f3n Espa\u00f1ola S\u00edndrome de Charge","article_publisher":"https:\/\/www.facebook.com\/asociacionsindromecharge","article_published_time":"2024-09-20T06:00:42+00:00","og_image":[{"width":300,"height":98,"url":"https:\/\/sindromecharge.es\/wp-content\/uploads\/2013\/09\/logodecharge300x98.png","type":"image\/png"}],"author":"Charge","twitter_card":"summary_large_image","twitter_creator":"@sindromecharge","twitter_site":"@sindromecharge","twitter_misc":{"Escrito por":"Charge","Tiempo de lectura":"3 minutos"},"schema":{"@context":"https:\/\/schema.org","@graph":[{"@type":"Article","@id":"https:\/\/sindromecharge.es\/index.php\/2024\/09\/20\/esclerosis-investigacion-biomarcadores-pueden-predecir-progresion-discapacidad-esclerosis-multiple\/#article","isPartOf":{"@id":"https:\/\/sindromecharge.es\/index.php\/2024\/09\/20\/esclerosis-investigacion-biomarcadores-pueden-predecir-progresion-discapacidad-esclerosis-multiple\/"},"author":{"name":"Charge","@id":"https:\/\/sindromecharge.es\/#\/schema\/person\/39a60ebe0a2b4d5a11179701e336b039"},"headline":"Descubren que algunos biomarcadores pueden predecir la progresi\u00f3n de la discapacidad en la esclerosis m\u00faltiple","datePublished":"2024-09-20T06:00:42+00:00","mainEntityOfPage":{"@id":"https:\/\/sindromecharge.es\/index.php\/2024\/09\/20\/esclerosis-investigacion-biomarcadores-pueden-predecir-progresion-discapacidad-esclerosis-multiple\/"},"wordCount":655,"articleSection":["noticias"],"inLanguage":"es"},{"@type":"WebPage","@id":"https:\/\/sindromecharge.es\/index.php\/2024\/09\/20\/esclerosis-investigacion-biomarcadores-pueden-predecir-progresion-discapacidad-esclerosis-multiple\/","url":"https:\/\/sindromecharge.es\/index.php\/2024\/09\/20\/esclerosis-investigacion-biomarcadores-pueden-predecir-progresion-discapacidad-esclerosis-multiple\/","name":"Descubren que algunos biomarcadores pueden predecir la progresi\u00f3n de la discapacidad en la esclerosis m\u00faltiple - Asociaci\u00f3n Espa\u00f1ola S\u00edndrome de Charge","isPartOf":{"@id":"https:\/\/sindromecharge.es\/#website"},"datePublished":"2024-09-20T06:00:42+00:00","author":{"@id":"https:\/\/sindromecharge.es\/#\/schema\/person\/39a60ebe0a2b4d5a11179701e336b039"},"breadcrumb":{"@id":"https:\/\/sindromecharge.es\/index.php\/2024\/09\/20\/esclerosis-investigacion-biomarcadores-pueden-predecir-progresion-discapacidad-esclerosis-multiple\/#breadcrumb"},"inLanguage":"es","potentialAction":[{"@type":"ReadAction","target":["https:\/\/sindromecharge.es\/index.php\/2024\/09\/20\/esclerosis-investigacion-biomarcadores-pueden-predecir-progresion-discapacidad-esclerosis-multiple\/"]}]},{"@type":"BreadcrumbList","@id":"https:\/\/sindromecharge.es\/index.php\/2024\/09\/20\/esclerosis-investigacion-biomarcadores-pueden-predecir-progresion-discapacidad-esclerosis-multiple\/#breadcrumb","itemListElement":[{"@type":"ListItem","position":1,"name":"Portada","item":"https:\/\/sindromecharge.es\/"},{"@type":"ListItem","position":2,"name":"Descubren que algunos biomarcadores pueden predecir la progresi\u00f3n de la discapacidad en la esclerosis m\u00faltiple"}]},{"@type":"WebSite","@id":"https:\/\/sindromecharge.es\/#website","url":"https:\/\/sindromecharge.es\/","name":"Asociaci\u00f3n Espa\u00f1ola S\u00edndrome de Charge","description":"","potentialAction":[{"@type":"SearchAction","target":{"@type":"EntryPoint","urlTemplate":"https:\/\/sindromecharge.es\/?s={search_term_string}"},"query-input":{"@type":"PropertyValueSpecification","valueRequired":true,"valueName":"search_term_string"}}],"inLanguage":"es"},{"@type":"Person","@id":"https:\/\/sindromecharge.es\/#\/schema\/person\/39a60ebe0a2b4d5a11179701e336b039","name":"Charge","image":{"@type":"ImageObject","inLanguage":"es","@id":"https:\/\/secure.gravatar.com\/avatar\/c3b46e32a0fc3b093a0873fb767bf3293de856293065e84ef06b7ec7a8acfb98?s=96&d=identicon&r=x","url":"https:\/\/secure.gravatar.com\/avatar\/c3b46e32a0fc3b093a0873fb767bf3293de856293065e84ef06b7ec7a8acfb98?s=96&d=identicon&r=x","contentUrl":"https:\/\/secure.gravatar.com\/avatar\/c3b46e32a0fc3b093a0873fb767bf3293de856293065e84ef06b7ec7a8acfb98?s=96&d=identicon&r=x","caption":"Charge"},"url":"https:\/\/sindromecharge.es\/index.php\/author\/admin\/"}]}},"_links":{"self":[{"href":"https:\/\/sindromecharge.es\/index.php\/wp-json\/wp\/v2\/posts\/10326","targetHints":{"allow":["GET"]}}],"collection":[{"href":"https:\/\/sindromecharge.es\/index.php\/wp-json\/wp\/v2\/posts"}],"about":[{"href":"https:\/\/sindromecharge.es\/index.php\/wp-json\/wp\/v2\/types\/post"}],"author":[{"embeddable":true,"href":"https:\/\/sindromecharge.es\/index.php\/wp-json\/wp\/v2\/users\/1"}],"replies":[{"embeddable":true,"href":"https:\/\/sindromecharge.es\/index.php\/wp-json\/wp\/v2\/comments?post=10326"}],"version-history":[{"count":0,"href":"https:\/\/sindromecharge.es\/index.php\/wp-json\/wp\/v2\/posts\/10326\/revisions"}],"wp:attachment":[{"href":"https:\/\/sindromecharge.es\/index.php\/wp-json\/wp\/v2\/media?parent=10326"}],"wp:term":[{"taxonomy":"category","embeddable":true,"href":"https:\/\/sindromecharge.es\/index.php\/wp-json\/wp\/v2\/categories?post=10326"},{"taxonomy":"post_tag","embeddable":true,"href":"https:\/\/sindromecharge.es\/index.php\/wp-json\/wp\/v2\/tags?post=10326"}],"curies":[{"name":"wp","href":"https:\/\/api.w.org\/{rel}","templated":true}]}}