{"id":10325,"date":"2024-09-20T05:21:38","date_gmt":"2024-09-20T05:21:38","guid":{"rendered":"https:\/\/sindromecharge.es\/index.php\/2024\/09\/20\/representantes-variado-panorama-discapacidad-celebran-segundo-aniversario-capaces\/"},"modified":"2024-09-20T05:21:38","modified_gmt":"2024-09-20T05:21:38","slug":"representantes-variado-panorama-discapacidad-celebran-segundo-aniversario-capaces","status":"publish","type":"post","link":"https:\/\/sindromecharge.es\/index.php\/2024\/09\/20\/representantes-variado-panorama-discapacidad-celebran-segundo-aniversario-capaces\/","title":{"rendered":"Representantes del variado panorama de la discapacidad celebran el segundo aniversario de Capaces: \u00abContribu\u00eds a nuestra inclusi\u00f3n\u00bb"},"content":{"rendered":"<p>Leemos en Discapacidad la siguiente noticia que os reproducimos de forma \u00edntegra: <\/p>\n<div>\n<p>El primer objetivo de <i>Capaces<\/i> cuando naci\u00f3 fue el de <b>dar voz a las personas con <a href=\"https:\/\/www.20minutos.es\/minuteca\/discapacidad\/\" title=\"Discapacidad\" target=\"_blank\" rel=\"noopener\">discapacidad<\/a><\/b> y a su entorno, una voz que, hasta entonces, hab\u00eda sido poco escuchada en los medios de comunicaci\u00f3n, mucho menos en primera persona. Nadie mejor que ellas para expresar sus opiniones, sus deseos, sus anhelos y, sobre todo, lo que esperan de una sociedad y un sistema que, a veces, no les ponen las cosas nada f\u00e1ciles.<\/p>\n<p>Por este motivo, son precisamente<b> representantes del variado panorama de la discapacidad<\/b> los que han querido felicitar a Capaces por <b>su segundo aniversario<\/b>. Un agradecimiento en dos direcciones, ya que sin ellos esta secci\u00f3n no tendr\u00eda sentido. <\/p>\n<h2>Guillermo Gracia, campe\u00f3n de nataci\u00f3n: \u00abSeguid as\u00ed\u00bb<\/h2>\n<p><a href=\"https:\/\/www.20minutos.es\/noticia\/5188317\/0\/guillermo-gracia-deportista-con-sindrome-down-mi-capacidad-es-mucho-mayor-que-su-discapacidad\/\" title='Guillermo Gracia, un deportista campe\u00f3n con s\u00edndrome de Down: \"Mi capacidad es mucho mayor que mi discapacidad\"' target=\"_blank\" rel=\"noopener\">Guillermo Gracia<\/a> ya ha perdido la cuenta de las medallas nacionales e internacionales que ha logrado. Es uno de nuestros mejores deportistas con discapacidad intelectual y, sin embargo, no puede ir a los Juegos Paral\u00edmpicos, <a href=\"https:\/\/www.20minutos.es\/noticia\/5627396\/0\/mikel-guillermo-blanca-con-down-que-buscan-su-hueco-los-paralimpicos-queremos-las-mismas-oportunidades\/\" title='Mikel y Guillermo, campeones con Down, buscan su hueco en los Juegos Paral\u00edmpicos: \"Queremos las mismas oportunidades\"'>esa es su lucha que contamos en <i>Capaces<\/i><\/a>. Desde Extremadura, nos da las gracias por el trabajo y nos invita a &#8216;seguir as\u00ed&#8217;. <\/p>\n<h2>Vanesa P\u00e9rez, \u2018\u00bfY de verdad tienes tres?\u2019: \u00abGracias por hablar de lo realmente importante\u00bb<\/h2>\n<p><a href=\"https:\/\/www.20minutos.es\/noticia\/5233094\/0\/vanesa-perez-verdad-tienes-tres-sistema-tiene-una-deuda-con-las-cuidadoras-hacemos-un-trabajo-que-le-corresponderia\/\" target=\"_blank\" rel=\"noopener\">Vanesa P\u00e9rez<\/a> es psic\u00f3loga y madre de Rodrigo, un adolescente con una <a href=\"https:\/\/www.20minutos.es\/minuteca\/discapacidad\/\" title=\"Discapacidad\" target=\"_blank\" rel=\"noopener\">discapacidad<\/a> severa. A trav\u00e9s de sus redes sociales, visibiliza, no solo las necesidades de una persona como su hijo, sino tambi\u00e9n el importante papel de las cuidadoras y de la familia en general, por eso da las gracias \u00abpor hablar de lo realmente importante y por ser la voz de los que no pueden alzarla (\u2026) y por ponerle rostros a tantas realidades, a tantas familias que necesitan ser validadas y escuchadas\u00bb. <\/p>\n<h2>Lu Vives, fundadora \u00a1Hola, qu\u00e9 tal! Afasia: \u00abGracias por escribir a diario sobre discapacidad\u00bb<\/h2>\n<p>Lu Vives sufri\u00f3 un grave ictus en 2018, cuyas secuelas fueron una afasia, un trastorno que afecta al habla y con el convive desde entonces. Cre\u00f3 \u00a1Hola, qu\u00e9 tal! Afasia, asociaci\u00f3n que le vali\u00f3 el <a href=\"https:\/\/www.20minutos.es\/noticia\/5524341\/0\/creadora-hola-que-tal-afasia-recoger-su-premio-creadores-social-se-piensa-que-no-estamos-porque-no-hablamos-pero-estamos\" target=\"_blank\" rel=\"noopener\">Premio Creadores Social<\/a> el pasado mes de junio. Lu agradece, sobre todo el \u00abescribir a diario sobre la discapacidad y ayudar a mucha gente\u00bb. <\/p>\n<h2>Enrique Bernabeu, creador de contenido: \u00abCapaces lucha por nuestros derechos y libertades\u00bb<\/h2>\n<p><a href=\"https:\/\/www.20minutos.es\/noticia\/5244876\/0\/enrique-bernabeu-artista-con-discapacidad\/\" title='Enrique Bernabeu, artista: \"La gente cree que, cuando tienes una discapacidad, tu vida acaba, y no es as\u00ed\"' target=\"_blank\" rel=\"noopener\">Enrique Bernabeu<\/a> es una persona con <a href=\"https:\/\/www.20minutos.es\/minuteca\/paralisis-cerebral\/\" title=\"Par\u00e1lisis cerebral\" target=\"_blank\" rel=\"noopener\">par\u00e1lisis cerebral<\/a>, activista LGTBIQ+, que crea contenido en las redes sociales sobre la diversidad y la inclusi\u00f3n. En este segundo aniversario, Enrique ha querido felicitar a Capaces por \u00abluchar por los derechos y las libertades de las personas con discapacidad y por dar voz y visibilidad\u00bb y por contribuir a una \u00ab<a href=\"https:\/\/www.20minutos.es\/minuteca\/inclusion\/\" title=\"Inclusi\u00f3n\" target=\"_blank\" rel=\"noopener\">inclusi\u00f3n<\/a> que tanto est\u00e1 costando alcanzar\u00bb. <\/p>\n<h2>Jes\u00fas Mart\u00edn Blanco, Director General de Derechos de las Personas con Discapacidad: \u00abContribu\u00eds desde el periodismo a nuestra inclusi\u00f3n\u00bb<\/h2>\n<p><a href=\"https:\/\/www.20minutos.es\/noticia\/5522903\/0\/jesus-martin-director-general-derechos-las-personas-con-discapacidad\/\" title='Jes\u00fas Mart\u00edn: \"La ley ELA es una buena oportunidad para extender derechos a otras realidades como el alzh\u00e9imer o el p\u00e1rkinson\"' target=\"_blank\" rel=\"noopener\">Jes\u00fas Mart\u00edn Blanco<\/a>, desde el <b>Ministerio de Derechos Sociales<\/b>, traslada su agradecimiento por dedicar una secci\u00f3n diaria a la informaci\u00f3n sobre la realidad de las personas con discapacidad, \u00abser un diario gratuito, generalista, democratiza y aproxima a nuestras vidas a la cotidianeidad social, porque desde el rigor informativo, desde la veracidad, se rompen esos estereotipos que nos han apartado de la vida en comunidad. Gracias, de coraz\u00f3n, por contribuir desde el periodismo a nuestra inclusi\u00f3n\u00bb.<\/p>\n<h2>Jose Antonio Fortuny, escritor: \u00abAyud\u00e1is a conseguir una sociedad m\u00e1s emp\u00e1tica\u00bb<\/h2>\n<p><a href=\"https:\/\/www.20minutos.es\/noticia\/5238463\/0\/jose-antonio-fortuny-novelista-con-discapacidad-escribir-es-que-me-hace-mantener-ilusion-levantarme-cada-dia\/\" title='Jos\u00e9 Antonio Fortuny, novelista: \"Escribir es lo que me hace mantener la ilusi\u00f3n de levantarme cada d\u00eda\"' target=\"_blank\" rel=\"noopener\">Jose Antonio Fortuny<\/a> tiene desde hace a\u00f1os, una<b> atrofia degenerativa <\/b>que le dificulta salir de casa, por lo que se refugi\u00f3 en los libros y en la escritura. Desde Menorca, donde vive, nos invita a \u00abseguir con nuestra labor y conseguir una sociedad m\u00e1s emp\u00e1tica\u00bb. <\/p>\n<h2>Mar\u00eda Peralta, Lectura F\u00e1cil: \u00abHac\u00e9is que la informaci\u00f3n sea m\u00e1s accesible para las personas con discapacidad\u00bb<\/h2>\n<p><a href=\"https:\/\/www.20minutos.es\/noticia\/5237738\/0\/maria-peralta-escritora-lectura-facil-muchos-escritores-reacios-adapten-sus-obras\/\" title='Mar\u00eda Peralta, escritora y presidenta de Lectura F\u00e1cil Madrid: \"Muchos autores son reacios a que adapten sus obras\"' target=\"_blank\" rel=\"noopener\">Mar\u00eda Peralta<\/a> es una de las pocas escritoras en lectura f\u00e1cil de nuestro pa\u00eds, y gracias a su labor, personas con discapacidad pueden acercarse a la literatura. Adem\u00e1s, es directora de la asociaci\u00f3n Lectura F\u00e1cil y agradece la labor de Capaces \u00abpor hablar de las cosas que conciernen a las personas con discapacidad\u00bb y por \u00abhacer que la informaci\u00f3n sea m\u00e1s accesible para las personas con discapacidad\u00bb. <\/p>\n<h2>Marisa Mart\u00ednez, creadora de contenido: \u00abGracias por mostrar las distintas realidades dentro del espectro autista\u00bb<\/h2>\n<p><a href=\"https:\/\/www.20minutos.es\/noticia\/5138471\/0\/marisa-martinez-el-autismo-no-es-ni-una-maldicion-ni-una-bendicion-simplemente-es-algo-que-forma-parte-de-mi\/\" title='Marisa Mart\u00ednez: \"El autismo no es ni una maldici\u00f3n ni una bendici\u00f3n, simplemente es algo que forma parte de m\u00ed\"' target=\"_blank\" rel=\"noopener\">Marisa Mart\u00ednez<\/a>, m\u00e1s conocida como La Michi Autista, se dedica en redes a divulgar sobre<b> neurodiversidad<\/b> para intentar hacer m\u00e1s f\u00e1cil la vida a las personas en el espectro. \u2018Michi\u2019, que es tambi\u00e9n activista, destaca el papel de Capaces para \u00abmostrar las distintas realidades dentro del espectro autista\u00bb y valora \u00abprofundamente\u00bb que, desde Capaces, \u00abse aborde todo tipo de discapacidad y visibilice las realidades de todos nosotros\u00bb. <\/p>\n<h2>Noem\u00ed Navarro, influencer: \u00abGracias por el respeto, amor y visibilidad que dais a las personas con discapacidad\u00bb<\/h2>\n<p><a href=\"https:\/\/www.20minutos.es\/noticia\/5117386\/0\/las-dos-caras-de-noemimisma-influencer-de-lifestyle-y-madre-autista-de-un-nino-con-tea-para-mi-es-inevitable-pensar-en-el-futuro\/\" title=\"Las dos caras de 'Noemimisma': 'influencer' y madre autista de un ni\u00f1o con TEA: &quot;Ya no me acuerdo de c\u00f3mo era yo antes de su llegada&quot;\" target=\"_blank\" rel=\"noopener\">Noem\u00ed Navarro<\/a>, <b>Noemimisma<\/b> en las redes, descubri\u00f3 que era misma ella autista cuando fue diagnosticado su hijo Mateo. Desde entonces, adem\u00e1s de crear contenido en redes sociales, cre\u00f3 <b>madreTEA<\/b>, un perfil en el que habla de<a href=\"https:\/\/www.20minutos.es\/minuteca\/autismo\/\" title=\"Autismo\" target=\"_blank\" rel=\"noopener\"> autismo<\/a>.<\/p>\n<h2>Antonio Gil-Nagel, eminencia de la epilepsia: \u00abCapaces ha dado un servicio continuado a las personas con discapacidad\u00bb<\/h2>\n<p>El doctor <b>Antonio Gil-Nagel Rein<\/b> es una referencia internacional en la asistencia, divulgaci\u00f3n e investigaci\u00f3n en <a href=\"https:\/\/www.20minutos.es\/minuteca\/epilepsia\/\" title=\"Epilepsia\">epilepsia<\/a>, especialmente en el diagn\u00f3stico y tratamiento de candidatos a cirug\u00eda de epilepsia, y encefalopat\u00edas epil\u00e9pticas y del desarrollo. Celebra la labor de \u00abdifusi\u00f3n y acceso\u00bb que la secci\u00f3n da a las personas con <a href=\"https:\/\/www.20minutos.es\/minuteca\/discapacidad-intelectual\/\" title=\"Discapacidad intelectual\">discapacidad intelectual<\/a>.<\/p>\n<h2>Enrique Criado, presidente de Ictus Madrid: \u00abGracias por acercarnos las noticias cotidianas estos dos a\u00f1os\u00bb<\/h2>\n<p>Con 51 a\u00f1os, <b>Enrique Criado<\/b> tuvo un <a href=\"https:\/\/www.20minutos.es\/minuteca\/ictus\/\" title=\"Ictus\">ictus<\/a>. Ahora, dedica todos su esfuerzos en mejorar la vida de aquellos que han tenido que pasar por su misma situaci\u00f3n. <\/p>\n<h2>Marta de la Fuente, mam\u00e1 de Martita con enfermedad ultrarrara: \u00abGracias por darnos visibilidad\u00bb.<\/h2>\n<p>Cuando a los padres de <b>Martita <\/b>les confirmaron que su hija ten\u00eda el s\u00edndrome <b>CTNNB1<\/b>, les dijeron que era tan raro que era la \u00fanica ni\u00f1a diagnosticada en <a href=\"https:\/\/www.20minutos.es\/minuteca\/espana\/\" title=\"Espa\u00f1a\">Espa\u00f1a<\/a>. Poco despu\u00e9s supieron que eso no era cierto y que existen, que se sepa, al menos una veintena m\u00e1s de ni\u00f1os m\u00e1s. <b>Marta de la Fuente<\/b> lleva varios a\u00f1os tratando de dar voz y visibilidad al s\u00edndrome <b>ultrarraro <\/b>con el que fue diagnosticada su hija Martita y desea \u00abque sig\u00e1is haciendo este trabajo tan maravilloso, muchas felicidades\u00bb.<\/p>\n<h2>Miriam Pi\u00f1ol, con espondilitis anquilosante: \u00abJuntos estamos demostrado que somos Capaces, convirtiendo los desaf\u00edos en oportunidades\u00bb<\/h2>\n<p>Desde su infancia, <b>Miriam <\/b>fue sido una ni\u00f1a vibrante y llena de energ\u00eda. El <a href=\"https:\/\/www.20minutos.es\/ofertas-descuentos\/minuteca\/chollos-deportes\/\" title=\"Deportes\">deporte<\/a>, especialmente el <a href=\"https:\/\/www.20minutos.es\/deportes\/minuteca\/esqui\/\" title=\"Esqu\u00ed\">esqu\u00ed <\/a>y la <a href=\"https:\/\/www.20minutos.es\/deportes\/minuteca\/natacion\/\" title=\"Nataci\u00f3n\">nataci\u00f3n<\/a>, le proporcionaban emociones fuertes y desaf\u00edos, aunque su verdadera pasi\u00f3n era el dibujo.  La espondilitis anquilosante que tiene diagnosticada ha cambiado su realidad: \u00abLa enfermedad ha pasado a ser una m\u00e1s de la familia\u00bb.<\/p>\n<h2>Pablo Navarro, miembro del equipo de Comunicaci\u00f3n de Prodis: \u00abGracias por acercar la discapacidad a todo el mundo\u00bb<\/h2>\n<p><b>Pablo Navarro<\/b> tiene <a href=\"https:\/\/www.20minutos.es\/minuteca\/sindrome-de-down\/\" title=\"S\u00edndrome de Down\">s\u00edndrome de Down<\/a> y est\u00e1 estrechamente vinculado a la Fundaci\u00f3n <b>Prodis<\/b>. Al terminar el colegio, continu\u00f3 su formaci\u00f3n dentro de esta entidad. Tras terminar sus pr\u00e1cticas, ahora se ha incorporado al equipo de prensa:<b> \u00abMuchas felicidades por estos dos a\u00f1os de Capaces\u00bb.<\/b><\/p>\n<h2>Silvia Rold\u00e1n y Eric Domingo, divulgadores de la esclerosis: \u00abGracias por dar visibilidad a causas como la nuestra\u00bb<\/h2>\n<p><b>Silvia Rold\u00e1n<\/b> y su hijo <b>Eric Domingo<\/b> son una inspiradora pareja deportiva de Barcelona que ha capturado la atenci\u00f3n global con su participaci\u00f3n en maratones para visibilizar la <a href=\"https:\/\/www.20minutos.es\/minuteca\/esclerosis-multiple\/\" title=\"Esclerosis m\u00faltiple\">esclerosis m\u00faltiple<\/a>. Silvia, diagnosticada con esta enfermedad hace m\u00e1s de 20 a\u00f1os, y Eric, un apasionado corredor, decidieron <b>utilizar las carreras<\/b> como una plataforma para aumentar la concienciaci\u00f3n sobre la esclerosis m\u00faltiple y <b>recaudar fondos<\/b> para la <a href=\"https:\/\/www.20minutos.es\/minuteca\/investigacion-y-desarrollo\/\" title=\"Investigaci\u00f3n y desarrollo\">investigaci\u00f3n<\/a>. \u00abMuchas felicidades y gracias por vuestro trabajo\u00bb, desean a Capaces.<\/p>\n<h2>Zuri\u00f1e Lasagabaster, madre de Ibai con enfermedad ultrarrara: \u00abGracias por dar visibilidad a nuestro peque\u00f1o le\u00f3n\u00bb<\/h2>\n<p><b>Zuri\u00f1e Lasagabaster Silva <\/b>es la madre de <b>Ibai<\/b>, un ni\u00f1o diagnosticado de deficiencia de <b>3-hidroxi isobutiril-coa hidrolasa<\/b>, una enfermedad ultrarrara que padecen unas <b>35 personas en todo el mundo<\/b> y 4 \u00f3 5 s\u00f3lo en <a href=\"https:\/\/www.20minutos.es\/minuteca\/espana\/\" title=\"Espa\u00f1a\">Espa\u00f1a<\/a>. Es tan minoritaria que Zuri\u00f1e decidi\u00f3 comenzar a darle visibilidad usando las redes sociales. Ahora, da voz a esta enfermedad ultrarrara a trav\u00e9s de su cuenta <b>@madredetresyunnegocio<\/b>.<\/p>\n<h2>Cristina Mata, con discapacidad f\u00edsica: \u00abFelicidades por la gran labor que est\u00e1is haciendo\u00bb<\/h2>\n<p>Cristina perdi\u00f3 una pierna debido a un osteosarcoma. Ahora, ha logrado hacer de su situaci\u00f3n una virtud. A su <a href=\"https:\/\/www.20minutos.es\/minuteca\/discapacidad\/\" title=\"Discapacidad\">discapacidad <\/a>tuvo que sumar la muerte de su marido y su maternidad pr\u00e1cticamente en solitario. Su experiencia ahora ayuda a numerosas personas a superar tanto las amputaciones f\u00edsicas como las emocionales. Ha sido galardonada por Malasmadres y Cinfa por su proyecto en redes <b>@lasonrisadecristinam<\/b> donde cuenta su experiencia.<\/p>\n<h2>La felicitaci\u00f3n de las entidades<\/h2>\n<p>Para terminar, las felicitaciones de las entidades relacionadas con la discapacidad por su primer aniversario. <\/p>\n<\/div>\n<p>Fuente: Discapacidad https:\/\/www.20minutos.es\/noticia\/5634801\/0\/representantes-variado-panorama-discapacidad-celebran-segundo-aniversario-capaces\/<\/p>\n","protected":false},"excerpt":{"rendered":"<p>\u2022 Varias personas relacionadas con el mundo de la discapacidad han enviado sus felicitaciones a Capaces por su segundo a\u00f1o de vida.<\/p>\n","protected":false},"author":1,"featured_media":0,"comment_status":"closed","ping_status":"closed","sticky":false,"template":"","format":"standard","meta":{"footnotes":""},"categories":[8],"tags":[],"class_list":["post-10325","post","type-post","status-publish","format-standard","hentry","category-noticias"],"yoast_head":"<!-- This site is optimized with the Yoast SEO plugin v27.5 - https:\/\/yoast.com\/product\/yoast-seo-wordpress\/ -->\n<title>Representantes del variado panorama de la discapacidad celebran el segundo aniversario de Capaces: &quot;Contribu\u00eds a nuestra inclusi\u00f3n&quot; - Asociaci\u00f3n Espa\u00f1ola S\u00edndrome de Charge<\/title>\n<meta name=\"robots\" content=\"index, follow, max-snippet:-1, max-image-preview:large, max-video-preview:-1\" \/>\n<link rel=\"canonical\" href=\"https:\/\/sindromecharge.es\/index.php\/2024\/09\/20\/representantes-variado-panorama-discapacidad-celebran-segundo-aniversario-capaces\/\" \/>\n<meta property=\"og:locale\" content=\"es_ES\" \/>\n<meta property=\"og:type\" content=\"article\" \/>\n<meta property=\"og:title\" content=\"Representantes del variado panorama de la discapacidad celebran el segundo aniversario de Capaces: &quot;Contribu\u00eds a nuestra inclusi\u00f3n&quot; - Asociaci\u00f3n Espa\u00f1ola S\u00edndrome de Charge\" \/>\n<meta property=\"og:description\" content=\"\u2022 Varias personas relacionadas con el mundo de la discapacidad han enviado sus felicitaciones a Capaces por su segundo a\u00f1o de vida.\" \/>\n<meta property=\"og:url\" content=\"https:\/\/sindromecharge.es\/index.php\/2024\/09\/20\/representantes-variado-panorama-discapacidad-celebran-segundo-aniversario-capaces\/\" \/>\n<meta property=\"og:site_name\" content=\"Asociaci\u00f3n Espa\u00f1ola S\u00edndrome de Charge\" \/>\n<meta property=\"article:publisher\" content=\"https:\/\/www.facebook.com\/asociacionsindromecharge\" \/>\n<meta property=\"article:published_time\" content=\"2024-09-20T05:21:38+00:00\" \/>\n<meta property=\"og:image\" content=\"https:\/\/sindromecharge.es\/wp-content\/uploads\/2013\/09\/logodecharge300x98.png\" \/>\n\t<meta property=\"og:image:width\" content=\"300\" \/>\n\t<meta property=\"og:image:height\" content=\"98\" \/>\n\t<meta property=\"og:image:type\" content=\"image\/png\" \/>\n<meta name=\"author\" content=\"Charge\" \/>\n<meta name=\"twitter:card\" content=\"summary_large_image\" \/>\n<meta name=\"twitter:creator\" content=\"@sindromecharge\" \/>\n<meta name=\"twitter:site\" content=\"@sindromecharge\" \/>\n<meta name=\"twitter:label1\" content=\"Escrito por\" \/>\n\t<meta name=\"twitter:data1\" content=\"Charge\" \/>\n\t<meta name=\"twitter:label2\" content=\"Tiempo de lectura\" \/>\n\t<meta name=\"twitter:data2\" content=\"8 minutos\" \/>\n<script type=\"application\/ld+json\" class=\"yoast-schema-graph\">{\"@context\":\"https:\\\/\\\/schema.org\",\"@graph\":[{\"@type\":\"Article\",\"@id\":\"https:\\\/\\\/sindromecharge.es\\\/index.php\\\/2024\\\/09\\\/20\\\/representantes-variado-panorama-discapacidad-celebran-segundo-aniversario-capaces\\\/#article\",\"isPartOf\":{\"@id\":\"https:\\\/\\\/sindromecharge.es\\\/index.php\\\/2024\\\/09\\\/20\\\/representantes-variado-panorama-discapacidad-celebran-segundo-aniversario-capaces\\\/\"},\"author\":{\"name\":\"Charge\",\"@id\":\"https:\\\/\\\/sindromecharge.es\\\/#\\\/schema\\\/person\\\/39a60ebe0a2b4d5a11179701e336b039\"},\"headline\":\"Representantes del variado panorama de la discapacidad celebran el segundo aniversario de Capaces: \u00abContribu\u00eds a nuestra inclusi\u00f3n\u00bb\",\"datePublished\":\"2024-09-20T05:21:38+00:00\",\"mainEntityOfPage\":{\"@id\":\"https:\\\/\\\/sindromecharge.es\\\/index.php\\\/2024\\\/09\\\/20\\\/representantes-variado-panorama-discapacidad-celebran-segundo-aniversario-capaces\\\/\"},\"wordCount\":1556,\"articleSection\":[\"noticias\"],\"inLanguage\":\"es\"},{\"@type\":\"WebPage\",\"@id\":\"https:\\\/\\\/sindromecharge.es\\\/index.php\\\/2024\\\/09\\\/20\\\/representantes-variado-panorama-discapacidad-celebran-segundo-aniversario-capaces\\\/\",\"url\":\"https:\\\/\\\/sindromecharge.es\\\/index.php\\\/2024\\\/09\\\/20\\\/representantes-variado-panorama-discapacidad-celebran-segundo-aniversario-capaces\\\/\",\"name\":\"Representantes del variado panorama de la discapacidad celebran el segundo aniversario de Capaces: \\\"Contribu\u00eds a nuestra inclusi\u00f3n\\\" - Asociaci\u00f3n Espa\u00f1ola S\u00edndrome de Charge\",\"isPartOf\":{\"@id\":\"https:\\\/\\\/sindromecharge.es\\\/#website\"},\"datePublished\":\"2024-09-20T05:21:38+00:00\",\"author\":{\"@id\":\"https:\\\/\\\/sindromecharge.es\\\/#\\\/schema\\\/person\\\/39a60ebe0a2b4d5a11179701e336b039\"},\"breadcrumb\":{\"@id\":\"https:\\\/\\\/sindromecharge.es\\\/index.php\\\/2024\\\/09\\\/20\\\/representantes-variado-panorama-discapacidad-celebran-segundo-aniversario-capaces\\\/#breadcrumb\"},\"inLanguage\":\"es\",\"potentialAction\":[{\"@type\":\"ReadAction\",\"target\":[\"https:\\\/\\\/sindromecharge.es\\\/index.php\\\/2024\\\/09\\\/20\\\/representantes-variado-panorama-discapacidad-celebran-segundo-aniversario-capaces\\\/\"]}]},{\"@type\":\"BreadcrumbList\",\"@id\":\"https:\\\/\\\/sindromecharge.es\\\/index.php\\\/2024\\\/09\\\/20\\\/representantes-variado-panorama-discapacidad-celebran-segundo-aniversario-capaces\\\/#breadcrumb\",\"itemListElement\":[{\"@type\":\"ListItem\",\"position\":1,\"name\":\"Portada\",\"item\":\"https:\\\/\\\/sindromecharge.es\\\/\"},{\"@type\":\"ListItem\",\"position\":2,\"name\":\"Representantes del variado panorama de la discapacidad celebran el segundo aniversario de Capaces: &#8220;Contribu\u00eds a nuestra inclusi\u00f3n&#8221;\"}]},{\"@type\":\"WebSite\",\"@id\":\"https:\\\/\\\/sindromecharge.es\\\/#website\",\"url\":\"https:\\\/\\\/sindromecharge.es\\\/\",\"name\":\"Asociaci\u00f3n Espa\u00f1ola S\u00edndrome de Charge\",\"description\":\"\",\"potentialAction\":[{\"@type\":\"SearchAction\",\"target\":{\"@type\":\"EntryPoint\",\"urlTemplate\":\"https:\\\/\\\/sindromecharge.es\\\/?s={search_term_string}\"},\"query-input\":{\"@type\":\"PropertyValueSpecification\",\"valueRequired\":true,\"valueName\":\"search_term_string\"}}],\"inLanguage\":\"es\"},{\"@type\":\"Person\",\"@id\":\"https:\\\/\\\/sindromecharge.es\\\/#\\\/schema\\\/person\\\/39a60ebe0a2b4d5a11179701e336b039\",\"name\":\"Charge\",\"image\":{\"@type\":\"ImageObject\",\"inLanguage\":\"es\",\"@id\":\"https:\\\/\\\/secure.gravatar.com\\\/avatar\\\/c3b46e32a0fc3b093a0873fb767bf3293de856293065e84ef06b7ec7a8acfb98?s=96&d=identicon&r=x\",\"url\":\"https:\\\/\\\/secure.gravatar.com\\\/avatar\\\/c3b46e32a0fc3b093a0873fb767bf3293de856293065e84ef06b7ec7a8acfb98?s=96&d=identicon&r=x\",\"contentUrl\":\"https:\\\/\\\/secure.gravatar.com\\\/avatar\\\/c3b46e32a0fc3b093a0873fb767bf3293de856293065e84ef06b7ec7a8acfb98?s=96&d=identicon&r=x\",\"caption\":\"Charge\"},\"url\":\"https:\\\/\\\/sindromecharge.es\\\/index.php\\\/author\\\/admin\\\/\"}]}<\/script>\n<!-- \/ Yoast SEO plugin. -->","yoast_head_json":{"title":"Representantes del variado panorama de la discapacidad celebran el segundo aniversario de Capaces: \"Contribu\u00eds a nuestra inclusi\u00f3n\" - Asociaci\u00f3n Espa\u00f1ola S\u00edndrome de Charge","robots":{"index":"index","follow":"follow","max-snippet":"max-snippet:-1","max-image-preview":"max-image-preview:large","max-video-preview":"max-video-preview:-1"},"canonical":"https:\/\/sindromecharge.es\/index.php\/2024\/09\/20\/representantes-variado-panorama-discapacidad-celebran-segundo-aniversario-capaces\/","og_locale":"es_ES","og_type":"article","og_title":"Representantes del variado panorama de la discapacidad celebran el segundo aniversario de Capaces: \"Contribu\u00eds a nuestra inclusi\u00f3n\" - Asociaci\u00f3n Espa\u00f1ola S\u00edndrome de Charge","og_description":"\u2022 Varias personas relacionadas con el mundo de la discapacidad han enviado sus felicitaciones a Capaces por su segundo a\u00f1o de vida.","og_url":"https:\/\/sindromecharge.es\/index.php\/2024\/09\/20\/representantes-variado-panorama-discapacidad-celebran-segundo-aniversario-capaces\/","og_site_name":"Asociaci\u00f3n Espa\u00f1ola S\u00edndrome de Charge","article_publisher":"https:\/\/www.facebook.com\/asociacionsindromecharge","article_published_time":"2024-09-20T05:21:38+00:00","og_image":[{"width":300,"height":98,"url":"https:\/\/sindromecharge.es\/wp-content\/uploads\/2013\/09\/logodecharge300x98.png","type":"image\/png"}],"author":"Charge","twitter_card":"summary_large_image","twitter_creator":"@sindromecharge","twitter_site":"@sindromecharge","twitter_misc":{"Escrito por":"Charge","Tiempo de lectura":"8 minutos"},"schema":{"@context":"https:\/\/schema.org","@graph":[{"@type":"Article","@id":"https:\/\/sindromecharge.es\/index.php\/2024\/09\/20\/representantes-variado-panorama-discapacidad-celebran-segundo-aniversario-capaces\/#article","isPartOf":{"@id":"https:\/\/sindromecharge.es\/index.php\/2024\/09\/20\/representantes-variado-panorama-discapacidad-celebran-segundo-aniversario-capaces\/"},"author":{"name":"Charge","@id":"https:\/\/sindromecharge.es\/#\/schema\/person\/39a60ebe0a2b4d5a11179701e336b039"},"headline":"Representantes del variado panorama de la discapacidad celebran el segundo aniversario de Capaces: \u00abContribu\u00eds a nuestra inclusi\u00f3n\u00bb","datePublished":"2024-09-20T05:21:38+00:00","mainEntityOfPage":{"@id":"https:\/\/sindromecharge.es\/index.php\/2024\/09\/20\/representantes-variado-panorama-discapacidad-celebran-segundo-aniversario-capaces\/"},"wordCount":1556,"articleSection":["noticias"],"inLanguage":"es"},{"@type":"WebPage","@id":"https:\/\/sindromecharge.es\/index.php\/2024\/09\/20\/representantes-variado-panorama-discapacidad-celebran-segundo-aniversario-capaces\/","url":"https:\/\/sindromecharge.es\/index.php\/2024\/09\/20\/representantes-variado-panorama-discapacidad-celebran-segundo-aniversario-capaces\/","name":"Representantes del variado panorama de la discapacidad celebran el segundo aniversario de Capaces: \"Contribu\u00eds a nuestra inclusi\u00f3n\" - Asociaci\u00f3n Espa\u00f1ola S\u00edndrome de Charge","isPartOf":{"@id":"https:\/\/sindromecharge.es\/#website"},"datePublished":"2024-09-20T05:21:38+00:00","author":{"@id":"https:\/\/sindromecharge.es\/#\/schema\/person\/39a60ebe0a2b4d5a11179701e336b039"},"breadcrumb":{"@id":"https:\/\/sindromecharge.es\/index.php\/2024\/09\/20\/representantes-variado-panorama-discapacidad-celebran-segundo-aniversario-capaces\/#breadcrumb"},"inLanguage":"es","potentialAction":[{"@type":"ReadAction","target":["https:\/\/sindromecharge.es\/index.php\/2024\/09\/20\/representantes-variado-panorama-discapacidad-celebran-segundo-aniversario-capaces\/"]}]},{"@type":"BreadcrumbList","@id":"https:\/\/sindromecharge.es\/index.php\/2024\/09\/20\/representantes-variado-panorama-discapacidad-celebran-segundo-aniversario-capaces\/#breadcrumb","itemListElement":[{"@type":"ListItem","position":1,"name":"Portada","item":"https:\/\/sindromecharge.es\/"},{"@type":"ListItem","position":2,"name":"Representantes del variado panorama de la discapacidad celebran el segundo aniversario de Capaces: &#8220;Contribu\u00eds a nuestra inclusi\u00f3n&#8221;"}]},{"@type":"WebSite","@id":"https:\/\/sindromecharge.es\/#website","url":"https:\/\/sindromecharge.es\/","name":"Asociaci\u00f3n Espa\u00f1ola S\u00edndrome de Charge","description":"","potentialAction":[{"@type":"SearchAction","target":{"@type":"EntryPoint","urlTemplate":"https:\/\/sindromecharge.es\/?s={search_term_string}"},"query-input":{"@type":"PropertyValueSpecification","valueRequired":true,"valueName":"search_term_string"}}],"inLanguage":"es"},{"@type":"Person","@id":"https:\/\/sindromecharge.es\/#\/schema\/person\/39a60ebe0a2b4d5a11179701e336b039","name":"Charge","image":{"@type":"ImageObject","inLanguage":"es","@id":"https:\/\/secure.gravatar.com\/avatar\/c3b46e32a0fc3b093a0873fb767bf3293de856293065e84ef06b7ec7a8acfb98?s=96&d=identicon&r=x","url":"https:\/\/secure.gravatar.com\/avatar\/c3b46e32a0fc3b093a0873fb767bf3293de856293065e84ef06b7ec7a8acfb98?s=96&d=identicon&r=x","contentUrl":"https:\/\/secure.gravatar.com\/avatar\/c3b46e32a0fc3b093a0873fb767bf3293de856293065e84ef06b7ec7a8acfb98?s=96&d=identicon&r=x","caption":"Charge"},"url":"https:\/\/sindromecharge.es\/index.php\/author\/admin\/"}]}},"_links":{"self":[{"href":"https:\/\/sindromecharge.es\/index.php\/wp-json\/wp\/v2\/posts\/10325","targetHints":{"allow":["GET"]}}],"collection":[{"href":"https:\/\/sindromecharge.es\/index.php\/wp-json\/wp\/v2\/posts"}],"about":[{"href":"https:\/\/sindromecharge.es\/index.php\/wp-json\/wp\/v2\/types\/post"}],"author":[{"embeddable":true,"href":"https:\/\/sindromecharge.es\/index.php\/wp-json\/wp\/v2\/users\/1"}],"replies":[{"embeddable":true,"href":"https:\/\/sindromecharge.es\/index.php\/wp-json\/wp\/v2\/comments?post=10325"}],"version-history":[{"count":0,"href":"https:\/\/sindromecharge.es\/index.php\/wp-json\/wp\/v2\/posts\/10325\/revisions"}],"wp:attachment":[{"href":"https:\/\/sindromecharge.es\/index.php\/wp-json\/wp\/v2\/media?parent=10325"}],"wp:term":[{"taxonomy":"category","embeddable":true,"href":"https:\/\/sindromecharge.es\/index.php\/wp-json\/wp\/v2\/categories?post=10325"},{"taxonomy":"post_tag","embeddable":true,"href":"https:\/\/sindromecharge.es\/index.php\/wp-json\/wp\/v2\/tags?post=10325"}],"curies":[{"name":"wp","href":"https:\/\/api.w.org\/{rel}","templated":true}]}}