{"id":10324,"date":"2024-09-20T05:21:20","date_gmt":"2024-09-20T05:21:20","guid":{"rendered":"https:\/\/sindromecharge.es\/index.php\/2024\/09\/20\/capaces-dos-anos-dando-voz-espacio-las-personas-con-discapacidad\/"},"modified":"2024-09-20T05:21:20","modified_gmt":"2024-09-20T05:21:20","slug":"capaces-dos-anos-dando-voz-espacio-las-personas-con-discapacidad","status":"publish","type":"post","link":"https:\/\/sindromecharge.es\/index.php\/2024\/09\/20\/capaces-dos-anos-dando-voz-espacio-las-personas-con-discapacidad\/","title":{"rendered":"&#8216;Capaces&#8217;, dos a\u00f1os dando voz y espacio a las personas con discapacidad"},"content":{"rendered":"<p>Leemos en Discapacidad la siguiente noticia que os reproducimos de forma \u00edntegra: <\/p>\n<div>\n<p>Este viernes, 20 de septiembre<i>, <a href=\"https:\/\/www.20minutos.es\/capaces\/\" title=\"Capaces\">Capaces<\/a><\/i>, la apuesta del grupo Henneo -editor del peri\u00f3dico<a href=\"https:\/\/www.20minutos.es\/minuteca\/20minutos\/\" title=\"20minutos\" target=\"_blank\" rel=\"noopener\"> 20minutos<\/a>&#8211; y <a href=\"https:\/\/www.20minutos.es\/minuteca\/fundacion-querer\/\" title=\"Fundaci\u00f3n Querer\" target=\"_blank\" rel=\"noopener\">Fundaci\u00f3n Querer<\/a> por informar a diario sobre <a href=\"https:\/\/www.20minutos.es\/minuteca\/discapacidad\/\" title=\"Discapacidad\">discapacidad<\/a>, cumple su segundo aniversario. 24 meses <b>visibilizando la realidad de las personas con discapacidad, sus familias y los profesionales y entidades<\/b> que trabajan con ellas, a diario y con rigor.<\/p>\n<p><i>Capaces n<\/i>o lleg\u00f3 con el af\u00e1n de romper audiencias, sin embargo, la audiencia ha respondido y, a lo largo de estos dos a\u00f1os,<b> m\u00e1s 5 millones <\/b>de personas se han acercado en busca de <b>historias reales y humanas<\/b>, entrevistas a expertos de toda \u00edndole relacionados con el mundo de la discapacidad o de informaci\u00f3n pr\u00e1ctica que haga su d\u00eda a d\u00eda un poco m\u00e1s f\u00e1cil.<\/p>\n<p><b>Cada mes se interesan por nuestros contenidos medio mill\u00f3n de lectores<\/b>, lo que demuestra que la discapacidad importa y mucho. Pero, n\u00fameros aparte, &#8216;Capaces&#8217;  est\u00e1 logrando su prop\u00f3sito de visibilizar, concienciar y ser altavoz de aquellos que m\u00e1s lo necesitan.<\/p>\n<p>A lo largo de estos a\u00f1os, los lectores han demostrado especial inter\u00e9s por testimonios de personas con discapacidad como <a href=\"https:\/\/www.20minutos.es\/noticia\/5071387\/0\/teresa-valencia-victima-de-acoso-escolar-discapacidad-cambiarme-de-colegio-me-cambio-la-vida\/\">Teresa Valencia<\/a>, v\u00edctima de acoso escolar, o <a href=\"https:\/\/www.20minutos.es\/noticia\/5217741\/0\/manuel-josefa-julian-vane-dos-parejas-enamorados-con-discapacidad-intelectual\/\">Manuel y Josefa<\/a>, con discapacidad intelectual y una larga y bonita historia de amor; las dificultades de <a href=\"https:\/\/www.20minutos.es\/noticia\/5612386\/0\/eva-madre-cuidadora-izan-enrique-con-discapacidad-nadie-me-dijo-que-existia-cume-me-quede-sin-trabajo-sin-ayudas\/\">madres cuidadoras como Eva<\/a> o <a href=\"https:\/\/www.20minutos.es\/noticia\/5194294\/0\/maribel-madre-nina-con-discapacidad-intelectual-propio-colegio-excluyo-elba-porque-estorbaba-retrasaba-clase\/\">Maribel<\/a>; entrevistas a cient\u00edficos de primer nivel como <a href=\"https:\/\/www.20minutos.es\/noticia\/5148171\/0\/albert-llado-neurologo-los-proximos-meses-se-espera-aprobar-algun-farmaco-que-ralentice-progresion-alzheimer-\/\">el neur\u00f3logo Albert Llad\u00f3<\/a>, <a href=\"https:\/\/www.20minutos.es\/noticia\/5524850\/0\/alberto-garcia-neuropsicologo-avances-proximas-decadas-replantearnos-como-creemos-funciona-cerebro\/\">el neuropsic\u00f3logo Alberto Garc\u00eda<\/a> o <a href=\"https:\/\/www.20minutos.es\/noticia\/5214871\/0\/gil-nagel\/\">el referente mundial en epilepsia Antonio Gil-Nagel<\/a>; contenido pr\u00e1ctico para<a href=\"https:\/\/www.20minutos.es\/imagenes\/capaces\/5192522-que-beneficios-tienen-las-personas-con-discapacidad-hora-acceder-una-vivienda\/\"> acceder a ayudas<\/a>,<a href=\"https:\/\/www.20minutos.es\/noticia\/5088746\/0\/grados-de-dependencia-cuantos-hay-que-significa-cada-uno-y-que-derechos-les-corresponden\/\"> entender mejor los tr\u00e1mites burocr\u00e1ticos<\/a> o las <a href=\"https:\/\/www.20minutos.es\/noticia\/5246547\/0\/consejo-ministros-aprobara-martes-prohibicion-despido-por-discapacidad-sobrevenida\/\">novedades legislativas<\/a>; denuncias pidiendo <a href=\"https:\/\/www.20minutos.es\/noticia\/5161911\/0\/asi-son-las-vacaciones-alberto-alvaro-patricia-gloria-aiuri-antonio-con-discapacidad-falta-accesibilidad-\/\">mayor accesibilidad<\/a>, reducir la <a href=\"https:\/\/www.20minutos.es\/noticia\/5634613\/0\/brecha-salarial-no-es-solo-cuestion-genero-las-personas-con-discapacidad-cobran-media-4-486-euros-menos\/\">brecha salarial<\/a> o <a href=\"https:\/\/www.20minutos.es\/noticia\/5634813\/0\/las-listas-espera-vergueenza\/\" title=\"Las listas de espera de la verg\u00fcenza\">las listas de espera del reconocimiento de la discapacidad<\/a>, y <a href=\"https:\/\/www.20minutos.es\/noticia\/5109113\/0\/el-supremo-determina-que-los-alumnos-con-tdah-no-necesitan-acreditar-un-33-de-discapacidad-para-optar-a-las-becas\/\">noticias de \u00faltima hora<\/a>, como el reciente <a href=\"https:\/\/www.20minutos.es\/noticia\/5633966\/0\/acuerdo-sobre-ley-ela-casi-una-realidad-contempla-los-cuidados-24-horas-dia-mas-importante\/\">acuerdo para la aprobaci\u00f3n de una ley ELA<\/a>.  <\/p>\n<h2>Una labor reconocida y premiada<\/h2>\n<p>Durante estos dos a\u00f1os, Capaces no solo ha obtenido el benepl\u00e1cito de los lectores; su labor visibilizando la discapacidad ha sido reconocida en forma de premios. El primero de ellos lleg\u00f3 de la  mano de la <a href=\"https:\/\/www.20minutos.es\/noticia\/5113617\/0\/capaces-el-premio-a-la-comunicacion-e-imagen-social-de-la-mano-de-autismo-madrid\/\" target=\"_blank\" rel=\"noopener\">Federaci\u00f3n Autismo Madrid<\/a>, en el marco del <b>D\u00eda Mundial de Concienciaci\u00f3n sobre el<a href=\"https:\/\/www.20minutos.es\/minuteca\/autismo\/\" title=\"Autismo\" target=\"_blank\" rel=\"noopener\"> Autismo<\/a><\/b> y dentro la categor\u00eda de Comunicaci\u00f3n e Imagen Social. <\/p>\n<p><b>Atades, la Asociaci\u00f3n Tutelar Aragonesa de Discapacidad Intelectual<\/b>, otorg\u00f3 a continuaci\u00f3n uno de sus premios anuales al proyecto del Grupo Henneo y Fundaci\u00f3n Querer por ser \u00abla mejor iniciativa de imagen o comunicaci\u00f3n para dar proyecci\u00f3n a las personas con discapacidad intelectual y sus actividades\u00bb.<\/p>\n<p>A finales de 2023, llegaron dos importantes galardones m\u00e1s. El primero de ellos, de la mano de <a href=\"https:\/\/www.20minutos.es\/noticia\/5195439\/0\/capaces-recibe-premio-medios-comunicacion-imagen-social-discapacidad-mano-cermi\/\" target=\"_blank\" rel=\"noopener\">Luis Cayo, presidente del Comit\u00e9 de Representantes de Personas con Discapacidad<\/a>, que quiso destacar el compromiso de &#8216;Capaces&#8217; en la toma de conciencia de la \u00abdignidad y los derechos de las personas con discapacidad\u00bb. \u00ab<b>Est\u00e1is haciendo vanguardia en abordar con pulcritud y justeza informativa la discapacidad<\/b>\u201d, destac\u00f3 Lara mientras entregaba a Capaces el premio &#8216;Medios de Comunicaci\u00f3n e Imagen Social de la Discapacidad&#8217;.<\/p>\n<p>Pocos d\u00edas despu\u00e9s, llegar\u00eda otro importante galard\u00f3n, esta vez de parte del <a href=\"https:\/\/www.20minutos.es\/noticia\/5187287\/0\/justicia-discapacidad-capaces-juez-elosegui-inditex-laliga-premiados-por-su-labor-ambito-discapacidad\/\" title=\"'Capaces' de '20minutos' y Fundaci\u00f3n Querer, la juez El\u00f3segui, Inditex y LaLiga, premiados por su labor en el \u00e1mbito de la discapacidad por el CGPJ\" target=\"_blank\" rel=\"noopener\">Foro Justicia y Discapacidad, creado por el Consejo General del Poder Judicial (CGPJ). <\/a>Este organismo quiso premiar a Capaces por \u00abel tratamiento dado a la informaci\u00f3n sobre el colectivo de personas con discapacidad\u00bb.<\/p>\n<p>Tambi\u00e9n <a href=\"https:\/\/www.20minutos.es\/autor\/merche-borja\/\" title=\"Merche Borja\">Merche Borja<\/a>, redactora de Capaces y madre de un ni\u00f1o con autismo, fue reconocida por el <b>premio Cecilia Conde<\/b> del Colegio Profesional de Fisioterapeutas de la Comunidad de Madrid.<\/p>\n<p>La inmejorable acogida de Capaces en estos primeros dos a\u00f1os de vida, tanto por parte de los lectores, las propias personas con discapacidad, y las entidades y profesionales que trabajan con ella, es <b>un gran impulso para seguir informando,<\/b> <b>desde el rigor y el respeto,<\/b> sobre el mundo de la discapacidad, un mundo muchas veces ignorado, a pesar de estar presente en casi el<b> 10% de las personas que viven en Espa\u00f1a<\/b>, m\u00e1s de 4,3 millones de ciudadanos. <\/p>\n<p>Desde aqu\u00ed, el equipo que integra Capaces, estrechamente ligado a nivel personal con la discapacidad, os agradecemos de coraz\u00f3n a todos el apoyo recibido y os animamos a informaros cada d\u00eda <a href=\"https:\/\/www.20minutos.es\/capaces\/\" title=\"Capaces\">a trav\u00e9s de nuestras p\u00e1ginas<\/a> y todas las semanas desde nuestra <a href=\"https:\/\/www.20minutos.es\/estaticos\/newsletter-capaces\/\" target=\"_blank\" rel=\"noopener\">newsletter<\/a> y a hacernos llegar vuestras sugerencia a capaces@20minutos.es<\/p>\n<\/div>\n<p>Fuente: Discapacidad https:\/\/www.20minutos.es\/noticia\/5632556\/0\/capaces-dos-anos-dando-voz-espacio-las-personas-con-discapacidad\/<\/p>\n","protected":false},"excerpt":{"rendered":"<p>El 20 de septiembre, &#8216;Capaces&#8217;, la secci\u00f3n dedicada a discapacidad del diario 20 Minutos y Fundaci\u00f3n Querer, cumple dos a\u00f1os.<\/p>\n","protected":false},"author":1,"featured_media":0,"comment_status":"closed","ping_status":"closed","sticky":false,"template":"","format":"standard","meta":{"footnotes":""},"categories":[8],"tags":[],"class_list":["post-10324","post","type-post","status-publish","format-standard","hentry","category-noticias"],"yoast_head":"<!-- This site is optimized with the Yoast SEO plugin v27.5 - https:\/\/yoast.com\/product\/yoast-seo-wordpress\/ -->\n<title>&#039;Capaces&#039;, dos a\u00f1os dando voz y espacio a las personas con discapacidad - Asociaci\u00f3n Espa\u00f1ola S\u00edndrome de Charge<\/title>\n<meta name=\"robots\" content=\"index, follow, max-snippet:-1, max-image-preview:large, max-video-preview:-1\" \/>\n<link rel=\"canonical\" href=\"https:\/\/sindromecharge.es\/index.php\/2024\/09\/20\/capaces-dos-anos-dando-voz-espacio-las-personas-con-discapacidad\/\" \/>\n<meta property=\"og:locale\" content=\"es_ES\" \/>\n<meta property=\"og:type\" content=\"article\" \/>\n<meta property=\"og:title\" content=\"&#039;Capaces&#039;, dos a\u00f1os dando voz y espacio a las personas con discapacidad - Asociaci\u00f3n Espa\u00f1ola S\u00edndrome de Charge\" \/>\n<meta property=\"og:description\" content=\"El 20 de septiembre, &#8216;Capaces&#8217;, la secci\u00f3n dedicada a discapacidad del diario 20 Minutos y Fundaci\u00f3n Querer, cumple dos a\u00f1os.\" \/>\n<meta property=\"og:url\" content=\"https:\/\/sindromecharge.es\/index.php\/2024\/09\/20\/capaces-dos-anos-dando-voz-espacio-las-personas-con-discapacidad\/\" \/>\n<meta property=\"og:site_name\" content=\"Asociaci\u00f3n Espa\u00f1ola S\u00edndrome de Charge\" \/>\n<meta property=\"article:publisher\" content=\"https:\/\/www.facebook.com\/asociacionsindromecharge\" \/>\n<meta property=\"article:published_time\" content=\"2024-09-20T05:21:20+00:00\" \/>\n<meta property=\"og:image\" content=\"https:\/\/sindromecharge.es\/wp-content\/uploads\/2013\/09\/logodecharge300x98.png\" \/>\n\t<meta property=\"og:image:width\" content=\"300\" \/>\n\t<meta property=\"og:image:height\" content=\"98\" \/>\n\t<meta property=\"og:image:type\" content=\"image\/png\" \/>\n<meta name=\"author\" content=\"Charge\" \/>\n<meta name=\"twitter:card\" content=\"summary_large_image\" \/>\n<meta name=\"twitter:creator\" content=\"@sindromecharge\" \/>\n<meta name=\"twitter:site\" content=\"@sindromecharge\" \/>\n<meta name=\"twitter:label1\" content=\"Escrito por\" \/>\n\t<meta name=\"twitter:data1\" content=\"Charge\" \/>\n\t<meta name=\"twitter:label2\" content=\"Tiempo de lectura\" \/>\n\t<meta name=\"twitter:data2\" content=\"4 minutos\" \/>\n<script type=\"application\/ld+json\" class=\"yoast-schema-graph\">{\"@context\":\"https:\\\/\\\/schema.org\",\"@graph\":[{\"@type\":\"Article\",\"@id\":\"https:\\\/\\\/sindromecharge.es\\\/index.php\\\/2024\\\/09\\\/20\\\/capaces-dos-anos-dando-voz-espacio-las-personas-con-discapacidad\\\/#article\",\"isPartOf\":{\"@id\":\"https:\\\/\\\/sindromecharge.es\\\/index.php\\\/2024\\\/09\\\/20\\\/capaces-dos-anos-dando-voz-espacio-las-personas-con-discapacidad\\\/\"},\"author\":{\"name\":\"Charge\",\"@id\":\"https:\\\/\\\/sindromecharge.es\\\/#\\\/schema\\\/person\\\/39a60ebe0a2b4d5a11179701e336b039\"},\"headline\":\"&#8216;Capaces&#8217;, dos a\u00f1os dando voz y espacio a las personas con discapacidad\",\"datePublished\":\"2024-09-20T05:21:20+00:00\",\"mainEntityOfPage\":{\"@id\":\"https:\\\/\\\/sindromecharge.es\\\/index.php\\\/2024\\\/09\\\/20\\\/capaces-dos-anos-dando-voz-espacio-las-personas-con-discapacidad\\\/\"},\"wordCount\":757,\"articleSection\":[\"noticias\"],\"inLanguage\":\"es\"},{\"@type\":\"WebPage\",\"@id\":\"https:\\\/\\\/sindromecharge.es\\\/index.php\\\/2024\\\/09\\\/20\\\/capaces-dos-anos-dando-voz-espacio-las-personas-con-discapacidad\\\/\",\"url\":\"https:\\\/\\\/sindromecharge.es\\\/index.php\\\/2024\\\/09\\\/20\\\/capaces-dos-anos-dando-voz-espacio-las-personas-con-discapacidad\\\/\",\"name\":\"'Capaces', dos a\u00f1os dando voz y espacio a las personas con discapacidad - Asociaci\u00f3n Espa\u00f1ola S\u00edndrome de Charge\",\"isPartOf\":{\"@id\":\"https:\\\/\\\/sindromecharge.es\\\/#website\"},\"datePublished\":\"2024-09-20T05:21:20+00:00\",\"author\":{\"@id\":\"https:\\\/\\\/sindromecharge.es\\\/#\\\/schema\\\/person\\\/39a60ebe0a2b4d5a11179701e336b039\"},\"breadcrumb\":{\"@id\":\"https:\\\/\\\/sindromecharge.es\\\/index.php\\\/2024\\\/09\\\/20\\\/capaces-dos-anos-dando-voz-espacio-las-personas-con-discapacidad\\\/#breadcrumb\"},\"inLanguage\":\"es\",\"potentialAction\":[{\"@type\":\"ReadAction\",\"target\":[\"https:\\\/\\\/sindromecharge.es\\\/index.php\\\/2024\\\/09\\\/20\\\/capaces-dos-anos-dando-voz-espacio-las-personas-con-discapacidad\\\/\"]}]},{\"@type\":\"BreadcrumbList\",\"@id\":\"https:\\\/\\\/sindromecharge.es\\\/index.php\\\/2024\\\/09\\\/20\\\/capaces-dos-anos-dando-voz-espacio-las-personas-con-discapacidad\\\/#breadcrumb\",\"itemListElement\":[{\"@type\":\"ListItem\",\"position\":1,\"name\":\"Portada\",\"item\":\"https:\\\/\\\/sindromecharge.es\\\/\"},{\"@type\":\"ListItem\",\"position\":2,\"name\":\"&#8216;Capaces&#8217;, dos a\u00f1os dando voz y espacio a las personas con discapacidad\"}]},{\"@type\":\"WebSite\",\"@id\":\"https:\\\/\\\/sindromecharge.es\\\/#website\",\"url\":\"https:\\\/\\\/sindromecharge.es\\\/\",\"name\":\"Asociaci\u00f3n Espa\u00f1ola S\u00edndrome de Charge\",\"description\":\"\",\"potentialAction\":[{\"@type\":\"SearchAction\",\"target\":{\"@type\":\"EntryPoint\",\"urlTemplate\":\"https:\\\/\\\/sindromecharge.es\\\/?s={search_term_string}\"},\"query-input\":{\"@type\":\"PropertyValueSpecification\",\"valueRequired\":true,\"valueName\":\"search_term_string\"}}],\"inLanguage\":\"es\"},{\"@type\":\"Person\",\"@id\":\"https:\\\/\\\/sindromecharge.es\\\/#\\\/schema\\\/person\\\/39a60ebe0a2b4d5a11179701e336b039\",\"name\":\"Charge\",\"image\":{\"@type\":\"ImageObject\",\"inLanguage\":\"es\",\"@id\":\"https:\\\/\\\/secure.gravatar.com\\\/avatar\\\/c3b46e32a0fc3b093a0873fb767bf3293de856293065e84ef06b7ec7a8acfb98?s=96&d=identicon&r=x\",\"url\":\"https:\\\/\\\/secure.gravatar.com\\\/avatar\\\/c3b46e32a0fc3b093a0873fb767bf3293de856293065e84ef06b7ec7a8acfb98?s=96&d=identicon&r=x\",\"contentUrl\":\"https:\\\/\\\/secure.gravatar.com\\\/avatar\\\/c3b46e32a0fc3b093a0873fb767bf3293de856293065e84ef06b7ec7a8acfb98?s=96&d=identicon&r=x\",\"caption\":\"Charge\"},\"url\":\"https:\\\/\\\/sindromecharge.es\\\/index.php\\\/author\\\/admin\\\/\"}]}<\/script>\n<!-- \/ Yoast SEO plugin. -->","yoast_head_json":{"title":"'Capaces', dos a\u00f1os dando voz y espacio a las personas con discapacidad - Asociaci\u00f3n Espa\u00f1ola S\u00edndrome de Charge","robots":{"index":"index","follow":"follow","max-snippet":"max-snippet:-1","max-image-preview":"max-image-preview:large","max-video-preview":"max-video-preview:-1"},"canonical":"https:\/\/sindromecharge.es\/index.php\/2024\/09\/20\/capaces-dos-anos-dando-voz-espacio-las-personas-con-discapacidad\/","og_locale":"es_ES","og_type":"article","og_title":"'Capaces', dos a\u00f1os dando voz y espacio a las personas con discapacidad - Asociaci\u00f3n Espa\u00f1ola S\u00edndrome de Charge","og_description":"El 20 de septiembre, &#8216;Capaces&#8217;, la secci\u00f3n dedicada a discapacidad del diario 20 Minutos y Fundaci\u00f3n Querer, cumple dos a\u00f1os.","og_url":"https:\/\/sindromecharge.es\/index.php\/2024\/09\/20\/capaces-dos-anos-dando-voz-espacio-las-personas-con-discapacidad\/","og_site_name":"Asociaci\u00f3n Espa\u00f1ola S\u00edndrome de Charge","article_publisher":"https:\/\/www.facebook.com\/asociacionsindromecharge","article_published_time":"2024-09-20T05:21:20+00:00","og_image":[{"width":300,"height":98,"url":"https:\/\/sindromecharge.es\/wp-content\/uploads\/2013\/09\/logodecharge300x98.png","type":"image\/png"}],"author":"Charge","twitter_card":"summary_large_image","twitter_creator":"@sindromecharge","twitter_site":"@sindromecharge","twitter_misc":{"Escrito por":"Charge","Tiempo de lectura":"4 minutos"},"schema":{"@context":"https:\/\/schema.org","@graph":[{"@type":"Article","@id":"https:\/\/sindromecharge.es\/index.php\/2024\/09\/20\/capaces-dos-anos-dando-voz-espacio-las-personas-con-discapacidad\/#article","isPartOf":{"@id":"https:\/\/sindromecharge.es\/index.php\/2024\/09\/20\/capaces-dos-anos-dando-voz-espacio-las-personas-con-discapacidad\/"},"author":{"name":"Charge","@id":"https:\/\/sindromecharge.es\/#\/schema\/person\/39a60ebe0a2b4d5a11179701e336b039"},"headline":"&#8216;Capaces&#8217;, dos a\u00f1os dando voz y espacio a las personas con discapacidad","datePublished":"2024-09-20T05:21:20+00:00","mainEntityOfPage":{"@id":"https:\/\/sindromecharge.es\/index.php\/2024\/09\/20\/capaces-dos-anos-dando-voz-espacio-las-personas-con-discapacidad\/"},"wordCount":757,"articleSection":["noticias"],"inLanguage":"es"},{"@type":"WebPage","@id":"https:\/\/sindromecharge.es\/index.php\/2024\/09\/20\/capaces-dos-anos-dando-voz-espacio-las-personas-con-discapacidad\/","url":"https:\/\/sindromecharge.es\/index.php\/2024\/09\/20\/capaces-dos-anos-dando-voz-espacio-las-personas-con-discapacidad\/","name":"'Capaces', dos a\u00f1os dando voz y espacio a las personas con discapacidad - Asociaci\u00f3n Espa\u00f1ola S\u00edndrome de Charge","isPartOf":{"@id":"https:\/\/sindromecharge.es\/#website"},"datePublished":"2024-09-20T05:21:20+00:00","author":{"@id":"https:\/\/sindromecharge.es\/#\/schema\/person\/39a60ebe0a2b4d5a11179701e336b039"},"breadcrumb":{"@id":"https:\/\/sindromecharge.es\/index.php\/2024\/09\/20\/capaces-dos-anos-dando-voz-espacio-las-personas-con-discapacidad\/#breadcrumb"},"inLanguage":"es","potentialAction":[{"@type":"ReadAction","target":["https:\/\/sindromecharge.es\/index.php\/2024\/09\/20\/capaces-dos-anos-dando-voz-espacio-las-personas-con-discapacidad\/"]}]},{"@type":"BreadcrumbList","@id":"https:\/\/sindromecharge.es\/index.php\/2024\/09\/20\/capaces-dos-anos-dando-voz-espacio-las-personas-con-discapacidad\/#breadcrumb","itemListElement":[{"@type":"ListItem","position":1,"name":"Portada","item":"https:\/\/sindromecharge.es\/"},{"@type":"ListItem","position":2,"name":"&#8216;Capaces&#8217;, dos a\u00f1os dando voz y espacio a las personas con discapacidad"}]},{"@type":"WebSite","@id":"https:\/\/sindromecharge.es\/#website","url":"https:\/\/sindromecharge.es\/","name":"Asociaci\u00f3n Espa\u00f1ola S\u00edndrome de Charge","description":"","potentialAction":[{"@type":"SearchAction","target":{"@type":"EntryPoint","urlTemplate":"https:\/\/sindromecharge.es\/?s={search_term_string}"},"query-input":{"@type":"PropertyValueSpecification","valueRequired":true,"valueName":"search_term_string"}}],"inLanguage":"es"},{"@type":"Person","@id":"https:\/\/sindromecharge.es\/#\/schema\/person\/39a60ebe0a2b4d5a11179701e336b039","name":"Charge","image":{"@type":"ImageObject","inLanguage":"es","@id":"https:\/\/secure.gravatar.com\/avatar\/c3b46e32a0fc3b093a0873fb767bf3293de856293065e84ef06b7ec7a8acfb98?s=96&d=identicon&r=x","url":"https:\/\/secure.gravatar.com\/avatar\/c3b46e32a0fc3b093a0873fb767bf3293de856293065e84ef06b7ec7a8acfb98?s=96&d=identicon&r=x","contentUrl":"https:\/\/secure.gravatar.com\/avatar\/c3b46e32a0fc3b093a0873fb767bf3293de856293065e84ef06b7ec7a8acfb98?s=96&d=identicon&r=x","caption":"Charge"},"url":"https:\/\/sindromecharge.es\/index.php\/author\/admin\/"}]}},"_links":{"self":[{"href":"https:\/\/sindromecharge.es\/index.php\/wp-json\/wp\/v2\/posts\/10324","targetHints":{"allow":["GET"]}}],"collection":[{"href":"https:\/\/sindromecharge.es\/index.php\/wp-json\/wp\/v2\/posts"}],"about":[{"href":"https:\/\/sindromecharge.es\/index.php\/wp-json\/wp\/v2\/types\/post"}],"author":[{"embeddable":true,"href":"https:\/\/sindromecharge.es\/index.php\/wp-json\/wp\/v2\/users\/1"}],"replies":[{"embeddable":true,"href":"https:\/\/sindromecharge.es\/index.php\/wp-json\/wp\/v2\/comments?post=10324"}],"version-history":[{"count":0,"href":"https:\/\/sindromecharge.es\/index.php\/wp-json\/wp\/v2\/posts\/10324\/revisions"}],"wp:attachment":[{"href":"https:\/\/sindromecharge.es\/index.php\/wp-json\/wp\/v2\/media?parent=10324"}],"wp:term":[{"taxonomy":"category","embeddable":true,"href":"https:\/\/sindromecharge.es\/index.php\/wp-json\/wp\/v2\/categories?post=10324"},{"taxonomy":"post_tag","embeddable":true,"href":"https:\/\/sindromecharge.es\/index.php\/wp-json\/wp\/v2\/tags?post=10324"}],"curies":[{"name":"wp","href":"https:\/\/api.w.org\/{rel}","templated":true}]}}