{"id":10323,"date":"2024-09-19T06:45:53","date_gmt":"2024-09-19T06:45:53","guid":{"rendered":"https:\/\/sindromecharge.es\/index.php\/2024\/09\/19\/un-informe-alerta-retroceso-ciertos-derechos-adquiridos-por-las-personas-con-discapacidad-tras-reforma-legal-capacidad-juridica\/"},"modified":"2024-09-19T06:45:53","modified_gmt":"2024-09-19T06:45:53","slug":"un-informe-alerta-retroceso-ciertos-derechos-adquiridos-por-las-personas-con-discapacidad-tras-reforma-legal-capacidad-juridica","status":"publish","type":"post","link":"https:\/\/sindromecharge.es\/index.php\/2024\/09\/19\/un-informe-alerta-retroceso-ciertos-derechos-adquiridos-por-las-personas-con-discapacidad-tras-reforma-legal-capacidad-juridica\/","title":{"rendered":"Un informe alerta del \u00abretroceso en derechos\u00bb de las personas con discapacidad tras la reforma de la capacidad jur\u00eddica"},"content":{"rendered":"<p>Leemos en Discapacidad la siguiente noticia que os reproducimos de forma \u00edntegra: <\/p>\n<div>\n<p><b>Plena inclusi\u00f3n Espa\u00f1a<\/b> denunci\u00f3 este mi\u00e9rcoles que la reforma de la Legislaci\u00f3n civil y procesal sobre la <b>capacidad jur\u00eddica <\/b>de las personas con Discapacidad ha supuesto \u201c<b>algunos retrocesos <\/b>a la hora de acceder a beneficios tributarios, servicios bancarios o actos jur\u00eddicos\u201d por parte de este colectivo, debido a su aplicaci\u00f3n.<\/p>\n<p>As\u00ed lo pone de manifiesto el <b><a href=\"https:\/\/www.plenainclusion.org\/publicaciones\/buscador\/informe-efectos-colaterales-de-la-ley-8-2021\/\" target=\"_blank\" rel=\"nofollow noopener\">Informe jur\u00eddico sobre los \u2018Efectos colaterales de la Ley 8\/2021<\/a><\/b>&#8216; presentado en la sede del Consejo general de la Abogac\u00eda en Madrid, que analiza las consecuencias de esta reforma, encaminada a acabar con el<b> r\u00e9gimen de incapacitaci\u00f3n<\/b> y reconocer el pleno derecho a efectuar ciertos actos jur\u00eddicos de de todas las personas, incluidas aquellas con alguna discapacidad intelectual y del desarrollo.<\/p>\n<p>Este informe alerta de la detecci\u00f3n de ciertas lagunas en la aplicaci\u00f3n de la citada Ley, que en la pr\u00e1ctica implican un \u201cretroceso en derechos adquiridos\u201d <b>para las personas con<a href=\"https:\/\/www.20minutos.es\/minuteca\/discapacidad-intelectual\/\" title=\"Discapacidad intelectual\" target=\"_blank\" rel=\"noopener\"> discapacidad intelectual<\/a> y del desarrollo<\/b>.<\/p>\n<p>Entre otras, el informe advierte de consecuencias en el<b> \u00e1mbito tributario<\/b> (p\u00e9rdida de beneficios fiscales); de la <b>Seguridad Social <\/b>(retirada de prestaciones); de las finanzas, pues se<b> dificulta el acceso y la contrataci\u00f3n de productos bancarios<\/b>; el mundo laboral con p\u00e9rdidas de derechos de trabajadores en convenios colectivos, y en el terreno jur\u00eddico (problemas para acceder a la asistencia jur\u00eddica gratuita en los expedientes de jurisdicci\u00f3n voluntaria).<\/p>\n<p>El documento, elaborado por la entidad Gentium a instancias de Plena inclusi\u00f3n, est\u00e1 dirigido a profesionales del derecho, sobre todo abogados y abogadas. Pretende<b> facilitar la defensa de los derechos <\/b>de las personas con discapacidad intelectual y del desarrollo a trav\u00e9s del asesoramiento jur\u00eddico y la litigaci\u00f3n.<\/p>\n<p>Para ello, ofrece a los y las profesionales diversas l\u00edneas de argumentaci\u00f3n y defensa para evitar dichos efectos indeseados de la aplicaci\u00f3n de esta Ley, con el objetivo de <b>prevenir todas estas situaciones de indefensi\u00f3n<\/b>.<\/p>\n<p>La presentaci\u00f3n cont\u00f3 con las<b> intervenciones de Carmen Laucirica, presidenta de Plena inclusi\u00f3n Espa\u00f1a<\/b>; Berta \u00c1lvarez, coordinadora de la Fundaci\u00f3n Abogac\u00eda y Derechos Humanos; Gregorio Saravia, delegado del Cermi de Derechos Humanos y para la Convenci\u00f3n de la <a href=\"https:\/\/www.20minutos.es\/minuteca\/onu\/\" title=\"ONU\" target=\"_blank\" rel=\"noopener\">ONU<\/a> y miembro de la Alianza Apoyo y Autonom\u00eda; Patricia B\u00e1rcena, adjunta segunda del Defensor del Pueblo; In\u00e9s de Araoz, coordinadora del \u00e1rea jur\u00eddica de Plena inclusi\u00f3n Espa\u00f1a; Rafael Cid, socio fundador y director de Estrategia Jur\u00eddica de Gentium; Laura Espejo, adjunta a la direcci\u00f3n de Plena inclusi\u00f3n Espa\u00f1a; Mar\u00eda Jos\u00e9 Segarra, fiscal de sala coordinadora de Personas con <a href=\"https:\/\/www.20minutos.es\/minuteca\/discapacidad\/\" title=\"Discapacidad\" target=\"_blank\" rel=\"noopener\">Discapacidad<\/a> y Mayores.<\/p>\n<\/div>\n<p>Fuente: Discapacidad https:\/\/www.20minutos.es\/noticia\/5635192\/0\/un-informe-alerta-retroceso-ciertos-derechos-adquiridos-por-las-personas-con-discapacidad-tras-reforma-legal-capacidad-juridica\/<\/p>\n","protected":false},"excerpt":{"rendered":"<p>El estudio ha identificado problemas en el \u00e1mbito tributario, con la Seguridad Social y con los bancos.<\/p>\n","protected":false},"author":1,"featured_media":0,"comment_status":"closed","ping_status":"closed","sticky":false,"template":"","format":"standard","meta":{"footnotes":""},"categories":[8],"tags":[],"class_list":["post-10323","post","type-post","status-publish","format-standard","hentry","category-noticias"],"yoast_head":"<!-- This site is optimized with the Yoast SEO plugin v27.5 - https:\/\/yoast.com\/product\/yoast-seo-wordpress\/ -->\n<title>Un informe alerta del &quot;retroceso en derechos&quot; de las personas con discapacidad tras la reforma de la capacidad jur\u00eddica - Asociaci\u00f3n Espa\u00f1ola S\u00edndrome de Charge<\/title>\n<meta name=\"robots\" content=\"index, follow, max-snippet:-1, max-image-preview:large, max-video-preview:-1\" \/>\n<link rel=\"canonical\" href=\"https:\/\/sindromecharge.es\/index.php\/2024\/09\/19\/un-informe-alerta-retroceso-ciertos-derechos-adquiridos-por-las-personas-con-discapacidad-tras-reforma-legal-capacidad-juridica\/\" \/>\n<meta property=\"og:locale\" content=\"es_ES\" \/>\n<meta property=\"og:type\" content=\"article\" \/>\n<meta property=\"og:title\" content=\"Un informe alerta del &quot;retroceso en derechos&quot; de las personas con discapacidad tras la reforma de la capacidad jur\u00eddica - Asociaci\u00f3n Espa\u00f1ola S\u00edndrome de Charge\" \/>\n<meta property=\"og:description\" content=\"El estudio ha identificado problemas en el \u00e1mbito tributario, con la Seguridad Social y con los bancos.\" \/>\n<meta property=\"og:url\" content=\"https:\/\/sindromecharge.es\/index.php\/2024\/09\/19\/un-informe-alerta-retroceso-ciertos-derechos-adquiridos-por-las-personas-con-discapacidad-tras-reforma-legal-capacidad-juridica\/\" \/>\n<meta property=\"og:site_name\" content=\"Asociaci\u00f3n Espa\u00f1ola S\u00edndrome de Charge\" \/>\n<meta property=\"article:publisher\" content=\"https:\/\/www.facebook.com\/asociacionsindromecharge\" \/>\n<meta property=\"article:published_time\" content=\"2024-09-19T06:45:53+00:00\" \/>\n<meta property=\"og:image\" content=\"https:\/\/sindromecharge.es\/wp-content\/uploads\/2013\/09\/logodecharge300x98.png\" \/>\n\t<meta property=\"og:image:width\" content=\"300\" \/>\n\t<meta property=\"og:image:height\" content=\"98\" \/>\n\t<meta property=\"og:image:type\" content=\"image\/png\" \/>\n<meta name=\"author\" content=\"Charge\" \/>\n<meta name=\"twitter:card\" content=\"summary_large_image\" \/>\n<meta name=\"twitter:creator\" content=\"@sindromecharge\" \/>\n<meta name=\"twitter:site\" content=\"@sindromecharge\" \/>\n<meta name=\"twitter:label1\" content=\"Escrito por\" \/>\n\t<meta name=\"twitter:data1\" content=\"Charge\" \/>\n\t<meta name=\"twitter:label2\" content=\"Tiempo de lectura\" \/>\n\t<meta name=\"twitter:data2\" content=\"2 minutos\" \/>\n<script type=\"application\/ld+json\" class=\"yoast-schema-graph\">{\"@context\":\"https:\\\/\\\/schema.org\",\"@graph\":[{\"@type\":\"Article\",\"@id\":\"https:\\\/\\\/sindromecharge.es\\\/index.php\\\/2024\\\/09\\\/19\\\/un-informe-alerta-retroceso-ciertos-derechos-adquiridos-por-las-personas-con-discapacidad-tras-reforma-legal-capacidad-juridica\\\/#article\",\"isPartOf\":{\"@id\":\"https:\\\/\\\/sindromecharge.es\\\/index.php\\\/2024\\\/09\\\/19\\\/un-informe-alerta-retroceso-ciertos-derechos-adquiridos-por-las-personas-con-discapacidad-tras-reforma-legal-capacidad-juridica\\\/\"},\"author\":{\"name\":\"Charge\",\"@id\":\"https:\\\/\\\/sindromecharge.es\\\/#\\\/schema\\\/person\\\/39a60ebe0a2b4d5a11179701e336b039\"},\"headline\":\"Un informe alerta del \u00abretroceso en derechos\u00bb de las personas con discapacidad tras la reforma de la capacidad jur\u00eddica\",\"datePublished\":\"2024-09-19T06:45:53+00:00\",\"mainEntityOfPage\":{\"@id\":\"https:\\\/\\\/sindromecharge.es\\\/index.php\\\/2024\\\/09\\\/19\\\/un-informe-alerta-retroceso-ciertos-derechos-adquiridos-por-las-personas-con-discapacidad-tras-reforma-legal-capacidad-juridica\\\/\"},\"wordCount\":487,\"articleSection\":[\"noticias\"],\"inLanguage\":\"es\"},{\"@type\":\"WebPage\",\"@id\":\"https:\\\/\\\/sindromecharge.es\\\/index.php\\\/2024\\\/09\\\/19\\\/un-informe-alerta-retroceso-ciertos-derechos-adquiridos-por-las-personas-con-discapacidad-tras-reforma-legal-capacidad-juridica\\\/\",\"url\":\"https:\\\/\\\/sindromecharge.es\\\/index.php\\\/2024\\\/09\\\/19\\\/un-informe-alerta-retroceso-ciertos-derechos-adquiridos-por-las-personas-con-discapacidad-tras-reforma-legal-capacidad-juridica\\\/\",\"name\":\"Un informe alerta del \\\"retroceso en derechos\\\" de las personas con discapacidad tras la reforma de la capacidad jur\u00eddica - Asociaci\u00f3n Espa\u00f1ola S\u00edndrome de Charge\",\"isPartOf\":{\"@id\":\"https:\\\/\\\/sindromecharge.es\\\/#website\"},\"datePublished\":\"2024-09-19T06:45:53+00:00\",\"author\":{\"@id\":\"https:\\\/\\\/sindromecharge.es\\\/#\\\/schema\\\/person\\\/39a60ebe0a2b4d5a11179701e336b039\"},\"breadcrumb\":{\"@id\":\"https:\\\/\\\/sindromecharge.es\\\/index.php\\\/2024\\\/09\\\/19\\\/un-informe-alerta-retroceso-ciertos-derechos-adquiridos-por-las-personas-con-discapacidad-tras-reforma-legal-capacidad-juridica\\\/#breadcrumb\"},\"inLanguage\":\"es\",\"potentialAction\":[{\"@type\":\"ReadAction\",\"target\":[\"https:\\\/\\\/sindromecharge.es\\\/index.php\\\/2024\\\/09\\\/19\\\/un-informe-alerta-retroceso-ciertos-derechos-adquiridos-por-las-personas-con-discapacidad-tras-reforma-legal-capacidad-juridica\\\/\"]}]},{\"@type\":\"BreadcrumbList\",\"@id\":\"https:\\\/\\\/sindromecharge.es\\\/index.php\\\/2024\\\/09\\\/19\\\/un-informe-alerta-retroceso-ciertos-derechos-adquiridos-por-las-personas-con-discapacidad-tras-reforma-legal-capacidad-juridica\\\/#breadcrumb\",\"itemListElement\":[{\"@type\":\"ListItem\",\"position\":1,\"name\":\"Portada\",\"item\":\"https:\\\/\\\/sindromecharge.es\\\/\"},{\"@type\":\"ListItem\",\"position\":2,\"name\":\"Un informe alerta del &#8220;retroceso en derechos&#8221; de las personas con discapacidad tras la reforma de la capacidad jur\u00eddica\"}]},{\"@type\":\"WebSite\",\"@id\":\"https:\\\/\\\/sindromecharge.es\\\/#website\",\"url\":\"https:\\\/\\\/sindromecharge.es\\\/\",\"name\":\"Asociaci\u00f3n Espa\u00f1ola S\u00edndrome de Charge\",\"description\":\"\",\"potentialAction\":[{\"@type\":\"SearchAction\",\"target\":{\"@type\":\"EntryPoint\",\"urlTemplate\":\"https:\\\/\\\/sindromecharge.es\\\/?s={search_term_string}\"},\"query-input\":{\"@type\":\"PropertyValueSpecification\",\"valueRequired\":true,\"valueName\":\"search_term_string\"}}],\"inLanguage\":\"es\"},{\"@type\":\"Person\",\"@id\":\"https:\\\/\\\/sindromecharge.es\\\/#\\\/schema\\\/person\\\/39a60ebe0a2b4d5a11179701e336b039\",\"name\":\"Charge\",\"image\":{\"@type\":\"ImageObject\",\"inLanguage\":\"es\",\"@id\":\"https:\\\/\\\/secure.gravatar.com\\\/avatar\\\/c3b46e32a0fc3b093a0873fb767bf3293de856293065e84ef06b7ec7a8acfb98?s=96&d=identicon&r=x\",\"url\":\"https:\\\/\\\/secure.gravatar.com\\\/avatar\\\/c3b46e32a0fc3b093a0873fb767bf3293de856293065e84ef06b7ec7a8acfb98?s=96&d=identicon&r=x\",\"contentUrl\":\"https:\\\/\\\/secure.gravatar.com\\\/avatar\\\/c3b46e32a0fc3b093a0873fb767bf3293de856293065e84ef06b7ec7a8acfb98?s=96&d=identicon&r=x\",\"caption\":\"Charge\"},\"url\":\"https:\\\/\\\/sindromecharge.es\\\/index.php\\\/author\\\/admin\\\/\"}]}<\/script>\n<!-- \/ Yoast SEO plugin. -->","yoast_head_json":{"title":"Un informe alerta del \"retroceso en derechos\" de las personas con discapacidad tras la reforma de la capacidad jur\u00eddica - Asociaci\u00f3n Espa\u00f1ola S\u00edndrome de Charge","robots":{"index":"index","follow":"follow","max-snippet":"max-snippet:-1","max-image-preview":"max-image-preview:large","max-video-preview":"max-video-preview:-1"},"canonical":"https:\/\/sindromecharge.es\/index.php\/2024\/09\/19\/un-informe-alerta-retroceso-ciertos-derechos-adquiridos-por-las-personas-con-discapacidad-tras-reforma-legal-capacidad-juridica\/","og_locale":"es_ES","og_type":"article","og_title":"Un informe alerta del \"retroceso en derechos\" de las personas con discapacidad tras la reforma de la capacidad jur\u00eddica - Asociaci\u00f3n Espa\u00f1ola S\u00edndrome de Charge","og_description":"El estudio ha identificado problemas en el \u00e1mbito tributario, con la Seguridad Social y con los bancos.","og_url":"https:\/\/sindromecharge.es\/index.php\/2024\/09\/19\/un-informe-alerta-retroceso-ciertos-derechos-adquiridos-por-las-personas-con-discapacidad-tras-reforma-legal-capacidad-juridica\/","og_site_name":"Asociaci\u00f3n Espa\u00f1ola S\u00edndrome de Charge","article_publisher":"https:\/\/www.facebook.com\/asociacionsindromecharge","article_published_time":"2024-09-19T06:45:53+00:00","og_image":[{"width":300,"height":98,"url":"https:\/\/sindromecharge.es\/wp-content\/uploads\/2013\/09\/logodecharge300x98.png","type":"image\/png"}],"author":"Charge","twitter_card":"summary_large_image","twitter_creator":"@sindromecharge","twitter_site":"@sindromecharge","twitter_misc":{"Escrito por":"Charge","Tiempo de lectura":"2 minutos"},"schema":{"@context":"https:\/\/schema.org","@graph":[{"@type":"Article","@id":"https:\/\/sindromecharge.es\/index.php\/2024\/09\/19\/un-informe-alerta-retroceso-ciertos-derechos-adquiridos-por-las-personas-con-discapacidad-tras-reforma-legal-capacidad-juridica\/#article","isPartOf":{"@id":"https:\/\/sindromecharge.es\/index.php\/2024\/09\/19\/un-informe-alerta-retroceso-ciertos-derechos-adquiridos-por-las-personas-con-discapacidad-tras-reforma-legal-capacidad-juridica\/"},"author":{"name":"Charge","@id":"https:\/\/sindromecharge.es\/#\/schema\/person\/39a60ebe0a2b4d5a11179701e336b039"},"headline":"Un informe alerta del \u00abretroceso en derechos\u00bb de las personas con discapacidad tras la reforma de la capacidad jur\u00eddica","datePublished":"2024-09-19T06:45:53+00:00","mainEntityOfPage":{"@id":"https:\/\/sindromecharge.es\/index.php\/2024\/09\/19\/un-informe-alerta-retroceso-ciertos-derechos-adquiridos-por-las-personas-con-discapacidad-tras-reforma-legal-capacidad-juridica\/"},"wordCount":487,"articleSection":["noticias"],"inLanguage":"es"},{"@type":"WebPage","@id":"https:\/\/sindromecharge.es\/index.php\/2024\/09\/19\/un-informe-alerta-retroceso-ciertos-derechos-adquiridos-por-las-personas-con-discapacidad-tras-reforma-legal-capacidad-juridica\/","url":"https:\/\/sindromecharge.es\/index.php\/2024\/09\/19\/un-informe-alerta-retroceso-ciertos-derechos-adquiridos-por-las-personas-con-discapacidad-tras-reforma-legal-capacidad-juridica\/","name":"Un informe alerta del \"retroceso en derechos\" de las personas con discapacidad tras la reforma de la capacidad jur\u00eddica - Asociaci\u00f3n Espa\u00f1ola S\u00edndrome de Charge","isPartOf":{"@id":"https:\/\/sindromecharge.es\/#website"},"datePublished":"2024-09-19T06:45:53+00:00","author":{"@id":"https:\/\/sindromecharge.es\/#\/schema\/person\/39a60ebe0a2b4d5a11179701e336b039"},"breadcrumb":{"@id":"https:\/\/sindromecharge.es\/index.php\/2024\/09\/19\/un-informe-alerta-retroceso-ciertos-derechos-adquiridos-por-las-personas-con-discapacidad-tras-reforma-legal-capacidad-juridica\/#breadcrumb"},"inLanguage":"es","potentialAction":[{"@type":"ReadAction","target":["https:\/\/sindromecharge.es\/index.php\/2024\/09\/19\/un-informe-alerta-retroceso-ciertos-derechos-adquiridos-por-las-personas-con-discapacidad-tras-reforma-legal-capacidad-juridica\/"]}]},{"@type":"BreadcrumbList","@id":"https:\/\/sindromecharge.es\/index.php\/2024\/09\/19\/un-informe-alerta-retroceso-ciertos-derechos-adquiridos-por-las-personas-con-discapacidad-tras-reforma-legal-capacidad-juridica\/#breadcrumb","itemListElement":[{"@type":"ListItem","position":1,"name":"Portada","item":"https:\/\/sindromecharge.es\/"},{"@type":"ListItem","position":2,"name":"Un informe alerta del &#8220;retroceso en derechos&#8221; de las personas con discapacidad tras la reforma de la capacidad jur\u00eddica"}]},{"@type":"WebSite","@id":"https:\/\/sindromecharge.es\/#website","url":"https:\/\/sindromecharge.es\/","name":"Asociaci\u00f3n Espa\u00f1ola S\u00edndrome de Charge","description":"","potentialAction":[{"@type":"SearchAction","target":{"@type":"EntryPoint","urlTemplate":"https:\/\/sindromecharge.es\/?s={search_term_string}"},"query-input":{"@type":"PropertyValueSpecification","valueRequired":true,"valueName":"search_term_string"}}],"inLanguage":"es"},{"@type":"Person","@id":"https:\/\/sindromecharge.es\/#\/schema\/person\/39a60ebe0a2b4d5a11179701e336b039","name":"Charge","image":{"@type":"ImageObject","inLanguage":"es","@id":"https:\/\/secure.gravatar.com\/avatar\/c3b46e32a0fc3b093a0873fb767bf3293de856293065e84ef06b7ec7a8acfb98?s=96&d=identicon&r=x","url":"https:\/\/secure.gravatar.com\/avatar\/c3b46e32a0fc3b093a0873fb767bf3293de856293065e84ef06b7ec7a8acfb98?s=96&d=identicon&r=x","contentUrl":"https:\/\/secure.gravatar.com\/avatar\/c3b46e32a0fc3b093a0873fb767bf3293de856293065e84ef06b7ec7a8acfb98?s=96&d=identicon&r=x","caption":"Charge"},"url":"https:\/\/sindromecharge.es\/index.php\/author\/admin\/"}]}},"_links":{"self":[{"href":"https:\/\/sindromecharge.es\/index.php\/wp-json\/wp\/v2\/posts\/10323","targetHints":{"allow":["GET"]}}],"collection":[{"href":"https:\/\/sindromecharge.es\/index.php\/wp-json\/wp\/v2\/posts"}],"about":[{"href":"https:\/\/sindromecharge.es\/index.php\/wp-json\/wp\/v2\/types\/post"}],"author":[{"embeddable":true,"href":"https:\/\/sindromecharge.es\/index.php\/wp-json\/wp\/v2\/users\/1"}],"replies":[{"embeddable":true,"href":"https:\/\/sindromecharge.es\/index.php\/wp-json\/wp\/v2\/comments?post=10323"}],"version-history":[{"count":0,"href":"https:\/\/sindromecharge.es\/index.php\/wp-json\/wp\/v2\/posts\/10323\/revisions"}],"wp:attachment":[{"href":"https:\/\/sindromecharge.es\/index.php\/wp-json\/wp\/v2\/media?parent=10323"}],"wp:term":[{"taxonomy":"category","embeddable":true,"href":"https:\/\/sindromecharge.es\/index.php\/wp-json\/wp\/v2\/categories?post=10323"},{"taxonomy":"post_tag","embeddable":true,"href":"https:\/\/sindromecharge.es\/index.php\/wp-json\/wp\/v2\/tags?post=10323"}],"curies":[{"name":"wp","href":"https:\/\/api.w.org\/{rel}","templated":true}]}}