{"id":10322,"date":"2024-09-19T06:29:20","date_gmt":"2024-09-19T06:29:20","guid":{"rendered":"https:\/\/sindromecharge.es\/index.php\/2024\/09\/19\/salud-ictus-ictus-12-millones-casos-ano-mas-7-millones-muertes-ascenso\/"},"modified":"2024-09-19T06:29:20","modified_gmt":"2024-09-19T06:29:20","slug":"salud-ictus-ictus-12-millones-casos-ano-mas-7-millones-muertes-ascenso","status":"publish","type":"post","link":"https:\/\/sindromecharge.es\/index.php\/2024\/09\/19\/salud-ictus-ictus-12-millones-casos-ano-mas-7-millones-muertes-ascenso\/","title":{"rendered":"Suben los casos de ictus: ya son 12 millones al a\u00f1o y provocan m\u00e1s de 7 millones de muertes"},"content":{"rendered":"<p>Leemos en Discapacidad la siguiente noticia que os reproducimos de forma \u00edntegra: <\/p>\n<div>\n<p>Los <a href=\"https:\/\/www.20minutos.es\/minuteca\/ictus\/\" title=\"Ictus\" target=\"_blank\" rel=\"noopener\">ictus<\/a> o infartos cerebrales han aumentado considerablemente en el mundo. Cada a\u00f1o, se registran<b> 12 millones de casos y m\u00e1s de 7 millones de muertes<\/b> por estos accidentes, en su mayor parte causados por la contaminaci\u00f3n atmosf\u00e9rica, las altas temperaturas y factores metab\u00f3licos como el <b>sobrepeso o la hipertensi\u00f3n<\/b>.<\/p>\n<p>S\u00f3lo entre 1990 y 2021, el n\u00famero de personas que sufri\u00f3 un ictus<b> creci\u00f3 el 70%<\/b>, los fallecidos por esta causa el 44% y los que arrastran problemas de salud por esta causa el 32%, seg\u00fan el \u00faltimo an\u00e1lisis del Estudio sobre la Carga Mundial de Morbilidad, Lesiones y Factores de Riesgo (GBD) publicado este mi\u00e9rcoles en la revista &#8216;The Lancet Neurology&#8217;.<\/p>\n<p>Este r\u00e1pido aumento de la carga mundial de ictus <b>se debe al crecimiento demogr\u00e1fico<\/b>, al envejecimiento de la poblaci\u00f3n en el mundo, y a un incremento sustancial de la exposici\u00f3n de las personas a factores de riesgo ambientales y conductuales, como la<b> contaminaci\u00f3n, el sobrepeso, la hipertensi\u00f3n, el tabaquismo y la inactividad f\u00edsica<\/b>, que se pueden prevenir en gran medida.<\/p>\n<p>Por eso, los autores hacen un llamamiento para aplicar en todos los pa\u00edses medidas eficaces, accesibles y asequibles para mejorar su vigilancia, prevenci\u00f3n (haciendo hincapi\u00e9 en el<b> control de la presi\u00f3n arterial<\/b>, el estilo de vida y los factores ambientales), atenci\u00f3n aguda y rehabilitaci\u00f3n.<\/p>\n<h2>El estudio en cifras<\/h2>\n<p>En 2021, el n\u00famero de personas que sufri\u00f3 un nuevo ictus fue de 11,9 millones (un 70% m\u00e1s desde 1990), <b>los supervivientes aumentaron a 93,8 millones (un 86% m\u00e1s) <\/b>y hubo 7,3 millones de muertos (un 44% m\u00e1s), lo que convierte a esta enfermedad en la <b>tercera causa de muerte en el mundo<\/b> despu\u00e9s de la cardiopat\u00eda isqu\u00e9mica y el covid-19.<\/p>\n<h1>La cantidad total de discapacidad, enfermedad y muerte prematura perdidos a causa del ictus aument\u00f3 un 32%<\/h1>\n<p>M\u00e1s de tres cuartas partes de los afectados viven en<b> pa\u00edses de ingresos bajos y medios<\/b>.<\/p>\n<p>El estudio sugiere que<b> la cantidad total de discapacidad, enfermedad y muerte prematura perdidos a causa del ictus aument\u00f3 un 32%<\/b> entre 1990 y 2021, pasando de unos 121,4 millones de a\u00f1os de vida sana perdidos en 1990 a 160,5 millones de a\u00f1os en 2021, lo que convierte al ictus en la <b>cuarta causa mundial de p\u00e9rdida de salud<\/b>, tras el covid-19, las cardiopat\u00edas isqu\u00e9micas y los trastornos neonatales.<\/p>\n<p>La carga del ictus est\u00e1 aumentando debido tanto al<b> crecimiento demogr\u00e1fico como al envejecimiento <\/b>de la poblaci\u00f3n mundial, pero tambi\u00e9n a la creciente contribuci\u00f3n de factores de riesgo ambientales, metab\u00f3licos y conductuales prevenibles, advierte el estudio.<\/p>\n<p>Entre 1990 y 2021, la carga mundial de ictus vinculada a un \u00edndice de masa corporal elevado aument\u00f3 el 88%, seguida de las temperaturas elevadas (72%), la hiperglucemia (32%), el consumo de bebidas azucaradas (23%), la falta de actividad f\u00edsica (11%), la presi\u00f3n arterial elevada (7%) y una dieta pobre en \u00e1cidos grasos omega-6 (5%).<\/p>\n<h2>Diferencias por pa\u00eds, renta y edad<\/h2>\n<p>El estudio revela sorprendentes diferencias en la carga global de ictus entre regiones del mundo y niveles de renta nacional en 2021.<\/p>\n<p>En 2021, la<b>s menores tasas de incidencia<\/b>, prevalencia y mortalidad se registraron en pa\u00edses de renta alta (Nueva Zelanda, Canad\u00e1 y Australia), mientras que las regiones de ingresos bajos y medios de Asia oriental y central y del \u00c1frica subsahariana, registraron las mayores tasas.<\/p>\n<p><b>La mitad de todas las discapacidades y problemas de salud derivados de un ictus fueron consecuencia de ictus hemorr\u00e1gicos<\/b> -la forma m\u00e1s mortal, debida principalmente a la hipertensi\u00f3n arterial- pese a ser la mitad de frecuentes que los ictus isqu\u00e9micos (4,1 millones de nuevos ictus hemorr\u00e1gicos frente a 7,8 millones de nuevos ictus isqu\u00e9micos).<\/p>\n<p>Los <b>m\u00e1s afectados fueron los menores de 70 a\u00f1os<\/b> y los habitantes de pa\u00edses de <b>renta baja<\/b>, donde la proporci\u00f3n de ictus con hemorragia intracerebral duplica la de los pa\u00edses de renta alta (37% frente a 18%).<\/p>\n<h1>La mitad de todas las discapacidades y problemas de salud derivados de un ictus fueron consecuencia de ictus hemorr\u00e1gicos, la forma m\u00e1s mortal<\/h1>\n<p>El estudio estima que el n\u00famero total de muertes prematuras relacionadas con el ictus y causadas por factores de riesgo en todo el mundo ha pasado de<b> 100 millones de a\u00f1os de vida sana perdidos <\/b>en 1990 a 135 millones en 2021, lo que representa un reto para la salud p\u00fablica y una oportunidad para actuar.<\/p>\n<p>Las mayores proporciones de estos factores de riesgo se encuentran en Europa del Este, Asia y el \u00c1frica subsahariana.<\/p>\n<p>En 2021, los cinco principales factores de riesgo de ictus a escala mundial fueron la <b>presi\u00f3n arterial sist\u00f3lica elevada<\/b>, la contaminaci\u00f3n atmosf\u00e9rica, el tabaquismo, el colesterol LDL elevado y la contaminaci\u00f3n atmosf\u00e9rica dom\u00e9stica, con variaciones considerables en funci\u00f3n de la edad, el sexo y la ubicaci\u00f3n.<\/p>\n<p>Y por primera vez, el estudio sugiere que la <b>contaminaci\u00f3n atmosf\u00e9rica por part\u00edculas es un factor de riesgo de primer orden<\/b> para la hemorragia subaracnoidea, ya que contribuye al <b>14% de las muertes y discapacidades causadas<\/b> por este grave subtipo de ictus, al mismo nivel que el tabaquismo.<\/p>\n<\/div>\n<p>Fuente: Discapacidad https:\/\/www.20minutos.es\/noticia\/5635184\/0\/salud-ictus-ictus-12-millones-casos-ano-mas-7-millones-muertes-ascenso\/<\/p>\n","protected":false},"excerpt":{"rendered":"<p>Entre 1990 y 2021, el n\u00famero de personas que ha sufri\u00f3 un ictus creci\u00f3 el 70% y ya es la tercera causa de muerte.<\/p>\n","protected":false},"author":1,"featured_media":0,"comment_status":"closed","ping_status":"closed","sticky":false,"template":"","format":"standard","meta":{"footnotes":""},"categories":[8],"tags":[],"class_list":["post-10322","post","type-post","status-publish","format-standard","hentry","category-noticias"],"yoast_head":"<!-- This site is optimized with the Yoast SEO plugin v27.5 - https:\/\/yoast.com\/product\/yoast-seo-wordpress\/ -->\n<title>Suben los casos de ictus: ya son 12 millones al a\u00f1o y provocan m\u00e1s de 7 millones de muertes - Asociaci\u00f3n Espa\u00f1ola S\u00edndrome de Charge<\/title>\n<meta name=\"robots\" content=\"index, follow, max-snippet:-1, max-image-preview:large, max-video-preview:-1\" \/>\n<link rel=\"canonical\" href=\"https:\/\/sindromecharge.es\/index.php\/2024\/09\/19\/salud-ictus-ictus-12-millones-casos-ano-mas-7-millones-muertes-ascenso\/\" \/>\n<meta property=\"og:locale\" content=\"es_ES\" \/>\n<meta property=\"og:type\" content=\"article\" \/>\n<meta property=\"og:title\" content=\"Suben los casos de ictus: ya son 12 millones al a\u00f1o y provocan m\u00e1s de 7 millones de muertes - Asociaci\u00f3n Espa\u00f1ola S\u00edndrome de Charge\" \/>\n<meta property=\"og:description\" content=\"Entre 1990 y 2021, el n\u00famero de personas que ha sufri\u00f3 un ictus creci\u00f3 el 70% y ya es la tercera causa de muerte.\" \/>\n<meta property=\"og:url\" content=\"https:\/\/sindromecharge.es\/index.php\/2024\/09\/19\/salud-ictus-ictus-12-millones-casos-ano-mas-7-millones-muertes-ascenso\/\" \/>\n<meta property=\"og:site_name\" content=\"Asociaci\u00f3n Espa\u00f1ola S\u00edndrome de Charge\" \/>\n<meta property=\"article:publisher\" content=\"https:\/\/www.facebook.com\/asociacionsindromecharge\" \/>\n<meta property=\"article:published_time\" content=\"2024-09-19T06:29:20+00:00\" \/>\n<meta property=\"og:image\" content=\"https:\/\/sindromecharge.es\/wp-content\/uploads\/2013\/09\/logodecharge300x98.png\" \/>\n\t<meta property=\"og:image:width\" content=\"300\" \/>\n\t<meta property=\"og:image:height\" content=\"98\" \/>\n\t<meta property=\"og:image:type\" content=\"image\/png\" \/>\n<meta name=\"author\" content=\"Charge\" \/>\n<meta name=\"twitter:card\" content=\"summary_large_image\" \/>\n<meta name=\"twitter:creator\" content=\"@sindromecharge\" \/>\n<meta name=\"twitter:site\" content=\"@sindromecharge\" \/>\n<meta name=\"twitter:label1\" content=\"Escrito por\" \/>\n\t<meta name=\"twitter:data1\" content=\"Charge\" \/>\n\t<meta name=\"twitter:label2\" content=\"Tiempo de lectura\" \/>\n\t<meta name=\"twitter:data2\" content=\"4 minutos\" \/>\n<script type=\"application\/ld+json\" class=\"yoast-schema-graph\">{\"@context\":\"https:\\\/\\\/schema.org\",\"@graph\":[{\"@type\":\"Article\",\"@id\":\"https:\\\/\\\/sindromecharge.es\\\/index.php\\\/2024\\\/09\\\/19\\\/salud-ictus-ictus-12-millones-casos-ano-mas-7-millones-muertes-ascenso\\\/#article\",\"isPartOf\":{\"@id\":\"https:\\\/\\\/sindromecharge.es\\\/index.php\\\/2024\\\/09\\\/19\\\/salud-ictus-ictus-12-millones-casos-ano-mas-7-millones-muertes-ascenso\\\/\"},\"author\":{\"name\":\"Charge\",\"@id\":\"https:\\\/\\\/sindromecharge.es\\\/#\\\/schema\\\/person\\\/39a60ebe0a2b4d5a11179701e336b039\"},\"headline\":\"Suben los casos de ictus: ya son 12 millones al a\u00f1o y provocan m\u00e1s de 7 millones de muertes\",\"datePublished\":\"2024-09-19T06:29:20+00:00\",\"mainEntityOfPage\":{\"@id\":\"https:\\\/\\\/sindromecharge.es\\\/index.php\\\/2024\\\/09\\\/19\\\/salud-ictus-ictus-12-millones-casos-ano-mas-7-millones-muertes-ascenso\\\/\"},\"wordCount\":899,\"articleSection\":[\"noticias\"],\"inLanguage\":\"es\"},{\"@type\":\"WebPage\",\"@id\":\"https:\\\/\\\/sindromecharge.es\\\/index.php\\\/2024\\\/09\\\/19\\\/salud-ictus-ictus-12-millones-casos-ano-mas-7-millones-muertes-ascenso\\\/\",\"url\":\"https:\\\/\\\/sindromecharge.es\\\/index.php\\\/2024\\\/09\\\/19\\\/salud-ictus-ictus-12-millones-casos-ano-mas-7-millones-muertes-ascenso\\\/\",\"name\":\"Suben los casos de ictus: ya son 12 millones al a\u00f1o y provocan m\u00e1s de 7 millones de muertes - Asociaci\u00f3n Espa\u00f1ola S\u00edndrome de Charge\",\"isPartOf\":{\"@id\":\"https:\\\/\\\/sindromecharge.es\\\/#website\"},\"datePublished\":\"2024-09-19T06:29:20+00:00\",\"author\":{\"@id\":\"https:\\\/\\\/sindromecharge.es\\\/#\\\/schema\\\/person\\\/39a60ebe0a2b4d5a11179701e336b039\"},\"breadcrumb\":{\"@id\":\"https:\\\/\\\/sindromecharge.es\\\/index.php\\\/2024\\\/09\\\/19\\\/salud-ictus-ictus-12-millones-casos-ano-mas-7-millones-muertes-ascenso\\\/#breadcrumb\"},\"inLanguage\":\"es\",\"potentialAction\":[{\"@type\":\"ReadAction\",\"target\":[\"https:\\\/\\\/sindromecharge.es\\\/index.php\\\/2024\\\/09\\\/19\\\/salud-ictus-ictus-12-millones-casos-ano-mas-7-millones-muertes-ascenso\\\/\"]}]},{\"@type\":\"BreadcrumbList\",\"@id\":\"https:\\\/\\\/sindromecharge.es\\\/index.php\\\/2024\\\/09\\\/19\\\/salud-ictus-ictus-12-millones-casos-ano-mas-7-millones-muertes-ascenso\\\/#breadcrumb\",\"itemListElement\":[{\"@type\":\"ListItem\",\"position\":1,\"name\":\"Portada\",\"item\":\"https:\\\/\\\/sindromecharge.es\\\/\"},{\"@type\":\"ListItem\",\"position\":2,\"name\":\"Suben los casos de ictus: ya son 12 millones al a\u00f1o y provocan m\u00e1s de 7 millones de muertes\"}]},{\"@type\":\"WebSite\",\"@id\":\"https:\\\/\\\/sindromecharge.es\\\/#website\",\"url\":\"https:\\\/\\\/sindromecharge.es\\\/\",\"name\":\"Asociaci\u00f3n Espa\u00f1ola S\u00edndrome de Charge\",\"description\":\"\",\"potentialAction\":[{\"@type\":\"SearchAction\",\"target\":{\"@type\":\"EntryPoint\",\"urlTemplate\":\"https:\\\/\\\/sindromecharge.es\\\/?s={search_term_string}\"},\"query-input\":{\"@type\":\"PropertyValueSpecification\",\"valueRequired\":true,\"valueName\":\"search_term_string\"}}],\"inLanguage\":\"es\"},{\"@type\":\"Person\",\"@id\":\"https:\\\/\\\/sindromecharge.es\\\/#\\\/schema\\\/person\\\/39a60ebe0a2b4d5a11179701e336b039\",\"name\":\"Charge\",\"image\":{\"@type\":\"ImageObject\",\"inLanguage\":\"es\",\"@id\":\"https:\\\/\\\/secure.gravatar.com\\\/avatar\\\/c3b46e32a0fc3b093a0873fb767bf3293de856293065e84ef06b7ec7a8acfb98?s=96&d=identicon&r=x\",\"url\":\"https:\\\/\\\/secure.gravatar.com\\\/avatar\\\/c3b46e32a0fc3b093a0873fb767bf3293de856293065e84ef06b7ec7a8acfb98?s=96&d=identicon&r=x\",\"contentUrl\":\"https:\\\/\\\/secure.gravatar.com\\\/avatar\\\/c3b46e32a0fc3b093a0873fb767bf3293de856293065e84ef06b7ec7a8acfb98?s=96&d=identicon&r=x\",\"caption\":\"Charge\"},\"url\":\"https:\\\/\\\/sindromecharge.es\\\/index.php\\\/author\\\/admin\\\/\"}]}<\/script>\n<!-- \/ Yoast SEO plugin. -->","yoast_head_json":{"title":"Suben los casos de ictus: ya son 12 millones al a\u00f1o y provocan m\u00e1s de 7 millones de muertes - Asociaci\u00f3n Espa\u00f1ola S\u00edndrome de Charge","robots":{"index":"index","follow":"follow","max-snippet":"max-snippet:-1","max-image-preview":"max-image-preview:large","max-video-preview":"max-video-preview:-1"},"canonical":"https:\/\/sindromecharge.es\/index.php\/2024\/09\/19\/salud-ictus-ictus-12-millones-casos-ano-mas-7-millones-muertes-ascenso\/","og_locale":"es_ES","og_type":"article","og_title":"Suben los casos de ictus: ya son 12 millones al a\u00f1o y provocan m\u00e1s de 7 millones de muertes - Asociaci\u00f3n Espa\u00f1ola S\u00edndrome de Charge","og_description":"Entre 1990 y 2021, el n\u00famero de personas que ha sufri\u00f3 un ictus creci\u00f3 el 70% y ya es la tercera causa de muerte.","og_url":"https:\/\/sindromecharge.es\/index.php\/2024\/09\/19\/salud-ictus-ictus-12-millones-casos-ano-mas-7-millones-muertes-ascenso\/","og_site_name":"Asociaci\u00f3n Espa\u00f1ola S\u00edndrome de Charge","article_publisher":"https:\/\/www.facebook.com\/asociacionsindromecharge","article_published_time":"2024-09-19T06:29:20+00:00","og_image":[{"width":300,"height":98,"url":"https:\/\/sindromecharge.es\/wp-content\/uploads\/2013\/09\/logodecharge300x98.png","type":"image\/png"}],"author":"Charge","twitter_card":"summary_large_image","twitter_creator":"@sindromecharge","twitter_site":"@sindromecharge","twitter_misc":{"Escrito por":"Charge","Tiempo de lectura":"4 minutos"},"schema":{"@context":"https:\/\/schema.org","@graph":[{"@type":"Article","@id":"https:\/\/sindromecharge.es\/index.php\/2024\/09\/19\/salud-ictus-ictus-12-millones-casos-ano-mas-7-millones-muertes-ascenso\/#article","isPartOf":{"@id":"https:\/\/sindromecharge.es\/index.php\/2024\/09\/19\/salud-ictus-ictus-12-millones-casos-ano-mas-7-millones-muertes-ascenso\/"},"author":{"name":"Charge","@id":"https:\/\/sindromecharge.es\/#\/schema\/person\/39a60ebe0a2b4d5a11179701e336b039"},"headline":"Suben los casos de ictus: ya son 12 millones al a\u00f1o y provocan m\u00e1s de 7 millones de muertes","datePublished":"2024-09-19T06:29:20+00:00","mainEntityOfPage":{"@id":"https:\/\/sindromecharge.es\/index.php\/2024\/09\/19\/salud-ictus-ictus-12-millones-casos-ano-mas-7-millones-muertes-ascenso\/"},"wordCount":899,"articleSection":["noticias"],"inLanguage":"es"},{"@type":"WebPage","@id":"https:\/\/sindromecharge.es\/index.php\/2024\/09\/19\/salud-ictus-ictus-12-millones-casos-ano-mas-7-millones-muertes-ascenso\/","url":"https:\/\/sindromecharge.es\/index.php\/2024\/09\/19\/salud-ictus-ictus-12-millones-casos-ano-mas-7-millones-muertes-ascenso\/","name":"Suben los casos de ictus: ya son 12 millones al a\u00f1o y provocan m\u00e1s de 7 millones de muertes - Asociaci\u00f3n Espa\u00f1ola S\u00edndrome de Charge","isPartOf":{"@id":"https:\/\/sindromecharge.es\/#website"},"datePublished":"2024-09-19T06:29:20+00:00","author":{"@id":"https:\/\/sindromecharge.es\/#\/schema\/person\/39a60ebe0a2b4d5a11179701e336b039"},"breadcrumb":{"@id":"https:\/\/sindromecharge.es\/index.php\/2024\/09\/19\/salud-ictus-ictus-12-millones-casos-ano-mas-7-millones-muertes-ascenso\/#breadcrumb"},"inLanguage":"es","potentialAction":[{"@type":"ReadAction","target":["https:\/\/sindromecharge.es\/index.php\/2024\/09\/19\/salud-ictus-ictus-12-millones-casos-ano-mas-7-millones-muertes-ascenso\/"]}]},{"@type":"BreadcrumbList","@id":"https:\/\/sindromecharge.es\/index.php\/2024\/09\/19\/salud-ictus-ictus-12-millones-casos-ano-mas-7-millones-muertes-ascenso\/#breadcrumb","itemListElement":[{"@type":"ListItem","position":1,"name":"Portada","item":"https:\/\/sindromecharge.es\/"},{"@type":"ListItem","position":2,"name":"Suben los casos de ictus: ya son 12 millones al a\u00f1o y provocan m\u00e1s de 7 millones de muertes"}]},{"@type":"WebSite","@id":"https:\/\/sindromecharge.es\/#website","url":"https:\/\/sindromecharge.es\/","name":"Asociaci\u00f3n Espa\u00f1ola S\u00edndrome de Charge","description":"","potentialAction":[{"@type":"SearchAction","target":{"@type":"EntryPoint","urlTemplate":"https:\/\/sindromecharge.es\/?s={search_term_string}"},"query-input":{"@type":"PropertyValueSpecification","valueRequired":true,"valueName":"search_term_string"}}],"inLanguage":"es"},{"@type":"Person","@id":"https:\/\/sindromecharge.es\/#\/schema\/person\/39a60ebe0a2b4d5a11179701e336b039","name":"Charge","image":{"@type":"ImageObject","inLanguage":"es","@id":"https:\/\/secure.gravatar.com\/avatar\/c3b46e32a0fc3b093a0873fb767bf3293de856293065e84ef06b7ec7a8acfb98?s=96&d=identicon&r=x","url":"https:\/\/secure.gravatar.com\/avatar\/c3b46e32a0fc3b093a0873fb767bf3293de856293065e84ef06b7ec7a8acfb98?s=96&d=identicon&r=x","contentUrl":"https:\/\/secure.gravatar.com\/avatar\/c3b46e32a0fc3b093a0873fb767bf3293de856293065e84ef06b7ec7a8acfb98?s=96&d=identicon&r=x","caption":"Charge"},"url":"https:\/\/sindromecharge.es\/index.php\/author\/admin\/"}]}},"_links":{"self":[{"href":"https:\/\/sindromecharge.es\/index.php\/wp-json\/wp\/v2\/posts\/10322","targetHints":{"allow":["GET"]}}],"collection":[{"href":"https:\/\/sindromecharge.es\/index.php\/wp-json\/wp\/v2\/posts"}],"about":[{"href":"https:\/\/sindromecharge.es\/index.php\/wp-json\/wp\/v2\/types\/post"}],"author":[{"embeddable":true,"href":"https:\/\/sindromecharge.es\/index.php\/wp-json\/wp\/v2\/users\/1"}],"replies":[{"embeddable":true,"href":"https:\/\/sindromecharge.es\/index.php\/wp-json\/wp\/v2\/comments?post=10322"}],"version-history":[{"count":0,"href":"https:\/\/sindromecharge.es\/index.php\/wp-json\/wp\/v2\/posts\/10322\/revisions"}],"wp:attachment":[{"href":"https:\/\/sindromecharge.es\/index.php\/wp-json\/wp\/v2\/media?parent=10322"}],"wp:term":[{"taxonomy":"category","embeddable":true,"href":"https:\/\/sindromecharge.es\/index.php\/wp-json\/wp\/v2\/categories?post=10322"},{"taxonomy":"post_tag","embeddable":true,"href":"https:\/\/sindromecharge.es\/index.php\/wp-json\/wp\/v2\/tags?post=10322"}],"curies":[{"name":"wp","href":"https:\/\/api.w.org\/{rel}","templated":true}]}}