{"id":10321,"date":"2024-09-19T05:32:00","date_gmt":"2024-09-19T05:32:00","guid":{"rendered":"https:\/\/sindromecharge.es\/index.php\/2024\/09\/19\/las-listas-espera-vergueenza\/"},"modified":"2024-09-19T05:32:00","modified_gmt":"2024-09-19T05:32:00","slug":"las-listas-espera-vergueenza","status":"publish","type":"post","link":"https:\/\/sindromecharge.es\/index.php\/2024\/09\/19\/las-listas-espera-vergueenza\/","title":{"rendered":"Las listas de espera de la verg\u00fcenza"},"content":{"rendered":"<p>Leemos en Discapacidad la siguiente noticia que os reproducimos de forma \u00edntegra: <\/p>\n<div>\n<p>Esta semana la discapacidad copa las portadas por<a href=\"https:\/\/www.20minutos.es\/noticia\/5634373\/0\/pp-psoe-sumar-junts-cierran-acuerdo-sacar-adelante-ley-ela\/\" title=\"PP, PSOE, Sumar y Junts cierran el acuerdo para aprobar la ley ELA que incluir\u00e1 atenci\u00f3n continua las 24 horas del d\u00eda\"> el acuerdo alcanzado por PP, PSOE, Sumar y Junts  para aprobar la postergada ley ELA <\/a>que incluir\u00e1 atenci\u00f3n continua las 24 horas del d\u00eda y ampliar\u00e1 ese escudo protector a otras enfermedades neurodegenerativas, a\u00fan por definir. <a href=\"https:\/\/www.20minutos.es\/noticia\/5634725\/0\/si-se-quiere-opinion-de-chema-morais\/\" title=\"Si se quiere...\">Como apunta Chema R. Morais en <i>20minutos<\/i><\/a> en su columna titulada <i>Si se quiere&#8230;:<\/i> \u00abparece que <b>cuando hay voluntad es posible llegar a consensos en favor de los ciudadanos<\/b>. Vamos, lo que deber\u00eda ser la pol\u00edtica\u00bb.<\/p>\n<p>En una \u00e9poca en la que la crispaci\u00f3n y el enfrentamiento campan a sus anchas y los acuerdos se antojan poco menos que imposibles, <b>es la segunda vez que este consenso se produce<\/b> con las necesidades de las personas con <a href=\"https:\/\/www.20minutos.es\/minuteca\/discapacidad\/\" title=\"Discapacidad\">discapacidad<\/a> como motivador. <a href=\"https:\/\/www.20minutos.es\/noticia\/5217705\/0\/cermi\/\" title='Luis Cayo, presidente de Cermi: \"Los retrasos en la valoraci\u00f3n de la discapacidad dejan a la gente a la intemperie\"'>No queda tan lejana la hist\u00f3rica reforma de la Constituci\u00f3n. <\/a>Estos acuerdos son <b>necesarios b\u00e1lsamos en el panorama pol\u00edtico<\/b>, inyectores de calma y de confianza en nuestros gobernantes. Ojal\u00e1 esa voluntad de entendimiento que repercute positivamente en toda la sociedad se extendiera a otras realidades imperiosamente necesitadas de ayuda.<\/p>\n<p>Si los enfermos de <a href=\"https:\/\/www.20minutos.es\/minuteca\/ela-esclerosis-lateral-amiotrofica\/\" title=\"ELA - Esclerosis lateral amiotr\u00f3fica\">ELA<\/a> no disponen de tiempo, miles de ni\u00f1os que nacen con una discapacidad o las personas a las que les sobreviene en la vida adulta, tampoco. Es irreprochable que se aceleren los procesos para reconocer la discapacidad de las personas con ELA, pero <b>es imprescindible establecer como objetivo a corto plazo que tambi\u00e9n se reduzcan para todo el mundo.<\/b> No puede consentirse que haya comunidades aut\u00f3nomas en las que estos reconocimientos, que abren la puerta a ayudas imprescindibles y merecidas, <a href=\"https:\/\/www.20minutos.es\/noticia\/5213901\/0\/canarias-extremadura-las-ccaa-con-mayor-retraso-valoracion-grado-discapacidad\/\" title=\"Falta de personal y exceso de burocracia, las causas de los desiguales retrasos de las CC AA en la valoraci\u00f3n del Grado de Discapacidad\">se demoren incluso m\u00e1s de dos a\u00f1os.<\/a> Demasiados mueren sin haberlas recibido. <\/p>\n<p>No hace mucho, <a href=\"https:\/\/www.20minutos.es\/noticia\/5536294\/0\/andalucia-defensor-pueblo-pide-informacion-las-ccaa-sobre-retrasos-hasta-3-anos-valoracion-discapacidad\/\" title=\"El Defensor del Pueblo pide informaci\u00f3n a las autonom\u00edas sobre retrasos de hasta tres a\u00f1os en la valoraci\u00f3n de la discapacidad\">el Defensor del Pueblo dio un toque de atenci\u00f3n a las Comunidades Aut\u00f3nomas<\/a> tras haberse percatado de que <b>las quejas al respecto se han triplicado en cinco a\u00f1os. <\/b>Es cierto que en la valoraci\u00f3n de la dependencia se pusieron las pilas y redujeron plazos, pero en lo que respecta al reconocimiento de la discapacidad, vamos a peor.  <a href=\"https:\/\/www.20minutos.es\/noticia\/5240712\/0\/76-los-pacientes-espera-mas-tiempo-que-marca-ley-para-obtener-certificado-discapacidad\/\" title=\"El 76% de los pacientes espera m\u00e1s tiempo del que marca la ley para obtener el certificado de discapacidad\">El 76% de los afectados espera m\u00e1s tiempo del que marca la ley para obtener el certificado de discapacidad<\/a>, que son seis meses. Es as\u00ed desde hace ya d\u00e9cadas, y parece que aqu\u00ed no pasa nada m\u00e1s all\u00e1 de una absoluta impunidad.<\/p>\n<p> Es solo un ejemplo entre muchos otros que requerir\u00edan actuaci\u00f3n inmediata, pero probablemente sea el m\u00e1s urgente para las personas con discapacidad, el m\u00e1s perentorio.<b> La necesidad de un plan de choque a nivel nacional es obvia. <\/b> Y la soluci\u00f3n no es compleja en este caso, simplemente se traduce en m\u00e1s medios, en m\u00e1s centros base y m\u00e1s profesionales trabajando para reducir, si no es posible eliminar, estas listas de espera de la verg\u00fcenza. Es decir, en dinero y voluntad. <b>Jam\u00e1s olvidemos que, tambi\u00e9n aqu\u00ed, el tiempo se mide en vidas.<\/b><\/p>\n<\/div>\n<p>Fuente: Discapacidad https:\/\/www.20minutos.es\/noticia\/5634813\/0\/las-listas-espera-vergueenza\/<\/p>\n","protected":false},"excerpt":{"rendered":"<p>\u00abSi los enfermos de ELA no disponen de tiempo, miles de ni\u00f1os que nacen con una discapacidad o las personas a las que les sobreviene en la vida adulta, tampoco\u00bb.<\/p>\n","protected":false},"author":1,"featured_media":0,"comment_status":"closed","ping_status":"closed","sticky":false,"template":"","format":"standard","meta":{"footnotes":""},"categories":[8],"tags":[],"class_list":["post-10321","post","type-post","status-publish","format-standard","hentry","category-noticias"],"yoast_head":"<!-- This site is optimized with the Yoast SEO plugin v27.5 - https:\/\/yoast.com\/product\/yoast-seo-wordpress\/ -->\n<title>Las listas de espera de la verg\u00fcenza - Asociaci\u00f3n Espa\u00f1ola S\u00edndrome de Charge<\/title>\n<meta name=\"robots\" content=\"index, follow, max-snippet:-1, max-image-preview:large, max-video-preview:-1\" \/>\n<link rel=\"canonical\" href=\"https:\/\/sindromecharge.es\/index.php\/2024\/09\/19\/las-listas-espera-vergueenza\/\" \/>\n<meta property=\"og:locale\" content=\"es_ES\" \/>\n<meta property=\"og:type\" content=\"article\" \/>\n<meta property=\"og:title\" content=\"Las listas de espera de la verg\u00fcenza - Asociaci\u00f3n Espa\u00f1ola S\u00edndrome de Charge\" \/>\n<meta property=\"og:description\" content=\"\u00abSi los enfermos de ELA no disponen de tiempo, miles de ni\u00f1os que nacen con una discapacidad o las personas a las que les sobreviene en la vida adulta, tampoco\u00bb.\" \/>\n<meta property=\"og:url\" content=\"https:\/\/sindromecharge.es\/index.php\/2024\/09\/19\/las-listas-espera-vergueenza\/\" \/>\n<meta property=\"og:site_name\" content=\"Asociaci\u00f3n Espa\u00f1ola S\u00edndrome de Charge\" \/>\n<meta property=\"article:publisher\" content=\"https:\/\/www.facebook.com\/asociacionsindromecharge\" \/>\n<meta property=\"article:published_time\" content=\"2024-09-19T05:32:00+00:00\" \/>\n<meta property=\"og:image\" content=\"https:\/\/sindromecharge.es\/wp-content\/uploads\/2013\/09\/logodecharge300x98.png\" \/>\n\t<meta property=\"og:image:width\" content=\"300\" \/>\n\t<meta property=\"og:image:height\" content=\"98\" \/>\n\t<meta property=\"og:image:type\" content=\"image\/png\" \/>\n<meta name=\"author\" content=\"Charge\" \/>\n<meta name=\"twitter:card\" content=\"summary_large_image\" \/>\n<meta name=\"twitter:creator\" content=\"@sindromecharge\" \/>\n<meta name=\"twitter:site\" content=\"@sindromecharge\" \/>\n<meta name=\"twitter:label1\" content=\"Escrito por\" \/>\n\t<meta name=\"twitter:data1\" content=\"Charge\" \/>\n\t<meta name=\"twitter:label2\" content=\"Tiempo de lectura\" \/>\n\t<meta name=\"twitter:data2\" content=\"3 minutos\" \/>\n<script type=\"application\/ld+json\" class=\"yoast-schema-graph\">{\"@context\":\"https:\\\/\\\/schema.org\",\"@graph\":[{\"@type\":\"Article\",\"@id\":\"https:\\\/\\\/sindromecharge.es\\\/index.php\\\/2024\\\/09\\\/19\\\/las-listas-espera-vergueenza\\\/#article\",\"isPartOf\":{\"@id\":\"https:\\\/\\\/sindromecharge.es\\\/index.php\\\/2024\\\/09\\\/19\\\/las-listas-espera-vergueenza\\\/\"},\"author\":{\"name\":\"Charge\",\"@id\":\"https:\\\/\\\/sindromecharge.es\\\/#\\\/schema\\\/person\\\/39a60ebe0a2b4d5a11179701e336b039\"},\"headline\":\"Las listas de espera de la verg\u00fcenza\",\"datePublished\":\"2024-09-19T05:32:00+00:00\",\"mainEntityOfPage\":{\"@id\":\"https:\\\/\\\/sindromecharge.es\\\/index.php\\\/2024\\\/09\\\/19\\\/las-listas-espera-vergueenza\\\/\"},\"wordCount\":520,\"articleSection\":[\"noticias\"],\"inLanguage\":\"es\"},{\"@type\":\"WebPage\",\"@id\":\"https:\\\/\\\/sindromecharge.es\\\/index.php\\\/2024\\\/09\\\/19\\\/las-listas-espera-vergueenza\\\/\",\"url\":\"https:\\\/\\\/sindromecharge.es\\\/index.php\\\/2024\\\/09\\\/19\\\/las-listas-espera-vergueenza\\\/\",\"name\":\"Las listas de espera de la verg\u00fcenza - Asociaci\u00f3n Espa\u00f1ola S\u00edndrome de Charge\",\"isPartOf\":{\"@id\":\"https:\\\/\\\/sindromecharge.es\\\/#website\"},\"datePublished\":\"2024-09-19T05:32:00+00:00\",\"author\":{\"@id\":\"https:\\\/\\\/sindromecharge.es\\\/#\\\/schema\\\/person\\\/39a60ebe0a2b4d5a11179701e336b039\"},\"breadcrumb\":{\"@id\":\"https:\\\/\\\/sindromecharge.es\\\/index.php\\\/2024\\\/09\\\/19\\\/las-listas-espera-vergueenza\\\/#breadcrumb\"},\"inLanguage\":\"es\",\"potentialAction\":[{\"@type\":\"ReadAction\",\"target\":[\"https:\\\/\\\/sindromecharge.es\\\/index.php\\\/2024\\\/09\\\/19\\\/las-listas-espera-vergueenza\\\/\"]}]},{\"@type\":\"BreadcrumbList\",\"@id\":\"https:\\\/\\\/sindromecharge.es\\\/index.php\\\/2024\\\/09\\\/19\\\/las-listas-espera-vergueenza\\\/#breadcrumb\",\"itemListElement\":[{\"@type\":\"ListItem\",\"position\":1,\"name\":\"Portada\",\"item\":\"https:\\\/\\\/sindromecharge.es\\\/\"},{\"@type\":\"ListItem\",\"position\":2,\"name\":\"Las listas de espera de la verg\u00fcenza\"}]},{\"@type\":\"WebSite\",\"@id\":\"https:\\\/\\\/sindromecharge.es\\\/#website\",\"url\":\"https:\\\/\\\/sindromecharge.es\\\/\",\"name\":\"Asociaci\u00f3n Espa\u00f1ola S\u00edndrome de Charge\",\"description\":\"\",\"potentialAction\":[{\"@type\":\"SearchAction\",\"target\":{\"@type\":\"EntryPoint\",\"urlTemplate\":\"https:\\\/\\\/sindromecharge.es\\\/?s={search_term_string}\"},\"query-input\":{\"@type\":\"PropertyValueSpecification\",\"valueRequired\":true,\"valueName\":\"search_term_string\"}}],\"inLanguage\":\"es\"},{\"@type\":\"Person\",\"@id\":\"https:\\\/\\\/sindromecharge.es\\\/#\\\/schema\\\/person\\\/39a60ebe0a2b4d5a11179701e336b039\",\"name\":\"Charge\",\"image\":{\"@type\":\"ImageObject\",\"inLanguage\":\"es\",\"@id\":\"https:\\\/\\\/secure.gravatar.com\\\/avatar\\\/c3b46e32a0fc3b093a0873fb767bf3293de856293065e84ef06b7ec7a8acfb98?s=96&d=identicon&r=x\",\"url\":\"https:\\\/\\\/secure.gravatar.com\\\/avatar\\\/c3b46e32a0fc3b093a0873fb767bf3293de856293065e84ef06b7ec7a8acfb98?s=96&d=identicon&r=x\",\"contentUrl\":\"https:\\\/\\\/secure.gravatar.com\\\/avatar\\\/c3b46e32a0fc3b093a0873fb767bf3293de856293065e84ef06b7ec7a8acfb98?s=96&d=identicon&r=x\",\"caption\":\"Charge\"},\"url\":\"https:\\\/\\\/sindromecharge.es\\\/index.php\\\/author\\\/admin\\\/\"}]}<\/script>\n<!-- \/ Yoast SEO plugin. -->","yoast_head_json":{"title":"Las listas de espera de la verg\u00fcenza - Asociaci\u00f3n Espa\u00f1ola S\u00edndrome de Charge","robots":{"index":"index","follow":"follow","max-snippet":"max-snippet:-1","max-image-preview":"max-image-preview:large","max-video-preview":"max-video-preview:-1"},"canonical":"https:\/\/sindromecharge.es\/index.php\/2024\/09\/19\/las-listas-espera-vergueenza\/","og_locale":"es_ES","og_type":"article","og_title":"Las listas de espera de la verg\u00fcenza - Asociaci\u00f3n Espa\u00f1ola S\u00edndrome de Charge","og_description":"\u00abSi los enfermos de ELA no disponen de tiempo, miles de ni\u00f1os que nacen con una discapacidad o las personas a las que les sobreviene en la vida adulta, tampoco\u00bb.","og_url":"https:\/\/sindromecharge.es\/index.php\/2024\/09\/19\/las-listas-espera-vergueenza\/","og_site_name":"Asociaci\u00f3n Espa\u00f1ola S\u00edndrome de Charge","article_publisher":"https:\/\/www.facebook.com\/asociacionsindromecharge","article_published_time":"2024-09-19T05:32:00+00:00","og_image":[{"width":300,"height":98,"url":"https:\/\/sindromecharge.es\/wp-content\/uploads\/2013\/09\/logodecharge300x98.png","type":"image\/png"}],"author":"Charge","twitter_card":"summary_large_image","twitter_creator":"@sindromecharge","twitter_site":"@sindromecharge","twitter_misc":{"Escrito por":"Charge","Tiempo de lectura":"3 minutos"},"schema":{"@context":"https:\/\/schema.org","@graph":[{"@type":"Article","@id":"https:\/\/sindromecharge.es\/index.php\/2024\/09\/19\/las-listas-espera-vergueenza\/#article","isPartOf":{"@id":"https:\/\/sindromecharge.es\/index.php\/2024\/09\/19\/las-listas-espera-vergueenza\/"},"author":{"name":"Charge","@id":"https:\/\/sindromecharge.es\/#\/schema\/person\/39a60ebe0a2b4d5a11179701e336b039"},"headline":"Las listas de espera de la verg\u00fcenza","datePublished":"2024-09-19T05:32:00+00:00","mainEntityOfPage":{"@id":"https:\/\/sindromecharge.es\/index.php\/2024\/09\/19\/las-listas-espera-vergueenza\/"},"wordCount":520,"articleSection":["noticias"],"inLanguage":"es"},{"@type":"WebPage","@id":"https:\/\/sindromecharge.es\/index.php\/2024\/09\/19\/las-listas-espera-vergueenza\/","url":"https:\/\/sindromecharge.es\/index.php\/2024\/09\/19\/las-listas-espera-vergueenza\/","name":"Las listas de espera de la verg\u00fcenza - Asociaci\u00f3n Espa\u00f1ola S\u00edndrome de Charge","isPartOf":{"@id":"https:\/\/sindromecharge.es\/#website"},"datePublished":"2024-09-19T05:32:00+00:00","author":{"@id":"https:\/\/sindromecharge.es\/#\/schema\/person\/39a60ebe0a2b4d5a11179701e336b039"},"breadcrumb":{"@id":"https:\/\/sindromecharge.es\/index.php\/2024\/09\/19\/las-listas-espera-vergueenza\/#breadcrumb"},"inLanguage":"es","potentialAction":[{"@type":"ReadAction","target":["https:\/\/sindromecharge.es\/index.php\/2024\/09\/19\/las-listas-espera-vergueenza\/"]}]},{"@type":"BreadcrumbList","@id":"https:\/\/sindromecharge.es\/index.php\/2024\/09\/19\/las-listas-espera-vergueenza\/#breadcrumb","itemListElement":[{"@type":"ListItem","position":1,"name":"Portada","item":"https:\/\/sindromecharge.es\/"},{"@type":"ListItem","position":2,"name":"Las listas de espera de la verg\u00fcenza"}]},{"@type":"WebSite","@id":"https:\/\/sindromecharge.es\/#website","url":"https:\/\/sindromecharge.es\/","name":"Asociaci\u00f3n Espa\u00f1ola S\u00edndrome de Charge","description":"","potentialAction":[{"@type":"SearchAction","target":{"@type":"EntryPoint","urlTemplate":"https:\/\/sindromecharge.es\/?s={search_term_string}"},"query-input":{"@type":"PropertyValueSpecification","valueRequired":true,"valueName":"search_term_string"}}],"inLanguage":"es"},{"@type":"Person","@id":"https:\/\/sindromecharge.es\/#\/schema\/person\/39a60ebe0a2b4d5a11179701e336b039","name":"Charge","image":{"@type":"ImageObject","inLanguage":"es","@id":"https:\/\/secure.gravatar.com\/avatar\/c3b46e32a0fc3b093a0873fb767bf3293de856293065e84ef06b7ec7a8acfb98?s=96&d=identicon&r=x","url":"https:\/\/secure.gravatar.com\/avatar\/c3b46e32a0fc3b093a0873fb767bf3293de856293065e84ef06b7ec7a8acfb98?s=96&d=identicon&r=x","contentUrl":"https:\/\/secure.gravatar.com\/avatar\/c3b46e32a0fc3b093a0873fb767bf3293de856293065e84ef06b7ec7a8acfb98?s=96&d=identicon&r=x","caption":"Charge"},"url":"https:\/\/sindromecharge.es\/index.php\/author\/admin\/"}]}},"_links":{"self":[{"href":"https:\/\/sindromecharge.es\/index.php\/wp-json\/wp\/v2\/posts\/10321","targetHints":{"allow":["GET"]}}],"collection":[{"href":"https:\/\/sindromecharge.es\/index.php\/wp-json\/wp\/v2\/posts"}],"about":[{"href":"https:\/\/sindromecharge.es\/index.php\/wp-json\/wp\/v2\/types\/post"}],"author":[{"embeddable":true,"href":"https:\/\/sindromecharge.es\/index.php\/wp-json\/wp\/v2\/users\/1"}],"replies":[{"embeddable":true,"href":"https:\/\/sindromecharge.es\/index.php\/wp-json\/wp\/v2\/comments?post=10321"}],"version-history":[{"count":0,"href":"https:\/\/sindromecharge.es\/index.php\/wp-json\/wp\/v2\/posts\/10321\/revisions"}],"wp:attachment":[{"href":"https:\/\/sindromecharge.es\/index.php\/wp-json\/wp\/v2\/media?parent=10321"}],"wp:term":[{"taxonomy":"category","embeddable":true,"href":"https:\/\/sindromecharge.es\/index.php\/wp-json\/wp\/v2\/categories?post=10321"},{"taxonomy":"post_tag","embeddable":true,"href":"https:\/\/sindromecharge.es\/index.php\/wp-json\/wp\/v2\/tags?post=10321"}],"curies":[{"name":"wp","href":"https:\/\/api.w.org\/{rel}","templated":true}]}}