{"id":10320,"date":"2024-09-19T05:31:32","date_gmt":"2024-09-19T05:31:32","guid":{"rendered":"https:\/\/sindromecharge.es\/index.php\/2024\/09\/19\/mario-pena-un-musico-extraordinario-con-una-enfermedad-extremadamente-rara-no-me-ha-impedido-estudiar-musica\/"},"modified":"2024-09-19T05:31:32","modified_gmt":"2024-09-19T05:31:32","slug":"mario-pena-un-musico-extraordinario-con-una-enfermedad-extremadamente-rara-no-me-ha-impedido-estudiar-musica","status":"publish","type":"post","link":"https:\/\/sindromecharge.es\/index.php\/2024\/09\/19\/mario-pena-un-musico-extraordinario-con-una-enfermedad-extremadamente-rara-no-me-ha-impedido-estudiar-musica\/","title":{"rendered":"Mario Pe\u00f1a, un m\u00fasico extraordinario con una enfermedad extremadamente rara: \u00abNo me ha impedido estudiar m\u00fasica\u00bb"},"content":{"rendered":"<p>Leemos en Discapacidad la siguiente noticia que os reproducimos de forma \u00edntegra: <\/p>\n<div>\n<p><b>Mario Pe\u00f1a<\/b> es un chico casi \u00fanico, pero no porque sea uno de los 80 casos del <b>S\u00edndrome Hadju Cheney<\/b> que hay en el mundo, sino porque, a pesar de \u00e9l, es un aut\u00e9ntico genio de la m\u00fasica. Porque si este s\u00edndrome est\u00e1 dentro de los calificados como <b>\u2018extremadamente raros<\/b>\u2019, no lo es menos que, como cuenta su madre, Eva, \u00abMario aprendiera a cantar y a componer melod\u00edas antes que a hablar\u00bb y que ya haya perdido la cuenta de los instrumentos que tiene en casa.<\/p>\n<p>Entre su larga lista, el ukelele, la flauta travesera, el piano, la guitarra, el bajo\u2026 o su adorada bater\u00eda, el instrumento que m\u00e1s le gusta y por el que ha recibo una <b>beca SuperArte<\/b>, de la <b>Fundaci\u00f3n SIFU<\/b>.<\/p>\n<p>Mario, que ahora tiene 13 a\u00f1os, lleva toda la vida estudiando m\u00fasica en una escuela, y su idea es seguir haci\u00e9ndolo hasta convertirse en profesor de m\u00fasica. De hecho, el d\u00eda que hablamos con Mario y con su madre estaban nerviosos, pues no sab\u00edan si, finalmente, hab\u00eda logrado aprobar el examen para poder acceder a <b>segundo de profesional del conservatorio<\/b> de C\u00f3rdoba, \u00abse ha pasado todo el verano prepar\u00e1ndose las pruebas para examinarse de lo que ten\u00eda que haber aprendido durante seis a\u00f1os de conservatorio\u00bb, cuenta su madre orgullosa.<\/p>\n<p>El objetivo era entrar en el conservatorio y poder acudir al aula de excelencia, donde puede cursar los estudios del conservatorio conjuntamente con sus<b> estudios de <a href=\"https:\/\/www.20minutos.es\/minuteca\/eso\/\" title=\"ESO\" target=\"_blank\" rel=\"noopener\">ESO<\/a><\/b>, y lo ha conseguido\u2026 Un merecido reconocimiento tras a\u00f1os de esfuerzo.<\/p>\n<h2>Su amor a la m\u00fasica, m\u00e1s fuerte que el Hadju Chene<\/h2>\n<p>El s\u00edndrome de Hadju Cheney de Mario no se lo puesto f\u00e1cil, pues esta <a href=\"https:\/\/www.20minutos.es\/salud\/minuteca\/enfermedades-raras\/\" title=\"Enfermedades raras\" target=\"_blank\" rel=\"noopener\">enfermedad, extremadamente rara<\/a>, afecta al crecimiento y, especialmente a los huesos, que son m\u00e1s fr\u00e1giles de lo normal. Tambi\u00e9n a la capacidad pulmonar, \u00abtengo menos capacidad de lo normal, as\u00ed que me cuesta un poco m\u00e1s la flauta travesera, pero en el resto de instrumentos no tengo problema. La verdad es que el s\u00edndrome me ha puesto algunas dificultades, pero no me ha impedido seguir estudiando m\u00fasica\u00bb, dice sin darse importancia.<\/p>\n<p>Sin embargo, su madre, quiere reconocerle m\u00e1s m\u00e9ritos, pues sabe que, por su enfermedad, les duelen mucho m\u00e1s los dedos cuando toca instrumentos de cuerda, que le encantan, \u00abes <b>m\u00e1s sensible a las cuerdas<\/b>. Al tocar, le molestan los dedos m\u00e1s de lo que nos molestar\u00eda a cada uno de nosotros, pero como le gusta tanto y tiene tantas ganas\u2026 Ha vivido esto desde su infancia y lo hace con total normalidad, para \u00e9l no es un impedimento, sino un esfuerzo extra que est\u00e1 dispuesto a asumir\u00bb. <\/p>\n<h1>Su enfermedad le supone tener que hacer un esfuerzo mayor y mucho m\u00e1s entrenamiento, pero \u00e9l lo hace con gusto<\/h1>\n<p>La consecuencia m\u00e1s visible de su enfermedad es que<b> se fractura los huesos con facilidad<\/b>, algo que le ha hecho tener especial cuidado a la hora de practicar deporte, pero no a la hora de tocar o cantar, algo que ha hecho hasta lesionado, \u00abel a\u00f1o pasado, se hab\u00eda preparado para tocar la bater\u00eda y cantar en una actuaci\u00f3n, pero tres d\u00edas antes se rompi\u00f3 uno de los huesos del pie y lo escayolaron. Pero no se rindi\u00f3 y, aunque eso le dificultaba poder tocar el bombo, adaptaron un poco la canci\u00f3n a la caja para que pudiera actuar. Cosas como esa, y como lo de la capacidad pulmonar, le suponen tener que hacer un esfuerzo mayor y mucho m\u00e1s entrenamiento, pero \u00e9l lo hace con gusto\u00bb, asegura su madre.<\/p>\n<p>Y es que en casa, lejos de limitarle, han intentado siempre animarle a cumplir sus sue\u00f1os, a pesar de que no sab\u00edan muy bien qu\u00e9 iba a depararle su enfermedad, \u00abcomo es una enfermedad tan rara, ultrarrara, de la que<b> solo hay 80 casos en el mundo<\/b>, apenas se ha estudiado, vamos aprendiendo d\u00eda a d\u00eda. Pero lo que hemos tenido claro siempre es que, dentro de sus limitaciones, ten\u00edamos que animarlo y apoyarlo para que hiciera lo que quisiera y para que su vida fuera como la que cualquier otro ni\u00f1o. <b>Mario tiene un gran talento natural<\/b>, pero que ha ido a m\u00e1s porque se lo trabaja mucho, est\u00e1 todo el d\u00eda rodeado de m\u00fasica\u00bb, dice Eva Orgullosa.<\/p>\n<p>Y \u00e9l tambi\u00e9n lo tiene claro, lo que quiere es m\u00fasica, \u00abes mi sue\u00f1o, para m\u00ed significa alegr\u00eda, transmitir sentimientos a los dem\u00e1s\u2026 Por eso quiero seguir form\u00e1ndome, algo que podr\u00e9 hacer gracias a la beca SuperArte, que la emplear\u00e9 formarme mejor, ir a clases magistrales\u2026\u00bb, nos cuenta.<\/p>\n<h1>La m\u00fasica es mi sue\u00f1o, para m\u00ed significa alegr\u00eda, transmitir sentimientos a los dem\u00e1s\u2026 Est\u00e1 presente en todas las partes de mi vida<\/h1>\n<p>De momento, gracias a su talento natural y a su gran esfuerzo diario, ya ha conseguido grandes cosas, \u00ab<b>tengo una actuaci\u00f3n en Oxford<\/b>\u00ab, nos contaba entusiasmado, \u00aba una orquesta de cuerdas en la que estoy de aqu\u00ed de C\u00f3rdoba, la han invitado a hacer una actuaci\u00f3n all\u00ed y han querido contar conmigo para que les acompa\u00f1e con la percusi\u00f3n. Tienen m\u00e1s actuaciones, pero la de Oxford es especial\u00bb. <\/p>\n<p>Tambi\u00e9n actuar\u00e1 en noviembre, con SIFU, en el Liceu de Barcelona y con otro de sus grupos de la escuela en la que est\u00e1, \u00abhacemos un combo, una especie de grupo, y a final de a\u00f1o hacemos un concierto, hacemos m\u00fasica juntos, preparamos canciones\u2026 La m\u00fasica est\u00e1 presente en todas las partes de mi vida\u00bb.<\/p>\n<p>Y otra parte muy importante de su vida es la solidaridad, \u00able gusta mucho colaborar y actuar en <b>eventos vinculados con obras sociales<\/b>. La Navidad pasada se fue al hospital infantil, se llev\u00f3 su ukelele y estuvo cantando a las enfermeras y a los ni\u00f1os que estaba ingresados, para que pasaran un buen rato. \u00c9l tambi\u00e9n se ha pasado mucho tiempo ingresado y por eso tiene una sensibilidad especial. Estamos muy orgullosos de \u00e9l\u00bb, dice emocionada Eva.<\/p>\n<p>Y as\u00ed quiere que sea siempre, pues lejos de buscar ser un m\u00fasico famoso o viajar por todo el mundo -que tampoco le importar\u00eda- el sue\u00f1o de Mario es mucho m\u00e1s mundano, es ense\u00f1ar, a otros ni\u00f1os, lo que a \u00e9l le hace tan feliz, \u00ab<b>mi sue\u00f1o es ser profesor de m\u00fasica<\/b>, y si puede ser de primaria, mejor\u00bb, dice seguro.<\/p>\n<p>En casa, como asegura Eva, seguir\u00e1n apoy\u00e1ndolo sin fisuras, aunque con un poco de miedo, \u00abcada vez que se le ocurre tocar un instrumento nuevo temblamos, ya no tenemos m\u00e1s sitio en casa\u00bb, dice riendo.<\/p>\n<\/div>\n<p>Fuente: Discapacidad https:\/\/www.20minutos.es\/noticia\/5632358\/0\/mario-pena-un-musico-extraordinario-con-una-enfermedad-extremadamente-rara-no-me-ha-impedido-estudiar-musica\/<\/p>\n","protected":false},"excerpt":{"rendered":"<p>Mario Pe\u00f1a, de 13 a\u00f1os, tiene el s\u00edndrome de Hadju Cheney, lo que no he la impedido aprender a tocar varios instrumentos.<\/p>\n","protected":false},"author":1,"featured_media":0,"comment_status":"closed","ping_status":"closed","sticky":false,"template":"","format":"standard","meta":{"footnotes":""},"categories":[8],"tags":[],"class_list":["post-10320","post","type-post","status-publish","format-standard","hentry","category-noticias"],"yoast_head":"<!-- This site is optimized with the Yoast SEO plugin v27.5 - https:\/\/yoast.com\/product\/yoast-seo-wordpress\/ -->\n<title>Mario Pe\u00f1a, un m\u00fasico extraordinario con una enfermedad extremadamente rara: &quot;No me ha impedido estudiar m\u00fasica&quot; - Asociaci\u00f3n Espa\u00f1ola S\u00edndrome de Charge<\/title>\n<meta name=\"robots\" content=\"index, follow, max-snippet:-1, max-image-preview:large, max-video-preview:-1\" \/>\n<link rel=\"canonical\" href=\"https:\/\/sindromecharge.es\/index.php\/2024\/09\/19\/mario-pena-un-musico-extraordinario-con-una-enfermedad-extremadamente-rara-no-me-ha-impedido-estudiar-musica\/\" \/>\n<meta property=\"og:locale\" content=\"es_ES\" \/>\n<meta property=\"og:type\" content=\"article\" \/>\n<meta property=\"og:title\" content=\"Mario Pe\u00f1a, un m\u00fasico extraordinario con una enfermedad extremadamente rara: &quot;No me ha impedido estudiar m\u00fasica&quot; - Asociaci\u00f3n Espa\u00f1ola S\u00edndrome de Charge\" \/>\n<meta property=\"og:description\" content=\"Mario Pe\u00f1a, de 13 a\u00f1os, tiene el s\u00edndrome de Hadju Cheney, lo que no he la impedido aprender a tocar varios instrumentos.\" \/>\n<meta property=\"og:url\" content=\"https:\/\/sindromecharge.es\/index.php\/2024\/09\/19\/mario-pena-un-musico-extraordinario-con-una-enfermedad-extremadamente-rara-no-me-ha-impedido-estudiar-musica\/\" \/>\n<meta property=\"og:site_name\" content=\"Asociaci\u00f3n Espa\u00f1ola S\u00edndrome de Charge\" \/>\n<meta property=\"article:publisher\" content=\"https:\/\/www.facebook.com\/asociacionsindromecharge\" \/>\n<meta property=\"article:published_time\" content=\"2024-09-19T05:31:32+00:00\" \/>\n<meta property=\"og:image\" content=\"https:\/\/sindromecharge.es\/wp-content\/uploads\/2013\/09\/logodecharge300x98.png\" \/>\n\t<meta property=\"og:image:width\" content=\"300\" \/>\n\t<meta property=\"og:image:height\" content=\"98\" \/>\n\t<meta property=\"og:image:type\" content=\"image\/png\" \/>\n<meta name=\"author\" content=\"Charge\" \/>\n<meta name=\"twitter:card\" content=\"summary_large_image\" \/>\n<meta name=\"twitter:creator\" content=\"@sindromecharge\" \/>\n<meta name=\"twitter:site\" content=\"@sindromecharge\" \/>\n<meta name=\"twitter:label1\" content=\"Escrito por\" \/>\n\t<meta name=\"twitter:data1\" content=\"Charge\" \/>\n\t<meta name=\"twitter:label2\" content=\"Tiempo de lectura\" \/>\n\t<meta name=\"twitter:data2\" content=\"6 minutos\" \/>\n<script type=\"application\/ld+json\" class=\"yoast-schema-graph\">{\"@context\":\"https:\\\/\\\/schema.org\",\"@graph\":[{\"@type\":\"Article\",\"@id\":\"https:\\\/\\\/sindromecharge.es\\\/index.php\\\/2024\\\/09\\\/19\\\/mario-pena-un-musico-extraordinario-con-una-enfermedad-extremadamente-rara-no-me-ha-impedido-estudiar-musica\\\/#article\",\"isPartOf\":{\"@id\":\"https:\\\/\\\/sindromecharge.es\\\/index.php\\\/2024\\\/09\\\/19\\\/mario-pena-un-musico-extraordinario-con-una-enfermedad-extremadamente-rara-no-me-ha-impedido-estudiar-musica\\\/\"},\"author\":{\"name\":\"Charge\",\"@id\":\"https:\\\/\\\/sindromecharge.es\\\/#\\\/schema\\\/person\\\/39a60ebe0a2b4d5a11179701e336b039\"},\"headline\":\"Mario Pe\u00f1a, un m\u00fasico extraordinario con una enfermedad extremadamente rara: \u00abNo me ha impedido estudiar m\u00fasica\u00bb\",\"datePublished\":\"2024-09-19T05:31:32+00:00\",\"mainEntityOfPage\":{\"@id\":\"https:\\\/\\\/sindromecharge.es\\\/index.php\\\/2024\\\/09\\\/19\\\/mario-pena-un-musico-extraordinario-con-una-enfermedad-extremadamente-rara-no-me-ha-impedido-estudiar-musica\\\/\"},\"wordCount\":1194,\"articleSection\":[\"noticias\"],\"inLanguage\":\"es\"},{\"@type\":\"WebPage\",\"@id\":\"https:\\\/\\\/sindromecharge.es\\\/index.php\\\/2024\\\/09\\\/19\\\/mario-pena-un-musico-extraordinario-con-una-enfermedad-extremadamente-rara-no-me-ha-impedido-estudiar-musica\\\/\",\"url\":\"https:\\\/\\\/sindromecharge.es\\\/index.php\\\/2024\\\/09\\\/19\\\/mario-pena-un-musico-extraordinario-con-una-enfermedad-extremadamente-rara-no-me-ha-impedido-estudiar-musica\\\/\",\"name\":\"Mario Pe\u00f1a, un m\u00fasico extraordinario con una enfermedad extremadamente rara: \\\"No me ha impedido estudiar m\u00fasica\\\" - Asociaci\u00f3n Espa\u00f1ola S\u00edndrome de Charge\",\"isPartOf\":{\"@id\":\"https:\\\/\\\/sindromecharge.es\\\/#website\"},\"datePublished\":\"2024-09-19T05:31:32+00:00\",\"author\":{\"@id\":\"https:\\\/\\\/sindromecharge.es\\\/#\\\/schema\\\/person\\\/39a60ebe0a2b4d5a11179701e336b039\"},\"breadcrumb\":{\"@id\":\"https:\\\/\\\/sindromecharge.es\\\/index.php\\\/2024\\\/09\\\/19\\\/mario-pena-un-musico-extraordinario-con-una-enfermedad-extremadamente-rara-no-me-ha-impedido-estudiar-musica\\\/#breadcrumb\"},\"inLanguage\":\"es\",\"potentialAction\":[{\"@type\":\"ReadAction\",\"target\":[\"https:\\\/\\\/sindromecharge.es\\\/index.php\\\/2024\\\/09\\\/19\\\/mario-pena-un-musico-extraordinario-con-una-enfermedad-extremadamente-rara-no-me-ha-impedido-estudiar-musica\\\/\"]}]},{\"@type\":\"BreadcrumbList\",\"@id\":\"https:\\\/\\\/sindromecharge.es\\\/index.php\\\/2024\\\/09\\\/19\\\/mario-pena-un-musico-extraordinario-con-una-enfermedad-extremadamente-rara-no-me-ha-impedido-estudiar-musica\\\/#breadcrumb\",\"itemListElement\":[{\"@type\":\"ListItem\",\"position\":1,\"name\":\"Portada\",\"item\":\"https:\\\/\\\/sindromecharge.es\\\/\"},{\"@type\":\"ListItem\",\"position\":2,\"name\":\"Mario Pe\u00f1a, un m\u00fasico extraordinario con una enfermedad extremadamente rara: &#8220;No me ha impedido estudiar m\u00fasica&#8221;\"}]},{\"@type\":\"WebSite\",\"@id\":\"https:\\\/\\\/sindromecharge.es\\\/#website\",\"url\":\"https:\\\/\\\/sindromecharge.es\\\/\",\"name\":\"Asociaci\u00f3n Espa\u00f1ola S\u00edndrome de Charge\",\"description\":\"\",\"potentialAction\":[{\"@type\":\"SearchAction\",\"target\":{\"@type\":\"EntryPoint\",\"urlTemplate\":\"https:\\\/\\\/sindromecharge.es\\\/?s={search_term_string}\"},\"query-input\":{\"@type\":\"PropertyValueSpecification\",\"valueRequired\":true,\"valueName\":\"search_term_string\"}}],\"inLanguage\":\"es\"},{\"@type\":\"Person\",\"@id\":\"https:\\\/\\\/sindromecharge.es\\\/#\\\/schema\\\/person\\\/39a60ebe0a2b4d5a11179701e336b039\",\"name\":\"Charge\",\"image\":{\"@type\":\"ImageObject\",\"inLanguage\":\"es\",\"@id\":\"https:\\\/\\\/secure.gravatar.com\\\/avatar\\\/c3b46e32a0fc3b093a0873fb767bf3293de856293065e84ef06b7ec7a8acfb98?s=96&d=identicon&r=x\",\"url\":\"https:\\\/\\\/secure.gravatar.com\\\/avatar\\\/c3b46e32a0fc3b093a0873fb767bf3293de856293065e84ef06b7ec7a8acfb98?s=96&d=identicon&r=x\",\"contentUrl\":\"https:\\\/\\\/secure.gravatar.com\\\/avatar\\\/c3b46e32a0fc3b093a0873fb767bf3293de856293065e84ef06b7ec7a8acfb98?s=96&d=identicon&r=x\",\"caption\":\"Charge\"},\"url\":\"https:\\\/\\\/sindromecharge.es\\\/index.php\\\/author\\\/admin\\\/\"}]}<\/script>\n<!-- \/ Yoast SEO plugin. -->","yoast_head_json":{"title":"Mario Pe\u00f1a, un m\u00fasico extraordinario con una enfermedad extremadamente rara: \"No me ha impedido estudiar m\u00fasica\" - Asociaci\u00f3n Espa\u00f1ola S\u00edndrome de Charge","robots":{"index":"index","follow":"follow","max-snippet":"max-snippet:-1","max-image-preview":"max-image-preview:large","max-video-preview":"max-video-preview:-1"},"canonical":"https:\/\/sindromecharge.es\/index.php\/2024\/09\/19\/mario-pena-un-musico-extraordinario-con-una-enfermedad-extremadamente-rara-no-me-ha-impedido-estudiar-musica\/","og_locale":"es_ES","og_type":"article","og_title":"Mario Pe\u00f1a, un m\u00fasico extraordinario con una enfermedad extremadamente rara: \"No me ha impedido estudiar m\u00fasica\" - Asociaci\u00f3n Espa\u00f1ola S\u00edndrome de Charge","og_description":"Mario Pe\u00f1a, de 13 a\u00f1os, tiene el s\u00edndrome de Hadju Cheney, lo que no he la impedido aprender a tocar varios instrumentos.","og_url":"https:\/\/sindromecharge.es\/index.php\/2024\/09\/19\/mario-pena-un-musico-extraordinario-con-una-enfermedad-extremadamente-rara-no-me-ha-impedido-estudiar-musica\/","og_site_name":"Asociaci\u00f3n Espa\u00f1ola S\u00edndrome de Charge","article_publisher":"https:\/\/www.facebook.com\/asociacionsindromecharge","article_published_time":"2024-09-19T05:31:32+00:00","og_image":[{"width":300,"height":98,"url":"https:\/\/sindromecharge.es\/wp-content\/uploads\/2013\/09\/logodecharge300x98.png","type":"image\/png"}],"author":"Charge","twitter_card":"summary_large_image","twitter_creator":"@sindromecharge","twitter_site":"@sindromecharge","twitter_misc":{"Escrito por":"Charge","Tiempo de lectura":"6 minutos"},"schema":{"@context":"https:\/\/schema.org","@graph":[{"@type":"Article","@id":"https:\/\/sindromecharge.es\/index.php\/2024\/09\/19\/mario-pena-un-musico-extraordinario-con-una-enfermedad-extremadamente-rara-no-me-ha-impedido-estudiar-musica\/#article","isPartOf":{"@id":"https:\/\/sindromecharge.es\/index.php\/2024\/09\/19\/mario-pena-un-musico-extraordinario-con-una-enfermedad-extremadamente-rara-no-me-ha-impedido-estudiar-musica\/"},"author":{"name":"Charge","@id":"https:\/\/sindromecharge.es\/#\/schema\/person\/39a60ebe0a2b4d5a11179701e336b039"},"headline":"Mario Pe\u00f1a, un m\u00fasico extraordinario con una enfermedad extremadamente rara: \u00abNo me ha impedido estudiar m\u00fasica\u00bb","datePublished":"2024-09-19T05:31:32+00:00","mainEntityOfPage":{"@id":"https:\/\/sindromecharge.es\/index.php\/2024\/09\/19\/mario-pena-un-musico-extraordinario-con-una-enfermedad-extremadamente-rara-no-me-ha-impedido-estudiar-musica\/"},"wordCount":1194,"articleSection":["noticias"],"inLanguage":"es"},{"@type":"WebPage","@id":"https:\/\/sindromecharge.es\/index.php\/2024\/09\/19\/mario-pena-un-musico-extraordinario-con-una-enfermedad-extremadamente-rara-no-me-ha-impedido-estudiar-musica\/","url":"https:\/\/sindromecharge.es\/index.php\/2024\/09\/19\/mario-pena-un-musico-extraordinario-con-una-enfermedad-extremadamente-rara-no-me-ha-impedido-estudiar-musica\/","name":"Mario Pe\u00f1a, un m\u00fasico extraordinario con una enfermedad extremadamente rara: \"No me ha impedido estudiar m\u00fasica\" - Asociaci\u00f3n Espa\u00f1ola S\u00edndrome de Charge","isPartOf":{"@id":"https:\/\/sindromecharge.es\/#website"},"datePublished":"2024-09-19T05:31:32+00:00","author":{"@id":"https:\/\/sindromecharge.es\/#\/schema\/person\/39a60ebe0a2b4d5a11179701e336b039"},"breadcrumb":{"@id":"https:\/\/sindromecharge.es\/index.php\/2024\/09\/19\/mario-pena-un-musico-extraordinario-con-una-enfermedad-extremadamente-rara-no-me-ha-impedido-estudiar-musica\/#breadcrumb"},"inLanguage":"es","potentialAction":[{"@type":"ReadAction","target":["https:\/\/sindromecharge.es\/index.php\/2024\/09\/19\/mario-pena-un-musico-extraordinario-con-una-enfermedad-extremadamente-rara-no-me-ha-impedido-estudiar-musica\/"]}]},{"@type":"BreadcrumbList","@id":"https:\/\/sindromecharge.es\/index.php\/2024\/09\/19\/mario-pena-un-musico-extraordinario-con-una-enfermedad-extremadamente-rara-no-me-ha-impedido-estudiar-musica\/#breadcrumb","itemListElement":[{"@type":"ListItem","position":1,"name":"Portada","item":"https:\/\/sindromecharge.es\/"},{"@type":"ListItem","position":2,"name":"Mario Pe\u00f1a, un m\u00fasico extraordinario con una enfermedad extremadamente rara: &#8220;No me ha impedido estudiar m\u00fasica&#8221;"}]},{"@type":"WebSite","@id":"https:\/\/sindromecharge.es\/#website","url":"https:\/\/sindromecharge.es\/","name":"Asociaci\u00f3n Espa\u00f1ola S\u00edndrome de Charge","description":"","potentialAction":[{"@type":"SearchAction","target":{"@type":"EntryPoint","urlTemplate":"https:\/\/sindromecharge.es\/?s={search_term_string}"},"query-input":{"@type":"PropertyValueSpecification","valueRequired":true,"valueName":"search_term_string"}}],"inLanguage":"es"},{"@type":"Person","@id":"https:\/\/sindromecharge.es\/#\/schema\/person\/39a60ebe0a2b4d5a11179701e336b039","name":"Charge","image":{"@type":"ImageObject","inLanguage":"es","@id":"https:\/\/secure.gravatar.com\/avatar\/c3b46e32a0fc3b093a0873fb767bf3293de856293065e84ef06b7ec7a8acfb98?s=96&d=identicon&r=x","url":"https:\/\/secure.gravatar.com\/avatar\/c3b46e32a0fc3b093a0873fb767bf3293de856293065e84ef06b7ec7a8acfb98?s=96&d=identicon&r=x","contentUrl":"https:\/\/secure.gravatar.com\/avatar\/c3b46e32a0fc3b093a0873fb767bf3293de856293065e84ef06b7ec7a8acfb98?s=96&d=identicon&r=x","caption":"Charge"},"url":"https:\/\/sindromecharge.es\/index.php\/author\/admin\/"}]}},"_links":{"self":[{"href":"https:\/\/sindromecharge.es\/index.php\/wp-json\/wp\/v2\/posts\/10320","targetHints":{"allow":["GET"]}}],"collection":[{"href":"https:\/\/sindromecharge.es\/index.php\/wp-json\/wp\/v2\/posts"}],"about":[{"href":"https:\/\/sindromecharge.es\/index.php\/wp-json\/wp\/v2\/types\/post"}],"author":[{"embeddable":true,"href":"https:\/\/sindromecharge.es\/index.php\/wp-json\/wp\/v2\/users\/1"}],"replies":[{"embeddable":true,"href":"https:\/\/sindromecharge.es\/index.php\/wp-json\/wp\/v2\/comments?post=10320"}],"version-history":[{"count":0,"href":"https:\/\/sindromecharge.es\/index.php\/wp-json\/wp\/v2\/posts\/10320\/revisions"}],"wp:attachment":[{"href":"https:\/\/sindromecharge.es\/index.php\/wp-json\/wp\/v2\/media?parent=10320"}],"wp:term":[{"taxonomy":"category","embeddable":true,"href":"https:\/\/sindromecharge.es\/index.php\/wp-json\/wp\/v2\/categories?post=10320"},{"taxonomy":"post_tag","embeddable":true,"href":"https:\/\/sindromecharge.es\/index.php\/wp-json\/wp\/v2\/tags?post=10320"}],"curies":[{"name":"wp","href":"https:\/\/api.w.org\/{rel}","templated":true}]}}