{"id":10318,"date":"2024-09-18T05:02:57","date_gmt":"2024-09-18T05:02:57","guid":{"rendered":"https:\/\/sindromecharge.es\/index.php\/2024\/09\/18\/brecha-salarial-no-es-solo-cuestion-genero-las-personas-con-discapacidad-cobran-media-4-486-euros-menos\/"},"modified":"2024-09-18T05:02:57","modified_gmt":"2024-09-18T05:02:57","slug":"brecha-salarial-no-es-solo-cuestion-genero-las-personas-con-discapacidad-cobran-media-4-486-euros-menos","status":"publish","type":"post","link":"https:\/\/sindromecharge.es\/index.php\/2024\/09\/18\/brecha-salarial-no-es-solo-cuestion-genero-las-personas-con-discapacidad-cobran-media-4-486-euros-menos\/","title":{"rendered":"La brecha salarial no es solo cuesti\u00f3n de g\u00e9nero: a mayor discapacidad, menos salario"},"content":{"rendered":"<p>Leemos en Discapacidad la siguiente noticia que os reproducimos de forma \u00edntegra: <\/p>\n<div>\n<p>Seg\u00fan datos de <b>Odismet,<\/b> en Espa\u00f1a hay algo m\u00e1s de<b> 1,9 millones de personas con discapacidad en edad de trabajar<\/b>. De ellas, apenas menos de <b>700.000 trabajan<\/b>, es decir, que 1,2 millones no lo hacen, lo que sit\u00faa su <b>tasa de actividad en menos del 35%<\/b>, 42,7 puntos inferior a la de la poblaci\u00f3n sin discapacidad.<\/p>\n<p>Pero esta no es la \u00fanica brecha que separa los trabajadores con discapacidad de los trabajadores sin discapacidad, pues, los pocos que consiguen trabajar,<b> lo hacen por salarios mucho m\u00e1s bajos<\/b>.<\/p>\n<p>De hecho, se da la paradoja de que la tasa de empleo de las personas con discapacidad, aunque sigue siendo muy baja, se ha elevado en la \u00faltima d\u00e9cada m\u00e1s de cuatro puntos, pero paralelamente, <b>la brecha salarial entre las personas con y sin discapacidad se han incrementado en m\u00e1s de 7 puntos<\/b>. As\u00ed, mientras que en 2010 esta brecha era del 10%, los \u00faltimos datos, que son de 2021, sit\u00faan esa brecha en e<b>l 17,2%<\/b>. <\/p>\n<h2>\u00bfCu\u00e1l es el salario medio de una persona con discapacidad?<\/h2>\n<p>Seg\u00fan datos del a\u00f1o 2021, los \u00faltimos disponibles, el salario medio bruto al a\u00f1o de una <b>persona con <a href=\"https:\/\/www.20minutos.es\/minuteca\/discapacidad\/\" title=\"Discapacidad\" target=\"_blank\" rel=\"noopener\">discapacidad<\/a> es de 21.544,2 euros<\/b>, mientras que el de una <b>persona sin discapacidad era de 26.030 euros al a\u00f1o<\/b>. Es decir, que una persona con discapacidad cobra, al a\u00f1o, <b>4.486 euros<\/b> menos, de media, que una persona sin discapacidad, un <b>17,2% menos<\/b>.<\/p>\n<p>Si comparamos estos datos con lo que ocurr\u00eda en 2010, se observa que la brecha, aunque exist\u00eda, era el 10%. Su salario anual era de media de 20.553 euros, frente a los 22.842 de las personas sin discapacidad. En una d\u00e9cada, <b>la brecha se ha elevado en un 7%<\/b>, b\u00e1sicamente, porque el salario de las personas con discapacidad <b>se ha estancado <\/b>-apenas ha subido un 4,8%-, mientras que el de las personas sin discapacidad se he elevado en 14%.<\/p>\n<p>La brecha, adem\u00e1s, se ha elevado progresivamente desde 2011 hasta 2020. El \u00fanico dato positivo es que la brecha se redujo del 17,8% de 2020 al 17,2% en 2021, el \u00faltimo a\u00f1o del que hay datos.<\/p>\n<p>Detr\u00e1s de esta brecha salarial de las personas con discapacidad pueden haber varios motivos, pero los expertos lo achacan, sobre todo, a que acceden a <b>empleos de menor cualificaci\u00f3n<\/b>, lo que se debe, a su vez, a la <b>falta de formaci\u00f3n<\/b> de las personas con discapacidad, que tienen menos oportunidades de acceder a estudios superiores, \u00absi tuvieran mejor formaci\u00f3n acceder\u00edan a mejores puestos, su salario ser\u00eda mejor y la brecha se reducir\u00eda. Es lo que dicen los datos, que a nivel que aumenta el nivel formativo, la brecha salarial de las personas con o sin discapacidad se reduce. De hecho, si miramos solo el nivel salarial de las personas con discapacidad con estudios superiores, la brecha ya no es tanta\u00bb, explicaba <a href=\"https:\/\/www.20minutos.es\/noticia\/5065033\/0\/brecha-salarial-y-discapacidad-los-mas-perjudicados-son-las-mujeres-los-jovenes-y-las-personas-con-discapacidad-intelectual\/\" target=\"_blank\" rel=\"noopener\">en este art\u00edculo<\/a> Luis <b>Enrique Qu\u00edfez, Coordinador de Estrategia de Datos de Fundaci\u00f3n ONCE\/Inserta<\/b>.<\/p>\n<p>Esta afirmaci\u00f3n podemos corroborarla con datos del INE de 2022, que refleja que los empleos que m\u00e1s ocupan a los trabajadores con discapacidad son los<b> relacionados con limpieza y lavander\u00eda, manufacturas y conserjer\u00eda<\/b>. <\/p>\n<h2>Brecha de g\u00e9nero y de edad<\/h2>\n<p>Al igual que ocurre en la poblaci\u00f3n general, la<b> brecha de g\u00e9nero<\/b> tambi\u00e9n existe entre los trabajadores con discapacidad, y las mujeres las mujeres se sit\u00faan por debajo de los hombres en todos los ejercicios analizados. As\u00ed, seg\u00fan datos de Odismet, la media interanual del salario de las <b>mujeres con discapacidad se posiciona en los 18.238,6 euros<\/b>, la de los <b>varones alcanza los 21.219,5 euros.<\/b> Adem\u00e1s, su crecimiento salarial es m\u00e1s ralentizado que el de los hombres del colectivo, pues durante desde 2010 a 2021, el salario de ellas ha aumentado en 838 euros (4,3%), frente a los 1.218 de los varones (5,7%).<\/p>\n<p>Tambi\u00e9n, seg\u00fan el mismo estudio de Odismet, la brecha tambi\u00e9n es grande entre las personas con discapacidad <b>en funci\u00f3n de su edad<\/b>. 13.954 euros brutos anuales es el salario de un joven con discapacidad de entre 10 y 24 a\u00f1os, y el de una persona con discapacidad entre 45 y 64 asciende a 22.763 euros brutos al a\u00f1o.<\/p>\n<h2>M\u00e1s grado de discapacidad, menos salario<\/h2>\n<p>A mayor grado de discapacidad <b>menor tasa de actividad y de empleo, pero tambi\u00e9n menores salarios<\/b>. Como refleja el<a href=\"https:\/\/odismet.es\/sites\/default\/files\/2024-04\/Informe%209.pdf\" target=\"_blank\" rel=\"nofollow noopener\"> Observatorio sobre discapacidad y Mercado de trabajo en Espa\u00f1a<\/a>, los <b>salarios m\u00e1s elevados corresponden a los grados con discapacidad m\u00e1s leves<\/b> (20.542,3 euros de media desde 2011), mientras que <b>los m\u00e1s bajos corresponde a mayores grados de discapacidad<\/b>, cuyo salario, en el mismo periodo de tiempo es de 19.086, euros al a\u00f1o.<\/p>\n<p>Tambi\u00e9n existen <b>diferencias entre los distintos tipos de discapacidad<\/b>. Los discapacidades f\u00edsicas y sensoriales, obtienen,<a href=\"https:\/\/www.ine.es\/jaxi\/Tabla.htm?tpx=49247&amp;L=0\" target=\"_blank\" rel=\"nofollow noopener\"> seg\u00fan datos del INE<\/a> los salarios m\u00e1s elevados (23.240 y 22.590,4 euros al a\u00f1o respectivamente), frente a las de car\u00e1cter <a href=\"https:\/\/www.20minutos.es\/minuteca\/discapacidad-intelectual\/\" title=\"Discapacidad intelectual\" target=\"_blank\" rel=\"noopener\">intelectual<\/a> (13.730) o psicosocial (17.348).<\/p>\n<p>Estas brechas dentro de la discapacidad se deben tambi\u00e9n al tipo de empleo y el nivel de estudios al que se puede acceder en funci\u00f3n del tipo de discapacidad, y una vez m\u00e1s, la intelectual tiene las de perder, pues tiene menos formaci\u00f3n y <b>accede a puestos de trabajo menos cualificados<\/b> y peor remunerados.<\/p>\n<\/div>\n<p>Fuente: Discapacidad https:\/\/www.20minutos.es\/noticia\/5634613\/0\/brecha-salarial-no-es-solo-cuestion-genero-las-personas-con-discapacidad-cobran-media-4-486-euros-menos\/<\/p>\n","protected":false},"excerpt":{"rendered":"<p>D\u00eda igualdad salarial: Las personas con discapacidad cobran un 17,2% menos que las personas sin discapacidad<\/p>\n","protected":false},"author":1,"featured_media":0,"comment_status":"closed","ping_status":"closed","sticky":false,"template":"","format":"standard","meta":{"footnotes":""},"categories":[8],"tags":[],"class_list":["post-10318","post","type-post","status-publish","format-standard","hentry","category-noticias"],"yoast_head":"<!-- This site is optimized with the Yoast SEO plugin v27.5 - https:\/\/yoast.com\/product\/yoast-seo-wordpress\/ -->\n<title>La brecha salarial no es solo cuesti\u00f3n de g\u00e9nero: a mayor discapacidad, menos salario - Asociaci\u00f3n Espa\u00f1ola S\u00edndrome de Charge<\/title>\n<meta name=\"robots\" content=\"index, follow, max-snippet:-1, max-image-preview:large, max-video-preview:-1\" \/>\n<link rel=\"canonical\" href=\"https:\/\/sindromecharge.es\/index.php\/2024\/09\/18\/brecha-salarial-no-es-solo-cuestion-genero-las-personas-con-discapacidad-cobran-media-4-486-euros-menos\/\" \/>\n<meta property=\"og:locale\" content=\"es_ES\" \/>\n<meta property=\"og:type\" content=\"article\" \/>\n<meta property=\"og:title\" content=\"La brecha salarial no es solo cuesti\u00f3n de g\u00e9nero: a mayor discapacidad, menos salario - Asociaci\u00f3n Espa\u00f1ola S\u00edndrome de Charge\" \/>\n<meta property=\"og:description\" content=\"D\u00eda igualdad salarial: Las personas con discapacidad cobran un 17,2% menos que las personas sin discapacidad\" \/>\n<meta property=\"og:url\" content=\"https:\/\/sindromecharge.es\/index.php\/2024\/09\/18\/brecha-salarial-no-es-solo-cuestion-genero-las-personas-con-discapacidad-cobran-media-4-486-euros-menos\/\" \/>\n<meta property=\"og:site_name\" content=\"Asociaci\u00f3n Espa\u00f1ola S\u00edndrome de Charge\" \/>\n<meta property=\"article:publisher\" content=\"https:\/\/www.facebook.com\/asociacionsindromecharge\" \/>\n<meta property=\"article:published_time\" content=\"2024-09-18T05:02:57+00:00\" \/>\n<meta property=\"og:image\" content=\"https:\/\/sindromecharge.es\/wp-content\/uploads\/2013\/09\/logodecharge300x98.png\" \/>\n\t<meta property=\"og:image:width\" content=\"300\" \/>\n\t<meta property=\"og:image:height\" content=\"98\" \/>\n\t<meta property=\"og:image:type\" content=\"image\/png\" \/>\n<meta name=\"author\" content=\"Charge\" \/>\n<meta name=\"twitter:card\" content=\"summary_large_image\" \/>\n<meta name=\"twitter:creator\" content=\"@sindromecharge\" \/>\n<meta name=\"twitter:site\" content=\"@sindromecharge\" \/>\n<meta name=\"twitter:label1\" content=\"Escrito por\" \/>\n\t<meta name=\"twitter:data1\" content=\"Charge\" \/>\n\t<meta name=\"twitter:label2\" content=\"Tiempo de lectura\" \/>\n\t<meta name=\"twitter:data2\" content=\"4 minutos\" \/>\n<script type=\"application\/ld+json\" class=\"yoast-schema-graph\">{\"@context\":\"https:\\\/\\\/schema.org\",\"@graph\":[{\"@type\":\"Article\",\"@id\":\"https:\\\/\\\/sindromecharge.es\\\/index.php\\\/2024\\\/09\\\/18\\\/brecha-salarial-no-es-solo-cuestion-genero-las-personas-con-discapacidad-cobran-media-4-486-euros-menos\\\/#article\",\"isPartOf\":{\"@id\":\"https:\\\/\\\/sindromecharge.es\\\/index.php\\\/2024\\\/09\\\/18\\\/brecha-salarial-no-es-solo-cuestion-genero-las-personas-con-discapacidad-cobran-media-4-486-euros-menos\\\/\"},\"author\":{\"name\":\"Charge\",\"@id\":\"https:\\\/\\\/sindromecharge.es\\\/#\\\/schema\\\/person\\\/39a60ebe0a2b4d5a11179701e336b039\"},\"headline\":\"La brecha salarial no es solo cuesti\u00f3n de g\u00e9nero: a mayor discapacidad, menos salario\",\"datePublished\":\"2024-09-18T05:02:57+00:00\",\"mainEntityOfPage\":{\"@id\":\"https:\\\/\\\/sindromecharge.es\\\/index.php\\\/2024\\\/09\\\/18\\\/brecha-salarial-no-es-solo-cuestion-genero-las-personas-con-discapacidad-cobran-media-4-486-euros-menos\\\/\"},\"wordCount\":911,\"articleSection\":[\"noticias\"],\"inLanguage\":\"es\"},{\"@type\":\"WebPage\",\"@id\":\"https:\\\/\\\/sindromecharge.es\\\/index.php\\\/2024\\\/09\\\/18\\\/brecha-salarial-no-es-solo-cuestion-genero-las-personas-con-discapacidad-cobran-media-4-486-euros-menos\\\/\",\"url\":\"https:\\\/\\\/sindromecharge.es\\\/index.php\\\/2024\\\/09\\\/18\\\/brecha-salarial-no-es-solo-cuestion-genero-las-personas-con-discapacidad-cobran-media-4-486-euros-menos\\\/\",\"name\":\"La brecha salarial no es solo cuesti\u00f3n de g\u00e9nero: a mayor discapacidad, menos salario - Asociaci\u00f3n Espa\u00f1ola S\u00edndrome de Charge\",\"isPartOf\":{\"@id\":\"https:\\\/\\\/sindromecharge.es\\\/#website\"},\"datePublished\":\"2024-09-18T05:02:57+00:00\",\"author\":{\"@id\":\"https:\\\/\\\/sindromecharge.es\\\/#\\\/schema\\\/person\\\/39a60ebe0a2b4d5a11179701e336b039\"},\"breadcrumb\":{\"@id\":\"https:\\\/\\\/sindromecharge.es\\\/index.php\\\/2024\\\/09\\\/18\\\/brecha-salarial-no-es-solo-cuestion-genero-las-personas-con-discapacidad-cobran-media-4-486-euros-menos\\\/#breadcrumb\"},\"inLanguage\":\"es\",\"potentialAction\":[{\"@type\":\"ReadAction\",\"target\":[\"https:\\\/\\\/sindromecharge.es\\\/index.php\\\/2024\\\/09\\\/18\\\/brecha-salarial-no-es-solo-cuestion-genero-las-personas-con-discapacidad-cobran-media-4-486-euros-menos\\\/\"]}]},{\"@type\":\"BreadcrumbList\",\"@id\":\"https:\\\/\\\/sindromecharge.es\\\/index.php\\\/2024\\\/09\\\/18\\\/brecha-salarial-no-es-solo-cuestion-genero-las-personas-con-discapacidad-cobran-media-4-486-euros-menos\\\/#breadcrumb\",\"itemListElement\":[{\"@type\":\"ListItem\",\"position\":1,\"name\":\"Portada\",\"item\":\"https:\\\/\\\/sindromecharge.es\\\/\"},{\"@type\":\"ListItem\",\"position\":2,\"name\":\"La brecha salarial no es solo cuesti\u00f3n de g\u00e9nero: a mayor discapacidad, menos salario\"}]},{\"@type\":\"WebSite\",\"@id\":\"https:\\\/\\\/sindromecharge.es\\\/#website\",\"url\":\"https:\\\/\\\/sindromecharge.es\\\/\",\"name\":\"Asociaci\u00f3n Espa\u00f1ola S\u00edndrome de Charge\",\"description\":\"\",\"potentialAction\":[{\"@type\":\"SearchAction\",\"target\":{\"@type\":\"EntryPoint\",\"urlTemplate\":\"https:\\\/\\\/sindromecharge.es\\\/?s={search_term_string}\"},\"query-input\":{\"@type\":\"PropertyValueSpecification\",\"valueRequired\":true,\"valueName\":\"search_term_string\"}}],\"inLanguage\":\"es\"},{\"@type\":\"Person\",\"@id\":\"https:\\\/\\\/sindromecharge.es\\\/#\\\/schema\\\/person\\\/39a60ebe0a2b4d5a11179701e336b039\",\"name\":\"Charge\",\"image\":{\"@type\":\"ImageObject\",\"inLanguage\":\"es\",\"@id\":\"https:\\\/\\\/secure.gravatar.com\\\/avatar\\\/c3b46e32a0fc3b093a0873fb767bf3293de856293065e84ef06b7ec7a8acfb98?s=96&d=identicon&r=x\",\"url\":\"https:\\\/\\\/secure.gravatar.com\\\/avatar\\\/c3b46e32a0fc3b093a0873fb767bf3293de856293065e84ef06b7ec7a8acfb98?s=96&d=identicon&r=x\",\"contentUrl\":\"https:\\\/\\\/secure.gravatar.com\\\/avatar\\\/c3b46e32a0fc3b093a0873fb767bf3293de856293065e84ef06b7ec7a8acfb98?s=96&d=identicon&r=x\",\"caption\":\"Charge\"},\"url\":\"https:\\\/\\\/sindromecharge.es\\\/index.php\\\/author\\\/admin\\\/\"}]}<\/script>\n<!-- \/ Yoast SEO plugin. -->","yoast_head_json":{"title":"La brecha salarial no es solo cuesti\u00f3n de g\u00e9nero: a mayor discapacidad, menos salario - Asociaci\u00f3n Espa\u00f1ola S\u00edndrome de Charge","robots":{"index":"index","follow":"follow","max-snippet":"max-snippet:-1","max-image-preview":"max-image-preview:large","max-video-preview":"max-video-preview:-1"},"canonical":"https:\/\/sindromecharge.es\/index.php\/2024\/09\/18\/brecha-salarial-no-es-solo-cuestion-genero-las-personas-con-discapacidad-cobran-media-4-486-euros-menos\/","og_locale":"es_ES","og_type":"article","og_title":"La brecha salarial no es solo cuesti\u00f3n de g\u00e9nero: a mayor discapacidad, menos salario - Asociaci\u00f3n Espa\u00f1ola S\u00edndrome de Charge","og_description":"D\u00eda igualdad salarial: Las personas con discapacidad cobran un 17,2% menos que las personas sin discapacidad","og_url":"https:\/\/sindromecharge.es\/index.php\/2024\/09\/18\/brecha-salarial-no-es-solo-cuestion-genero-las-personas-con-discapacidad-cobran-media-4-486-euros-menos\/","og_site_name":"Asociaci\u00f3n Espa\u00f1ola S\u00edndrome de Charge","article_publisher":"https:\/\/www.facebook.com\/asociacionsindromecharge","article_published_time":"2024-09-18T05:02:57+00:00","og_image":[{"width":300,"height":98,"url":"https:\/\/sindromecharge.es\/wp-content\/uploads\/2013\/09\/logodecharge300x98.png","type":"image\/png"}],"author":"Charge","twitter_card":"summary_large_image","twitter_creator":"@sindromecharge","twitter_site":"@sindromecharge","twitter_misc":{"Escrito por":"Charge","Tiempo de lectura":"4 minutos"},"schema":{"@context":"https:\/\/schema.org","@graph":[{"@type":"Article","@id":"https:\/\/sindromecharge.es\/index.php\/2024\/09\/18\/brecha-salarial-no-es-solo-cuestion-genero-las-personas-con-discapacidad-cobran-media-4-486-euros-menos\/#article","isPartOf":{"@id":"https:\/\/sindromecharge.es\/index.php\/2024\/09\/18\/brecha-salarial-no-es-solo-cuestion-genero-las-personas-con-discapacidad-cobran-media-4-486-euros-menos\/"},"author":{"name":"Charge","@id":"https:\/\/sindromecharge.es\/#\/schema\/person\/39a60ebe0a2b4d5a11179701e336b039"},"headline":"La brecha salarial no es solo cuesti\u00f3n de g\u00e9nero: a mayor discapacidad, menos salario","datePublished":"2024-09-18T05:02:57+00:00","mainEntityOfPage":{"@id":"https:\/\/sindromecharge.es\/index.php\/2024\/09\/18\/brecha-salarial-no-es-solo-cuestion-genero-las-personas-con-discapacidad-cobran-media-4-486-euros-menos\/"},"wordCount":911,"articleSection":["noticias"],"inLanguage":"es"},{"@type":"WebPage","@id":"https:\/\/sindromecharge.es\/index.php\/2024\/09\/18\/brecha-salarial-no-es-solo-cuestion-genero-las-personas-con-discapacidad-cobran-media-4-486-euros-menos\/","url":"https:\/\/sindromecharge.es\/index.php\/2024\/09\/18\/brecha-salarial-no-es-solo-cuestion-genero-las-personas-con-discapacidad-cobran-media-4-486-euros-menos\/","name":"La brecha salarial no es solo cuesti\u00f3n de g\u00e9nero: a mayor discapacidad, menos salario - Asociaci\u00f3n Espa\u00f1ola S\u00edndrome de Charge","isPartOf":{"@id":"https:\/\/sindromecharge.es\/#website"},"datePublished":"2024-09-18T05:02:57+00:00","author":{"@id":"https:\/\/sindromecharge.es\/#\/schema\/person\/39a60ebe0a2b4d5a11179701e336b039"},"breadcrumb":{"@id":"https:\/\/sindromecharge.es\/index.php\/2024\/09\/18\/brecha-salarial-no-es-solo-cuestion-genero-las-personas-con-discapacidad-cobran-media-4-486-euros-menos\/#breadcrumb"},"inLanguage":"es","potentialAction":[{"@type":"ReadAction","target":["https:\/\/sindromecharge.es\/index.php\/2024\/09\/18\/brecha-salarial-no-es-solo-cuestion-genero-las-personas-con-discapacidad-cobran-media-4-486-euros-menos\/"]}]},{"@type":"BreadcrumbList","@id":"https:\/\/sindromecharge.es\/index.php\/2024\/09\/18\/brecha-salarial-no-es-solo-cuestion-genero-las-personas-con-discapacidad-cobran-media-4-486-euros-menos\/#breadcrumb","itemListElement":[{"@type":"ListItem","position":1,"name":"Portada","item":"https:\/\/sindromecharge.es\/"},{"@type":"ListItem","position":2,"name":"La brecha salarial no es solo cuesti\u00f3n de g\u00e9nero: a mayor discapacidad, menos salario"}]},{"@type":"WebSite","@id":"https:\/\/sindromecharge.es\/#website","url":"https:\/\/sindromecharge.es\/","name":"Asociaci\u00f3n Espa\u00f1ola S\u00edndrome de Charge","description":"","potentialAction":[{"@type":"SearchAction","target":{"@type":"EntryPoint","urlTemplate":"https:\/\/sindromecharge.es\/?s={search_term_string}"},"query-input":{"@type":"PropertyValueSpecification","valueRequired":true,"valueName":"search_term_string"}}],"inLanguage":"es"},{"@type":"Person","@id":"https:\/\/sindromecharge.es\/#\/schema\/person\/39a60ebe0a2b4d5a11179701e336b039","name":"Charge","image":{"@type":"ImageObject","inLanguage":"es","@id":"https:\/\/secure.gravatar.com\/avatar\/c3b46e32a0fc3b093a0873fb767bf3293de856293065e84ef06b7ec7a8acfb98?s=96&d=identicon&r=x","url":"https:\/\/secure.gravatar.com\/avatar\/c3b46e32a0fc3b093a0873fb767bf3293de856293065e84ef06b7ec7a8acfb98?s=96&d=identicon&r=x","contentUrl":"https:\/\/secure.gravatar.com\/avatar\/c3b46e32a0fc3b093a0873fb767bf3293de856293065e84ef06b7ec7a8acfb98?s=96&d=identicon&r=x","caption":"Charge"},"url":"https:\/\/sindromecharge.es\/index.php\/author\/admin\/"}]}},"_links":{"self":[{"href":"https:\/\/sindromecharge.es\/index.php\/wp-json\/wp\/v2\/posts\/10318","targetHints":{"allow":["GET"]}}],"collection":[{"href":"https:\/\/sindromecharge.es\/index.php\/wp-json\/wp\/v2\/posts"}],"about":[{"href":"https:\/\/sindromecharge.es\/index.php\/wp-json\/wp\/v2\/types\/post"}],"author":[{"embeddable":true,"href":"https:\/\/sindromecharge.es\/index.php\/wp-json\/wp\/v2\/users\/1"}],"replies":[{"embeddable":true,"href":"https:\/\/sindromecharge.es\/index.php\/wp-json\/wp\/v2\/comments?post=10318"}],"version-history":[{"count":0,"href":"https:\/\/sindromecharge.es\/index.php\/wp-json\/wp\/v2\/posts\/10318\/revisions"}],"wp:attachment":[{"href":"https:\/\/sindromecharge.es\/index.php\/wp-json\/wp\/v2\/media?parent=10318"}],"wp:term":[{"taxonomy":"category","embeddable":true,"href":"https:\/\/sindromecharge.es\/index.php\/wp-json\/wp\/v2\/categories?post=10318"},{"taxonomy":"post_tag","embeddable":true,"href":"https:\/\/sindromecharge.es\/index.php\/wp-json\/wp\/v2\/tags?post=10318"}],"curies":[{"name":"wp","href":"https:\/\/api.w.org\/{rel}","templated":true}]}}