{"id":10317,"date":"2024-09-18T03:14:47","date_gmt":"2024-09-18T03:14:47","guid":{"rendered":"https:\/\/sindromecharge.es\/index.php\/2024\/09\/18\/mayor-agilidad-discapacidad-cuidados-24-horas-mas-investigacion-entre-las-medidas-esperado-acuerdo-sobre-ley-ela\/"},"modified":"2024-09-18T03:14:47","modified_gmt":"2024-09-18T03:14:47","slug":"mayor-agilidad-discapacidad-cuidados-24-horas-mas-investigacion-entre-las-medidas-esperado-acuerdo-sobre-ley-ela","status":"publish","type":"post","link":"https:\/\/sindromecharge.es\/index.php\/2024\/09\/18\/mayor-agilidad-discapacidad-cuidados-24-horas-mas-investigacion-entre-las-medidas-esperado-acuerdo-sobre-ley-ela\/","title":{"rendered":"\u00bfQu\u00e9 dice la ley ELA y a qui\u00e9n beneficiar\u00e1? Estos son los requisitos de acceso y los servicios que contendr\u00e1 la normativa"},"content":{"rendered":"<p>Leemos en Discapacidad la siguiente noticia que os reproducimos de forma \u00edntegra: <\/p>\n<div>\n<p>Tras meses de negociaciones y varias propuestas de ley desde distintos partidos, los <b>Grupos Parlamentarios Popular, Junts per Catalunya, Socialista y Sumar<\/b> han presentado un acuerdo sobre una demanda hist\u00f3rica de los pacientes con <a href=\"https:\/\/www.20minutos.es\/minuteca\/ela-esclerosis-lateral-amiotrofica\/\" title=\"ELA - Esclerosis lateral amiotr\u00f3fica\" target=\"_blank\" rel=\"noopener\">ELA<\/a>, una ley que<b> mejore la calidad de vida de los enfermos<\/b>, especialmente en etapas avanzadas de la enfermedad.<\/p>\n<p>Este acuerdo comprende las propuestas de los distintos partidos, pero basados en una<b> propuesta inicial elaborada por ConELA, la Confederaci\u00f3n Nacional de Entidades de ELA.<\/b><\/p>\n<p>El texto recoge, por tanto, algunas de las<b> demandas hist\u00f3ricas del colectivo<\/b>, como una atenci\u00f3n integral a los pacientes con ELA o la <b>agilizaci\u00f3n de los tr\u00e1mites administrativos <\/b>para el reconocimiento de la <b><a href=\"https:\/\/www.20minutos.es\/minuteca\/discapacidad\/\" title=\"Discapacidad\" target=\"_blank\" rel=\"noopener\">discapacidad<\/a> y la <a href=\"https:\/\/www.20minutos.es\/minuteca\/dependencia\/\" title=\"Dependencia\" target=\"_blank\" rel=\"noopener\">dependencia<\/a><\/b>, que en la actualidad tiene hasta dos a\u00f1os de espera, algo inconcebible para un paciente de ELA, cuya <b>esperanza de vida es de entre tres y cinco a\u00f1os<\/b> tras el diagn\u00f3stico.<\/p>\n<p>Los derechos que proporciona esta ley a los pacientes de ELA, <b>se har\u00e1n extensibles<\/b>, como reza en el t\u00edtulo de la proposici\u00f3n de ley a \u00abotras enfermedades o procesos neurol\u00f3gicos de alta complejidad y curso irreversible\u00bb a\u00fan por definir. <\/p>\n<h2>A qui\u00e9n est\u00e1 dirigida la proposici\u00f3n de ley ELA<\/h2>\n<p>En el art\u00edculo II de la proposici\u00f3n de ley, se especifica su \u00e1mbito de aplicaci\u00f3n, es decir, las<b> caracter\u00edsticas de las personas que se beneficiar\u00e1n de esta ley<\/b>, que son tener un diagn\u00f3stico de<b> ELA o otros procesos neurol\u00f3gicos irreversibles<\/b> y de alta complejidad en su cuidado y que cumplan los siguientes criterios:<\/p>\n<p>\u2022  Tener una condici\u00f3n irreversible y con una<b> reducci\u00f3n significativa de supervivencia<\/b>.<\/p>\n<p>\u2022 No haber tenido una respuesta significativa al tratamiento, o cuando<b> no existan alternativas terap\u00e9uticas<\/b> que vayan a mejorar el estado funcional o el pron\u00f3stico de estas personas.<\/p>\n<p>\u2022 Precisar<b> cuidados sociales y sanitarios complejos<\/b>, centrados en el \u00e1mbito domiciliario y que supongan un alto impacto para el entorno cercano de las personas afectadas.<\/p>\n<p>\u2022 Tener una<b> r\u00e1pida progresi\u00f3n<\/b> en algunos de estos procesos que requiera acelerar procesos administrativos de valoraci\u00f3n y reconocimiento del grado de discapacidad o dependencia.<\/p>\n<p>En el plazo de un a\u00f1o desde que se publique est\u00e1 ley en el BOE, el Gobierno <b>deber\u00e1 definir qu\u00e9 enfermedades<\/b>, adem\u00e1s de la ELA, cumplen los requisitos anteriores.<\/p>\n<h2>Menor tiempo de espera para la discapacidad<\/h2>\n<p>El tiempo de espera para tener en reconocimiento de la discapacidad y la dependencia es muy largo, y<b> puede extenderse hasta dos a\u00f1os<\/b>. Teniendo en cuenta que la esperanza de vida de las personas con ELA es de entre 3 y 5 a\u00f1os, es incompatible tener que esperar tanto tiempo para beneficiarse las prestaciones y servicios a las que dan <b>derecho este reconocimiento y el de dependencia<\/b>. Por este motivo, esta ley establece que sea reconocido al menos el 33 % de discapacidad a las personas diagnosticadas con ELA que sean \u00abpensionistas de la <b>Seguridad Social <\/b>y tengan reconocida una<b> pensi\u00f3n de incapacidad permanente<\/b> en el grado de total, absoluta o gran invalidez y aquellas que sean pensionistas de clases pasivas y tengan reconocida una<b> pensi\u00f3n de jubilaci\u00f3n<\/b> o de retiro por incapacidad permanente para el servicio o inutilidad\u00bb. Tambi\u00e9n las que \u00abtengan reconocida la <b>situaci\u00f3n de dependencia <\/b>en cualquiera de sus grados\u00bb. <\/p>\n<p>Las personas con ELA -o enfermedades similares- podr\u00e1n acceder a un <b>\u2018Procedimiento de urgencia\u2019<\/b> para la revisi\u00f3n del grado de discapacidad en cualquier momento que la persona lo solicite y este deber\u00e1 ser resuelto en un plazo m\u00e1ximo de tres meses.<\/p>\n<p>Tambi\u00e9n, seg\u00fan el art\u00edculo 5 de esta proposici\u00f3n, se deber\u00e1 calificar y revisar el grado de dependencia, el derecho a prestaciones del Sistema y programa individual de atenci\u00f3n<b> en un plazo m\u00e1ximo de tres meses<\/b> desde la solicitud. Adem\u00e1s, se establecer\u00e1 un plazo m\u00e1ximo -que a\u00fan no se conoce- para recibir las prestaciones sociales m\u00e1s importantes.<\/p>\n<p>La proposici\u00f3n de ley establece que, para que se puedan cumplir estos plazos, se deber\u00e1 <b>dotar a los equipos de calificaci\u00f3n<\/b> y reconocimiento del grado de discapacidad<b> de los recursos necesarios<\/b>, tanto para las valoraciones presenciales como telem\u00e1ticas.<\/p>\n<p>En cuanto a los <b>cuidadores<\/b>, aquellos que hayan renunciado a su trabajo para cuidar a una persona con ELA y grado III de dependencia, en lugar de recibir una base de cotizaci\u00f3n m\u00ednima,<b> podr\u00e1n recibir la misma por la que estaban cotizando antes de dejar su trabajo<\/b>. Adem\u00e1s, estas personas ser\u00e1n consideradas colectivo de atenci\u00f3n prioritaria para la pol\u00edtica de empleo.<\/p>\n<h2>Cuidados 24 horas, fisioterapia y m\u00e1s investigaci\u00f3n, entre los compromisos a llevar a cabo el primer a\u00f1o<\/h2>\n<p>El Gobierno, <b>en el plazo de doce meses<\/b> desde la entrada en vigor de esta ley, se compromete a adoptar las siguientes medidas:<\/p>\n<p>\u2022 Promover un acuerdo en el pleno del Consejo Interterritorial del Sistema Nacional de Salud para<b> homogeneizar las ayudas<\/b> por gastos de desplazamiento, manutenci\u00f3n y alojamiento de los pacientes, y sus acompa\u00f1antes, que sean derivados para recibir asistencia sanitaria fuera de su Comunidad Aut\u00f3noma.<\/p>\n<p>\u2022 <b>Actualizar la cartera de servicios<\/b> del Sistema Nacional de Salud en el \u00e1mbito de la rehabilitaci\u00f3n e<b> incorporar la fisioterapia<\/b>, incluida la fisioterapia en casa.<\/p>\n<p>\u2022 Integrar en el Instituto de Salud Carlos III (ISCIII) una estructura que incluya<b> programas de investigaci\u00f3n en ELA.<\/b><\/p>\n<p>\u2022 <b>Crear un Registro Estatal de Enfermedades Neurodegenerativas<\/b>, con el objetivo de proporcionar informaci\u00f3n epidemiol\u00f3gica sobre la incidencia, la prevalencia y los factores determinantes asociados a estas enfermedades.<\/p>\n<p>\u2022 Actualizar el <b>documento de Abordaje<\/b> de la Esclerosis Lateral Amiotr\u00f3fica, Estrategia en Enfermedades Neurodegenerativas del Sistema Nacional de Salud, para dar lugar a un <b>plan de cuidados espec\u00edfico<\/b> en Atenci\u00f3n Primaria y en enfermer\u00eda y unidades espec\u00edficas.<\/p>\n<p>\u2022 Promover, junto con el Consejo Territorial correspondiente, la prestaci\u00f3n de<b> asistencia personal<\/b>, cursos espec\u00edficos para cuidadores y la <b>atenci\u00f3n integral <\/b>de estos pacientes<b> <\/b>por parte de los servicios sociales y de los servicios sanitarios.<\/p>\n<p>\u2022 Incorporar medidas que aseguren, desde la administraci\u00f3n p\u00fablica, una <b>atenci\u00f3n especializada 24 horas<\/b> en el caso de los pacientes que se encuentren en<b> fases avanzadas <\/b>de la enfermedad y requiera continuados.<\/p>\n<p>Entre otras medidas presentes en la ley, encontramos el compromiso a <b>mejorar la capacitaci\u00f3n y la especializaci\u00f3n de los profesionales sanitarios <\/b>en el abordaje de las enfermedades de alta complejidad, como la ELA, y a proporcionarles una formaci\u00f3n continuada.<\/p>\n<p>Tambi\u00e9n insta al Gobierno y a las Comunidades a elaborar un estudio sobre la<b> conveniencia de aprobar otras posibles ayudas para las personas en situaci\u00f3n de  electrodependencia<\/b>, entre ellas la garant\u00eda de que no se les pueda suspender el suministro el\u00e9ctrico; el acceso a mayores bonificaciones en la tarifa el\u00e9ctrica; la obligaci\u00f3n de que las compa\u00f1\u00edas el\u00e9ctricas notifiquen con antelaci\u00f3n los cortes programados e inevitables en el suministro; o la puesta a disposici\u00f3n de dispositivos que garanticen el suministro en casos de cortes. <\/p>\n<\/div>\n<p>Fuente: Discapacidad https:\/\/www.20minutos.es\/noticia\/5634511\/0\/mayor-agilidad-discapacidad-cuidados-24-horas-mas-investigacion-entre-las-medidas-esperado-acuerdo-sobre-ley-ela\/<\/p>\n","protected":false},"excerpt":{"rendered":"<p>La proposici\u00f3n de ley incluye demandas hist\u00f3ricas del colectivo y podr\u00e1 aplicarse a otras enfermedades similares.<\/p>\n","protected":false},"author":1,"featured_media":0,"comment_status":"closed","ping_status":"closed","sticky":false,"template":"","format":"standard","meta":{"footnotes":""},"categories":[8],"tags":[],"class_list":["post-10317","post","type-post","status-publish","format-standard","hentry","category-noticias"],"yoast_head":"<!-- This site is optimized with the Yoast SEO plugin v27.5 - https:\/\/yoast.com\/product\/yoast-seo-wordpress\/ -->\n<title>\u00bfQu\u00e9 dice la ley ELA y a qui\u00e9n beneficiar\u00e1? Estos son los requisitos de acceso y los servicios que contendr\u00e1 la normativa - Asociaci\u00f3n Espa\u00f1ola S\u00edndrome de Charge<\/title>\n<meta name=\"robots\" content=\"index, follow, max-snippet:-1, max-image-preview:large, max-video-preview:-1\" \/>\n<link rel=\"canonical\" href=\"https:\/\/sindromecharge.es\/index.php\/2024\/09\/18\/mayor-agilidad-discapacidad-cuidados-24-horas-mas-investigacion-entre-las-medidas-esperado-acuerdo-sobre-ley-ela\/\" \/>\n<meta property=\"og:locale\" content=\"es_ES\" \/>\n<meta property=\"og:type\" content=\"article\" \/>\n<meta property=\"og:title\" content=\"\u00bfQu\u00e9 dice la ley ELA y a qui\u00e9n beneficiar\u00e1? Estos son los requisitos de acceso y los servicios que contendr\u00e1 la normativa - Asociaci\u00f3n Espa\u00f1ola S\u00edndrome de Charge\" \/>\n<meta property=\"og:description\" content=\"La proposici\u00f3n de ley incluye demandas hist\u00f3ricas del colectivo y podr\u00e1 aplicarse a otras enfermedades similares.\" \/>\n<meta property=\"og:url\" content=\"https:\/\/sindromecharge.es\/index.php\/2024\/09\/18\/mayor-agilidad-discapacidad-cuidados-24-horas-mas-investigacion-entre-las-medidas-esperado-acuerdo-sobre-ley-ela\/\" \/>\n<meta property=\"og:site_name\" content=\"Asociaci\u00f3n Espa\u00f1ola S\u00edndrome de Charge\" \/>\n<meta property=\"article:publisher\" content=\"https:\/\/www.facebook.com\/asociacionsindromecharge\" \/>\n<meta property=\"article:published_time\" content=\"2024-09-18T03:14:47+00:00\" \/>\n<meta property=\"og:image\" content=\"https:\/\/sindromecharge.es\/wp-content\/uploads\/2013\/09\/logodecharge300x98.png\" \/>\n\t<meta property=\"og:image:width\" content=\"300\" \/>\n\t<meta property=\"og:image:height\" content=\"98\" \/>\n\t<meta property=\"og:image:type\" content=\"image\/png\" \/>\n<meta name=\"author\" content=\"Charge\" \/>\n<meta name=\"twitter:card\" content=\"summary_large_image\" \/>\n<meta name=\"twitter:creator\" content=\"@sindromecharge\" \/>\n<meta name=\"twitter:site\" content=\"@sindromecharge\" \/>\n<meta name=\"twitter:label1\" content=\"Escrito por\" \/>\n\t<meta name=\"twitter:data1\" content=\"Charge\" \/>\n\t<meta name=\"twitter:label2\" content=\"Tiempo de lectura\" \/>\n\t<meta name=\"twitter:data2\" content=\"6 minutos\" \/>\n<script type=\"application\/ld+json\" class=\"yoast-schema-graph\">{\"@context\":\"https:\\\/\\\/schema.org\",\"@graph\":[{\"@type\":\"Article\",\"@id\":\"https:\\\/\\\/sindromecharge.es\\\/index.php\\\/2024\\\/09\\\/18\\\/mayor-agilidad-discapacidad-cuidados-24-horas-mas-investigacion-entre-las-medidas-esperado-acuerdo-sobre-ley-ela\\\/#article\",\"isPartOf\":{\"@id\":\"https:\\\/\\\/sindromecharge.es\\\/index.php\\\/2024\\\/09\\\/18\\\/mayor-agilidad-discapacidad-cuidados-24-horas-mas-investigacion-entre-las-medidas-esperado-acuerdo-sobre-ley-ela\\\/\"},\"author\":{\"name\":\"Charge\",\"@id\":\"https:\\\/\\\/sindromecharge.es\\\/#\\\/schema\\\/person\\\/39a60ebe0a2b4d5a11179701e336b039\"},\"headline\":\"\u00bfQu\u00e9 dice la ley ELA y a qui\u00e9n beneficiar\u00e1? Estos son los requisitos de acceso y los servicios que contendr\u00e1 la normativa\",\"datePublished\":\"2024-09-18T03:14:47+00:00\",\"mainEntityOfPage\":{\"@id\":\"https:\\\/\\\/sindromecharge.es\\\/index.php\\\/2024\\\/09\\\/18\\\/mayor-agilidad-discapacidad-cuidados-24-horas-mas-investigacion-entre-las-medidas-esperado-acuerdo-sobre-ley-ela\\\/\"},\"wordCount\":1229,\"articleSection\":[\"noticias\"],\"inLanguage\":\"es\"},{\"@type\":\"WebPage\",\"@id\":\"https:\\\/\\\/sindromecharge.es\\\/index.php\\\/2024\\\/09\\\/18\\\/mayor-agilidad-discapacidad-cuidados-24-horas-mas-investigacion-entre-las-medidas-esperado-acuerdo-sobre-ley-ela\\\/\",\"url\":\"https:\\\/\\\/sindromecharge.es\\\/index.php\\\/2024\\\/09\\\/18\\\/mayor-agilidad-discapacidad-cuidados-24-horas-mas-investigacion-entre-las-medidas-esperado-acuerdo-sobre-ley-ela\\\/\",\"name\":\"\u00bfQu\u00e9 dice la ley ELA y a qui\u00e9n beneficiar\u00e1? Estos son los requisitos de acceso y los servicios que contendr\u00e1 la normativa - Asociaci\u00f3n Espa\u00f1ola S\u00edndrome de Charge\",\"isPartOf\":{\"@id\":\"https:\\\/\\\/sindromecharge.es\\\/#website\"},\"datePublished\":\"2024-09-18T03:14:47+00:00\",\"author\":{\"@id\":\"https:\\\/\\\/sindromecharge.es\\\/#\\\/schema\\\/person\\\/39a60ebe0a2b4d5a11179701e336b039\"},\"breadcrumb\":{\"@id\":\"https:\\\/\\\/sindromecharge.es\\\/index.php\\\/2024\\\/09\\\/18\\\/mayor-agilidad-discapacidad-cuidados-24-horas-mas-investigacion-entre-las-medidas-esperado-acuerdo-sobre-ley-ela\\\/#breadcrumb\"},\"inLanguage\":\"es\",\"potentialAction\":[{\"@type\":\"ReadAction\",\"target\":[\"https:\\\/\\\/sindromecharge.es\\\/index.php\\\/2024\\\/09\\\/18\\\/mayor-agilidad-discapacidad-cuidados-24-horas-mas-investigacion-entre-las-medidas-esperado-acuerdo-sobre-ley-ela\\\/\"]}]},{\"@type\":\"BreadcrumbList\",\"@id\":\"https:\\\/\\\/sindromecharge.es\\\/index.php\\\/2024\\\/09\\\/18\\\/mayor-agilidad-discapacidad-cuidados-24-horas-mas-investigacion-entre-las-medidas-esperado-acuerdo-sobre-ley-ela\\\/#breadcrumb\",\"itemListElement\":[{\"@type\":\"ListItem\",\"position\":1,\"name\":\"Portada\",\"item\":\"https:\\\/\\\/sindromecharge.es\\\/\"},{\"@type\":\"ListItem\",\"position\":2,\"name\":\"\u00bfQu\u00e9 dice la ley ELA y a qui\u00e9n beneficiar\u00e1? Estos son los requisitos de acceso y los servicios que contendr\u00e1 la normativa\"}]},{\"@type\":\"WebSite\",\"@id\":\"https:\\\/\\\/sindromecharge.es\\\/#website\",\"url\":\"https:\\\/\\\/sindromecharge.es\\\/\",\"name\":\"Asociaci\u00f3n Espa\u00f1ola S\u00edndrome de Charge\",\"description\":\"\",\"potentialAction\":[{\"@type\":\"SearchAction\",\"target\":{\"@type\":\"EntryPoint\",\"urlTemplate\":\"https:\\\/\\\/sindromecharge.es\\\/?s={search_term_string}\"},\"query-input\":{\"@type\":\"PropertyValueSpecification\",\"valueRequired\":true,\"valueName\":\"search_term_string\"}}],\"inLanguage\":\"es\"},{\"@type\":\"Person\",\"@id\":\"https:\\\/\\\/sindromecharge.es\\\/#\\\/schema\\\/person\\\/39a60ebe0a2b4d5a11179701e336b039\",\"name\":\"Charge\",\"image\":{\"@type\":\"ImageObject\",\"inLanguage\":\"es\",\"@id\":\"https:\\\/\\\/secure.gravatar.com\\\/avatar\\\/c3b46e32a0fc3b093a0873fb767bf3293de856293065e84ef06b7ec7a8acfb98?s=96&d=identicon&r=x\",\"url\":\"https:\\\/\\\/secure.gravatar.com\\\/avatar\\\/c3b46e32a0fc3b093a0873fb767bf3293de856293065e84ef06b7ec7a8acfb98?s=96&d=identicon&r=x\",\"contentUrl\":\"https:\\\/\\\/secure.gravatar.com\\\/avatar\\\/c3b46e32a0fc3b093a0873fb767bf3293de856293065e84ef06b7ec7a8acfb98?s=96&d=identicon&r=x\",\"caption\":\"Charge\"},\"url\":\"https:\\\/\\\/sindromecharge.es\\\/index.php\\\/author\\\/admin\\\/\"}]}<\/script>\n<!-- \/ Yoast SEO plugin. -->","yoast_head_json":{"title":"\u00bfQu\u00e9 dice la ley ELA y a qui\u00e9n beneficiar\u00e1? Estos son los requisitos de acceso y los servicios que contendr\u00e1 la normativa - Asociaci\u00f3n Espa\u00f1ola S\u00edndrome de Charge","robots":{"index":"index","follow":"follow","max-snippet":"max-snippet:-1","max-image-preview":"max-image-preview:large","max-video-preview":"max-video-preview:-1"},"canonical":"https:\/\/sindromecharge.es\/index.php\/2024\/09\/18\/mayor-agilidad-discapacidad-cuidados-24-horas-mas-investigacion-entre-las-medidas-esperado-acuerdo-sobre-ley-ela\/","og_locale":"es_ES","og_type":"article","og_title":"\u00bfQu\u00e9 dice la ley ELA y a qui\u00e9n beneficiar\u00e1? Estos son los requisitos de acceso y los servicios que contendr\u00e1 la normativa - Asociaci\u00f3n Espa\u00f1ola S\u00edndrome de Charge","og_description":"La proposici\u00f3n de ley incluye demandas hist\u00f3ricas del colectivo y podr\u00e1 aplicarse a otras enfermedades similares.","og_url":"https:\/\/sindromecharge.es\/index.php\/2024\/09\/18\/mayor-agilidad-discapacidad-cuidados-24-horas-mas-investigacion-entre-las-medidas-esperado-acuerdo-sobre-ley-ela\/","og_site_name":"Asociaci\u00f3n Espa\u00f1ola S\u00edndrome de Charge","article_publisher":"https:\/\/www.facebook.com\/asociacionsindromecharge","article_published_time":"2024-09-18T03:14:47+00:00","og_image":[{"width":300,"height":98,"url":"https:\/\/sindromecharge.es\/wp-content\/uploads\/2013\/09\/logodecharge300x98.png","type":"image\/png"}],"author":"Charge","twitter_card":"summary_large_image","twitter_creator":"@sindromecharge","twitter_site":"@sindromecharge","twitter_misc":{"Escrito por":"Charge","Tiempo de lectura":"6 minutos"},"schema":{"@context":"https:\/\/schema.org","@graph":[{"@type":"Article","@id":"https:\/\/sindromecharge.es\/index.php\/2024\/09\/18\/mayor-agilidad-discapacidad-cuidados-24-horas-mas-investigacion-entre-las-medidas-esperado-acuerdo-sobre-ley-ela\/#article","isPartOf":{"@id":"https:\/\/sindromecharge.es\/index.php\/2024\/09\/18\/mayor-agilidad-discapacidad-cuidados-24-horas-mas-investigacion-entre-las-medidas-esperado-acuerdo-sobre-ley-ela\/"},"author":{"name":"Charge","@id":"https:\/\/sindromecharge.es\/#\/schema\/person\/39a60ebe0a2b4d5a11179701e336b039"},"headline":"\u00bfQu\u00e9 dice la ley ELA y a qui\u00e9n beneficiar\u00e1? Estos son los requisitos de acceso y los servicios que contendr\u00e1 la normativa","datePublished":"2024-09-18T03:14:47+00:00","mainEntityOfPage":{"@id":"https:\/\/sindromecharge.es\/index.php\/2024\/09\/18\/mayor-agilidad-discapacidad-cuidados-24-horas-mas-investigacion-entre-las-medidas-esperado-acuerdo-sobre-ley-ela\/"},"wordCount":1229,"articleSection":["noticias"],"inLanguage":"es"},{"@type":"WebPage","@id":"https:\/\/sindromecharge.es\/index.php\/2024\/09\/18\/mayor-agilidad-discapacidad-cuidados-24-horas-mas-investigacion-entre-las-medidas-esperado-acuerdo-sobre-ley-ela\/","url":"https:\/\/sindromecharge.es\/index.php\/2024\/09\/18\/mayor-agilidad-discapacidad-cuidados-24-horas-mas-investigacion-entre-las-medidas-esperado-acuerdo-sobre-ley-ela\/","name":"\u00bfQu\u00e9 dice la ley ELA y a qui\u00e9n beneficiar\u00e1? Estos son los requisitos de acceso y los servicios que contendr\u00e1 la normativa - Asociaci\u00f3n Espa\u00f1ola S\u00edndrome de Charge","isPartOf":{"@id":"https:\/\/sindromecharge.es\/#website"},"datePublished":"2024-09-18T03:14:47+00:00","author":{"@id":"https:\/\/sindromecharge.es\/#\/schema\/person\/39a60ebe0a2b4d5a11179701e336b039"},"breadcrumb":{"@id":"https:\/\/sindromecharge.es\/index.php\/2024\/09\/18\/mayor-agilidad-discapacidad-cuidados-24-horas-mas-investigacion-entre-las-medidas-esperado-acuerdo-sobre-ley-ela\/#breadcrumb"},"inLanguage":"es","potentialAction":[{"@type":"ReadAction","target":["https:\/\/sindromecharge.es\/index.php\/2024\/09\/18\/mayor-agilidad-discapacidad-cuidados-24-horas-mas-investigacion-entre-las-medidas-esperado-acuerdo-sobre-ley-ela\/"]}]},{"@type":"BreadcrumbList","@id":"https:\/\/sindromecharge.es\/index.php\/2024\/09\/18\/mayor-agilidad-discapacidad-cuidados-24-horas-mas-investigacion-entre-las-medidas-esperado-acuerdo-sobre-ley-ela\/#breadcrumb","itemListElement":[{"@type":"ListItem","position":1,"name":"Portada","item":"https:\/\/sindromecharge.es\/"},{"@type":"ListItem","position":2,"name":"\u00bfQu\u00e9 dice la ley ELA y a qui\u00e9n beneficiar\u00e1? Estos son los requisitos de acceso y los servicios que contendr\u00e1 la normativa"}]},{"@type":"WebSite","@id":"https:\/\/sindromecharge.es\/#website","url":"https:\/\/sindromecharge.es\/","name":"Asociaci\u00f3n Espa\u00f1ola S\u00edndrome de Charge","description":"","potentialAction":[{"@type":"SearchAction","target":{"@type":"EntryPoint","urlTemplate":"https:\/\/sindromecharge.es\/?s={search_term_string}"},"query-input":{"@type":"PropertyValueSpecification","valueRequired":true,"valueName":"search_term_string"}}],"inLanguage":"es"},{"@type":"Person","@id":"https:\/\/sindromecharge.es\/#\/schema\/person\/39a60ebe0a2b4d5a11179701e336b039","name":"Charge","image":{"@type":"ImageObject","inLanguage":"es","@id":"https:\/\/secure.gravatar.com\/avatar\/c3b46e32a0fc3b093a0873fb767bf3293de856293065e84ef06b7ec7a8acfb98?s=96&d=identicon&r=x","url":"https:\/\/secure.gravatar.com\/avatar\/c3b46e32a0fc3b093a0873fb767bf3293de856293065e84ef06b7ec7a8acfb98?s=96&d=identicon&r=x","contentUrl":"https:\/\/secure.gravatar.com\/avatar\/c3b46e32a0fc3b093a0873fb767bf3293de856293065e84ef06b7ec7a8acfb98?s=96&d=identicon&r=x","caption":"Charge"},"url":"https:\/\/sindromecharge.es\/index.php\/author\/admin\/"}]}},"_links":{"self":[{"href":"https:\/\/sindromecharge.es\/index.php\/wp-json\/wp\/v2\/posts\/10317","targetHints":{"allow":["GET"]}}],"collection":[{"href":"https:\/\/sindromecharge.es\/index.php\/wp-json\/wp\/v2\/posts"}],"about":[{"href":"https:\/\/sindromecharge.es\/index.php\/wp-json\/wp\/v2\/types\/post"}],"author":[{"embeddable":true,"href":"https:\/\/sindromecharge.es\/index.php\/wp-json\/wp\/v2\/users\/1"}],"replies":[{"embeddable":true,"href":"https:\/\/sindromecharge.es\/index.php\/wp-json\/wp\/v2\/comments?post=10317"}],"version-history":[{"count":0,"href":"https:\/\/sindromecharge.es\/index.php\/wp-json\/wp\/v2\/posts\/10317\/revisions"}],"wp:attachment":[{"href":"https:\/\/sindromecharge.es\/index.php\/wp-json\/wp\/v2\/media?parent=10317"}],"wp:term":[{"taxonomy":"category","embeddable":true,"href":"https:\/\/sindromecharge.es\/index.php\/wp-json\/wp\/v2\/categories?post=10317"},{"taxonomy":"post_tag","embeddable":true,"href":"https:\/\/sindromecharge.es\/index.php\/wp-json\/wp\/v2\/tags?post=10317"}],"curies":[{"name":"wp","href":"https:\/\/api.w.org\/{rel}","templated":true}]}}