{"id":10316,"date":"2024-09-17T12:36:15","date_gmt":"2024-09-17T12:36:15","guid":{"rendered":"https:\/\/sindromecharge.es\/index.php\/2024\/09\/17\/nos-reunimos-con-el-secretario-de-estado-de-sanidad\/"},"modified":"2024-09-17T12:36:15","modified_gmt":"2024-09-17T12:36:15","slug":"nos-reunimos-con-el-secretario-de-estado-de-sanidad","status":"publish","type":"post","link":"https:\/\/sindromecharge.es\/index.php\/2024\/09\/17\/nos-reunimos-con-el-secretario-de-estado-de-sanidad\/","title":{"rendered":"El secretario de Estado de Sanidad recibe a Menudos Corazones"},"content":{"rendered":"<p>Leemos en Menudos Corazones la siguiente noticia que os reproducimos de forma \u00edntegra: <\/p>\n<div>\n<p>El 29 de julio, el <strong>secretario de Estado de Sanidad,<\/strong> <strong>Javier Padilla Bern\u00e1ldez,<\/strong> nos recibi\u00f3 en el <a href=\"https:\/\/www.sanidad.gob.es\/\">Ministerio de Sanidad<\/a> para abordar tres asuntos de especial inter\u00e9s e importancia para los pacientes con cardiopat\u00edas cong\u00e9nitas\u00a0y sus familias: la <strong>atenci\u00f3n temprana,<\/strong> la transici\u00f3n a las unidades de <strong>cardiopat\u00edas cong\u00e9nitas del adulto<\/strong> y la <strong>discapacidad.<\/strong><\/p>\n<p>Esta reuni\u00f3n con Menudos Corazones comenz\u00f3 a fraguarse tras la <a href=\"https:\/\/www.menudoscorazones.org\/2024\/llevamos-las-cardiopatias-congenitas-al-congreso-de-los-diputados\/\">Jornada para el reconocimiento, la visibilidad y los derechos de las personas con cardiopat\u00edas cong\u00e9nitas y sus familias<\/a> que organizamos en mayo, en el <strong>Congreso de los Diputados,<\/strong> evento inaugurado por Javier Padilla.<\/p>\n<figure id=\"attachment_40151\" aria-describedby=\"caption-attachment-40151\" style=\"width: 702px\" class=\"wp-caption aligncenter\"><img fetchpriority=\"high\" decoding=\"async\" class=\"wp-image-40151 size-large\" src=\"https:\/\/www.menudoscorazones.org\/wp-content\/uploads\/2024\/09\/Reunion-Javier-Padilla-1024x961.jpg\" alt=\"\" width=\"702\" height=\"659\" srcset=\"https:\/\/www.menudoscorazones.org\/wp-content\/uploads\/2024\/09\/Reunion-Javier-Padilla-1024x961.jpg 1024w, https:\/\/www.menudoscorazones.org\/wp-content\/uploads\/2024\/09\/Reunion-Javier-Padilla-300x281.jpg 300w, https:\/\/www.menudoscorazones.org\/wp-content\/uploads\/2024\/09\/Reunion-Javier-Padilla-768x721.jpg 768w, https:\/\/www.menudoscorazones.org\/wp-content\/uploads\/2024\/09\/Reunion-Javier-Padilla-1536x1441.jpg 1536w, https:\/\/www.menudoscorazones.org\/wp-content\/uploads\/2024\/09\/Reunion-Javier-Padilla-2048x1921.jpg 2048w, https:\/\/www.menudoscorazones.org\/wp-content\/uploads\/2024\/09\/Reunion-Javier-Padilla-655x615.jpg 655w\" sizes=\"(max-width: 702px) 100vw, 702px\"><figcaption id=\"caption-attachment-40151\" class=\"wp-caption-text\">De izq. a dcha., Amaya S\u00e1ez, directora de Menudos Corazones; Javier Padilla, secretario de Estado de Sanidad; Marta Medina, nuestra subdirectora; y Chus Montes, responsable de Comunicaci\u00f3n de la entidad.<\/figcaption><\/figure>\n<p>Estas tres prioridades en las que avanzamos, est\u00e1n extra\u00eddas del <a href=\"https:\/\/www.menudoscorazones.org\/wp-content\/uploads\/2024\/05\/Decalogo-Menudos-Corazones-1.pdf\">Dec\u00e1logo \u2018Menudos Corazones\u2019<\/a>, presentado en el marco de la hist\u00f3rica Jornada celebrada en el Congreso, y centrar\u00e1n nuestros esfuerzos en los pr\u00f3ximos meses, con el objetivo de generar cambios positivos tangibles en la vida de ni\u00f1as, ni\u00f1os, adolescentes, j\u00f3venes y personas adultas con cardiopat\u00edas cong\u00e9nitas.<\/p>\n<p>Damos las gracias al secretario de Estado de Sanidad por este primer encuentro del que salimos con propuestas que continuaremos desarrollando en beneficio de nuestra causa.<\/p>\n<p>\u00a1Seguimos!<\/p>\n<p>La entrada <a href=\"https:\/\/www.menudoscorazones.org\/2024\/nos-reunimos-con-el-secretario-de-estado-de-sanidad\/\">El secretario de Estado de Sanidad recibe a Menudos Corazones<\/a> aparece primero en <a href=\"https:\/\/www.menudoscorazones.org\/\">Menudos Corazones<\/a>.<\/p>\n<\/div>\n<p>Fuente: Menudos Corazones https:\/\/www.menudoscorazones.org\/2024\/nos-reunimos-con-el-secretario-de-estado-de-sanidad\/<\/p>\n","protected":false},"excerpt":{"rendered":"<p>En el encuentro, abordamos asuntos de especial inter\u00e9s e importancia para los pacientes con cardiopat\u00edas cong\u00e9nitas\u00a0y sus familias. La entrada El secretario de Estado de Sanidad recibe a Menudos Corazones aparece primero en Menudos Corazones.<\/p>\n","protected":false},"author":1,"featured_media":0,"comment_status":"closed","ping_status":"closed","sticky":false,"template":"","format":"standard","meta":{"footnotes":""},"categories":[8],"tags":[],"class_list":["post-10316","post","type-post","status-publish","format-standard","hentry","category-noticias"],"yoast_head":"<!-- This site is optimized with the Yoast SEO plugin v27.5 - https:\/\/yoast.com\/product\/yoast-seo-wordpress\/ -->\n<title>El secretario de Estado de Sanidad recibe a Menudos Corazones - Asociaci\u00f3n Espa\u00f1ola S\u00edndrome de Charge<\/title>\n<meta name=\"robots\" content=\"index, follow, max-snippet:-1, max-image-preview:large, max-video-preview:-1\" \/>\n<link rel=\"canonical\" href=\"https:\/\/sindromecharge.es\/index.php\/2024\/09\/17\/nos-reunimos-con-el-secretario-de-estado-de-sanidad\/\" \/>\n<meta property=\"og:locale\" content=\"es_ES\" \/>\n<meta property=\"og:type\" content=\"article\" \/>\n<meta property=\"og:title\" content=\"El secretario de Estado de Sanidad recibe a Menudos Corazones - Asociaci\u00f3n Espa\u00f1ola S\u00edndrome de Charge\" \/>\n<meta property=\"og:description\" content=\"En el encuentro, abordamos asuntos de especial inter\u00e9s e importancia para los pacientes con cardiopat\u00edas cong\u00e9nitas\u00a0y sus familias. La entrada El secretario de Estado de Sanidad recibe a Menudos Corazones aparece primero en Menudos Corazones.\" \/>\n<meta property=\"og:url\" content=\"https:\/\/sindromecharge.es\/index.php\/2024\/09\/17\/nos-reunimos-con-el-secretario-de-estado-de-sanidad\/\" \/>\n<meta property=\"og:site_name\" content=\"Asociaci\u00f3n Espa\u00f1ola S\u00edndrome de Charge\" \/>\n<meta property=\"article:publisher\" content=\"https:\/\/www.facebook.com\/asociacionsindromecharge\" \/>\n<meta property=\"article:published_time\" content=\"2024-09-17T12:36:15+00:00\" \/>\n<meta property=\"og:image\" content=\"https:\/\/www.menudoscorazones.org\/wp-content\/uploads\/2024\/09\/Reunion-Javier-Padilla-1024x961.jpg\" \/>\n<meta name=\"author\" content=\"Charge\" \/>\n<meta name=\"twitter:card\" content=\"summary_large_image\" \/>\n<meta name=\"twitter:creator\" content=\"@sindromecharge\" \/>\n<meta name=\"twitter:site\" content=\"@sindromecharge\" \/>\n<meta name=\"twitter:label1\" content=\"Escrito por\" \/>\n\t<meta name=\"twitter:data1\" content=\"Charge\" \/>\n\t<meta name=\"twitter:label2\" content=\"Tiempo de lectura\" \/>\n\t<meta name=\"twitter:data2\" content=\"1 minuto\" \/>\n<script type=\"application\/ld+json\" class=\"yoast-schema-graph\">{\"@context\":\"https:\\\/\\\/schema.org\",\"@graph\":[{\"@type\":\"Article\",\"@id\":\"https:\\\/\\\/sindromecharge.es\\\/index.php\\\/2024\\\/09\\\/17\\\/nos-reunimos-con-el-secretario-de-estado-de-sanidad\\\/#article\",\"isPartOf\":{\"@id\":\"https:\\\/\\\/sindromecharge.es\\\/index.php\\\/2024\\\/09\\\/17\\\/nos-reunimos-con-el-secretario-de-estado-de-sanidad\\\/\"},\"author\":{\"name\":\"Charge\",\"@id\":\"https:\\\/\\\/sindromecharge.es\\\/#\\\/schema\\\/person\\\/39a60ebe0a2b4d5a11179701e336b039\"},\"headline\":\"El secretario de Estado de Sanidad recibe a Menudos Corazones\",\"datePublished\":\"2024-09-17T12:36:15+00:00\",\"mainEntityOfPage\":{\"@id\":\"https:\\\/\\\/sindromecharge.es\\\/index.php\\\/2024\\\/09\\\/17\\\/nos-reunimos-con-el-secretario-de-estado-de-sanidad\\\/\"},\"wordCount\":280,\"image\":{\"@id\":\"https:\\\/\\\/sindromecharge.es\\\/index.php\\\/2024\\\/09\\\/17\\\/nos-reunimos-con-el-secretario-de-estado-de-sanidad\\\/#primaryimage\"},\"thumbnailUrl\":\"https:\\\/\\\/www.menudoscorazones.org\\\/wp-content\\\/uploads\\\/2024\\\/09\\\/Reunion-Javier-Padilla-1024x961.jpg\",\"articleSection\":[\"noticias\"],\"inLanguage\":\"es\"},{\"@type\":\"WebPage\",\"@id\":\"https:\\\/\\\/sindromecharge.es\\\/index.php\\\/2024\\\/09\\\/17\\\/nos-reunimos-con-el-secretario-de-estado-de-sanidad\\\/\",\"url\":\"https:\\\/\\\/sindromecharge.es\\\/index.php\\\/2024\\\/09\\\/17\\\/nos-reunimos-con-el-secretario-de-estado-de-sanidad\\\/\",\"name\":\"El secretario de Estado de Sanidad recibe a Menudos Corazones - Asociaci\u00f3n Espa\u00f1ola S\u00edndrome de Charge\",\"isPartOf\":{\"@id\":\"https:\\\/\\\/sindromecharge.es\\\/#website\"},\"primaryImageOfPage\":{\"@id\":\"https:\\\/\\\/sindromecharge.es\\\/index.php\\\/2024\\\/09\\\/17\\\/nos-reunimos-con-el-secretario-de-estado-de-sanidad\\\/#primaryimage\"},\"image\":{\"@id\":\"https:\\\/\\\/sindromecharge.es\\\/index.php\\\/2024\\\/09\\\/17\\\/nos-reunimos-con-el-secretario-de-estado-de-sanidad\\\/#primaryimage\"},\"thumbnailUrl\":\"https:\\\/\\\/www.menudoscorazones.org\\\/wp-content\\\/uploads\\\/2024\\\/09\\\/Reunion-Javier-Padilla-1024x961.jpg\",\"datePublished\":\"2024-09-17T12:36:15+00:00\",\"author\":{\"@id\":\"https:\\\/\\\/sindromecharge.es\\\/#\\\/schema\\\/person\\\/39a60ebe0a2b4d5a11179701e336b039\"},\"breadcrumb\":{\"@id\":\"https:\\\/\\\/sindromecharge.es\\\/index.php\\\/2024\\\/09\\\/17\\\/nos-reunimos-con-el-secretario-de-estado-de-sanidad\\\/#breadcrumb\"},\"inLanguage\":\"es\",\"potentialAction\":[{\"@type\":\"ReadAction\",\"target\":[\"https:\\\/\\\/sindromecharge.es\\\/index.php\\\/2024\\\/09\\\/17\\\/nos-reunimos-con-el-secretario-de-estado-de-sanidad\\\/\"]}]},{\"@type\":\"ImageObject\",\"inLanguage\":\"es\",\"@id\":\"https:\\\/\\\/sindromecharge.es\\\/index.php\\\/2024\\\/09\\\/17\\\/nos-reunimos-con-el-secretario-de-estado-de-sanidad\\\/#primaryimage\",\"url\":\"https:\\\/\\\/www.menudoscorazones.org\\\/wp-content\\\/uploads\\\/2024\\\/09\\\/Reunion-Javier-Padilla-1024x961.jpg\",\"contentUrl\":\"https:\\\/\\\/www.menudoscorazones.org\\\/wp-content\\\/uploads\\\/2024\\\/09\\\/Reunion-Javier-Padilla-1024x961.jpg\"},{\"@type\":\"BreadcrumbList\",\"@id\":\"https:\\\/\\\/sindromecharge.es\\\/index.php\\\/2024\\\/09\\\/17\\\/nos-reunimos-con-el-secretario-de-estado-de-sanidad\\\/#breadcrumb\",\"itemListElement\":[{\"@type\":\"ListItem\",\"position\":1,\"name\":\"Portada\",\"item\":\"https:\\\/\\\/sindromecharge.es\\\/\"},{\"@type\":\"ListItem\",\"position\":2,\"name\":\"El secretario de Estado de Sanidad recibe a Menudos Corazones\"}]},{\"@type\":\"WebSite\",\"@id\":\"https:\\\/\\\/sindromecharge.es\\\/#website\",\"url\":\"https:\\\/\\\/sindromecharge.es\\\/\",\"name\":\"Asociaci\u00f3n Espa\u00f1ola S\u00edndrome de Charge\",\"description\":\"\",\"potentialAction\":[{\"@type\":\"SearchAction\",\"target\":{\"@type\":\"EntryPoint\",\"urlTemplate\":\"https:\\\/\\\/sindromecharge.es\\\/?s={search_term_string}\"},\"query-input\":{\"@type\":\"PropertyValueSpecification\",\"valueRequired\":true,\"valueName\":\"search_term_string\"}}],\"inLanguage\":\"es\"},{\"@type\":\"Person\",\"@id\":\"https:\\\/\\\/sindromecharge.es\\\/#\\\/schema\\\/person\\\/39a60ebe0a2b4d5a11179701e336b039\",\"name\":\"Charge\",\"image\":{\"@type\":\"ImageObject\",\"inLanguage\":\"es\",\"@id\":\"https:\\\/\\\/secure.gravatar.com\\\/avatar\\\/c3b46e32a0fc3b093a0873fb767bf3293de856293065e84ef06b7ec7a8acfb98?s=96&d=identicon&r=x\",\"url\":\"https:\\\/\\\/secure.gravatar.com\\\/avatar\\\/c3b46e32a0fc3b093a0873fb767bf3293de856293065e84ef06b7ec7a8acfb98?s=96&d=identicon&r=x\",\"contentUrl\":\"https:\\\/\\\/secure.gravatar.com\\\/avatar\\\/c3b46e32a0fc3b093a0873fb767bf3293de856293065e84ef06b7ec7a8acfb98?s=96&d=identicon&r=x\",\"caption\":\"Charge\"},\"url\":\"https:\\\/\\\/sindromecharge.es\\\/index.php\\\/author\\\/admin\\\/\"}]}<\/script>\n<!-- \/ Yoast SEO plugin. -->","yoast_head_json":{"title":"El secretario de Estado de Sanidad recibe a Menudos Corazones - Asociaci\u00f3n Espa\u00f1ola S\u00edndrome de Charge","robots":{"index":"index","follow":"follow","max-snippet":"max-snippet:-1","max-image-preview":"max-image-preview:large","max-video-preview":"max-video-preview:-1"},"canonical":"https:\/\/sindromecharge.es\/index.php\/2024\/09\/17\/nos-reunimos-con-el-secretario-de-estado-de-sanidad\/","og_locale":"es_ES","og_type":"article","og_title":"El secretario de Estado de Sanidad recibe a Menudos Corazones - Asociaci\u00f3n Espa\u00f1ola S\u00edndrome de Charge","og_description":"En el encuentro, abordamos asuntos de especial inter\u00e9s e importancia para los pacientes con cardiopat\u00edas cong\u00e9nitas\u00a0y sus familias. La entrada El secretario de Estado de Sanidad recibe a Menudos Corazones aparece primero en Menudos Corazones.","og_url":"https:\/\/sindromecharge.es\/index.php\/2024\/09\/17\/nos-reunimos-con-el-secretario-de-estado-de-sanidad\/","og_site_name":"Asociaci\u00f3n Espa\u00f1ola S\u00edndrome de Charge","article_publisher":"https:\/\/www.facebook.com\/asociacionsindromecharge","article_published_time":"2024-09-17T12:36:15+00:00","og_image":[{"url":"https:\/\/www.menudoscorazones.org\/wp-content\/uploads\/2024\/09\/Reunion-Javier-Padilla-1024x961.jpg","type":"","width":"","height":""}],"author":"Charge","twitter_card":"summary_large_image","twitter_creator":"@sindromecharge","twitter_site":"@sindromecharge","twitter_misc":{"Escrito por":"Charge","Tiempo de lectura":"1 minuto"},"schema":{"@context":"https:\/\/schema.org","@graph":[{"@type":"Article","@id":"https:\/\/sindromecharge.es\/index.php\/2024\/09\/17\/nos-reunimos-con-el-secretario-de-estado-de-sanidad\/#article","isPartOf":{"@id":"https:\/\/sindromecharge.es\/index.php\/2024\/09\/17\/nos-reunimos-con-el-secretario-de-estado-de-sanidad\/"},"author":{"name":"Charge","@id":"https:\/\/sindromecharge.es\/#\/schema\/person\/39a60ebe0a2b4d5a11179701e336b039"},"headline":"El secretario de Estado de Sanidad recibe a Menudos Corazones","datePublished":"2024-09-17T12:36:15+00:00","mainEntityOfPage":{"@id":"https:\/\/sindromecharge.es\/index.php\/2024\/09\/17\/nos-reunimos-con-el-secretario-de-estado-de-sanidad\/"},"wordCount":280,"image":{"@id":"https:\/\/sindromecharge.es\/index.php\/2024\/09\/17\/nos-reunimos-con-el-secretario-de-estado-de-sanidad\/#primaryimage"},"thumbnailUrl":"https:\/\/www.menudoscorazones.org\/wp-content\/uploads\/2024\/09\/Reunion-Javier-Padilla-1024x961.jpg","articleSection":["noticias"],"inLanguage":"es"},{"@type":"WebPage","@id":"https:\/\/sindromecharge.es\/index.php\/2024\/09\/17\/nos-reunimos-con-el-secretario-de-estado-de-sanidad\/","url":"https:\/\/sindromecharge.es\/index.php\/2024\/09\/17\/nos-reunimos-con-el-secretario-de-estado-de-sanidad\/","name":"El secretario de Estado de Sanidad recibe a Menudos Corazones - Asociaci\u00f3n Espa\u00f1ola S\u00edndrome de Charge","isPartOf":{"@id":"https:\/\/sindromecharge.es\/#website"},"primaryImageOfPage":{"@id":"https:\/\/sindromecharge.es\/index.php\/2024\/09\/17\/nos-reunimos-con-el-secretario-de-estado-de-sanidad\/#primaryimage"},"image":{"@id":"https:\/\/sindromecharge.es\/index.php\/2024\/09\/17\/nos-reunimos-con-el-secretario-de-estado-de-sanidad\/#primaryimage"},"thumbnailUrl":"https:\/\/www.menudoscorazones.org\/wp-content\/uploads\/2024\/09\/Reunion-Javier-Padilla-1024x961.jpg","datePublished":"2024-09-17T12:36:15+00:00","author":{"@id":"https:\/\/sindromecharge.es\/#\/schema\/person\/39a60ebe0a2b4d5a11179701e336b039"},"breadcrumb":{"@id":"https:\/\/sindromecharge.es\/index.php\/2024\/09\/17\/nos-reunimos-con-el-secretario-de-estado-de-sanidad\/#breadcrumb"},"inLanguage":"es","potentialAction":[{"@type":"ReadAction","target":["https:\/\/sindromecharge.es\/index.php\/2024\/09\/17\/nos-reunimos-con-el-secretario-de-estado-de-sanidad\/"]}]},{"@type":"ImageObject","inLanguage":"es","@id":"https:\/\/sindromecharge.es\/index.php\/2024\/09\/17\/nos-reunimos-con-el-secretario-de-estado-de-sanidad\/#primaryimage","url":"https:\/\/www.menudoscorazones.org\/wp-content\/uploads\/2024\/09\/Reunion-Javier-Padilla-1024x961.jpg","contentUrl":"https:\/\/www.menudoscorazones.org\/wp-content\/uploads\/2024\/09\/Reunion-Javier-Padilla-1024x961.jpg"},{"@type":"BreadcrumbList","@id":"https:\/\/sindromecharge.es\/index.php\/2024\/09\/17\/nos-reunimos-con-el-secretario-de-estado-de-sanidad\/#breadcrumb","itemListElement":[{"@type":"ListItem","position":1,"name":"Portada","item":"https:\/\/sindromecharge.es\/"},{"@type":"ListItem","position":2,"name":"El secretario de Estado de Sanidad recibe a Menudos Corazones"}]},{"@type":"WebSite","@id":"https:\/\/sindromecharge.es\/#website","url":"https:\/\/sindromecharge.es\/","name":"Asociaci\u00f3n Espa\u00f1ola S\u00edndrome de Charge","description":"","potentialAction":[{"@type":"SearchAction","target":{"@type":"EntryPoint","urlTemplate":"https:\/\/sindromecharge.es\/?s={search_term_string}"},"query-input":{"@type":"PropertyValueSpecification","valueRequired":true,"valueName":"search_term_string"}}],"inLanguage":"es"},{"@type":"Person","@id":"https:\/\/sindromecharge.es\/#\/schema\/person\/39a60ebe0a2b4d5a11179701e336b039","name":"Charge","image":{"@type":"ImageObject","inLanguage":"es","@id":"https:\/\/secure.gravatar.com\/avatar\/c3b46e32a0fc3b093a0873fb767bf3293de856293065e84ef06b7ec7a8acfb98?s=96&d=identicon&r=x","url":"https:\/\/secure.gravatar.com\/avatar\/c3b46e32a0fc3b093a0873fb767bf3293de856293065e84ef06b7ec7a8acfb98?s=96&d=identicon&r=x","contentUrl":"https:\/\/secure.gravatar.com\/avatar\/c3b46e32a0fc3b093a0873fb767bf3293de856293065e84ef06b7ec7a8acfb98?s=96&d=identicon&r=x","caption":"Charge"},"url":"https:\/\/sindromecharge.es\/index.php\/author\/admin\/"}]}},"_links":{"self":[{"href":"https:\/\/sindromecharge.es\/index.php\/wp-json\/wp\/v2\/posts\/10316","targetHints":{"allow":["GET"]}}],"collection":[{"href":"https:\/\/sindromecharge.es\/index.php\/wp-json\/wp\/v2\/posts"}],"about":[{"href":"https:\/\/sindromecharge.es\/index.php\/wp-json\/wp\/v2\/types\/post"}],"author":[{"embeddable":true,"href":"https:\/\/sindromecharge.es\/index.php\/wp-json\/wp\/v2\/users\/1"}],"replies":[{"embeddable":true,"href":"https:\/\/sindromecharge.es\/index.php\/wp-json\/wp\/v2\/comments?post=10316"}],"version-history":[{"count":0,"href":"https:\/\/sindromecharge.es\/index.php\/wp-json\/wp\/v2\/posts\/10316\/revisions"}],"wp:attachment":[{"href":"https:\/\/sindromecharge.es\/index.php\/wp-json\/wp\/v2\/media?parent=10316"}],"wp:term":[{"taxonomy":"category","embeddable":true,"href":"https:\/\/sindromecharge.es\/index.php\/wp-json\/wp\/v2\/categories?post=10316"},{"taxonomy":"post_tag","embeddable":true,"href":"https:\/\/sindromecharge.es\/index.php\/wp-json\/wp\/v2\/tags?post=10316"}],"curies":[{"name":"wp","href":"https:\/\/api.w.org\/{rel}","templated":true}]}}