{"id":10315,"date":"2024-09-17T07:44:50","date_gmt":"2024-09-17T07:44:50","guid":{"rendered":"https:\/\/sindromecharge.es\/index.php\/2024\/09\/17\/pp-psoe-sumar-junts-cierran-acuerdo-sacar-adelante-ley-ela\/"},"modified":"2024-09-17T07:44:50","modified_gmt":"2024-09-17T07:44:50","slug":"pp-psoe-sumar-junts-cierran-acuerdo-sacar-adelante-ley-ela","status":"publish","type":"post","link":"https:\/\/sindromecharge.es\/index.php\/2024\/09\/17\/pp-psoe-sumar-junts-cierran-acuerdo-sacar-adelante-ley-ela\/","title":{"rendered":"PP, PSOE, Sumar y Junts cierran el acuerdo para aprobar la ley ELA que incluir\u00e1 atenci\u00f3n continua las 24 horas del d\u00eda"},"content":{"rendered":"<p>Leemos en Discapacidad la siguiente noticia que os reproducimos de forma \u00edntegra: <\/p>\n<div>\n<p>Tras m\u00e1s de medio a\u00f1o de negociaciones, PP, PSOE, Sumar y Junts llegaron este lunes por la noche a un acuerdo para presentar un texto com\u00fan de la ley <b>de pacientes con esclerosis lateral amiotr\u00f3fica (ELA)<\/b>, que, entre otras cosas incluye la atenci\u00f3n especializada 24 horas para las personas en estadios avanzados. Se desencalla as\u00ed la tramitaci\u00f3n de una norma muy demandada por los pacientes y sus familiares, tras pactar las cuatro formaciones que las leyes que hab\u00edan registrado individualmente acaben unidas en un \u00fanico texto que cuenta con el benepl\u00e1cito del colectivo de personas afectadas ConELA.<\/p>\n<p>Seg\u00fan informan desde el PSOE, este mi\u00e9rcoles se registrar\u00e1n las enmiendas que \u00abmaterializan\u00bb dicho acuerdo, con el objetivo de cumplir con el compromiso al que se han suscrito las cuatro formaciones de agilizar la tramitaci\u00f3n de la ley en las Cortes, para que est\u00e9 aprobada, <b>\u00abcomo tarde, antes de que termine el mes de octubre\u00bb.<\/b><\/p>\n<p>La norma va fundamentalmente dirigida a los pacientes con ELA, aunque <b>tambi\u00e9n se aplicar\u00e1 a otras personas que padezcan procesos neurol\u00f3gicos irreversibles,<\/b> de alta complejidad, con una reducci\u00f3n significativa de supervivencia y que necesiten coordinaci\u00f3n de cuidados sanitarios y sociales. <\/p>\n<p>Seg\u00fan el acuerdo al que ha tenido acceso <b><i>20minutos<\/i><\/b>, la ley garantizar\u00e1 la supervisi\u00f3n y la atenci\u00f3n <b>continua especializada de 24 horas <\/b>en las fases m\u00e1s avanzadas de la enfermedad, cuando el paciente ya tenga una dependencia completa. Tambi\u00e9n se aceleran los procesos administrativos, fijando un procedimiento de urgencia para revisar el grado de discapacidad y los procesos de valoraci\u00f3n, que no podr\u00e1n dilatarse m\u00e1s de tres meses.<\/p>\n<p>Adem\u00e1s, el texto acordado incluye la puesta en marcha de <b>una estructura para la investigaci\u00f3n ELA;<\/b> ayudas a electrodependientes y consumidores vulnerables; y la creaci\u00f3n de un Registro Estatal de Enfermedades Neurodegenerativas. Hay igualmente medidas de especializaci\u00f3n en estas enfermedades, tanto de los profesionales sanitarios como de los cuidadores que trabajan en el Sistema de Dependencia. Y, en esa l\u00ednea, se actualizar\u00e1 la Cartera Com\u00fan de Servicios del Sistema Nacional de Salud para incorporar al \u00e1mbito de la rehabilitaci\u00f3n los servicios de fisioterapia, que podr\u00e1n ofrecerse tambi\u00e9n en el domicilio. <\/p>\n<p><b><i>Habr\u00e1 m\u00e1s informaci\u00f3n&#8230;<\/i><\/b><\/p>\n<\/div>\n<p>Fuente: Discapacidad https:\/\/www.20minutos.es\/noticia\/5634373\/0\/pp-psoe-sumar-junts-cierran-acuerdo-sacar-adelante-ley-ela\/<\/p>\n","protected":false},"excerpt":{"rendered":"<p>El objetivo de los grupos es poder aprobarla \u00abcomo tarde\u00bb antes de que termine el mes de octubre.<\/p>\n","protected":false},"author":1,"featured_media":0,"comment_status":"closed","ping_status":"closed","sticky":false,"template":"","format":"standard","meta":{"footnotes":""},"categories":[8],"tags":[],"class_list":["post-10315","post","type-post","status-publish","format-standard","hentry","category-noticias"],"yoast_head":"<!-- This site is optimized with the Yoast SEO plugin v27.5 - https:\/\/yoast.com\/product\/yoast-seo-wordpress\/ -->\n<title>PP, PSOE, Sumar y Junts cierran el acuerdo para aprobar la ley ELA que incluir\u00e1 atenci\u00f3n continua las 24 horas del d\u00eda - Asociaci\u00f3n Espa\u00f1ola S\u00edndrome de Charge<\/title>\n<meta name=\"robots\" content=\"index, follow, max-snippet:-1, max-image-preview:large, max-video-preview:-1\" \/>\n<link rel=\"canonical\" href=\"https:\/\/sindromecharge.es\/index.php\/2024\/09\/17\/pp-psoe-sumar-junts-cierran-acuerdo-sacar-adelante-ley-ela\/\" \/>\n<meta property=\"og:locale\" content=\"es_ES\" \/>\n<meta property=\"og:type\" content=\"article\" \/>\n<meta property=\"og:title\" content=\"PP, PSOE, Sumar y Junts cierran el acuerdo para aprobar la ley ELA que incluir\u00e1 atenci\u00f3n continua las 24 horas del d\u00eda - Asociaci\u00f3n Espa\u00f1ola S\u00edndrome de Charge\" \/>\n<meta property=\"og:description\" content=\"El objetivo de los grupos es poder aprobarla \u00abcomo tarde\u00bb antes de que termine el mes de octubre.\" \/>\n<meta property=\"og:url\" content=\"https:\/\/sindromecharge.es\/index.php\/2024\/09\/17\/pp-psoe-sumar-junts-cierran-acuerdo-sacar-adelante-ley-ela\/\" \/>\n<meta property=\"og:site_name\" content=\"Asociaci\u00f3n Espa\u00f1ola S\u00edndrome de Charge\" \/>\n<meta property=\"article:publisher\" content=\"https:\/\/www.facebook.com\/asociacionsindromecharge\" \/>\n<meta property=\"article:published_time\" content=\"2024-09-17T07:44:50+00:00\" \/>\n<meta property=\"og:image\" content=\"https:\/\/sindromecharge.es\/wp-content\/uploads\/2013\/09\/logodecharge300x98.png\" \/>\n\t<meta property=\"og:image:width\" content=\"300\" \/>\n\t<meta property=\"og:image:height\" content=\"98\" \/>\n\t<meta property=\"og:image:type\" content=\"image\/png\" \/>\n<meta name=\"author\" content=\"Charge\" \/>\n<meta name=\"twitter:card\" content=\"summary_large_image\" \/>\n<meta name=\"twitter:creator\" content=\"@sindromecharge\" \/>\n<meta name=\"twitter:site\" content=\"@sindromecharge\" \/>\n<meta name=\"twitter:label1\" content=\"Escrito por\" \/>\n\t<meta name=\"twitter:data1\" content=\"Charge\" \/>\n\t<meta name=\"twitter:label2\" content=\"Tiempo de lectura\" \/>\n\t<meta name=\"twitter:data2\" content=\"2 minutos\" \/>\n<script type=\"application\/ld+json\" class=\"yoast-schema-graph\">{\"@context\":\"https:\\\/\\\/schema.org\",\"@graph\":[{\"@type\":\"Article\",\"@id\":\"https:\\\/\\\/sindromecharge.es\\\/index.php\\\/2024\\\/09\\\/17\\\/pp-psoe-sumar-junts-cierran-acuerdo-sacar-adelante-ley-ela\\\/#article\",\"isPartOf\":{\"@id\":\"https:\\\/\\\/sindromecharge.es\\\/index.php\\\/2024\\\/09\\\/17\\\/pp-psoe-sumar-junts-cierran-acuerdo-sacar-adelante-ley-ela\\\/\"},\"author\":{\"name\":\"Charge\",\"@id\":\"https:\\\/\\\/sindromecharge.es\\\/#\\\/schema\\\/person\\\/39a60ebe0a2b4d5a11179701e336b039\"},\"headline\":\"PP, PSOE, Sumar y Junts cierran el acuerdo para aprobar la ley ELA que incluir\u00e1 atenci\u00f3n continua las 24 horas del d\u00eda\",\"datePublished\":\"2024-09-17T07:44:50+00:00\",\"mainEntityOfPage\":{\"@id\":\"https:\\\/\\\/sindromecharge.es\\\/index.php\\\/2024\\\/09\\\/17\\\/pp-psoe-sumar-junts-cierran-acuerdo-sacar-adelante-ley-ela\\\/\"},\"wordCount\":429,\"articleSection\":[\"noticias\"],\"inLanguage\":\"es\"},{\"@type\":\"WebPage\",\"@id\":\"https:\\\/\\\/sindromecharge.es\\\/index.php\\\/2024\\\/09\\\/17\\\/pp-psoe-sumar-junts-cierran-acuerdo-sacar-adelante-ley-ela\\\/\",\"url\":\"https:\\\/\\\/sindromecharge.es\\\/index.php\\\/2024\\\/09\\\/17\\\/pp-psoe-sumar-junts-cierran-acuerdo-sacar-adelante-ley-ela\\\/\",\"name\":\"PP, PSOE, Sumar y Junts cierran el acuerdo para aprobar la ley ELA que incluir\u00e1 atenci\u00f3n continua las 24 horas del d\u00eda - Asociaci\u00f3n Espa\u00f1ola S\u00edndrome de Charge\",\"isPartOf\":{\"@id\":\"https:\\\/\\\/sindromecharge.es\\\/#website\"},\"datePublished\":\"2024-09-17T07:44:50+00:00\",\"author\":{\"@id\":\"https:\\\/\\\/sindromecharge.es\\\/#\\\/schema\\\/person\\\/39a60ebe0a2b4d5a11179701e336b039\"},\"breadcrumb\":{\"@id\":\"https:\\\/\\\/sindromecharge.es\\\/index.php\\\/2024\\\/09\\\/17\\\/pp-psoe-sumar-junts-cierran-acuerdo-sacar-adelante-ley-ela\\\/#breadcrumb\"},\"inLanguage\":\"es\",\"potentialAction\":[{\"@type\":\"ReadAction\",\"target\":[\"https:\\\/\\\/sindromecharge.es\\\/index.php\\\/2024\\\/09\\\/17\\\/pp-psoe-sumar-junts-cierran-acuerdo-sacar-adelante-ley-ela\\\/\"]}]},{\"@type\":\"BreadcrumbList\",\"@id\":\"https:\\\/\\\/sindromecharge.es\\\/index.php\\\/2024\\\/09\\\/17\\\/pp-psoe-sumar-junts-cierran-acuerdo-sacar-adelante-ley-ela\\\/#breadcrumb\",\"itemListElement\":[{\"@type\":\"ListItem\",\"position\":1,\"name\":\"Portada\",\"item\":\"https:\\\/\\\/sindromecharge.es\\\/\"},{\"@type\":\"ListItem\",\"position\":2,\"name\":\"PP, PSOE, Sumar y Junts cierran el acuerdo para aprobar la ley ELA que incluir\u00e1 atenci\u00f3n continua las 24 horas del d\u00eda\"}]},{\"@type\":\"WebSite\",\"@id\":\"https:\\\/\\\/sindromecharge.es\\\/#website\",\"url\":\"https:\\\/\\\/sindromecharge.es\\\/\",\"name\":\"Asociaci\u00f3n Espa\u00f1ola S\u00edndrome de Charge\",\"description\":\"\",\"potentialAction\":[{\"@type\":\"SearchAction\",\"target\":{\"@type\":\"EntryPoint\",\"urlTemplate\":\"https:\\\/\\\/sindromecharge.es\\\/?s={search_term_string}\"},\"query-input\":{\"@type\":\"PropertyValueSpecification\",\"valueRequired\":true,\"valueName\":\"search_term_string\"}}],\"inLanguage\":\"es\"},{\"@type\":\"Person\",\"@id\":\"https:\\\/\\\/sindromecharge.es\\\/#\\\/schema\\\/person\\\/39a60ebe0a2b4d5a11179701e336b039\",\"name\":\"Charge\",\"image\":{\"@type\":\"ImageObject\",\"inLanguage\":\"es\",\"@id\":\"https:\\\/\\\/secure.gravatar.com\\\/avatar\\\/c3b46e32a0fc3b093a0873fb767bf3293de856293065e84ef06b7ec7a8acfb98?s=96&d=identicon&r=x\",\"url\":\"https:\\\/\\\/secure.gravatar.com\\\/avatar\\\/c3b46e32a0fc3b093a0873fb767bf3293de856293065e84ef06b7ec7a8acfb98?s=96&d=identicon&r=x\",\"contentUrl\":\"https:\\\/\\\/secure.gravatar.com\\\/avatar\\\/c3b46e32a0fc3b093a0873fb767bf3293de856293065e84ef06b7ec7a8acfb98?s=96&d=identicon&r=x\",\"caption\":\"Charge\"},\"url\":\"https:\\\/\\\/sindromecharge.es\\\/index.php\\\/author\\\/admin\\\/\"}]}<\/script>\n<!-- \/ Yoast SEO plugin. -->","yoast_head_json":{"title":"PP, PSOE, Sumar y Junts cierran el acuerdo para aprobar la ley ELA que incluir\u00e1 atenci\u00f3n continua las 24 horas del d\u00eda - Asociaci\u00f3n Espa\u00f1ola S\u00edndrome de Charge","robots":{"index":"index","follow":"follow","max-snippet":"max-snippet:-1","max-image-preview":"max-image-preview:large","max-video-preview":"max-video-preview:-1"},"canonical":"https:\/\/sindromecharge.es\/index.php\/2024\/09\/17\/pp-psoe-sumar-junts-cierran-acuerdo-sacar-adelante-ley-ela\/","og_locale":"es_ES","og_type":"article","og_title":"PP, PSOE, Sumar y Junts cierran el acuerdo para aprobar la ley ELA que incluir\u00e1 atenci\u00f3n continua las 24 horas del d\u00eda - Asociaci\u00f3n Espa\u00f1ola S\u00edndrome de Charge","og_description":"El objetivo de los grupos es poder aprobarla \u00abcomo tarde\u00bb antes de que termine el mes de octubre.","og_url":"https:\/\/sindromecharge.es\/index.php\/2024\/09\/17\/pp-psoe-sumar-junts-cierran-acuerdo-sacar-adelante-ley-ela\/","og_site_name":"Asociaci\u00f3n Espa\u00f1ola S\u00edndrome de Charge","article_publisher":"https:\/\/www.facebook.com\/asociacionsindromecharge","article_published_time":"2024-09-17T07:44:50+00:00","og_image":[{"width":300,"height":98,"url":"https:\/\/sindromecharge.es\/wp-content\/uploads\/2013\/09\/logodecharge300x98.png","type":"image\/png"}],"author":"Charge","twitter_card":"summary_large_image","twitter_creator":"@sindromecharge","twitter_site":"@sindromecharge","twitter_misc":{"Escrito por":"Charge","Tiempo de lectura":"2 minutos"},"schema":{"@context":"https:\/\/schema.org","@graph":[{"@type":"Article","@id":"https:\/\/sindromecharge.es\/index.php\/2024\/09\/17\/pp-psoe-sumar-junts-cierran-acuerdo-sacar-adelante-ley-ela\/#article","isPartOf":{"@id":"https:\/\/sindromecharge.es\/index.php\/2024\/09\/17\/pp-psoe-sumar-junts-cierran-acuerdo-sacar-adelante-ley-ela\/"},"author":{"name":"Charge","@id":"https:\/\/sindromecharge.es\/#\/schema\/person\/39a60ebe0a2b4d5a11179701e336b039"},"headline":"PP, PSOE, Sumar y Junts cierran el acuerdo para aprobar la ley ELA que incluir\u00e1 atenci\u00f3n continua las 24 horas del d\u00eda","datePublished":"2024-09-17T07:44:50+00:00","mainEntityOfPage":{"@id":"https:\/\/sindromecharge.es\/index.php\/2024\/09\/17\/pp-psoe-sumar-junts-cierran-acuerdo-sacar-adelante-ley-ela\/"},"wordCount":429,"articleSection":["noticias"],"inLanguage":"es"},{"@type":"WebPage","@id":"https:\/\/sindromecharge.es\/index.php\/2024\/09\/17\/pp-psoe-sumar-junts-cierran-acuerdo-sacar-adelante-ley-ela\/","url":"https:\/\/sindromecharge.es\/index.php\/2024\/09\/17\/pp-psoe-sumar-junts-cierran-acuerdo-sacar-adelante-ley-ela\/","name":"PP, PSOE, Sumar y Junts cierran el acuerdo para aprobar la ley ELA que incluir\u00e1 atenci\u00f3n continua las 24 horas del d\u00eda - Asociaci\u00f3n Espa\u00f1ola S\u00edndrome de Charge","isPartOf":{"@id":"https:\/\/sindromecharge.es\/#website"},"datePublished":"2024-09-17T07:44:50+00:00","author":{"@id":"https:\/\/sindromecharge.es\/#\/schema\/person\/39a60ebe0a2b4d5a11179701e336b039"},"breadcrumb":{"@id":"https:\/\/sindromecharge.es\/index.php\/2024\/09\/17\/pp-psoe-sumar-junts-cierran-acuerdo-sacar-adelante-ley-ela\/#breadcrumb"},"inLanguage":"es","potentialAction":[{"@type":"ReadAction","target":["https:\/\/sindromecharge.es\/index.php\/2024\/09\/17\/pp-psoe-sumar-junts-cierran-acuerdo-sacar-adelante-ley-ela\/"]}]},{"@type":"BreadcrumbList","@id":"https:\/\/sindromecharge.es\/index.php\/2024\/09\/17\/pp-psoe-sumar-junts-cierran-acuerdo-sacar-adelante-ley-ela\/#breadcrumb","itemListElement":[{"@type":"ListItem","position":1,"name":"Portada","item":"https:\/\/sindromecharge.es\/"},{"@type":"ListItem","position":2,"name":"PP, PSOE, Sumar y Junts cierran el acuerdo para aprobar la ley ELA que incluir\u00e1 atenci\u00f3n continua las 24 horas del d\u00eda"}]},{"@type":"WebSite","@id":"https:\/\/sindromecharge.es\/#website","url":"https:\/\/sindromecharge.es\/","name":"Asociaci\u00f3n Espa\u00f1ola S\u00edndrome de Charge","description":"","potentialAction":[{"@type":"SearchAction","target":{"@type":"EntryPoint","urlTemplate":"https:\/\/sindromecharge.es\/?s={search_term_string}"},"query-input":{"@type":"PropertyValueSpecification","valueRequired":true,"valueName":"search_term_string"}}],"inLanguage":"es"},{"@type":"Person","@id":"https:\/\/sindromecharge.es\/#\/schema\/person\/39a60ebe0a2b4d5a11179701e336b039","name":"Charge","image":{"@type":"ImageObject","inLanguage":"es","@id":"https:\/\/secure.gravatar.com\/avatar\/c3b46e32a0fc3b093a0873fb767bf3293de856293065e84ef06b7ec7a8acfb98?s=96&d=identicon&r=x","url":"https:\/\/secure.gravatar.com\/avatar\/c3b46e32a0fc3b093a0873fb767bf3293de856293065e84ef06b7ec7a8acfb98?s=96&d=identicon&r=x","contentUrl":"https:\/\/secure.gravatar.com\/avatar\/c3b46e32a0fc3b093a0873fb767bf3293de856293065e84ef06b7ec7a8acfb98?s=96&d=identicon&r=x","caption":"Charge"},"url":"https:\/\/sindromecharge.es\/index.php\/author\/admin\/"}]}},"_links":{"self":[{"href":"https:\/\/sindromecharge.es\/index.php\/wp-json\/wp\/v2\/posts\/10315","targetHints":{"allow":["GET"]}}],"collection":[{"href":"https:\/\/sindromecharge.es\/index.php\/wp-json\/wp\/v2\/posts"}],"about":[{"href":"https:\/\/sindromecharge.es\/index.php\/wp-json\/wp\/v2\/types\/post"}],"author":[{"embeddable":true,"href":"https:\/\/sindromecharge.es\/index.php\/wp-json\/wp\/v2\/users\/1"}],"replies":[{"embeddable":true,"href":"https:\/\/sindromecharge.es\/index.php\/wp-json\/wp\/v2\/comments?post=10315"}],"version-history":[{"count":0,"href":"https:\/\/sindromecharge.es\/index.php\/wp-json\/wp\/v2\/posts\/10315\/revisions"}],"wp:attachment":[{"href":"https:\/\/sindromecharge.es\/index.php\/wp-json\/wp\/v2\/media?parent=10315"}],"wp:term":[{"taxonomy":"category","embeddable":true,"href":"https:\/\/sindromecharge.es\/index.php\/wp-json\/wp\/v2\/categories?post=10315"},{"taxonomy":"post_tag","embeddable":true,"href":"https:\/\/sindromecharge.es\/index.php\/wp-json\/wp\/v2\/tags?post=10315"}],"curies":[{"name":"wp","href":"https:\/\/api.w.org\/{rel}","templated":true}]}}