{"id":10313,"date":"2024-09-17T05:31:51","date_gmt":"2024-09-17T05:31:51","guid":{"rendered":"https:\/\/sindromecharge.es\/index.php\/2024\/09\/17\/amparo-aragon-madre-ampi-con-raro-sindrome-kleefstra-cada-logro-como-andar-hablar-es-todo-un-logro-familiar\/"},"modified":"2024-09-17T05:31:51","modified_gmt":"2024-09-17T05:31:51","slug":"amparo-aragon-madre-ampi-con-raro-sindrome-kleefstra-cada-logro-como-andar-hablar-es-todo-un-logro-familiar","status":"publish","type":"post","link":"https:\/\/sindromecharge.es\/index.php\/2024\/09\/17\/amparo-aragon-madre-ampi-con-raro-sindrome-kleefstra-cada-logro-como-andar-hablar-es-todo-un-logro-familiar\/","title":{"rendered":"Amparo Arag\u00f3n, madre de Ampi, con el raro s\u00edndrome de Kleefstra: \u00abCada gran logro, como andar o hablar, es un logro familiar\u00bb"},"content":{"rendered":"<p>Leemos en Discapacidad la siguiente noticia que os reproducimos de forma \u00edntegra: <\/p>\n<div>\n<p>El 17 de septiembre es el d\u00eda mundial del<b> s\u00edndrome de Kleefstra<\/b>, una enfermedad que ni siquiera \u2018exist\u00eda\u2019 cuando naci\u00f3 Ampi, la hija de Amparo Arag\u00f3n, que ahora tiene 19 a\u00f1os. No ser\u00eda hasta un a\u00f1o despu\u00e9s de su nacimiento, hasta 2006, cuando la doctora Kleefstra identificara que las alteraciones en el gen EHMT1 provocaban una serie de s\u00edntomas, como retraso madurativo, hipoton\u00eda, trastornos del lenguaje o problemas en algunos \u00f3rganos.<\/p>\n<p>El de<b> retraso madurativo<\/b> fue precisamente el primer diagn\u00f3stico que dieron a los padres de Ampi, una etiqueta que le pusieron tras no encontrar nada en que explicara sus s\u00edntomas, \u00abnaci\u00f3 perfecta, pero seg\u00fan iba creciendo, not\u00e1bamos que el desarrollo era diferente, muy distinto a su hermano mayor, que tiene dos a\u00f1os m\u00e1s. El pediatra nos dec\u00eda que no todos los ni\u00f1os tienen el mismo desarrollo, pero yo notaba que hab\u00eda algo. Con unos 9-10 meses empezamos a movernos por nuestra cuenta por neur\u00f3logos y a<b> descartar s\u00edndromes y<a href=\"https:\/\/www.20minutos.es\/salud\/minuteca\/enfermedades-raras\/\" title=\"Enfermedades raras\" target=\"_blank\" rel=\"noopener\"> enfermedades raras<\/a>, le hicieron pruebas gen\u00e9ticas<\/b>, pero no la encajaban en ninguna, as\u00ed que se la calific\u00f3 como retraso madurativo, y empezamos con fisio, con estimulaci\u00f3n\u2026\u00bb. <\/p>\n<p>Despu\u00e9s empezaron otro tipo de problemas que m\u00e1s tarde achacar\u00edan al s\u00edndrome, \u00abtuvimos que sacarla de la guarder\u00eda porque ten\u00eda muchos problemas de <b>inmadurez en el sistema respiratorio y digestivo,<\/b> y la ten\u00edamos que ingresar a menudo con bronquiolitis, gastroenteritis\u2026\u201d, recuerda Amparo.<\/p>\n<p>Debido a estos problemas, empez\u00f3 un a\u00f1o m\u00e1s tarde el colegio y en el cambio a primaria, decidieron que fuera a colegio de <a href=\"https:\/\/www.20minutos.es\/minuteca\/educacion-especial\/\" title=\"Educaci\u00f3n Especial\" target=\"_blank\" rel=\"noopener\">educaci\u00f3n especial<\/a>, donde notaron que empezaba a avanzar m\u00e1s deprisa. Fue justo cuando decidieron hacerle un <b>estudio gen\u00e9tico m\u00e1s profundo<\/b>, \u201cen 2011, con seis a\u00f1os, nos dijeron que lo que ten\u00eda era el <b>s\u00edndrome de Kleefstra<\/b>, y para nosotros fue un antes y un despu\u00e9s, porque al menos sab\u00edamos el porqu\u00e9. Yo incluso llegu\u00e9 a pensar que fue por el parto, que fue un poco complicado, me culpaba\u2026 as\u00ed que para m\u00ed fue tener una etiqueta y una explicaci\u00f3n, y pensamos: \u00ab<b>tenemos una familia y tenemos que buscarla<\/b>\u00ab.<\/p>\n<h2>En busca de su nueva familia<\/h2>\n<p>Desde 2011, Amparo y su familia decidieron que ten\u00edan que formar una nueva familia, tanto para<b> sentirse acompa\u00f1ados y apoyados<\/b> como para hacer fuerza juntos. Aunque no se materializar\u00eda en asociaci\u00f3n hasta 2022, enseguida empezaron a encontrar m\u00e1s casos, \u00abel primero lo encontramos en Madrid, porque vimos una entrevista en Telemadrid, y poco a poco fuimos localizando a m\u00e1s familias\u2026 Despu\u00e9s, <b>nos juntamos siete madres y montamos la asociaci\u00f3n<\/b>. Ahora sabemos que somos unos 50 casos en Espa\u00f1a, <a href=\"https:\/\/www.instagram.com\/asociacionkleefstraspa\/\" rel=\"nofollow noopener\" target=\"_blank\">unos 30 en la asociaci\u00f3n<\/a>, pero pensamos que hay muchos m\u00e1s que est\u00e1n sin diagnosticar. Desde la asociaci\u00f3n, les ayudamos en lo que podemos e intentamos visibilizar la enfermedad lo m\u00e1s posible\u00bb.<\/p>\n<h1>Somos unos 50 casos en Espa\u00f1a, unos 30 en la asociaci\u00f3n, pero pensamos que hay muchos m\u00e1s que est\u00e1n sin diagnosticar<\/h1>\n<p>Adem\u00e1s, cada uno de ellos contin\u00faa con su batalla particular en casa, intentando sacar lo mejor de sus hijos. Amparo nos cuenta emocionada todo lo que han conseguido durante estos a\u00f1os y lo que han evolucionado como familia, \u00ab<b>es un aprendizaje de vida<\/b>, pero con apoyo, vas saliendo adelante. Es duro, y m\u00e1s cuando tienes que sacar a otras personas adelante, pero cada logro, como andar o hablar, que para cualquier otro ni\u00f1o ser\u00eda normal, es todo un logro familiar\u00bb, recuerda.<\/p>\n<h2>Mirando al futuro, pero disfrutando del presente<\/h2>\n<p>Entre los aprendizajes de estos a\u00f1os, disfrutar al m\u00e1ximo del presente, \u00abme tir\u00e9 muchos a\u00f1os pensando en el futuro, pero despu\u00e9s aprend\u00ed a disfrutar del presente\u00bb. <\/p>\n<p>Y su presente reconoce que ahora es m\u00e1s feliz. Es cierto que tiene que acudir a varios m\u00e9dicos, como cardi\u00f3logo, endocrino porque los afectados pueden tener obesidad o diabetes, al otorrino por problemas en el t\u00edmpano, psiquiatra porque algunos suelen tener problemas de conducta cuando crecen\u2026 pero Amparo <b>cree que su hija, que tiene un 73% de <a href=\"https:\/\/www.20minutos.es\/minuteca\/discapacidad\/\" title=\"Discapacidad\" target=\"_blank\" rel=\"noopener\">discapacidad<\/a>, es feliz<\/b> y tiene una buena calidad de vida, \u201csiempre est\u00e1 riendo, y hace muchas cosas que le gustan, como montar a caballo -hace equinoterapia- y clase de pintura, que le encanta y hace unos cuadros maravillosos\u00bb.<\/p>\n<h1>Reivindicamos investigaci\u00f3n y tener acceso a las terapias, porque es la \u00fanica forma de dar a nuestros hijos la mejor calidad de vida posible<\/h1>\n<p>Adem\u00e1s, <b>le encanta escribir, y muy curiosa<\/b>, \u00abse pasa el d\u00eda escribiendo, sobre lo que siente, lo que le pasa\u2026 es muy inquieta, busca mucho por Internet\u00bb, cuenta Amparo.<\/p>\n<p>Atr\u00e1s quedaron las tardes de <b>terapias de logopedia y fisio<\/b>, que ahora tiene en el colegio, y su madre a quiere que haga m\u00e1s cosas de \u2018adultos\u2019, como yoga o pilates. Tambi\u00e9n se prepara para la vida adulta en su colegio, donde hace un programa profesional, \u00abes de dos a\u00f1os, y es un grado de comercio para poder trabajar en alg\u00fan establecimiento, hacer inventarios, atenci\u00f3n al cliente\u2026 Ella <b>va consiguiendo todos los hitos que le vamos poniendo por delante<\/b>, y nosotros estamos m\u00e1s calmados\u00bb.<\/p>\n<p>Amparo puede ahora dedicar m\u00e1s tiempo a la asociaci\u00f3n, con la que, en solo dos a\u00f1os, han conseguido cosas importantes, \u00abel 5 y 6 de junio de 2025 vamos a hacer un <b>congreso sobre la enfermedad en Madrid<\/b>, donde asistir\u00e1 la doctora Kleefstra, y hemos logrado, gracias a una beca de Inocente Inocente, recaudar fondos para un estudio que est\u00e1n llevando a cabo en el ISCIII (Instituto de Salud Carlos III) y fondos para otro de la Universidad de Sevilla. En este estudio no dijeron que hab\u00eda conseguido aislar el EHMT1 en ratones\u2026 pero como toda la <b>terapia g\u00e9nica<\/b>, si alg\u00fan d\u00eda existe, ser\u00e1 a largo plazo\u00bb.<\/p>\n<p>Mientras, su prioridad es ayudar y <b>apoyar a sus hijos con terapias<\/b> como logopedia y fisioterapia, \u00abesas son nuestras reivindicaciones, investigaci\u00f3n y <b>tener acceso a las terapias<\/b>, porque es la \u00fanica forma de dar a nuestros hijos la mejor calidad de vida posible\u00bb, insiste Amparo.<\/p>\n<\/div>\n<p>Fuente: Discapacidad https:\/\/www.20minutos.es\/noticia\/5634223\/0\/amparo-aragon-madre-ampi-con-raro-sindrome-kleefstra-cada-logro-como-andar-hablar-es-todo-un-logro-familiar\/<\/p>\n","protected":false},"excerpt":{"rendered":"<p>El 17 de septiembre es el d\u00eda mundial del s\u00edndrome de Kleefstra, una enfermedad que ni siquiera \u2018exist\u00eda\u2019 cuando naci\u00f3 Ampi, la hija de Amparo Arag\u00f3n,&#8230;<\/p>\n","protected":false},"author":1,"featured_media":0,"comment_status":"closed","ping_status":"closed","sticky":false,"template":"","format":"standard","meta":{"footnotes":""},"categories":[8],"tags":[],"class_list":["post-10313","post","type-post","status-publish","format-standard","hentry","category-noticias"],"yoast_head":"<!-- This site is optimized with the Yoast SEO plugin v27.5 - https:\/\/yoast.com\/product\/yoast-seo-wordpress\/ -->\n<title>Amparo Arag\u00f3n, madre de Ampi, con el raro s\u00edndrome de Kleefstra: &quot;Cada gran logro, como andar o hablar, es un logro familiar&quot; - Asociaci\u00f3n Espa\u00f1ola S\u00edndrome de Charge<\/title>\n<meta name=\"robots\" content=\"index, follow, max-snippet:-1, max-image-preview:large, max-video-preview:-1\" \/>\n<link rel=\"canonical\" href=\"https:\/\/sindromecharge.es\/index.php\/2024\/09\/17\/amparo-aragon-madre-ampi-con-raro-sindrome-kleefstra-cada-logro-como-andar-hablar-es-todo-un-logro-familiar\/\" \/>\n<meta property=\"og:locale\" content=\"es_ES\" \/>\n<meta property=\"og:type\" content=\"article\" \/>\n<meta property=\"og:title\" content=\"Amparo Arag\u00f3n, madre de Ampi, con el raro s\u00edndrome de Kleefstra: &quot;Cada gran logro, como andar o hablar, es un logro familiar&quot; - Asociaci\u00f3n Espa\u00f1ola S\u00edndrome de Charge\" \/>\n<meta property=\"og:description\" content=\"El 17 de septiembre es el d\u00eda mundial del s\u00edndrome de Kleefstra, una enfermedad que ni siquiera \u2018exist\u00eda\u2019 cuando naci\u00f3 Ampi, la hija de Amparo Arag\u00f3n,&#8230;\" \/>\n<meta property=\"og:url\" content=\"https:\/\/sindromecharge.es\/index.php\/2024\/09\/17\/amparo-aragon-madre-ampi-con-raro-sindrome-kleefstra-cada-logro-como-andar-hablar-es-todo-un-logro-familiar\/\" \/>\n<meta property=\"og:site_name\" content=\"Asociaci\u00f3n Espa\u00f1ola S\u00edndrome de Charge\" \/>\n<meta property=\"article:publisher\" content=\"https:\/\/www.facebook.com\/asociacionsindromecharge\" \/>\n<meta property=\"article:published_time\" content=\"2024-09-17T05:31:51+00:00\" \/>\n<meta property=\"og:image\" content=\"https:\/\/sindromecharge.es\/wp-content\/uploads\/2013\/09\/logodecharge300x98.png\" \/>\n\t<meta property=\"og:image:width\" content=\"300\" \/>\n\t<meta property=\"og:image:height\" content=\"98\" \/>\n\t<meta property=\"og:image:type\" content=\"image\/png\" \/>\n<meta name=\"author\" content=\"Charge\" \/>\n<meta name=\"twitter:card\" content=\"summary_large_image\" \/>\n<meta name=\"twitter:creator\" content=\"@sindromecharge\" \/>\n<meta name=\"twitter:site\" content=\"@sindromecharge\" \/>\n<meta name=\"twitter:label1\" content=\"Escrito por\" \/>\n\t<meta name=\"twitter:data1\" content=\"Charge\" \/>\n\t<meta name=\"twitter:label2\" content=\"Tiempo de lectura\" \/>\n\t<meta name=\"twitter:data2\" content=\"5 minutos\" \/>\n<script type=\"application\/ld+json\" class=\"yoast-schema-graph\">{\"@context\":\"https:\\\/\\\/schema.org\",\"@graph\":[{\"@type\":\"Article\",\"@id\":\"https:\\\/\\\/sindromecharge.es\\\/index.php\\\/2024\\\/09\\\/17\\\/amparo-aragon-madre-ampi-con-raro-sindrome-kleefstra-cada-logro-como-andar-hablar-es-todo-un-logro-familiar\\\/#article\",\"isPartOf\":{\"@id\":\"https:\\\/\\\/sindromecharge.es\\\/index.php\\\/2024\\\/09\\\/17\\\/amparo-aragon-madre-ampi-con-raro-sindrome-kleefstra-cada-logro-como-andar-hablar-es-todo-un-logro-familiar\\\/\"},\"author\":{\"name\":\"Charge\",\"@id\":\"https:\\\/\\\/sindromecharge.es\\\/#\\\/schema\\\/person\\\/39a60ebe0a2b4d5a11179701e336b039\"},\"headline\":\"Amparo Arag\u00f3n, madre de Ampi, con el raro s\u00edndrome de Kleefstra: \u00abCada gran logro, como andar o hablar, es un logro familiar\u00bb\",\"datePublished\":\"2024-09-17T05:31:51+00:00\",\"mainEntityOfPage\":{\"@id\":\"https:\\\/\\\/sindromecharge.es\\\/index.php\\\/2024\\\/09\\\/17\\\/amparo-aragon-madre-ampi-con-raro-sindrome-kleefstra-cada-logro-como-andar-hablar-es-todo-un-logro-familiar\\\/\"},\"wordCount\":1097,\"articleSection\":[\"noticias\"],\"inLanguage\":\"es\"},{\"@type\":\"WebPage\",\"@id\":\"https:\\\/\\\/sindromecharge.es\\\/index.php\\\/2024\\\/09\\\/17\\\/amparo-aragon-madre-ampi-con-raro-sindrome-kleefstra-cada-logro-como-andar-hablar-es-todo-un-logro-familiar\\\/\",\"url\":\"https:\\\/\\\/sindromecharge.es\\\/index.php\\\/2024\\\/09\\\/17\\\/amparo-aragon-madre-ampi-con-raro-sindrome-kleefstra-cada-logro-como-andar-hablar-es-todo-un-logro-familiar\\\/\",\"name\":\"Amparo Arag\u00f3n, madre de Ampi, con el raro s\u00edndrome de Kleefstra: \\\"Cada gran logro, como andar o hablar, es un logro familiar\\\" - Asociaci\u00f3n Espa\u00f1ola S\u00edndrome de Charge\",\"isPartOf\":{\"@id\":\"https:\\\/\\\/sindromecharge.es\\\/#website\"},\"datePublished\":\"2024-09-17T05:31:51+00:00\",\"author\":{\"@id\":\"https:\\\/\\\/sindromecharge.es\\\/#\\\/schema\\\/person\\\/39a60ebe0a2b4d5a11179701e336b039\"},\"breadcrumb\":{\"@id\":\"https:\\\/\\\/sindromecharge.es\\\/index.php\\\/2024\\\/09\\\/17\\\/amparo-aragon-madre-ampi-con-raro-sindrome-kleefstra-cada-logro-como-andar-hablar-es-todo-un-logro-familiar\\\/#breadcrumb\"},\"inLanguage\":\"es\",\"potentialAction\":[{\"@type\":\"ReadAction\",\"target\":[\"https:\\\/\\\/sindromecharge.es\\\/index.php\\\/2024\\\/09\\\/17\\\/amparo-aragon-madre-ampi-con-raro-sindrome-kleefstra-cada-logro-como-andar-hablar-es-todo-un-logro-familiar\\\/\"]}]},{\"@type\":\"BreadcrumbList\",\"@id\":\"https:\\\/\\\/sindromecharge.es\\\/index.php\\\/2024\\\/09\\\/17\\\/amparo-aragon-madre-ampi-con-raro-sindrome-kleefstra-cada-logro-como-andar-hablar-es-todo-un-logro-familiar\\\/#breadcrumb\",\"itemListElement\":[{\"@type\":\"ListItem\",\"position\":1,\"name\":\"Portada\",\"item\":\"https:\\\/\\\/sindromecharge.es\\\/\"},{\"@type\":\"ListItem\",\"position\":2,\"name\":\"Amparo Arag\u00f3n, madre de Ampi, con el raro s\u00edndrome de Kleefstra: &#8220;Cada gran logro, como andar o hablar, es un logro familiar&#8221;\"}]},{\"@type\":\"WebSite\",\"@id\":\"https:\\\/\\\/sindromecharge.es\\\/#website\",\"url\":\"https:\\\/\\\/sindromecharge.es\\\/\",\"name\":\"Asociaci\u00f3n Espa\u00f1ola S\u00edndrome de Charge\",\"description\":\"\",\"potentialAction\":[{\"@type\":\"SearchAction\",\"target\":{\"@type\":\"EntryPoint\",\"urlTemplate\":\"https:\\\/\\\/sindromecharge.es\\\/?s={search_term_string}\"},\"query-input\":{\"@type\":\"PropertyValueSpecification\",\"valueRequired\":true,\"valueName\":\"search_term_string\"}}],\"inLanguage\":\"es\"},{\"@type\":\"Person\",\"@id\":\"https:\\\/\\\/sindromecharge.es\\\/#\\\/schema\\\/person\\\/39a60ebe0a2b4d5a11179701e336b039\",\"name\":\"Charge\",\"image\":{\"@type\":\"ImageObject\",\"inLanguage\":\"es\",\"@id\":\"https:\\\/\\\/secure.gravatar.com\\\/avatar\\\/c3b46e32a0fc3b093a0873fb767bf3293de856293065e84ef06b7ec7a8acfb98?s=96&d=identicon&r=x\",\"url\":\"https:\\\/\\\/secure.gravatar.com\\\/avatar\\\/c3b46e32a0fc3b093a0873fb767bf3293de856293065e84ef06b7ec7a8acfb98?s=96&d=identicon&r=x\",\"contentUrl\":\"https:\\\/\\\/secure.gravatar.com\\\/avatar\\\/c3b46e32a0fc3b093a0873fb767bf3293de856293065e84ef06b7ec7a8acfb98?s=96&d=identicon&r=x\",\"caption\":\"Charge\"},\"url\":\"https:\\\/\\\/sindromecharge.es\\\/index.php\\\/author\\\/admin\\\/\"}]}<\/script>\n<!-- \/ Yoast SEO plugin. -->","yoast_head_json":{"title":"Amparo Arag\u00f3n, madre de Ampi, con el raro s\u00edndrome de Kleefstra: \"Cada gran logro, como andar o hablar, es un logro familiar\" - Asociaci\u00f3n Espa\u00f1ola S\u00edndrome de Charge","robots":{"index":"index","follow":"follow","max-snippet":"max-snippet:-1","max-image-preview":"max-image-preview:large","max-video-preview":"max-video-preview:-1"},"canonical":"https:\/\/sindromecharge.es\/index.php\/2024\/09\/17\/amparo-aragon-madre-ampi-con-raro-sindrome-kleefstra-cada-logro-como-andar-hablar-es-todo-un-logro-familiar\/","og_locale":"es_ES","og_type":"article","og_title":"Amparo Arag\u00f3n, madre de Ampi, con el raro s\u00edndrome de Kleefstra: \"Cada gran logro, como andar o hablar, es un logro familiar\" - Asociaci\u00f3n Espa\u00f1ola S\u00edndrome de Charge","og_description":"El 17 de septiembre es el d\u00eda mundial del s\u00edndrome de Kleefstra, una enfermedad que ni siquiera \u2018exist\u00eda\u2019 cuando naci\u00f3 Ampi, la hija de Amparo Arag\u00f3n,&#8230;","og_url":"https:\/\/sindromecharge.es\/index.php\/2024\/09\/17\/amparo-aragon-madre-ampi-con-raro-sindrome-kleefstra-cada-logro-como-andar-hablar-es-todo-un-logro-familiar\/","og_site_name":"Asociaci\u00f3n Espa\u00f1ola S\u00edndrome de Charge","article_publisher":"https:\/\/www.facebook.com\/asociacionsindromecharge","article_published_time":"2024-09-17T05:31:51+00:00","og_image":[{"width":300,"height":98,"url":"https:\/\/sindromecharge.es\/wp-content\/uploads\/2013\/09\/logodecharge300x98.png","type":"image\/png"}],"author":"Charge","twitter_card":"summary_large_image","twitter_creator":"@sindromecharge","twitter_site":"@sindromecharge","twitter_misc":{"Escrito por":"Charge","Tiempo de lectura":"5 minutos"},"schema":{"@context":"https:\/\/schema.org","@graph":[{"@type":"Article","@id":"https:\/\/sindromecharge.es\/index.php\/2024\/09\/17\/amparo-aragon-madre-ampi-con-raro-sindrome-kleefstra-cada-logro-como-andar-hablar-es-todo-un-logro-familiar\/#article","isPartOf":{"@id":"https:\/\/sindromecharge.es\/index.php\/2024\/09\/17\/amparo-aragon-madre-ampi-con-raro-sindrome-kleefstra-cada-logro-como-andar-hablar-es-todo-un-logro-familiar\/"},"author":{"name":"Charge","@id":"https:\/\/sindromecharge.es\/#\/schema\/person\/39a60ebe0a2b4d5a11179701e336b039"},"headline":"Amparo Arag\u00f3n, madre de Ampi, con el raro s\u00edndrome de Kleefstra: \u00abCada gran logro, como andar o hablar, es un logro familiar\u00bb","datePublished":"2024-09-17T05:31:51+00:00","mainEntityOfPage":{"@id":"https:\/\/sindromecharge.es\/index.php\/2024\/09\/17\/amparo-aragon-madre-ampi-con-raro-sindrome-kleefstra-cada-logro-como-andar-hablar-es-todo-un-logro-familiar\/"},"wordCount":1097,"articleSection":["noticias"],"inLanguage":"es"},{"@type":"WebPage","@id":"https:\/\/sindromecharge.es\/index.php\/2024\/09\/17\/amparo-aragon-madre-ampi-con-raro-sindrome-kleefstra-cada-logro-como-andar-hablar-es-todo-un-logro-familiar\/","url":"https:\/\/sindromecharge.es\/index.php\/2024\/09\/17\/amparo-aragon-madre-ampi-con-raro-sindrome-kleefstra-cada-logro-como-andar-hablar-es-todo-un-logro-familiar\/","name":"Amparo Arag\u00f3n, madre de Ampi, con el raro s\u00edndrome de Kleefstra: \"Cada gran logro, como andar o hablar, es un logro familiar\" - Asociaci\u00f3n Espa\u00f1ola S\u00edndrome de Charge","isPartOf":{"@id":"https:\/\/sindromecharge.es\/#website"},"datePublished":"2024-09-17T05:31:51+00:00","author":{"@id":"https:\/\/sindromecharge.es\/#\/schema\/person\/39a60ebe0a2b4d5a11179701e336b039"},"breadcrumb":{"@id":"https:\/\/sindromecharge.es\/index.php\/2024\/09\/17\/amparo-aragon-madre-ampi-con-raro-sindrome-kleefstra-cada-logro-como-andar-hablar-es-todo-un-logro-familiar\/#breadcrumb"},"inLanguage":"es","potentialAction":[{"@type":"ReadAction","target":["https:\/\/sindromecharge.es\/index.php\/2024\/09\/17\/amparo-aragon-madre-ampi-con-raro-sindrome-kleefstra-cada-logro-como-andar-hablar-es-todo-un-logro-familiar\/"]}]},{"@type":"BreadcrumbList","@id":"https:\/\/sindromecharge.es\/index.php\/2024\/09\/17\/amparo-aragon-madre-ampi-con-raro-sindrome-kleefstra-cada-logro-como-andar-hablar-es-todo-un-logro-familiar\/#breadcrumb","itemListElement":[{"@type":"ListItem","position":1,"name":"Portada","item":"https:\/\/sindromecharge.es\/"},{"@type":"ListItem","position":2,"name":"Amparo Arag\u00f3n, madre de Ampi, con el raro s\u00edndrome de Kleefstra: &#8220;Cada gran logro, como andar o hablar, es un logro familiar&#8221;"}]},{"@type":"WebSite","@id":"https:\/\/sindromecharge.es\/#website","url":"https:\/\/sindromecharge.es\/","name":"Asociaci\u00f3n Espa\u00f1ola S\u00edndrome de Charge","description":"","potentialAction":[{"@type":"SearchAction","target":{"@type":"EntryPoint","urlTemplate":"https:\/\/sindromecharge.es\/?s={search_term_string}"},"query-input":{"@type":"PropertyValueSpecification","valueRequired":true,"valueName":"search_term_string"}}],"inLanguage":"es"},{"@type":"Person","@id":"https:\/\/sindromecharge.es\/#\/schema\/person\/39a60ebe0a2b4d5a11179701e336b039","name":"Charge","image":{"@type":"ImageObject","inLanguage":"es","@id":"https:\/\/secure.gravatar.com\/avatar\/c3b46e32a0fc3b093a0873fb767bf3293de856293065e84ef06b7ec7a8acfb98?s=96&d=identicon&r=x","url":"https:\/\/secure.gravatar.com\/avatar\/c3b46e32a0fc3b093a0873fb767bf3293de856293065e84ef06b7ec7a8acfb98?s=96&d=identicon&r=x","contentUrl":"https:\/\/secure.gravatar.com\/avatar\/c3b46e32a0fc3b093a0873fb767bf3293de856293065e84ef06b7ec7a8acfb98?s=96&d=identicon&r=x","caption":"Charge"},"url":"https:\/\/sindromecharge.es\/index.php\/author\/admin\/"}]}},"_links":{"self":[{"href":"https:\/\/sindromecharge.es\/index.php\/wp-json\/wp\/v2\/posts\/10313","targetHints":{"allow":["GET"]}}],"collection":[{"href":"https:\/\/sindromecharge.es\/index.php\/wp-json\/wp\/v2\/posts"}],"about":[{"href":"https:\/\/sindromecharge.es\/index.php\/wp-json\/wp\/v2\/types\/post"}],"author":[{"embeddable":true,"href":"https:\/\/sindromecharge.es\/index.php\/wp-json\/wp\/v2\/users\/1"}],"replies":[{"embeddable":true,"href":"https:\/\/sindromecharge.es\/index.php\/wp-json\/wp\/v2\/comments?post=10313"}],"version-history":[{"count":0,"href":"https:\/\/sindromecharge.es\/index.php\/wp-json\/wp\/v2\/posts\/10313\/revisions"}],"wp:attachment":[{"href":"https:\/\/sindromecharge.es\/index.php\/wp-json\/wp\/v2\/media?parent=10313"}],"wp:term":[{"taxonomy":"category","embeddable":true,"href":"https:\/\/sindromecharge.es\/index.php\/wp-json\/wp\/v2\/categories?post=10313"},{"taxonomy":"post_tag","embeddable":true,"href":"https:\/\/sindromecharge.es\/index.php\/wp-json\/wp\/v2\/tags?post=10313"}],"curies":[{"name":"wp","href":"https:\/\/api.w.org\/{rel}","templated":true}]}}