{"id":10311,"date":"2024-09-16T11:23:39","date_gmt":"2024-09-16T11:23:39","guid":{"rendered":"https:\/\/sindromecharge.es\/index.php\/2024\/09\/16\/acuerdo-sobre-ley-ela-casi-una-realidad-contempla-los-cuidados-24-horas-dia-mas-importante\/"},"modified":"2024-09-16T11:23:39","modified_gmt":"2024-09-16T11:23:39","slug":"acuerdo-sobre-ley-ela-casi-una-realidad-contempla-los-cuidados-24-horas-dia-mas-importante","status":"publish","type":"post","link":"https:\/\/sindromecharge.es\/index.php\/2024\/09\/16\/acuerdo-sobre-ley-ela-casi-una-realidad-contempla-los-cuidados-24-horas-dia-mas-importante\/","title":{"rendered":"El acuerdo sobre la &#8216;ley ELA&#8217;, casi una realidad: \u00abContempla los cuidados 24 horas al d\u00eda, lo m\u00e1s importante\u00bb"},"content":{"rendered":"<p>Leemos en Discapacidad la siguiente noticia que os reproducimos de forma \u00edntegra: <\/p>\n<div>\n<p>Tras meses de negociaciones y varias propuestas de ley distintas, este fin de semana, ConELA, la <b>Confederaci\u00f3n Nacional de Entidades de ELA<\/b> celebraba a trav\u00e9s de un comunicado que el acuerdo para que la \u2018<b>ley ELA<\/b>\u2019 sea una realidad que est\u00e1 cada vez m\u00e1s cerca. <\/p>\n<p>Este acuerdo llega tras las negociaciones entre la Confederaci\u00f3n y los <b>distintos grupos parlamentarios<\/b> desde que, el pasado mes de marzo, el <a href=\"https:\/\/www.20minutos.es\/minuteca\/congreso-de-los-diputados\/\" title=\"Congreso de los Diputados\">Congreso<\/a> votara a favor de tomar en consideraci\u00f3n la ley para la atenci\u00f3n integral de las personas afectadas por <a href=\"https:\/\/www.20minutos.es\/minuteca\/ela-esclerosis-lateral-amiotrofica\/\" title=\"ELA - Esclerosis lateral amiotr\u00f3fica\">esclerosis lateral amiotr\u00f3fica (ELA)<\/a>, propuesta por el PP y de que se propusieran, despu\u00e9s, dos textos m\u00e1s de otros grupos parlamentarios. <\/p>\n<p>A la espera de que est\u00e9 listo el texto definitivo, lo que s\u00ed es una realidad seg\u00fan ConELA es el <b>principio de acuerdo <\/b>entre los grupos parlamentarios PSOE, PP, Sumar y Junts. \u00abAgradecemos la actitud constructiva y el esfuerzo de todos los grupos. Este acuerdo abre un horizonte de esperanza para las personas con ELA y sus familias, quienes pronto podr\u00e1n acceder a una atenci\u00f3n especializada\u00bb, se\u00f1alaba el <b>presidente de la confederaci\u00f3n, Fernando Mart\u00edn,<\/b> en un reciente comunicado.<\/p>\n<p>Entre las medidas que confirman a <a href=\"https:\/\/www.20minutos.es\/capaces\/\" title=\"Capaces\">Capaces<\/a> desde ConELA que est\u00e1n incluidas en el acuerdo, se encuentra la petici\u00f3n de <b>garantizar un sistema de cuidados para los enfermos en estadios avanzados 24 horas el d\u00eda.<\/b> \u00abEstamos tremendamente satisfechos, porque siempre ha sido nuestra demanda principal, tener cuidados 24 horas al d\u00eda cuando nuestra <b>situaci\u00f3n de <a href=\"https:\/\/www.20minutos.es\/minuteca\/dependencia\/\" title=\"Dependencia\" target=\"_blank\" rel=\"noopener\">dependencia<\/a> es m\u00e1xima\u00bb<\/b>, asegura Jos\u00e9 Jim\u00e9nez, vicepresidente de ConELA y presidente de Presidente de AdELA Comunidad Valenciana.<\/p>\n<h2>\u00abSi no tenemos cuidadores, lo dem\u00e1s es muy accesorio\u00bb<\/h2>\n<p>Como insiste Jim\u00e9nez,<b> nunca habr\u00edan aceptado una &#8216;ley ELA&#8217; sin esta demanda<\/b>, pues, como recuerda \u00absi no tenemos cuidadores, lo dem\u00e1s es muy accesorio. Las personas con ELA tenemos una <b>esperanza de vida de entre tres y cinco a\u00f1os<\/b> y generamos una dependencia del 100% porque dejamos de poder respirar, de poder hablar, de poder tragar\u2026 y eso hace que nos consideremos una carga para nuestro entorno\u00bb.<\/p>\n<p>Las ayudas con las que cuentan en la actualidad no cubren, ni mucho menos, lo que pueden llegar a costar sus cuidados: unos<b> 90.000 euros al a\u00f1o<\/b>, \u00abnecesitamos 3 o 4 cuidadores\u00bb.  La idea es, adem\u00e1s,<b> que los cuidados sean en el domicilio<\/b>, \u00abporque nuestro entorno no quiere que nos vayamos, y que sea el sistema el que nos d\u00e9 los cuidados, no tener que estar busc\u00e1ndolos nosotros con una cantidad econ\u00f3mica\u00bb.<\/p>\n<h2>M\u00e1s derechos para los cuidadores y m\u00e1s enfermedades <\/h2>\n<p>Paralelamente a la admisi\u00f3n de la primera &#8216;ley ELA&#8217;, que fue propuesta por el PP, otros grupos como Junts, PP y Sumar registraron una proposici\u00f3n de ley para pacientes con <b>enfermedades neurodegenerativas<\/b>, que incluir\u00e1 no solo la ELA, sino tambi\u00e9n otras como el <a href=\"https:\/\/www.20minutos.es\/minuteca\/alzheimer\/\" title=\"Alzh\u00e9imer\" target=\"_blank\" rel=\"noopener\">alzh\u00e9imer<\/a>, el Huntington o el <a href=\"https:\/\/www.20minutos.es\/minuteca\/parkinson\/\" title=\"P\u00e1rkinson\" target=\"_blank\" rel=\"noopener\">p\u00e1rkinson<\/a>. <\/p>\n<p>Esta es, de hecho, la propuesta por la que abogaban desde el Gobierno, como adelantaba a <i>20minutos<b> <\/b><\/i><b>Jes\u00fas Mart\u00edn Blanco, Director General de Derechos de las Personas con Discapacidad. <\/b>\u00abCreo que hay que pensar tambi\u00e9n en otras realidades. Sacar una ley nunca es f\u00e1cil y hay cuestiones que son comunes entre la ELA y otras enfermedades neurodegenerativas; hay m\u00e1s ciudadanos que se pueden beneficiar y debemos ser generosos en ese sentido. No creo que las organizaciones de ELA vayan a tener ning\u00fan problema con que as\u00ed sea\u00bb, aseguraba el pasado 12 de junio, <b>d\u00eda mundial de la lucha contra la ELA<\/b>.<\/p>\n<p>Como confirma Jos\u00e9 Jim\u00e9nez, esta fue la idea siempre de su confederaci\u00f3n, que se pudieran beneficiar de esta ley personas con otras realidades similares, \u00abdesde el principio dijimos que todas las medidas que propon\u00edamos se hicieran extensibles a otras enfermedades de perfil similar, pero <b>la nuestra tiene una peculiaridad: que es muy r\u00e1pida.<\/b> De ah\u00ed la idea de acelerar los procesos de <a href=\"https:\/\/www.20minutos.es\/minuteca\/dependencia\/\" title=\"Dependencia\">dependencia<\/a> y <a href=\"https:\/\/www.20minutos.es\/minuteca\/discapacidad\/\" title=\"Discapacidad\">discapacidad<\/a>, pero no nos olvidamos de las dem\u00e1s. En este texto propone, que, durante un a\u00f1o tras su aprobaci\u00f3n, tras consultarlo con expertos, <b>se recoja una lista con otras enfermedades<\/b> que podr\u00edan ser incluidas\u00bb.<\/p>\n<p>Tampoco quer\u00edan que quedasen en el olvido sus cuidadores, y parece que esta ley va a contemplar, como cuenta Jim\u00e9nez, que \u00abnuestros cuidadores<b> puedan cotizar a la seguridad social el 100%<\/b> de lo que cotizaban antes de tener que dejar de trabajar para cuidarnos, para que no les penalice de cara a la jubilaci\u00f3n\u00bb. <\/p>\n<p>Esta medida, seg\u00fan considera Jos\u00e9 Jim\u00e9nez, se contempla sobre todo \u00ab<b>pensando en la Espa\u00f1a rural<\/b>, donde encontrar cuidadores especializados es m\u00e1s dif\u00edcil, y en las mujeres\u00bb. <\/p>\n<h2>Acelerar los procesos y  residencias especializadas<\/h2>\n<p>Otra reivindicaci\u00f3n hist\u00f3rica de los pacientes de ELA es que <b>se aceleraran los procesos de reconocimiento de la discapacidad y la dependencia <\/b>o que incluso el reconocimiento sea inmediato tras el diagn\u00f3stico. Esto, seg\u00fan adelanta Jim\u00e9nez, tambi\u00e9n se va a contemplar. <\/p>\n<p>En las leyes propuestas por PSOE y Sumar y en la del PP, propon\u00edan que fuera del <b>33% de discapacidad<\/b>, mientras que en la de Junts, se ped\u00eda fuera del<b> 65% <\/b>y el grado 3 de dependencia, y se propon\u00eda elevar un a\u00f1o despu\u00e9s, y de manera autom\u00e1tica, el reconocimiento de la discapacidad hasta el 96%.<\/p>\n<p>Precisamente para los pacientes m\u00e1s dependientes o que prefieran otro modelos de cuidados, <b>la ley establece la creaci\u00f3n de centros especializados<\/b>, algo que ya se est\u00e1 haciendo. \u00abEl sistema de residencias tambi\u00e9n no es v\u00e1lido para la gente que lo solicite. De hecho, este a\u00f1o se ha puesto en marcha dos proyectos en Extremadura y Asturias, con 30 y 15 plazas respectivamente y dar\u00e1n cobertura a toda Espa\u00f1a a las personas que los soliciten. Son una base inicial para <b>poder tener una idea de cu\u00e1nto cuesta cuidar a una persona con ELA<\/b> en una residencia porque nuestros cuidados requieren de una especializaci\u00f3n muy alta\u00bb, recuerda Jos\u00e9 Jim\u00e9nez. <\/p>\n<p>Aunque quedan muchas cosas por pulir y confirmar a la espera de que se haga p\u00fablico el acuerdo definitivo -como si se facilitar\u00e1 una atenci\u00f3n integral, si tendr\u00e1n fisioterapia o se incluir\u00e1 a los pacientes electrodependientes en el bono social- desde ConELA aseguran que <b>est\u00e1n muy satisfechos <\/b>con el texto al que han tenido acceso, \u00ablo que m\u00e1s necesit\u00e1bamos era el tema de los cuidados y eso lo van a contemplar. Tener cuidados 24 horas<b> nos da la posibilidad de elegir<\/b>, una posibilidad que hoy no tenemos. Yo soy un firme defensor de la <a href=\"https:\/\/www.20minutos.es\/minuteca\/eutanasia\/\" title=\"Eutanasia\" target=\"_blank\" rel=\"noopener\">eutanasia<\/a>, pero no queremos que sea la \u00fanica opci\u00f3n. Si elegimos vivir, que sea porque tenemos los cuidados que necesitamos\u00bb.<\/p>\n<h1>Esperamos que se ponga en marcha lo m\u00e1s pronto posible, porque lo que no tenemos los enfermos de ELA es tiempo<\/h1>\n<p>La idea, seg\u00fan le han trasladado los grupos parlamentarios, es <b>aprobar la ley en octubre<\/b> para que pueda entrar la partida que se dedique a esta ley en los <b>presupuestos de 2025<\/b>, algo que ven factible, pero creen que, para que la ley llegue de verdad a los pacientes, queda camino por recorrer: \u00abTendr\u00e1n que ponerse en marcha en todas las comunidades, hay que dotarla de medios econ\u00f3micos\u2026 Esperamos que sea lo m\u00e1s pronto posible, porque <b>lo que no tenemos los enfermos de ELA es tiempo<\/b>, cada d\u00eda mueren tres personas por ELA\u00bb.<\/p>\n<p>Tambi\u00e9n le gustar\u00eda dejar claro que, aunque agradecen la disposici\u00f3n de todos los grupos parlamentarios, \u00abeste acuerdo ha sido gracias al trabajo, esfuerzo y constancia de ConELA, la Confederaci\u00f3n Nacional de Entidades de ELA\u00bb.<\/p>\n<\/div>\n<p>Fuente: Discapacidad https:\/\/www.20minutos.es\/noticia\/5633966\/0\/acuerdo-sobre-ley-ela-casi-una-realidad-contempla-los-cuidados-24-horas-dia-mas-importante\/<\/p>\n","protected":false},"excerpt":{"rendered":"<p>Los principales grupos habr\u00edan llegado a un acuerdo seg\u00fan la Confederaci\u00f3n Nacional de Entidades de ELA.<\/p>\n","protected":false},"author":1,"featured_media":0,"comment_status":"closed","ping_status":"closed","sticky":false,"template":"","format":"standard","meta":{"footnotes":""},"categories":[8],"tags":[],"class_list":["post-10311","post","type-post","status-publish","format-standard","hentry","category-noticias"],"yoast_head":"<!-- This site is optimized with the Yoast SEO plugin v27.5 - https:\/\/yoast.com\/product\/yoast-seo-wordpress\/ -->\n<title>El acuerdo sobre la &#039;ley ELA&#039;, casi una realidad: &quot;Contempla los cuidados 24 horas al d\u00eda, lo m\u00e1s importante&quot; - Asociaci\u00f3n Espa\u00f1ola S\u00edndrome de Charge<\/title>\n<meta name=\"robots\" content=\"index, follow, max-snippet:-1, max-image-preview:large, max-video-preview:-1\" \/>\n<link rel=\"canonical\" href=\"https:\/\/sindromecharge.es\/index.php\/2024\/09\/16\/acuerdo-sobre-ley-ela-casi-una-realidad-contempla-los-cuidados-24-horas-dia-mas-importante\/\" \/>\n<meta property=\"og:locale\" content=\"es_ES\" \/>\n<meta property=\"og:type\" content=\"article\" \/>\n<meta property=\"og:title\" content=\"El acuerdo sobre la &#039;ley ELA&#039;, casi una realidad: &quot;Contempla los cuidados 24 horas al d\u00eda, lo m\u00e1s importante&quot; - Asociaci\u00f3n Espa\u00f1ola S\u00edndrome de Charge\" \/>\n<meta property=\"og:description\" content=\"Los principales grupos habr\u00edan llegado a un acuerdo seg\u00fan la Confederaci\u00f3n Nacional de Entidades de ELA.\" \/>\n<meta property=\"og:url\" content=\"https:\/\/sindromecharge.es\/index.php\/2024\/09\/16\/acuerdo-sobre-ley-ela-casi-una-realidad-contempla-los-cuidados-24-horas-dia-mas-importante\/\" \/>\n<meta property=\"og:site_name\" content=\"Asociaci\u00f3n Espa\u00f1ola S\u00edndrome de Charge\" \/>\n<meta property=\"article:publisher\" content=\"https:\/\/www.facebook.com\/asociacionsindromecharge\" \/>\n<meta property=\"article:published_time\" content=\"2024-09-16T11:23:39+00:00\" \/>\n<meta property=\"og:image\" content=\"https:\/\/sindromecharge.es\/wp-content\/uploads\/2013\/09\/logodecharge300x98.png\" \/>\n\t<meta property=\"og:image:width\" content=\"300\" \/>\n\t<meta property=\"og:image:height\" content=\"98\" \/>\n\t<meta property=\"og:image:type\" content=\"image\/png\" \/>\n<meta name=\"author\" content=\"Charge\" \/>\n<meta name=\"twitter:card\" content=\"summary_large_image\" \/>\n<meta name=\"twitter:creator\" content=\"@sindromecharge\" \/>\n<meta name=\"twitter:site\" content=\"@sindromecharge\" \/>\n<meta name=\"twitter:label1\" content=\"Escrito por\" \/>\n\t<meta name=\"twitter:data1\" content=\"Charge\" \/>\n\t<meta name=\"twitter:label2\" content=\"Tiempo de lectura\" \/>\n\t<meta name=\"twitter:data2\" content=\"7 minutos\" \/>\n<script type=\"application\/ld+json\" class=\"yoast-schema-graph\">{\"@context\":\"https:\\\/\\\/schema.org\",\"@graph\":[{\"@type\":\"Article\",\"@id\":\"https:\\\/\\\/sindromecharge.es\\\/index.php\\\/2024\\\/09\\\/16\\\/acuerdo-sobre-ley-ela-casi-una-realidad-contempla-los-cuidados-24-horas-dia-mas-importante\\\/#article\",\"isPartOf\":{\"@id\":\"https:\\\/\\\/sindromecharge.es\\\/index.php\\\/2024\\\/09\\\/16\\\/acuerdo-sobre-ley-ela-casi-una-realidad-contempla-los-cuidados-24-horas-dia-mas-importante\\\/\"},\"author\":{\"name\":\"Charge\",\"@id\":\"https:\\\/\\\/sindromecharge.es\\\/#\\\/schema\\\/person\\\/39a60ebe0a2b4d5a11179701e336b039\"},\"headline\":\"El acuerdo sobre la &#8216;ley ELA&#8217;, casi una realidad: \u00abContempla los cuidados 24 horas al d\u00eda, lo m\u00e1s importante\u00bb\",\"datePublished\":\"2024-09-16T11:23:39+00:00\",\"mainEntityOfPage\":{\"@id\":\"https:\\\/\\\/sindromecharge.es\\\/index.php\\\/2024\\\/09\\\/16\\\/acuerdo-sobre-ley-ela-casi-una-realidad-contempla-los-cuidados-24-horas-dia-mas-importante\\\/\"},\"wordCount\":1338,\"articleSection\":[\"noticias\"],\"inLanguage\":\"es\"},{\"@type\":\"WebPage\",\"@id\":\"https:\\\/\\\/sindromecharge.es\\\/index.php\\\/2024\\\/09\\\/16\\\/acuerdo-sobre-ley-ela-casi-una-realidad-contempla-los-cuidados-24-horas-dia-mas-importante\\\/\",\"url\":\"https:\\\/\\\/sindromecharge.es\\\/index.php\\\/2024\\\/09\\\/16\\\/acuerdo-sobre-ley-ela-casi-una-realidad-contempla-los-cuidados-24-horas-dia-mas-importante\\\/\",\"name\":\"El acuerdo sobre la 'ley ELA', casi una realidad: \\\"Contempla los cuidados 24 horas al d\u00eda, lo m\u00e1s importante\\\" - Asociaci\u00f3n Espa\u00f1ola S\u00edndrome de Charge\",\"isPartOf\":{\"@id\":\"https:\\\/\\\/sindromecharge.es\\\/#website\"},\"datePublished\":\"2024-09-16T11:23:39+00:00\",\"author\":{\"@id\":\"https:\\\/\\\/sindromecharge.es\\\/#\\\/schema\\\/person\\\/39a60ebe0a2b4d5a11179701e336b039\"},\"breadcrumb\":{\"@id\":\"https:\\\/\\\/sindromecharge.es\\\/index.php\\\/2024\\\/09\\\/16\\\/acuerdo-sobre-ley-ela-casi-una-realidad-contempla-los-cuidados-24-horas-dia-mas-importante\\\/#breadcrumb\"},\"inLanguage\":\"es\",\"potentialAction\":[{\"@type\":\"ReadAction\",\"target\":[\"https:\\\/\\\/sindromecharge.es\\\/index.php\\\/2024\\\/09\\\/16\\\/acuerdo-sobre-ley-ela-casi-una-realidad-contempla-los-cuidados-24-horas-dia-mas-importante\\\/\"]}]},{\"@type\":\"BreadcrumbList\",\"@id\":\"https:\\\/\\\/sindromecharge.es\\\/index.php\\\/2024\\\/09\\\/16\\\/acuerdo-sobre-ley-ela-casi-una-realidad-contempla-los-cuidados-24-horas-dia-mas-importante\\\/#breadcrumb\",\"itemListElement\":[{\"@type\":\"ListItem\",\"position\":1,\"name\":\"Portada\",\"item\":\"https:\\\/\\\/sindromecharge.es\\\/\"},{\"@type\":\"ListItem\",\"position\":2,\"name\":\"El acuerdo sobre la &#8216;ley ELA&#8217;, casi una realidad: &#8220;Contempla los cuidados 24 horas al d\u00eda, lo m\u00e1s importante&#8221;\"}]},{\"@type\":\"WebSite\",\"@id\":\"https:\\\/\\\/sindromecharge.es\\\/#website\",\"url\":\"https:\\\/\\\/sindromecharge.es\\\/\",\"name\":\"Asociaci\u00f3n Espa\u00f1ola S\u00edndrome de Charge\",\"description\":\"\",\"potentialAction\":[{\"@type\":\"SearchAction\",\"target\":{\"@type\":\"EntryPoint\",\"urlTemplate\":\"https:\\\/\\\/sindromecharge.es\\\/?s={search_term_string}\"},\"query-input\":{\"@type\":\"PropertyValueSpecification\",\"valueRequired\":true,\"valueName\":\"search_term_string\"}}],\"inLanguage\":\"es\"},{\"@type\":\"Person\",\"@id\":\"https:\\\/\\\/sindromecharge.es\\\/#\\\/schema\\\/person\\\/39a60ebe0a2b4d5a11179701e336b039\",\"name\":\"Charge\",\"image\":{\"@type\":\"ImageObject\",\"inLanguage\":\"es\",\"@id\":\"https:\\\/\\\/secure.gravatar.com\\\/avatar\\\/c3b46e32a0fc3b093a0873fb767bf3293de856293065e84ef06b7ec7a8acfb98?s=96&d=identicon&r=x\",\"url\":\"https:\\\/\\\/secure.gravatar.com\\\/avatar\\\/c3b46e32a0fc3b093a0873fb767bf3293de856293065e84ef06b7ec7a8acfb98?s=96&d=identicon&r=x\",\"contentUrl\":\"https:\\\/\\\/secure.gravatar.com\\\/avatar\\\/c3b46e32a0fc3b093a0873fb767bf3293de856293065e84ef06b7ec7a8acfb98?s=96&d=identicon&r=x\",\"caption\":\"Charge\"},\"url\":\"https:\\\/\\\/sindromecharge.es\\\/index.php\\\/author\\\/admin\\\/\"}]}<\/script>\n<!-- \/ Yoast SEO plugin. -->","yoast_head_json":{"title":"El acuerdo sobre la 'ley ELA', casi una realidad: \"Contempla los cuidados 24 horas al d\u00eda, lo m\u00e1s importante\" - Asociaci\u00f3n Espa\u00f1ola S\u00edndrome de Charge","robots":{"index":"index","follow":"follow","max-snippet":"max-snippet:-1","max-image-preview":"max-image-preview:large","max-video-preview":"max-video-preview:-1"},"canonical":"https:\/\/sindromecharge.es\/index.php\/2024\/09\/16\/acuerdo-sobre-ley-ela-casi-una-realidad-contempla-los-cuidados-24-horas-dia-mas-importante\/","og_locale":"es_ES","og_type":"article","og_title":"El acuerdo sobre la 'ley ELA', casi una realidad: \"Contempla los cuidados 24 horas al d\u00eda, lo m\u00e1s importante\" - Asociaci\u00f3n Espa\u00f1ola S\u00edndrome de Charge","og_description":"Los principales grupos habr\u00edan llegado a un acuerdo seg\u00fan la Confederaci\u00f3n Nacional de Entidades de ELA.","og_url":"https:\/\/sindromecharge.es\/index.php\/2024\/09\/16\/acuerdo-sobre-ley-ela-casi-una-realidad-contempla-los-cuidados-24-horas-dia-mas-importante\/","og_site_name":"Asociaci\u00f3n Espa\u00f1ola S\u00edndrome de Charge","article_publisher":"https:\/\/www.facebook.com\/asociacionsindromecharge","article_published_time":"2024-09-16T11:23:39+00:00","og_image":[{"width":300,"height":98,"url":"https:\/\/sindromecharge.es\/wp-content\/uploads\/2013\/09\/logodecharge300x98.png","type":"image\/png"}],"author":"Charge","twitter_card":"summary_large_image","twitter_creator":"@sindromecharge","twitter_site":"@sindromecharge","twitter_misc":{"Escrito por":"Charge","Tiempo de lectura":"7 minutos"},"schema":{"@context":"https:\/\/schema.org","@graph":[{"@type":"Article","@id":"https:\/\/sindromecharge.es\/index.php\/2024\/09\/16\/acuerdo-sobre-ley-ela-casi-una-realidad-contempla-los-cuidados-24-horas-dia-mas-importante\/#article","isPartOf":{"@id":"https:\/\/sindromecharge.es\/index.php\/2024\/09\/16\/acuerdo-sobre-ley-ela-casi-una-realidad-contempla-los-cuidados-24-horas-dia-mas-importante\/"},"author":{"name":"Charge","@id":"https:\/\/sindromecharge.es\/#\/schema\/person\/39a60ebe0a2b4d5a11179701e336b039"},"headline":"El acuerdo sobre la &#8216;ley ELA&#8217;, casi una realidad: \u00abContempla los cuidados 24 horas al d\u00eda, lo m\u00e1s importante\u00bb","datePublished":"2024-09-16T11:23:39+00:00","mainEntityOfPage":{"@id":"https:\/\/sindromecharge.es\/index.php\/2024\/09\/16\/acuerdo-sobre-ley-ela-casi-una-realidad-contempla-los-cuidados-24-horas-dia-mas-importante\/"},"wordCount":1338,"articleSection":["noticias"],"inLanguage":"es"},{"@type":"WebPage","@id":"https:\/\/sindromecharge.es\/index.php\/2024\/09\/16\/acuerdo-sobre-ley-ela-casi-una-realidad-contempla-los-cuidados-24-horas-dia-mas-importante\/","url":"https:\/\/sindromecharge.es\/index.php\/2024\/09\/16\/acuerdo-sobre-ley-ela-casi-una-realidad-contempla-los-cuidados-24-horas-dia-mas-importante\/","name":"El acuerdo sobre la 'ley ELA', casi una realidad: \"Contempla los cuidados 24 horas al d\u00eda, lo m\u00e1s importante\" - Asociaci\u00f3n Espa\u00f1ola S\u00edndrome de Charge","isPartOf":{"@id":"https:\/\/sindromecharge.es\/#website"},"datePublished":"2024-09-16T11:23:39+00:00","author":{"@id":"https:\/\/sindromecharge.es\/#\/schema\/person\/39a60ebe0a2b4d5a11179701e336b039"},"breadcrumb":{"@id":"https:\/\/sindromecharge.es\/index.php\/2024\/09\/16\/acuerdo-sobre-ley-ela-casi-una-realidad-contempla-los-cuidados-24-horas-dia-mas-importante\/#breadcrumb"},"inLanguage":"es","potentialAction":[{"@type":"ReadAction","target":["https:\/\/sindromecharge.es\/index.php\/2024\/09\/16\/acuerdo-sobre-ley-ela-casi-una-realidad-contempla-los-cuidados-24-horas-dia-mas-importante\/"]}]},{"@type":"BreadcrumbList","@id":"https:\/\/sindromecharge.es\/index.php\/2024\/09\/16\/acuerdo-sobre-ley-ela-casi-una-realidad-contempla-los-cuidados-24-horas-dia-mas-importante\/#breadcrumb","itemListElement":[{"@type":"ListItem","position":1,"name":"Portada","item":"https:\/\/sindromecharge.es\/"},{"@type":"ListItem","position":2,"name":"El acuerdo sobre la &#8216;ley ELA&#8217;, casi una realidad: &#8220;Contempla los cuidados 24 horas al d\u00eda, lo m\u00e1s importante&#8221;"}]},{"@type":"WebSite","@id":"https:\/\/sindromecharge.es\/#website","url":"https:\/\/sindromecharge.es\/","name":"Asociaci\u00f3n Espa\u00f1ola S\u00edndrome de Charge","description":"","potentialAction":[{"@type":"SearchAction","target":{"@type":"EntryPoint","urlTemplate":"https:\/\/sindromecharge.es\/?s={search_term_string}"},"query-input":{"@type":"PropertyValueSpecification","valueRequired":true,"valueName":"search_term_string"}}],"inLanguage":"es"},{"@type":"Person","@id":"https:\/\/sindromecharge.es\/#\/schema\/person\/39a60ebe0a2b4d5a11179701e336b039","name":"Charge","image":{"@type":"ImageObject","inLanguage":"es","@id":"https:\/\/secure.gravatar.com\/avatar\/c3b46e32a0fc3b093a0873fb767bf3293de856293065e84ef06b7ec7a8acfb98?s=96&d=identicon&r=x","url":"https:\/\/secure.gravatar.com\/avatar\/c3b46e32a0fc3b093a0873fb767bf3293de856293065e84ef06b7ec7a8acfb98?s=96&d=identicon&r=x","contentUrl":"https:\/\/secure.gravatar.com\/avatar\/c3b46e32a0fc3b093a0873fb767bf3293de856293065e84ef06b7ec7a8acfb98?s=96&d=identicon&r=x","caption":"Charge"},"url":"https:\/\/sindromecharge.es\/index.php\/author\/admin\/"}]}},"_links":{"self":[{"href":"https:\/\/sindromecharge.es\/index.php\/wp-json\/wp\/v2\/posts\/10311","targetHints":{"allow":["GET"]}}],"collection":[{"href":"https:\/\/sindromecharge.es\/index.php\/wp-json\/wp\/v2\/posts"}],"about":[{"href":"https:\/\/sindromecharge.es\/index.php\/wp-json\/wp\/v2\/types\/post"}],"author":[{"embeddable":true,"href":"https:\/\/sindromecharge.es\/index.php\/wp-json\/wp\/v2\/users\/1"}],"replies":[{"embeddable":true,"href":"https:\/\/sindromecharge.es\/index.php\/wp-json\/wp\/v2\/comments?post=10311"}],"version-history":[{"count":0,"href":"https:\/\/sindromecharge.es\/index.php\/wp-json\/wp\/v2\/posts\/10311\/revisions"}],"wp:attachment":[{"href":"https:\/\/sindromecharge.es\/index.php\/wp-json\/wp\/v2\/media?parent=10311"}],"wp:term":[{"taxonomy":"category","embeddable":true,"href":"https:\/\/sindromecharge.es\/index.php\/wp-json\/wp\/v2\/categories?post=10311"},{"taxonomy":"post_tag","embeddable":true,"href":"https:\/\/sindromecharge.es\/index.php\/wp-json\/wp\/v2\/tags?post=10311"}],"curies":[{"name":"wp","href":"https:\/\/api.w.org\/{rel}","templated":true}]}}