{"id":10309,"date":"2024-09-15T07:43:43","date_gmt":"2024-09-15T07:43:43","guid":{"rendered":"https:\/\/sindromecharge.es\/index.php\/2024\/09\/15\/juan-carlos-fernandez-maestro-once-acompanamos-los-alumnos-toda-su-etapa-educativa\/"},"modified":"2024-09-15T07:43:43","modified_gmt":"2024-09-15T07:43:43","slug":"juan-carlos-fernandez-maestro-once-acompanamos-los-alumnos-toda-su-etapa-educativa","status":"publish","type":"post","link":"https:\/\/sindromecharge.es\/index.php\/2024\/09\/15\/juan-carlos-fernandez-maestro-once-acompanamos-los-alumnos-toda-su-etapa-educativa\/","title":{"rendered":"Juan Carlos Fern\u00e1ndez, maestro de la ONCE: \u00abLa idea es garantizar que el alumno tenga, gratis, todo el material adaptado\u00bb"},"content":{"rendered":"<p>Leemos en Discapacidad la siguiente noticia que os reproducimos de forma \u00edntegra: <\/p>\n<div>\n<p>En Espa\u00f1a hay m\u00e1s de<b> 7.000 alumnos con necesidades educativas especiales a causa de una discapacidad visual<\/b>. La gran mayor\u00eda de ellos est\u00e1n escolarizados en centros de ense\u00f1anza ordinarios, y en menor medida, los que, adem\u00e1s de discapacidad visual tienen otras discapacidades, lo hacen en centros de<a href=\"https:\/\/www.20minutos.es\/minuteca\/educacion-especial\/\" title=\"Educaci\u00f3n Especial\" target=\"_blank\" rel=\"noopener\"> educaci\u00f3n especial<\/a>. Tanto en un modelo como en otro, el papel de los equipos de atenci\u00f3n educativa de la <a href=\"https:\/\/www.20minutos.es\/minuteca\/once\/\" title=\"ONCE\" target=\"_blank\" rel=\"noopener\">ONCE<\/a> es muy importante, pues se ocupa, junto con los equipos de las comunidades aut\u00f3nomas, de apoyar a estos alumnos en todo aquello que necesitan para que se encuentren barreras en su educaci\u00f3n.<\/p>\n<p>En estos equipos espec\u00edficos de atenci\u00f3n educativa se encuentran distintos profesionales &#8211; tanto de la ONCE como de la Administraci\u00f3n- que est\u00e1n <b>especializados en discapacidad visual <\/b>y que acuden a los centros en los que se escolariza un <b>alumno ciego o con baja visi\u00f3n<\/b> para prestar su apoyo. Todos ellos, adem\u00e1s de atender directamente a los alumnos, forman a la comunidad educativa en materia de discapacidad visual y asesoran al profesorado y a sus familias. Se trata de psic\u00f3logos, trabajadores sociales, t\u00e9cnicos de rehabilitaci\u00f3n, instructores de <b>tiflotecnolog\u00eda y braille<\/b>, profesionales de la animaci\u00f3n sociocultural, mediadores para el alumnado con sordoceguera\u2026 pero, sobre todo, maestros.<\/p>\n<p>En la actualidad hay m\u00e1s de<b> 400 de estos profesionales repartidos<\/b> en todas las comunidades aut\u00f3nomas, y uno de ellos es <b>Juan Carlos Fern\u00e1ndez<\/b>, un entregado maestro con m\u00e1s de 20 a\u00f1os de experiencia que ha vivido en primera persona lo que significa estudiar con discapacidad visual, \u00absoy afiliado a la ONCE tengo resto visual y estoy dentro del equipo como maestro. Trabajo desde 2004, y despu\u00e9s de estar en varias comunidades, en 2016 consegu\u00ed volver a Madrid, que es donde soy\u00bb, nos cuenta.<\/p>\n<p>En Madrid, Juan Carlos forma parte de un equipo de 42 personas, \u00abseis orientadores, la directora y el resto son profesionales ONCE y de la Comunidad de Madrid\u00bb. \u00c9l est\u00e1 contratado directamente por la ONCE, que, para poder<b> intervenir a nivel educativo<\/b>, tiene convenios con las distintas comunidades aut\u00f3nomas, \u00aben estos convenios viene el n\u00famero de profesionales que pone la ONCE y qu\u00e9 servicios va a prestar dentro del \u00e1mbito educativo\u00bb, explica.<\/p>\n<p>Antes de que existieran estos convenios, la ONCE se ocupaba de la educaci\u00f3n de los ni\u00f1os ciegos a trav\u00e9s de <b>cinco colegios espec\u00edficos que ten\u00eda repartidos por distintos lugares de Espa\u00f1a<\/b>, \u00abdurante 40 a\u00f1os lo hizo de esta manera. De hecho, yo fui a uno de estos colegios. Despu\u00e9s, desde finales de los 80, cuando se empez\u00f3 a tender a<b> un modelo m\u00e1s inclusivo<\/b>, se empez\u00f3 a llevar, paulatinamente, a los ni\u00f1os a aulas ordinarias, y lo hizo a trav\u00e9s de estos convenios\u00bb, cuenta.<\/p>\n<h1>Lo habitual es acompa\u00f1arlos en su aula en las materias de especial dificultad derivadas de la discapacidad visual, como matem\u00e1ticas, la m\u00fasica, el arte o idiomas<\/h1>\n<h2>Apoyando al alumno en su d\u00eda a d\u00eda<\/h2>\n<p>Los maestros de la ONCE est\u00e1n <b>considerados como PT<\/b>, es decir, maestros de pedagog\u00eda terap\u00e9utica, \u00abque son los encargados de dar apoyo educativo a los alumnos con necesidades especiales. En nuestro caso concreto, atendemos a alumnos con necesidades educativas especiales por una discapacidad visual\u00bb.<\/p>\n<p>En Madrid, cada uno de ellos tiene asignado una zona de influencia. Es decir, que trabajan con los colegios de una determinada zona en los que haya centros con alumnos con discapacidad visual. En funci\u00f3n de los alumnos, realizan un horario, en el que se refleja el tiempo que apoyan a cada alumno. Ese horario, como explica Juan Carlos Fern\u00e1ndez, tiene que estar controlado por la<b> inspecci\u00f3n educativa de la comunidad<\/b>, en su caso, Madrid, \u00aben \u00e9l indicamos los horarios de los trabajos que vamos a realizar con los alumnos dentro de las aulas para atender las necesidades derivadas de la discapacidad visual.<b> Estos alumnos pueden ser ciegos totales, tener baja visi\u00f3n o tener una discapacidad ps\u00edquica <\/b>acompa\u00f1ada de discapacidad visual, que son los que est\u00e1n escolarizados en centros de educaci\u00f3n especial\u00bb<\/p>\n<p>Los maestros de la ONCE intervienen a varios niveles y con distinta intensidad en funci\u00f3n del nivel educativo del alumno y de su nivel de autonom\u00eda y necesidad de apoyo. Lo habitual, seg\u00fan cuenta Juan Carlos, es acompa\u00f1arlos en su aula en las materias o <b>\u00e1reas de especial dificultad<\/b> derivadas de la discapacidad visual, \u00ablas m\u00e1s habituales son las matem\u00e1ticas, la m\u00fasica, el arte y los idiomas, cuyos m\u00e9todos son cada vez m\u00e1s visuales\u00bb.<\/p>\n<p>En general, un maestro suele tener entre 12 y 14 sesiones a la semana y, aunque depende de cada caso, se suele asignar<b> dos sesiones de hora y media a la semana<\/b> a los alumnos con ceguera total y una de una hora y media a alumnos con resto visual, \u00abtambi\u00e9n, sobre todo al principio, se pueden dividir en tres sesiones de una hora\u00bb. <\/p>\n<p>La idea es que el alumno vaya cogiendo autonom\u00eda y que, a medida que avance en en sus estudios, sea m\u00e1s independiente y requiera de un apoyo menor, \u00ab<b>el contacto con el alumno se va reduciendo<\/b> a medida que se siente m\u00e1s seguro y se va siendo m\u00e1s aut\u00f3nomo, especialmente en la adolescencia, que es una \u00e9poca en la que no les suele gustar tener un adulto al lado dici\u00e9ndolo lo que tiene que hacer\u00bb, reconoce.<\/p>\n<p>Incluso puede llegar un momento en el que la atenci\u00f3n sea a demanda, es decir, ir al centro s\u00f3lo cuando el alumno pida apoyo, \u00ab<b>nos llaman solo cuando el alumno lo demanda<\/b>, pero, aunque el alumno no lo demande, nos acercamos al centro un par de veces al a\u00f1o para ser visibles, organizar\u2026\u00bb.<\/p>\n<h1>El contacto con el alumno se va reduciendo a medida que se siente m\u00e1s seguro y se va siendo m\u00e1s aut\u00f3nomo, especialmente en la adolescencia<\/h1>\n<p>El apoyo, adem\u00e1s, aunque te\u00f3ricamente est\u00e9 solo est\u00e9 en las etapas obligatorias (Primaria y ESO), puede extenderse a todas las etapas, desde infantil, hasta la universidad, pasando por la EBAU y en ciclos de FP, \u00abla idea es acompa\u00f1arlos en toda su etapa educativa. La ONCE tiene, de manera independiente, <b>profesionales que se dedican solo a estudios superiores<\/b>. En Master ya no, pero s\u00ed seguir\u00eda teniendo los apoyos como afiliado que no son exclusivos del entorno educativo\u00bb, explica.<\/p>\n<p>Y es que, como explicaremos a continuaci\u00f3n, los apoyos a nivel educativo se extienden m\u00e1s all\u00e1 de las aulas y del papel del maestro.<\/p>\n<h2>Adaptaci\u00f3n de materiales y espacios<\/h2>\n<p>El maestro de la ONCE, para llevar a cabo su labor y para eliminar las barreras que se puedan encontrar sus alumnos en los entornos educativos, se apoya en otros dos profesionales: el <b>T\u00e9cnico de Rehabilitaci\u00f3n (TR) y el especialista en tiflotecnolog\u00eda<\/b>. Con el primero, se aseguran de que las instalaciones educativas sean accesibles para los alumnos, \u00abdentro del centro, adaptamos las instalaciones a las necesidades de nuestros alumnos y asesoramos a los centros para su rehabilitaci\u00f3n, para que hagan los cambios necesarios que<b> permitan al alumno moverse por el centro<\/b>. Por ejemplo, si tenemos un alumno con baja visual, este necesitar\u00e1 que se se\u00f1alicen escaleras, el pasillo\u2026 Para todo eso contamos con la figura del T\u00e9cnico de Rehabilitaci\u00f3n (TR), tambi\u00e9n de ONCE, que es profesional encargado, adem\u00e1s, de ense\u00f1arles a <b>utilizar el bast\u00f3n<\/b>, a solicitarles un <b>perro gu\u00eda<\/b>, trabaja la autonom\u00eda personal en funci\u00f3n de sus necesidades y su edad. Por ejemplo, los primeros a\u00f1os les ense\u00f1ar\u00e1 a usar el bast\u00f3n, autonom\u00eda persona, aseo\u2026 Seg\u00fan crecen, a usar el transporte p\u00fablico, etc.\u00bb, explica Juan Carlos.<\/p>\n<p>Para garantizar que el alumno tenga acceso a toda la informaci\u00f3n que necesita, especialmente a los<b> contenidos curriculares<\/b>, el profesional en el que se apoyan es el especialista en<b> tiflotecnolog\u00eda<\/b>, \u00abconjuntamente con los maestros, vemos qu\u00e9 tecnolog\u00eda necesita el alumno: mecanograf\u00eda, dispositivos de audio, braille&#8230; La idea es garantizar que el alumno tenga, de manera gratuita, <b>todo el material adaptado<\/b> que necesita a lo largo de su educaci\u00f3n: libros, mapas, instrumentos de escritura, un ordenador\u2026 En este caso, es la comunidad es la que pone este material en el aula y la ONCE la que lo pone para que contin\u00fae en casa, porque para poder realizar todo este apoyo, tenemos que tener una <b>relaci\u00f3n muy cercana con la familia<\/b>, que es el elemento fundamental para que todas las herramientas que le damos en la escuela las pongan en pr\u00e1ctica\u00bb, insiste.<\/p>\n<h1>La idea es garantizar que el alumno tenga, de manera gratuita, todo el material adaptado que necesita a lo largo de toda su educaci\u00f3n<\/h1>\n<p>Se trata, por tanto, y como quiere destacar Juan Carlos Fern\u00e1ndez, un <b>trabajo conjunto <\/b>entre las administraciones (en este caso las autonom\u00edas), la comunidad educativa, las familias y la ONCE, que forma y paga a muchos profesionales, \u00abtodos los maestros de la ONCE tenemos magisterios o carreras parecidas como pedagog\u00eda, educaci\u00f3n especial, un m\u00e1ster\u2026 pero todos tenemos que tener formaci\u00f3n en <a href=\"https:\/\/www.20minutos.es\/minuteca\/lengua-de-signos\/\" title=\"Lengua de signos\" target=\"_blank\" rel=\"noopener\">lengua de signos<\/a>, braille, tenemos que pasar unas pruebas, un periodo de pr\u00e1cticas tuteladas, etc.\u00bb<\/p>\n<p>Se trata, adem\u00e1s, de<b> un trabajo muy vocacional<\/b>, como es su caso, quien decidi\u00f3 ser maestros desde el momento en que uno de sus profesores, que era ciego, le dijo \u00abque se me dar\u00eda muy bien ense\u00f1ar. Desde entonces, he sido coordinador de equipo, de director t\u00e9cnico, maestro de nuevo\u2026 y estoy muy feliz, porque me encanta el trabajo que hago\u00bb.<\/p>\n<p>Juan Carlos, que lleva toda la vida en la ONCE, quiere destacar la labor de la organizaci\u00f3n y que, al contrario de lo que muchos piensan, <b>no atiende solo a alumnos ciegos<\/b>, \u00abdesde la Fundaci\u00f3n ONCE, tambi\u00e9n se apoya a alumnos con otras discapacidades, aunque es cierto que la ONCE surgi\u00f3 para<b> ayudar a las personas ciegas<\/b>, para darles una calidad de vida que no ten\u00edan, y fue todo gracias a los cupones, que yo mismo he vendido. Somos expertos en ayudar a las personas ciegas, pero lo ideal, aunque la ONCE es indispensable en el apoyo a alumnos ciegos, es que <b>todos los alumnos con necesidades especiales, sea cual sea su discapacidad,<\/b> tuvieran el mismo apoyo con el que cuentan ellos. Y eso es tarea del Estado, que es quien debe garantizar el derecho a la educaci\u00f3n de todo el mundo\u00bb, insiste.<\/p>\n<p>El apoyo que<a href=\"https:\/\/www.20minutos.es\/\"> <\/a> rinde la ONCE a sus alumnos es, seg\u00fan \u00e9l mismo ha comprobado, un referente a nivel internacional, \u00abhan venido a visitarnos desde ministerios de educaci\u00f3n de M\u00e9xico y Corea y han alucinado. Aunque hay mucho por hacer, creo, sinceramente, que <b>Espa\u00f1a tiene una atenci\u00f3n a la <a href=\"https:\/\/www.20minutos.es\/minuteca\/discapacidad\/\" title=\"Discapacidad\" target=\"_blank\" rel=\"noopener\">discapacidad<\/a> muy buena comparada con otros pa\u00edses<\/b>, y muy especialmente la atenci\u00f3n a las personas ciegas\u00bb. <\/p>\n<\/div>\n<p>Fuente: Discapacidad https:\/\/www.20minutos.es\/noticia\/5632783\/0\/juan-carlos-fernandez-maestro-once-acompanamos-los-alumnos-toda-su-etapa-educativa\/<\/p>\n","protected":false},"excerpt":{"rendered":"<p>La ONCE dispone de m\u00e1s de 400 profesionales que atienden a m\u00e1s de 7.000 alumnos con discapacidad visual.<\/p>\n","protected":false},"author":1,"featured_media":0,"comment_status":"closed","ping_status":"closed","sticky":false,"template":"","format":"standard","meta":{"footnotes":""},"categories":[8],"tags":[],"class_list":["post-10309","post","type-post","status-publish","format-standard","hentry","category-noticias"],"yoast_head":"<!-- This site is optimized with the Yoast SEO plugin v27.5 - https:\/\/yoast.com\/product\/yoast-seo-wordpress\/ -->\n<title>Juan Carlos Fern\u00e1ndez, maestro de la ONCE: &quot;La idea es garantizar que el alumno tenga, gratis, todo el material adaptado&quot; - Asociaci\u00f3n Espa\u00f1ola S\u00edndrome de Charge<\/title>\n<meta name=\"robots\" content=\"index, follow, max-snippet:-1, max-image-preview:large, max-video-preview:-1\" \/>\n<link rel=\"canonical\" href=\"https:\/\/sindromecharge.es\/index.php\/2024\/09\/15\/juan-carlos-fernandez-maestro-once-acompanamos-los-alumnos-toda-su-etapa-educativa\/\" \/>\n<meta property=\"og:locale\" content=\"es_ES\" \/>\n<meta property=\"og:type\" content=\"article\" \/>\n<meta property=\"og:title\" content=\"Juan Carlos Fern\u00e1ndez, maestro de la ONCE: &quot;La idea es garantizar que el alumno tenga, gratis, todo el material adaptado&quot; - Asociaci\u00f3n Espa\u00f1ola S\u00edndrome de Charge\" \/>\n<meta property=\"og:description\" content=\"La ONCE dispone de m\u00e1s de 400 profesionales que atienden a m\u00e1s de 7.000 alumnos con discapacidad visual.\" \/>\n<meta property=\"og:url\" content=\"https:\/\/sindromecharge.es\/index.php\/2024\/09\/15\/juan-carlos-fernandez-maestro-once-acompanamos-los-alumnos-toda-su-etapa-educativa\/\" \/>\n<meta property=\"og:site_name\" content=\"Asociaci\u00f3n Espa\u00f1ola S\u00edndrome de Charge\" \/>\n<meta property=\"article:publisher\" content=\"https:\/\/www.facebook.com\/asociacionsindromecharge\" \/>\n<meta property=\"article:published_time\" content=\"2024-09-15T07:43:43+00:00\" \/>\n<meta property=\"og:image\" content=\"https:\/\/sindromecharge.es\/wp-content\/uploads\/2013\/09\/logodecharge300x98.png\" \/>\n\t<meta property=\"og:image:width\" content=\"300\" \/>\n\t<meta property=\"og:image:height\" content=\"98\" \/>\n\t<meta property=\"og:image:type\" content=\"image\/png\" \/>\n<meta name=\"author\" content=\"Charge\" \/>\n<meta name=\"twitter:card\" content=\"summary_large_image\" \/>\n<meta name=\"twitter:creator\" content=\"@sindromecharge\" \/>\n<meta name=\"twitter:site\" content=\"@sindromecharge\" \/>\n<meta name=\"twitter:label1\" content=\"Escrito por\" \/>\n\t<meta name=\"twitter:data1\" content=\"Charge\" \/>\n\t<meta name=\"twitter:label2\" content=\"Tiempo de lectura\" \/>\n\t<meta name=\"twitter:data2\" content=\"9 minutos\" \/>\n<script type=\"application\/ld+json\" class=\"yoast-schema-graph\">{\"@context\":\"https:\\\/\\\/schema.org\",\"@graph\":[{\"@type\":\"Article\",\"@id\":\"https:\\\/\\\/sindromecharge.es\\\/index.php\\\/2024\\\/09\\\/15\\\/juan-carlos-fernandez-maestro-once-acompanamos-los-alumnos-toda-su-etapa-educativa\\\/#article\",\"isPartOf\":{\"@id\":\"https:\\\/\\\/sindromecharge.es\\\/index.php\\\/2024\\\/09\\\/15\\\/juan-carlos-fernandez-maestro-once-acompanamos-los-alumnos-toda-su-etapa-educativa\\\/\"},\"author\":{\"name\":\"Charge\",\"@id\":\"https:\\\/\\\/sindromecharge.es\\\/#\\\/schema\\\/person\\\/39a60ebe0a2b4d5a11179701e336b039\"},\"headline\":\"Juan Carlos Fern\u00e1ndez, maestro de la ONCE: \u00abLa idea es garantizar que el alumno tenga, gratis, todo el material adaptado\u00bb\",\"datePublished\":\"2024-09-15T07:43:43+00:00\",\"mainEntityOfPage\":{\"@id\":\"https:\\\/\\\/sindromecharge.es\\\/index.php\\\/2024\\\/09\\\/15\\\/juan-carlos-fernandez-maestro-once-acompanamos-los-alumnos-toda-su-etapa-educativa\\\/\"},\"wordCount\":1905,\"articleSection\":[\"noticias\"],\"inLanguage\":\"es\"},{\"@type\":\"WebPage\",\"@id\":\"https:\\\/\\\/sindromecharge.es\\\/index.php\\\/2024\\\/09\\\/15\\\/juan-carlos-fernandez-maestro-once-acompanamos-los-alumnos-toda-su-etapa-educativa\\\/\",\"url\":\"https:\\\/\\\/sindromecharge.es\\\/index.php\\\/2024\\\/09\\\/15\\\/juan-carlos-fernandez-maestro-once-acompanamos-los-alumnos-toda-su-etapa-educativa\\\/\",\"name\":\"Juan Carlos Fern\u00e1ndez, maestro de la ONCE: \\\"La idea es garantizar que el alumno tenga, gratis, todo el material adaptado\\\" - Asociaci\u00f3n Espa\u00f1ola S\u00edndrome de Charge\",\"isPartOf\":{\"@id\":\"https:\\\/\\\/sindromecharge.es\\\/#website\"},\"datePublished\":\"2024-09-15T07:43:43+00:00\",\"author\":{\"@id\":\"https:\\\/\\\/sindromecharge.es\\\/#\\\/schema\\\/person\\\/39a60ebe0a2b4d5a11179701e336b039\"},\"breadcrumb\":{\"@id\":\"https:\\\/\\\/sindromecharge.es\\\/index.php\\\/2024\\\/09\\\/15\\\/juan-carlos-fernandez-maestro-once-acompanamos-los-alumnos-toda-su-etapa-educativa\\\/#breadcrumb\"},\"inLanguage\":\"es\",\"potentialAction\":[{\"@type\":\"ReadAction\",\"target\":[\"https:\\\/\\\/sindromecharge.es\\\/index.php\\\/2024\\\/09\\\/15\\\/juan-carlos-fernandez-maestro-once-acompanamos-los-alumnos-toda-su-etapa-educativa\\\/\"]}]},{\"@type\":\"BreadcrumbList\",\"@id\":\"https:\\\/\\\/sindromecharge.es\\\/index.php\\\/2024\\\/09\\\/15\\\/juan-carlos-fernandez-maestro-once-acompanamos-los-alumnos-toda-su-etapa-educativa\\\/#breadcrumb\",\"itemListElement\":[{\"@type\":\"ListItem\",\"position\":1,\"name\":\"Portada\",\"item\":\"https:\\\/\\\/sindromecharge.es\\\/\"},{\"@type\":\"ListItem\",\"position\":2,\"name\":\"Juan Carlos Fern\u00e1ndez, maestro de la ONCE: &#8220;La idea es garantizar que el alumno tenga, gratis, todo el material adaptado&#8221;\"}]},{\"@type\":\"WebSite\",\"@id\":\"https:\\\/\\\/sindromecharge.es\\\/#website\",\"url\":\"https:\\\/\\\/sindromecharge.es\\\/\",\"name\":\"Asociaci\u00f3n Espa\u00f1ola S\u00edndrome de Charge\",\"description\":\"\",\"potentialAction\":[{\"@type\":\"SearchAction\",\"target\":{\"@type\":\"EntryPoint\",\"urlTemplate\":\"https:\\\/\\\/sindromecharge.es\\\/?s={search_term_string}\"},\"query-input\":{\"@type\":\"PropertyValueSpecification\",\"valueRequired\":true,\"valueName\":\"search_term_string\"}}],\"inLanguage\":\"es\"},{\"@type\":\"Person\",\"@id\":\"https:\\\/\\\/sindromecharge.es\\\/#\\\/schema\\\/person\\\/39a60ebe0a2b4d5a11179701e336b039\",\"name\":\"Charge\",\"image\":{\"@type\":\"ImageObject\",\"inLanguage\":\"es\",\"@id\":\"https:\\\/\\\/secure.gravatar.com\\\/avatar\\\/c3b46e32a0fc3b093a0873fb767bf3293de856293065e84ef06b7ec7a8acfb98?s=96&d=identicon&r=x\",\"url\":\"https:\\\/\\\/secure.gravatar.com\\\/avatar\\\/c3b46e32a0fc3b093a0873fb767bf3293de856293065e84ef06b7ec7a8acfb98?s=96&d=identicon&r=x\",\"contentUrl\":\"https:\\\/\\\/secure.gravatar.com\\\/avatar\\\/c3b46e32a0fc3b093a0873fb767bf3293de856293065e84ef06b7ec7a8acfb98?s=96&d=identicon&r=x\",\"caption\":\"Charge\"},\"url\":\"https:\\\/\\\/sindromecharge.es\\\/index.php\\\/author\\\/admin\\\/\"}]}<\/script>\n<!-- \/ Yoast SEO plugin. -->","yoast_head_json":{"title":"Juan Carlos Fern\u00e1ndez, maestro de la ONCE: \"La idea es garantizar que el alumno tenga, gratis, todo el material adaptado\" - Asociaci\u00f3n Espa\u00f1ola S\u00edndrome de Charge","robots":{"index":"index","follow":"follow","max-snippet":"max-snippet:-1","max-image-preview":"max-image-preview:large","max-video-preview":"max-video-preview:-1"},"canonical":"https:\/\/sindromecharge.es\/index.php\/2024\/09\/15\/juan-carlos-fernandez-maestro-once-acompanamos-los-alumnos-toda-su-etapa-educativa\/","og_locale":"es_ES","og_type":"article","og_title":"Juan Carlos Fern\u00e1ndez, maestro de la ONCE: \"La idea es garantizar que el alumno tenga, gratis, todo el material adaptado\" - Asociaci\u00f3n Espa\u00f1ola S\u00edndrome de Charge","og_description":"La ONCE dispone de m\u00e1s de 400 profesionales que atienden a m\u00e1s de 7.000 alumnos con discapacidad visual.","og_url":"https:\/\/sindromecharge.es\/index.php\/2024\/09\/15\/juan-carlos-fernandez-maestro-once-acompanamos-los-alumnos-toda-su-etapa-educativa\/","og_site_name":"Asociaci\u00f3n Espa\u00f1ola S\u00edndrome de Charge","article_publisher":"https:\/\/www.facebook.com\/asociacionsindromecharge","article_published_time":"2024-09-15T07:43:43+00:00","og_image":[{"width":300,"height":98,"url":"https:\/\/sindromecharge.es\/wp-content\/uploads\/2013\/09\/logodecharge300x98.png","type":"image\/png"}],"author":"Charge","twitter_card":"summary_large_image","twitter_creator":"@sindromecharge","twitter_site":"@sindromecharge","twitter_misc":{"Escrito por":"Charge","Tiempo de lectura":"9 minutos"},"schema":{"@context":"https:\/\/schema.org","@graph":[{"@type":"Article","@id":"https:\/\/sindromecharge.es\/index.php\/2024\/09\/15\/juan-carlos-fernandez-maestro-once-acompanamos-los-alumnos-toda-su-etapa-educativa\/#article","isPartOf":{"@id":"https:\/\/sindromecharge.es\/index.php\/2024\/09\/15\/juan-carlos-fernandez-maestro-once-acompanamos-los-alumnos-toda-su-etapa-educativa\/"},"author":{"name":"Charge","@id":"https:\/\/sindromecharge.es\/#\/schema\/person\/39a60ebe0a2b4d5a11179701e336b039"},"headline":"Juan Carlos Fern\u00e1ndez, maestro de la ONCE: \u00abLa idea es garantizar que el alumno tenga, gratis, todo el material adaptado\u00bb","datePublished":"2024-09-15T07:43:43+00:00","mainEntityOfPage":{"@id":"https:\/\/sindromecharge.es\/index.php\/2024\/09\/15\/juan-carlos-fernandez-maestro-once-acompanamos-los-alumnos-toda-su-etapa-educativa\/"},"wordCount":1905,"articleSection":["noticias"],"inLanguage":"es"},{"@type":"WebPage","@id":"https:\/\/sindromecharge.es\/index.php\/2024\/09\/15\/juan-carlos-fernandez-maestro-once-acompanamos-los-alumnos-toda-su-etapa-educativa\/","url":"https:\/\/sindromecharge.es\/index.php\/2024\/09\/15\/juan-carlos-fernandez-maestro-once-acompanamos-los-alumnos-toda-su-etapa-educativa\/","name":"Juan Carlos Fern\u00e1ndez, maestro de la ONCE: \"La idea es garantizar que el alumno tenga, gratis, todo el material adaptado\" - Asociaci\u00f3n Espa\u00f1ola S\u00edndrome de Charge","isPartOf":{"@id":"https:\/\/sindromecharge.es\/#website"},"datePublished":"2024-09-15T07:43:43+00:00","author":{"@id":"https:\/\/sindromecharge.es\/#\/schema\/person\/39a60ebe0a2b4d5a11179701e336b039"},"breadcrumb":{"@id":"https:\/\/sindromecharge.es\/index.php\/2024\/09\/15\/juan-carlos-fernandez-maestro-once-acompanamos-los-alumnos-toda-su-etapa-educativa\/#breadcrumb"},"inLanguage":"es","potentialAction":[{"@type":"ReadAction","target":["https:\/\/sindromecharge.es\/index.php\/2024\/09\/15\/juan-carlos-fernandez-maestro-once-acompanamos-los-alumnos-toda-su-etapa-educativa\/"]}]},{"@type":"BreadcrumbList","@id":"https:\/\/sindromecharge.es\/index.php\/2024\/09\/15\/juan-carlos-fernandez-maestro-once-acompanamos-los-alumnos-toda-su-etapa-educativa\/#breadcrumb","itemListElement":[{"@type":"ListItem","position":1,"name":"Portada","item":"https:\/\/sindromecharge.es\/"},{"@type":"ListItem","position":2,"name":"Juan Carlos Fern\u00e1ndez, maestro de la ONCE: &#8220;La idea es garantizar que el alumno tenga, gratis, todo el material adaptado&#8221;"}]},{"@type":"WebSite","@id":"https:\/\/sindromecharge.es\/#website","url":"https:\/\/sindromecharge.es\/","name":"Asociaci\u00f3n Espa\u00f1ola S\u00edndrome de Charge","description":"","potentialAction":[{"@type":"SearchAction","target":{"@type":"EntryPoint","urlTemplate":"https:\/\/sindromecharge.es\/?s={search_term_string}"},"query-input":{"@type":"PropertyValueSpecification","valueRequired":true,"valueName":"search_term_string"}}],"inLanguage":"es"},{"@type":"Person","@id":"https:\/\/sindromecharge.es\/#\/schema\/person\/39a60ebe0a2b4d5a11179701e336b039","name":"Charge","image":{"@type":"ImageObject","inLanguage":"es","@id":"https:\/\/secure.gravatar.com\/avatar\/c3b46e32a0fc3b093a0873fb767bf3293de856293065e84ef06b7ec7a8acfb98?s=96&d=identicon&r=x","url":"https:\/\/secure.gravatar.com\/avatar\/c3b46e32a0fc3b093a0873fb767bf3293de856293065e84ef06b7ec7a8acfb98?s=96&d=identicon&r=x","contentUrl":"https:\/\/secure.gravatar.com\/avatar\/c3b46e32a0fc3b093a0873fb767bf3293de856293065e84ef06b7ec7a8acfb98?s=96&d=identicon&r=x","caption":"Charge"},"url":"https:\/\/sindromecharge.es\/index.php\/author\/admin\/"}]}},"_links":{"self":[{"href":"https:\/\/sindromecharge.es\/index.php\/wp-json\/wp\/v2\/posts\/10309","targetHints":{"allow":["GET"]}}],"collection":[{"href":"https:\/\/sindromecharge.es\/index.php\/wp-json\/wp\/v2\/posts"}],"about":[{"href":"https:\/\/sindromecharge.es\/index.php\/wp-json\/wp\/v2\/types\/post"}],"author":[{"embeddable":true,"href":"https:\/\/sindromecharge.es\/index.php\/wp-json\/wp\/v2\/users\/1"}],"replies":[{"embeddable":true,"href":"https:\/\/sindromecharge.es\/index.php\/wp-json\/wp\/v2\/comments?post=10309"}],"version-history":[{"count":0,"href":"https:\/\/sindromecharge.es\/index.php\/wp-json\/wp\/v2\/posts\/10309\/revisions"}],"wp:attachment":[{"href":"https:\/\/sindromecharge.es\/index.php\/wp-json\/wp\/v2\/media?parent=10309"}],"wp:term":[{"taxonomy":"category","embeddable":true,"href":"https:\/\/sindromecharge.es\/index.php\/wp-json\/wp\/v2\/categories?post=10309"},{"taxonomy":"post_tag","embeddable":true,"href":"https:\/\/sindromecharge.es\/index.php\/wp-json\/wp\/v2\/tags?post=10309"}],"curies":[{"name":"wp","href":"https:\/\/api.w.org\/{rel}","templated":true}]}}