{"id":10308,"date":"2024-09-14T07:03:27","date_gmt":"2024-09-14T07:03:27","guid":{"rendered":"https:\/\/sindromecharge.es\/index.php\/2024\/09\/14\/cermi-presenta-informe-juventud-con-discapacidad-espana-2024\/"},"modified":"2024-09-14T07:03:27","modified_gmt":"2024-09-14T07:03:27","slug":"cermi-presenta-informe-juventud-con-discapacidad-espana-2024","status":"publish","type":"post","link":"https:\/\/sindromecharge.es\/index.php\/2024\/09\/14\/cermi-presenta-informe-juventud-con-discapacidad-espana-2024\/","title":{"rendered":"Pol\u00edticas activas de empleo y mayor accesibilidad, entre las necesidades de los j\u00f3venes con discapacidad"},"content":{"rendered":"<p>Leemos en Discapacidad la siguiente noticia que os reproducimos de forma \u00edntegra: <\/p>\n<div>\n<p>En el marco de celebraci\u00f3n del<b> I Congreso Estatal de Juventud, que est\u00e1 teniendo lugar en Zaragoza<\/b>, CERMI present\u00f3 ayer, <span>de la mano del soci\u00f3logo experto en discapacidad Agust\u00edn Huete Garc\u00eda,<\/span> el informe<a href=\"https:\/\/back.cermi.es\/catalog\/document\/file\/59cs1-juventud-con-discapacidad-en-espana-2024---inclusion-y-diversidad-39---accesible-1.pdf\" target=\"_blank\" rel=\"nofollow noopener\"> &#8216;La juventud con discapacidad en Espa\u00f1a 2024&#8217;<\/a>, un estudio que aborda las barreras y obst\u00e1culos al empleo, vivienda, independencia econ\u00f3mica relacionada con la realidad de las<b> personas con discapacidad entre los 15 y los 30 a\u00f1os.<\/b><\/p>\n<p>El estudio es una actualizaci\u00f3n de los informes sobre \u00abj\u00f3venes con discapacidad en Espa\u00f1a\u00bb realizados por el Comit\u00e9 Espa\u00f1ol de Representantes de personas con discapacidad (<a href=\"https:\/\/www.20minutos.es\/minuteca\/cermi\/\" title=\"Cermi\" target=\"_blank\" rel=\"noopener\">CERMI<\/a>) en 2010 y 2016, que aborda las dimensiones fundamentales relacionadas con la realidad de las personas con discapacidad entre los 15 y los 30 a\u00f1os. Un conocimiento que ha servido como referencia para<b> orientar el dise\u00f1o de diversas pol\u00edticas p\u00fablicas<\/b> e intervenciones sociales espec\u00edficamente orientadas a la poblaci\u00f3n joven con discapacidad en Espa\u00f1a.<\/p>\n<p>En el informe se abordan las <b>barreras y obst\u00e1culos al empleo, vivienda, independencia econ\u00f3mica<\/b>, as\u00ed como la exposici\u00f3n a determinadas <b>situaciones de riesgo<\/b> a las que se enfrentan los j\u00f3venes como uno de los grupos sociales especialmente vulnerables a la exclusi\u00f3n y en particular los j\u00f3venes con discapacidad.<\/p>\n<p>Seg\u00fan el experto,<b> la inclusi\u00f3n de la juventud con discapacidad<\/b> presenta \u00abdesaf\u00edos m\u00e1s apremiantes que solo se pueden encarar con conocimiento detallado de su realidad de partida\u00bb y a\u00f1ade que \u00abeste prop\u00f3sito es al que CERMI responde ofreciendo la cartograf\u00eda m\u00e1s amplia sobre j\u00f3venes y discapacidad disponible\u00bb.<\/p>\n<p>\u00abLas personas j\u00f3venes con<a href=\"https:\/\/www.20minutos.es\/minuteca\/discapacidad\/\" title=\"Discapacidad\" target=\"_blank\" rel=\"noopener\"> discapacidad<\/a> pueden percibir un<b> menor grado de intensidad y disfrute <\/b>de la participaci\u00f3n de dichas actividades, debido a m\u00faltiples factores de inequidad\u00bb, ha lamentado el experto.<\/p>\n<p>Huete ha advertido que los elementos clave para avanzar hacia mayores niveles de <a href=\"https:\/\/www.20minutos.es\/minuteca\/inclusion\/\" title=\"Inclusi\u00f3n\" target=\"_blank\" rel=\"noopener\">inclusi\u00f3n<\/a> sociolaboral de las personas j\u00f3venes con discapacidad pasan por<b> realizar ajustes razonables en educaci\u00f3n, empleo, salud y protecci\u00f3n social<\/b>; y la inclusi\u00f3n de acci\u00f3n intersectorial.<\/p>\n<p>Asimismo, como propuestas para <b>facilitar la transici\u00f3n a la vida adulta<\/b> y la inclusi\u00f3n social de personas j\u00f3venes con discapacidad el informe expone, entre otras, la<b> necesidad de pol\u00edticas activas de empleo<\/b> promovidas por la Administraci\u00f3n P\u00fablica, erradicar las barreras de accesibilidad mediante soluciones innovadoras y garantizar una experiencia integradora para el alumnado con discapacidad, en especial en el \u00e1mbito universitario.<\/p>\n<p>Tras la presentaci\u00f3n del estudio, el I Congreso Estatal de Juventud con discapacidad ha finalizado con un espacio nombrado &#8216;la voz de la juventud con discapacidad&#8217; donde dos<b> j\u00f3venes con discapacidad<\/b> compartir\u00e1n su talento art\u00edstico a trav\u00e9s de la m\u00fasica, en concreto, el rapero con discapacidad intelectual Mc Soler y la joven soprano ciega Marina Rojas Sep\u00falveda.<\/p>\n<p>El I Congreso Estatal de Juventud con Discapacidad, organizado por el Movimiento CERMI junto con Fundaci\u00f3n ONCE este a\u00f1o se presenta bajo el lema \u00abAsegurar el motor de cambio\u00bb, y se prolongar\u00e1 hasta el 14 de septiembre. Unas jornadas que contar\u00e1n con m\u00e1s de<b> 125 j\u00f3venes con discapacidad <\/b>que definir\u00e1n en la ciudad de Zaragoza el futuro del activismo y confeccionar\u00e1n una agenda pol\u00edtica potente y transformadora en materia de juventud y discapacidad.<\/p>\n<p>En la <a href=\"https:\/\/cermi.es\/i-congreso-estatal-de-juventud-con-discapacidad\" rel=\"nofollow noopener\" target=\"_blank\">web del Congreso<\/a> se puede descargar el programa preliminar que incluye di\u00e1logos, conversatorios y actividades paralelas y en<a href=\"https:\/\/www.youtube.com\/live\/-G8G7pWYXhQ\" title=\"YouTube\" rel=\"nofollow noopener\" target=\"_blank\"> Youtube<\/a> puede seguirse a trav\u00e9s de streaming. <\/p>\n<\/div>\n<p>Fuente: Discapacidad https:\/\/www.20minutos.es\/noticia\/5633261\/0\/cermi-presenta-informe-juventud-con-discapacidad-espana-2024\/<\/p>\n","protected":false},"excerpt":{"rendered":"<p>El informe ha sido presentado en el marco de I Congreso Estatal de Juventud con discapacidad, que tiene lugar los d\u00edas 12, 13, y 14 de septiembre.<\/p>\n","protected":false},"author":1,"featured_media":0,"comment_status":"closed","ping_status":"closed","sticky":false,"template":"","format":"standard","meta":{"footnotes":""},"categories":[8],"tags":[],"class_list":["post-10308","post","type-post","status-publish","format-standard","hentry","category-noticias"],"yoast_head":"<!-- This site is optimized with the Yoast SEO plugin v27.5 - https:\/\/yoast.com\/product\/yoast-seo-wordpress\/ -->\n<title>Pol\u00edticas activas de empleo y mayor accesibilidad, entre las necesidades de los j\u00f3venes con discapacidad - Asociaci\u00f3n Espa\u00f1ola S\u00edndrome de Charge<\/title>\n<meta name=\"robots\" content=\"index, follow, max-snippet:-1, max-image-preview:large, max-video-preview:-1\" \/>\n<link rel=\"canonical\" href=\"https:\/\/sindromecharge.es\/index.php\/2024\/09\/14\/cermi-presenta-informe-juventud-con-discapacidad-espana-2024\/\" \/>\n<meta property=\"og:locale\" content=\"es_ES\" \/>\n<meta property=\"og:type\" content=\"article\" \/>\n<meta property=\"og:title\" content=\"Pol\u00edticas activas de empleo y mayor accesibilidad, entre las necesidades de los j\u00f3venes con discapacidad - Asociaci\u00f3n Espa\u00f1ola S\u00edndrome de Charge\" \/>\n<meta property=\"og:description\" content=\"El informe ha sido presentado en el marco de I Congreso Estatal de Juventud con discapacidad, que tiene lugar los d\u00edas 12, 13, y 14 de septiembre.\" \/>\n<meta property=\"og:url\" content=\"https:\/\/sindromecharge.es\/index.php\/2024\/09\/14\/cermi-presenta-informe-juventud-con-discapacidad-espana-2024\/\" \/>\n<meta property=\"og:site_name\" content=\"Asociaci\u00f3n Espa\u00f1ola S\u00edndrome de Charge\" \/>\n<meta property=\"article:publisher\" content=\"https:\/\/www.facebook.com\/asociacionsindromecharge\" \/>\n<meta property=\"article:published_time\" content=\"2024-09-14T07:03:27+00:00\" \/>\n<meta property=\"og:image\" content=\"https:\/\/sindromecharge.es\/wp-content\/uploads\/2013\/09\/logodecharge300x98.png\" \/>\n\t<meta property=\"og:image:width\" content=\"300\" \/>\n\t<meta property=\"og:image:height\" content=\"98\" \/>\n\t<meta property=\"og:image:type\" content=\"image\/png\" \/>\n<meta name=\"author\" content=\"Charge\" \/>\n<meta name=\"twitter:card\" content=\"summary_large_image\" \/>\n<meta name=\"twitter:creator\" content=\"@sindromecharge\" \/>\n<meta name=\"twitter:site\" content=\"@sindromecharge\" \/>\n<meta name=\"twitter:label1\" content=\"Escrito por\" \/>\n\t<meta name=\"twitter:data1\" content=\"Charge\" \/>\n\t<meta name=\"twitter:label2\" content=\"Tiempo de lectura\" \/>\n\t<meta name=\"twitter:data2\" content=\"3 minutos\" \/>\n<script type=\"application\/ld+json\" class=\"yoast-schema-graph\">{\"@context\":\"https:\\\/\\\/schema.org\",\"@graph\":[{\"@type\":\"Article\",\"@id\":\"https:\\\/\\\/sindromecharge.es\\\/index.php\\\/2024\\\/09\\\/14\\\/cermi-presenta-informe-juventud-con-discapacidad-espana-2024\\\/#article\",\"isPartOf\":{\"@id\":\"https:\\\/\\\/sindromecharge.es\\\/index.php\\\/2024\\\/09\\\/14\\\/cermi-presenta-informe-juventud-con-discapacidad-espana-2024\\\/\"},\"author\":{\"name\":\"Charge\",\"@id\":\"https:\\\/\\\/sindromecharge.es\\\/#\\\/schema\\\/person\\\/39a60ebe0a2b4d5a11179701e336b039\"},\"headline\":\"Pol\u00edticas activas de empleo y mayor accesibilidad, entre las necesidades de los j\u00f3venes con discapacidad\",\"datePublished\":\"2024-09-14T07:03:27+00:00\",\"mainEntityOfPage\":{\"@id\":\"https:\\\/\\\/sindromecharge.es\\\/index.php\\\/2024\\\/09\\\/14\\\/cermi-presenta-informe-juventud-con-discapacidad-espana-2024\\\/\"},\"wordCount\":625,\"articleSection\":[\"noticias\"],\"inLanguage\":\"es\"},{\"@type\":\"WebPage\",\"@id\":\"https:\\\/\\\/sindromecharge.es\\\/index.php\\\/2024\\\/09\\\/14\\\/cermi-presenta-informe-juventud-con-discapacidad-espana-2024\\\/\",\"url\":\"https:\\\/\\\/sindromecharge.es\\\/index.php\\\/2024\\\/09\\\/14\\\/cermi-presenta-informe-juventud-con-discapacidad-espana-2024\\\/\",\"name\":\"Pol\u00edticas activas de empleo y mayor accesibilidad, entre las necesidades de los j\u00f3venes con discapacidad - Asociaci\u00f3n Espa\u00f1ola S\u00edndrome de Charge\",\"isPartOf\":{\"@id\":\"https:\\\/\\\/sindromecharge.es\\\/#website\"},\"datePublished\":\"2024-09-14T07:03:27+00:00\",\"author\":{\"@id\":\"https:\\\/\\\/sindromecharge.es\\\/#\\\/schema\\\/person\\\/39a60ebe0a2b4d5a11179701e336b039\"},\"breadcrumb\":{\"@id\":\"https:\\\/\\\/sindromecharge.es\\\/index.php\\\/2024\\\/09\\\/14\\\/cermi-presenta-informe-juventud-con-discapacidad-espana-2024\\\/#breadcrumb\"},\"inLanguage\":\"es\",\"potentialAction\":[{\"@type\":\"ReadAction\",\"target\":[\"https:\\\/\\\/sindromecharge.es\\\/index.php\\\/2024\\\/09\\\/14\\\/cermi-presenta-informe-juventud-con-discapacidad-espana-2024\\\/\"]}]},{\"@type\":\"BreadcrumbList\",\"@id\":\"https:\\\/\\\/sindromecharge.es\\\/index.php\\\/2024\\\/09\\\/14\\\/cermi-presenta-informe-juventud-con-discapacidad-espana-2024\\\/#breadcrumb\",\"itemListElement\":[{\"@type\":\"ListItem\",\"position\":1,\"name\":\"Portada\",\"item\":\"https:\\\/\\\/sindromecharge.es\\\/\"},{\"@type\":\"ListItem\",\"position\":2,\"name\":\"Pol\u00edticas activas de empleo y mayor accesibilidad, entre las necesidades de los j\u00f3venes con discapacidad\"}]},{\"@type\":\"WebSite\",\"@id\":\"https:\\\/\\\/sindromecharge.es\\\/#website\",\"url\":\"https:\\\/\\\/sindromecharge.es\\\/\",\"name\":\"Asociaci\u00f3n Espa\u00f1ola S\u00edndrome de Charge\",\"description\":\"\",\"potentialAction\":[{\"@type\":\"SearchAction\",\"target\":{\"@type\":\"EntryPoint\",\"urlTemplate\":\"https:\\\/\\\/sindromecharge.es\\\/?s={search_term_string}\"},\"query-input\":{\"@type\":\"PropertyValueSpecification\",\"valueRequired\":true,\"valueName\":\"search_term_string\"}}],\"inLanguage\":\"es\"},{\"@type\":\"Person\",\"@id\":\"https:\\\/\\\/sindromecharge.es\\\/#\\\/schema\\\/person\\\/39a60ebe0a2b4d5a11179701e336b039\",\"name\":\"Charge\",\"image\":{\"@type\":\"ImageObject\",\"inLanguage\":\"es\",\"@id\":\"https:\\\/\\\/secure.gravatar.com\\\/avatar\\\/c3b46e32a0fc3b093a0873fb767bf3293de856293065e84ef06b7ec7a8acfb98?s=96&d=identicon&r=x\",\"url\":\"https:\\\/\\\/secure.gravatar.com\\\/avatar\\\/c3b46e32a0fc3b093a0873fb767bf3293de856293065e84ef06b7ec7a8acfb98?s=96&d=identicon&r=x\",\"contentUrl\":\"https:\\\/\\\/secure.gravatar.com\\\/avatar\\\/c3b46e32a0fc3b093a0873fb767bf3293de856293065e84ef06b7ec7a8acfb98?s=96&d=identicon&r=x\",\"caption\":\"Charge\"},\"url\":\"https:\\\/\\\/sindromecharge.es\\\/index.php\\\/author\\\/admin\\\/\"}]}<\/script>\n<!-- \/ Yoast SEO plugin. -->","yoast_head_json":{"title":"Pol\u00edticas activas de empleo y mayor accesibilidad, entre las necesidades de los j\u00f3venes con discapacidad - Asociaci\u00f3n Espa\u00f1ola S\u00edndrome de Charge","robots":{"index":"index","follow":"follow","max-snippet":"max-snippet:-1","max-image-preview":"max-image-preview:large","max-video-preview":"max-video-preview:-1"},"canonical":"https:\/\/sindromecharge.es\/index.php\/2024\/09\/14\/cermi-presenta-informe-juventud-con-discapacidad-espana-2024\/","og_locale":"es_ES","og_type":"article","og_title":"Pol\u00edticas activas de empleo y mayor accesibilidad, entre las necesidades de los j\u00f3venes con discapacidad - Asociaci\u00f3n Espa\u00f1ola S\u00edndrome de Charge","og_description":"El informe ha sido presentado en el marco de I Congreso Estatal de Juventud con discapacidad, que tiene lugar los d\u00edas 12, 13, y 14 de septiembre.","og_url":"https:\/\/sindromecharge.es\/index.php\/2024\/09\/14\/cermi-presenta-informe-juventud-con-discapacidad-espana-2024\/","og_site_name":"Asociaci\u00f3n Espa\u00f1ola S\u00edndrome de Charge","article_publisher":"https:\/\/www.facebook.com\/asociacionsindromecharge","article_published_time":"2024-09-14T07:03:27+00:00","og_image":[{"width":300,"height":98,"url":"https:\/\/sindromecharge.es\/wp-content\/uploads\/2013\/09\/logodecharge300x98.png","type":"image\/png"}],"author":"Charge","twitter_card":"summary_large_image","twitter_creator":"@sindromecharge","twitter_site":"@sindromecharge","twitter_misc":{"Escrito por":"Charge","Tiempo de lectura":"3 minutos"},"schema":{"@context":"https:\/\/schema.org","@graph":[{"@type":"Article","@id":"https:\/\/sindromecharge.es\/index.php\/2024\/09\/14\/cermi-presenta-informe-juventud-con-discapacidad-espana-2024\/#article","isPartOf":{"@id":"https:\/\/sindromecharge.es\/index.php\/2024\/09\/14\/cermi-presenta-informe-juventud-con-discapacidad-espana-2024\/"},"author":{"name":"Charge","@id":"https:\/\/sindromecharge.es\/#\/schema\/person\/39a60ebe0a2b4d5a11179701e336b039"},"headline":"Pol\u00edticas activas de empleo y mayor accesibilidad, entre las necesidades de los j\u00f3venes con discapacidad","datePublished":"2024-09-14T07:03:27+00:00","mainEntityOfPage":{"@id":"https:\/\/sindromecharge.es\/index.php\/2024\/09\/14\/cermi-presenta-informe-juventud-con-discapacidad-espana-2024\/"},"wordCount":625,"articleSection":["noticias"],"inLanguage":"es"},{"@type":"WebPage","@id":"https:\/\/sindromecharge.es\/index.php\/2024\/09\/14\/cermi-presenta-informe-juventud-con-discapacidad-espana-2024\/","url":"https:\/\/sindromecharge.es\/index.php\/2024\/09\/14\/cermi-presenta-informe-juventud-con-discapacidad-espana-2024\/","name":"Pol\u00edticas activas de empleo y mayor accesibilidad, entre las necesidades de los j\u00f3venes con discapacidad - Asociaci\u00f3n Espa\u00f1ola S\u00edndrome de Charge","isPartOf":{"@id":"https:\/\/sindromecharge.es\/#website"},"datePublished":"2024-09-14T07:03:27+00:00","author":{"@id":"https:\/\/sindromecharge.es\/#\/schema\/person\/39a60ebe0a2b4d5a11179701e336b039"},"breadcrumb":{"@id":"https:\/\/sindromecharge.es\/index.php\/2024\/09\/14\/cermi-presenta-informe-juventud-con-discapacidad-espana-2024\/#breadcrumb"},"inLanguage":"es","potentialAction":[{"@type":"ReadAction","target":["https:\/\/sindromecharge.es\/index.php\/2024\/09\/14\/cermi-presenta-informe-juventud-con-discapacidad-espana-2024\/"]}]},{"@type":"BreadcrumbList","@id":"https:\/\/sindromecharge.es\/index.php\/2024\/09\/14\/cermi-presenta-informe-juventud-con-discapacidad-espana-2024\/#breadcrumb","itemListElement":[{"@type":"ListItem","position":1,"name":"Portada","item":"https:\/\/sindromecharge.es\/"},{"@type":"ListItem","position":2,"name":"Pol\u00edticas activas de empleo y mayor accesibilidad, entre las necesidades de los j\u00f3venes con discapacidad"}]},{"@type":"WebSite","@id":"https:\/\/sindromecharge.es\/#website","url":"https:\/\/sindromecharge.es\/","name":"Asociaci\u00f3n Espa\u00f1ola S\u00edndrome de Charge","description":"","potentialAction":[{"@type":"SearchAction","target":{"@type":"EntryPoint","urlTemplate":"https:\/\/sindromecharge.es\/?s={search_term_string}"},"query-input":{"@type":"PropertyValueSpecification","valueRequired":true,"valueName":"search_term_string"}}],"inLanguage":"es"},{"@type":"Person","@id":"https:\/\/sindromecharge.es\/#\/schema\/person\/39a60ebe0a2b4d5a11179701e336b039","name":"Charge","image":{"@type":"ImageObject","inLanguage":"es","@id":"https:\/\/secure.gravatar.com\/avatar\/c3b46e32a0fc3b093a0873fb767bf3293de856293065e84ef06b7ec7a8acfb98?s=96&d=identicon&r=x","url":"https:\/\/secure.gravatar.com\/avatar\/c3b46e32a0fc3b093a0873fb767bf3293de856293065e84ef06b7ec7a8acfb98?s=96&d=identicon&r=x","contentUrl":"https:\/\/secure.gravatar.com\/avatar\/c3b46e32a0fc3b093a0873fb767bf3293de856293065e84ef06b7ec7a8acfb98?s=96&d=identicon&r=x","caption":"Charge"},"url":"https:\/\/sindromecharge.es\/index.php\/author\/admin\/"}]}},"_links":{"self":[{"href":"https:\/\/sindromecharge.es\/index.php\/wp-json\/wp\/v2\/posts\/10308","targetHints":{"allow":["GET"]}}],"collection":[{"href":"https:\/\/sindromecharge.es\/index.php\/wp-json\/wp\/v2\/posts"}],"about":[{"href":"https:\/\/sindromecharge.es\/index.php\/wp-json\/wp\/v2\/types\/post"}],"author":[{"embeddable":true,"href":"https:\/\/sindromecharge.es\/index.php\/wp-json\/wp\/v2\/users\/1"}],"replies":[{"embeddable":true,"href":"https:\/\/sindromecharge.es\/index.php\/wp-json\/wp\/v2\/comments?post=10308"}],"version-history":[{"count":0,"href":"https:\/\/sindromecharge.es\/index.php\/wp-json\/wp\/v2\/posts\/10308\/revisions"}],"wp:attachment":[{"href":"https:\/\/sindromecharge.es\/index.php\/wp-json\/wp\/v2\/media?parent=10308"}],"wp:term":[{"taxonomy":"category","embeddable":true,"href":"https:\/\/sindromecharge.es\/index.php\/wp-json\/wp\/v2\/categories?post=10308"},{"taxonomy":"post_tag","embeddable":true,"href":"https:\/\/sindromecharge.es\/index.php\/wp-json\/wp\/v2\/tags?post=10308"}],"curies":[{"name":"wp","href":"https:\/\/api.w.org\/{rel}","templated":true}]}}