{"id":10307,"date":"2024-09-14T07:03:01","date_gmt":"2024-09-14T07:03:01","guid":{"rendered":"https:\/\/sindromecharge.es\/index.php\/2024\/09\/14\/luis-alonso-gerente-cermi-los-retrasos-discapacidad-suponen-una-vulneracion-grave-los-derechos-estas-personas\/"},"modified":"2024-09-14T07:03:01","modified_gmt":"2024-09-14T07:03:01","slug":"luis-alonso-gerente-cermi-los-retrasos-discapacidad-suponen-una-vulneracion-grave-los-derechos-estas-personas","status":"publish","type":"post","link":"https:\/\/sindromecharge.es\/index.php\/2024\/09\/14\/luis-alonso-gerente-cermi-los-retrasos-discapacidad-suponen-una-vulneracion-grave-los-derechos-estas-personas\/","title":{"rendered":"Luis Alonso, gerente de Cermi: \u00abLos retrasos en la discapacidad suponen una vulneraci\u00f3n grave de los derechos\u00bb"},"content":{"rendered":"<p>Leemos en Discapacidad la siguiente noticia que os reproducimos de forma \u00edntegra: <\/p>\n<div>\n<p>Seg\u00fan el \u00faltimo informe del <a href=\"https:\/\/www.20minutos.es\/minuteca\/cermi\/\" title=\"Cermi\" target=\"_blank\" rel=\"noopener\">CERMI<\/a> estatal sobre este tema, en Espa\u00f1a hay comunidades aut\u00f3nomas que tardan m\u00e1s de<b> dos a\u00f1os en espera para el reconocimiento de la <a href=\"https:\/\/www.20minutos.es\/minuteca\/discapacidad\/\" title=\"Discapacidad\" target=\"_blank\" rel=\"noopener\">discapacidad<\/a><\/b>. Recopilando datos de las 17 comunidades aut\u00f3nomas, en <a href=\"https:\/\/back.cermi.es\/catalog\/editor\/files\/6a0kq-analisis-valoracion-discapacidad-2023.pdf\" rel=\"nofollow noopener\" target=\"_blank\">este informe<\/a> se puede comprobar, por un lado, que las listas de espera son m\u00e1s largas de lo deseado en todo el territorio (en 10 de 17 es de m\u00e1s de un a\u00f1o) y que existe una gran desigualdad entre unas autonom\u00edas u otras.<\/p>\n<p>As\u00ed, por ejemplo, mientras que en <b>Canarias y Extremadura lo habitual es esperar dos a\u00f1os<\/b>, es Pa\u00eds Vasco y Castilla y Le\u00f3n, este tiempo es inferior a seis meses.<\/p>\n<p>Desde CERMI consideran que la dilaci\u00f3n en <b>los procesos del reconocimiento de la discapacidad es muy grave<\/b>, pues deja a estas personas sin derechos durante un tiempo muy prolongado, \u00aben la actualidad, lo que hay son unos plazos exorbitados el reconocimiento administrativo de la discapacidad. Y es reconocimiento es muy importante porque da acceso al<b> sistema de protecci\u00f3n de las personas con discapacidad<\/b>. Por eso, cualquier dilaci\u00f3n en el tiempo supone una vulneraci\u00f3n grave de los derechos de estas personas y un inconveniente important\u00edsimo a la hora de acceder a ese sistema de protecci\u00f3n de las administraciones p\u00fablicas\u00bb, asegura <b>Luis Alonso, gerente de Cermi estatal<\/b>.<\/p>\n<p>Estos retrasos<b> no solo afectan a las personas que piden la discapacidad por primera vez<\/b>, tambi\u00e9n a aquellos que necesitan renovarla, ya sea porque caduca, algo que pasa con los menores de edad, o porque creen que han empeorado y su grado de discapacidad ha aumentado, \u00abno es lo mismo tener un 33 que un 65, y es muy importante que esto est\u00e9 reconocido\u00bb, asegura el gerente de Cermi.<\/p>\n<p>Sin embargo, Alonso quiere recordar que, aunque la discapacidad caduque, si es por retrasos en la administraci\u00f3n, estas personas no pierden derecho, pues, \u00ab<b>en caso de renovaci\u00f3n obligatoria, por culpa de la administraci\u00f3n, contin\u00faas con la misma situaci\u00f3n<\/b> con la que estabas antes. Si tienes reconocida la discapacidad, la tienes reconocida, da igual que se haya caducado o que la persona cumpla 18 a\u00f1os\u00bb, insiste. Y lo mismo ocurrir\u00eda con los derechos asociados a esta discapacidad, \u00abpasa como con la renovaci\u00f3n de las tarjetas de aparcamiento. Lo que se hace en estos casos es colocar en el cristal la solicitud de renovaci\u00f3n para que no te multen, que vean que sabes que est\u00e1 caducado, que los has pedido, pero que a\u00fan no te han contestado\u00bb.<\/p>\n<h1>En la actualidad, lo que hay son unos plazos exorbitados el reconocimiento administrativo de la discapacidad<\/h1>\n<h2>Falta de personal y complicaciones con el nuevo baremo<\/h2>\n<p>Entre las causas de esas dilaciones, Alonso asegura que las comunidades alegan sobre todo dos:<b> falta de personal y el nuevo procedimiento para valorar la discapacidad<\/b>, que entr\u00f3 en vigor en abril del a\u00f1o pasado, \u00abnos dicen que es un procedimiento m\u00e1s detallado y que, por lo tanto, lleva m\u00e1s tiempo llevarlo a cabo\u00bb. <\/p>\n<p>Sin embargo, desde Cermi recuerdan que este baremo, aunque entr\u00f3 en vigor hace relativamente poco no es algo ni mucho menos desconocido, o al menos no deber\u00eda serlo, \u00abeste nuevo procedimiento sustituye al que procede, que es del a\u00f1o 1999, pero <b>se conoce desde hace m\u00e1s de 10 a\u00f1os<\/b>, han tenido m\u00e1s de 10 a\u00f1os de preparaci\u00f3n, no es algo que se haya implantado de un d\u00eda para otro\u00bb, asegura.<\/p>\n<p>Es cierto que, como apuntan las comunidades, es m\u00e1s completo, pero, seg\u00fan Alonso, no m\u00e1s complejo, \u00abcreemos que es m\u00e1s justo, porque da mayor relevancia a los factores sociales y contextuales de las personas con discapacidad y se alinea bastante con el modelo social al entender la discapacidad en coherencia con la<b> Convenci\u00f3n Internacional sobre los Derechos Humanos<\/b> de las personas con discapacidad de Naciones Unidas. Seg\u00fan las comunidades Aut\u00f3nomas, al ser m\u00e1s detallado, produce m\u00e1s dilaciones, pero ninguna de las dos cuestiones que plantea son causa ni motivo para que haya unos plazos tan exorbitados en la declaraci\u00f3n de la certificaci\u00f3n del grado de discapacidad\u00bb, se quejan desde Cermi.<\/p>\n<p>Tampoco creen desde Cermi que, como apuntan algunas personas que han pasado por el nuevo proceso, este nuevo baremo <b>sea menos generoso a la hora de otorgar porcentajes<\/b>, \u00abhubo comunidades aut\u00f3nomas que hicieron un proyecto piloto que consist\u00eda en hacer la valoraci\u00f3n con el antiguo baremo y con el nuevo baremo. Y los resultados de este proyecto piloto constataron que los resultados no difer\u00edan en exceso ni que se pueda decir que este baremo sea m\u00e1s exigente que el que el otro. Simplemente<b> los criterios son diferentes<\/b> y pasamos de una parte exclusivamente m\u00e9dica a una evaluaci\u00f3n mucho m\u00e1s funcional, donde se valoran m\u00e1s los <b>factores sociales<\/b>: qu\u00e9 se puede hacer y qu\u00e9 no se puede hacer\u2026. Y es muy similar al baremo que se utiliza para el reconocimiento de <a href=\"https:\/\/www.20minutos.es\/minuteca\/dependencia\/\" title=\"Dependencia\" target=\"_blank\" rel=\"noopener\">dependencia<\/a>\u00ab, apunta Alonso.<\/p>\n<p>Desde Cermi creen, por tanto, que es m\u00e1s un problema de medios, tanto por <b>falta de personal en los centros base<\/b> como por la<b> falta de formaci\u00f3n<\/b> de los evaluadores sobre el nuevo baremo, \u00abes probable que a las comunidades les haya &#8216;pillado el toro&#8217; con la aplicaci\u00f3n de este baremo, pero el rodaje se lleva haciendo durante mucho tiempo. Sab\u00edan perfectamente que se iba a implantar\u00bb, advierte.<\/p>\n<h1>Es probable que les haya &#8216;pillado el toro&#8217; con la aplicaci\u00f3n del nuevo baremo, pero el rodaje se lleva haciendo mucho tiempo, sab\u00edan perfectamente que se iba a implantar<\/h1>\n<p>Por eso, la soluci\u00f3n pasar\u00eda por \u00abque se <b>ampl\u00eden y se refuercen las estructuras de valoraci\u00f3n de la discapacidad<\/b> y que se forme intensivamente al personal que maneja el nuevo baremo y de su soporte tecnol\u00f3gico, que lo hay. Las cuestiones que plantean, como la escasez de personal, <b>es cuesti\u00f3n de poner m\u00e1s medios<\/b>, no del nuevo baremo. Adem\u00e1s, es muy similar al de reconocimiento de dependencia, por tanto, no tendr\u00eda que ser un obst\u00e1culo ni justificar\u00edan retrasos de dos a\u00f1os\u00bb.<\/p>\n<p>Tambi\u00e9n quiere dar un toque de atenci\u00f3n a la administraci\u00f3n central, que ya deber\u00eda haber evaluado el funcionamiento del nuevo baremo, \u00abhay una disposici\u00f3n adicional quinta en el<b> Real Decreto 88 \/2022<\/b>, en el que se dice que, transcurrido un a\u00f1o de la aplicaci\u00f3n de ese nuevo baremo, el <a href=\"https:\/\/www.20minutos.es\/minuteca\/imserso\/\" title=\"Imserso\" target=\"_blank\" rel=\"noopener\">Imserso<\/a> y las Comunidades Aut\u00f3nomas<b> deber\u00edan de realizar una evaluaci\u00f3n de resultados<\/b>. La contestaci\u00f3n que nos da la administraci\u00f3n p\u00fablica en este caso es que este proceso est\u00e1 iniciado, pero no finalizado. Es decir, que ha pasado un a\u00f1o y seguimos sin tener esa valoraci\u00f3n que viene impuesta por ley\u00bb.<\/p>\n<p>Desde Cermi est\u00e1n a la expectativa, pero creen que hay motivos para pensar que la situaci\u00f3n puede mejorar en el futuro, \u00abtenemos que reconocer que, despu\u00e9s del informe que hicimos, muchas comunidades <b>han movido ficha<\/b>, como Andaluc\u00eda, Castilla-La mancha o La Rioja. Nos consta que<b> han aumentado el personal <\/b>en los centros base para acelerar este proceso y esperamos que se note pronto. Tambi\u00e9n estamos a la espera del informe de IMSERSO, que nos dar\u00e1 m\u00e1s datos al respecto\u00bb<\/p>\n<p>Y es que la soluci\u00f3n, insisten, tiene que pasar, inevitablemente por reforzar el sistema, \u00absi no hay centros base suficientes o no tienen capacidad para atender a todas las personas con discapacidad en un tiempo razonable,<b> que refuercen las estructuras<\/b>. Y si el tema de la nueva valoraci\u00f3n es un problema, habr\u00e1 que formar al personal en el manejo del nuevo baremo y del soporte tecnol\u00f3gico, que ya te digo que no es nuevo, se lleva trabajando con \u00e9l durante much\u00edsimo tiempo. Tambi\u00e9n ayudar\u00eda en las comunidades hubiera <b>m\u00e1s agilidad en los procedimientos administrativos<\/b>, de contestar, de registrar, etc\u00e9tera\u00bb. <\/p>\n<\/div>\n<p>Fuente: Discapacidad https:\/\/www.20minutos.es\/noticia\/5633061\/0\/luis-alonso-gerente-cermi-los-retrasos-discapacidad-suponen-una-vulneracion-grave-los-derechos-estas-personas\/<\/p>\n","protected":false},"excerpt":{"rendered":"<p>En algunas comunidades aut\u00f3nomas hay que esperar dos a\u00f1os para tener el reconocimiento de discapacidad.<\/p>\n","protected":false},"author":1,"featured_media":0,"comment_status":"closed","ping_status":"closed","sticky":false,"template":"","format":"standard","meta":{"footnotes":""},"categories":[8],"tags":[],"class_list":["post-10307","post","type-post","status-publish","format-standard","hentry","category-noticias"],"yoast_head":"<!-- This site is optimized with the Yoast SEO plugin v27.5 - https:\/\/yoast.com\/product\/yoast-seo-wordpress\/ -->\n<title>Luis Alonso, gerente de Cermi: &quot;Los retrasos en la discapacidad suponen una vulneraci\u00f3n grave de los derechos&quot; - Asociaci\u00f3n Espa\u00f1ola S\u00edndrome de Charge<\/title>\n<meta name=\"robots\" content=\"index, follow, max-snippet:-1, max-image-preview:large, max-video-preview:-1\" \/>\n<link rel=\"canonical\" href=\"https:\/\/sindromecharge.es\/index.php\/2024\/09\/14\/luis-alonso-gerente-cermi-los-retrasos-discapacidad-suponen-una-vulneracion-grave-los-derechos-estas-personas\/\" \/>\n<meta property=\"og:locale\" content=\"es_ES\" \/>\n<meta property=\"og:type\" content=\"article\" \/>\n<meta property=\"og:title\" content=\"Luis Alonso, gerente de Cermi: &quot;Los retrasos en la discapacidad suponen una vulneraci\u00f3n grave de los derechos&quot; - Asociaci\u00f3n Espa\u00f1ola S\u00edndrome de Charge\" \/>\n<meta property=\"og:description\" content=\"En algunas comunidades aut\u00f3nomas hay que esperar dos a\u00f1os para tener el reconocimiento de discapacidad.\" \/>\n<meta property=\"og:url\" content=\"https:\/\/sindromecharge.es\/index.php\/2024\/09\/14\/luis-alonso-gerente-cermi-los-retrasos-discapacidad-suponen-una-vulneracion-grave-los-derechos-estas-personas\/\" \/>\n<meta property=\"og:site_name\" content=\"Asociaci\u00f3n Espa\u00f1ola S\u00edndrome de Charge\" \/>\n<meta property=\"article:publisher\" content=\"https:\/\/www.facebook.com\/asociacionsindromecharge\" \/>\n<meta property=\"article:published_time\" content=\"2024-09-14T07:03:01+00:00\" \/>\n<meta property=\"og:image\" content=\"https:\/\/sindromecharge.es\/wp-content\/uploads\/2013\/09\/logodecharge300x98.png\" \/>\n\t<meta property=\"og:image:width\" content=\"300\" \/>\n\t<meta property=\"og:image:height\" content=\"98\" \/>\n\t<meta property=\"og:image:type\" content=\"image\/png\" \/>\n<meta name=\"author\" content=\"Charge\" \/>\n<meta name=\"twitter:card\" content=\"summary_large_image\" \/>\n<meta name=\"twitter:creator\" content=\"@sindromecharge\" \/>\n<meta name=\"twitter:site\" content=\"@sindromecharge\" \/>\n<meta name=\"twitter:label1\" content=\"Escrito por\" \/>\n\t<meta name=\"twitter:data1\" content=\"Charge\" \/>\n\t<meta name=\"twitter:label2\" content=\"Tiempo de lectura\" \/>\n\t<meta name=\"twitter:data2\" content=\"7 minutos\" \/>\n<script type=\"application\/ld+json\" class=\"yoast-schema-graph\">{\"@context\":\"https:\\\/\\\/schema.org\",\"@graph\":[{\"@type\":\"Article\",\"@id\":\"https:\\\/\\\/sindromecharge.es\\\/index.php\\\/2024\\\/09\\\/14\\\/luis-alonso-gerente-cermi-los-retrasos-discapacidad-suponen-una-vulneracion-grave-los-derechos-estas-personas\\\/#article\",\"isPartOf\":{\"@id\":\"https:\\\/\\\/sindromecharge.es\\\/index.php\\\/2024\\\/09\\\/14\\\/luis-alonso-gerente-cermi-los-retrasos-discapacidad-suponen-una-vulneracion-grave-los-derechos-estas-personas\\\/\"},\"author\":{\"name\":\"Charge\",\"@id\":\"https:\\\/\\\/sindromecharge.es\\\/#\\\/schema\\\/person\\\/39a60ebe0a2b4d5a11179701e336b039\"},\"headline\":\"Luis Alonso, gerente de Cermi: \u00abLos retrasos en la discapacidad suponen una vulneraci\u00f3n grave de los derechos\u00bb\",\"datePublished\":\"2024-09-14T07:03:01+00:00\",\"mainEntityOfPage\":{\"@id\":\"https:\\\/\\\/sindromecharge.es\\\/index.php\\\/2024\\\/09\\\/14\\\/luis-alonso-gerente-cermi-los-retrasos-discapacidad-suponen-una-vulneracion-grave-los-derechos-estas-personas\\\/\"},\"wordCount\":1392,\"articleSection\":[\"noticias\"],\"inLanguage\":\"es\"},{\"@type\":\"WebPage\",\"@id\":\"https:\\\/\\\/sindromecharge.es\\\/index.php\\\/2024\\\/09\\\/14\\\/luis-alonso-gerente-cermi-los-retrasos-discapacidad-suponen-una-vulneracion-grave-los-derechos-estas-personas\\\/\",\"url\":\"https:\\\/\\\/sindromecharge.es\\\/index.php\\\/2024\\\/09\\\/14\\\/luis-alonso-gerente-cermi-los-retrasos-discapacidad-suponen-una-vulneracion-grave-los-derechos-estas-personas\\\/\",\"name\":\"Luis Alonso, gerente de Cermi: \\\"Los retrasos en la discapacidad suponen una vulneraci\u00f3n grave de los derechos\\\" - Asociaci\u00f3n Espa\u00f1ola S\u00edndrome de Charge\",\"isPartOf\":{\"@id\":\"https:\\\/\\\/sindromecharge.es\\\/#website\"},\"datePublished\":\"2024-09-14T07:03:01+00:00\",\"author\":{\"@id\":\"https:\\\/\\\/sindromecharge.es\\\/#\\\/schema\\\/person\\\/39a60ebe0a2b4d5a11179701e336b039\"},\"breadcrumb\":{\"@id\":\"https:\\\/\\\/sindromecharge.es\\\/index.php\\\/2024\\\/09\\\/14\\\/luis-alonso-gerente-cermi-los-retrasos-discapacidad-suponen-una-vulneracion-grave-los-derechos-estas-personas\\\/#breadcrumb\"},\"inLanguage\":\"es\",\"potentialAction\":[{\"@type\":\"ReadAction\",\"target\":[\"https:\\\/\\\/sindromecharge.es\\\/index.php\\\/2024\\\/09\\\/14\\\/luis-alonso-gerente-cermi-los-retrasos-discapacidad-suponen-una-vulneracion-grave-los-derechos-estas-personas\\\/\"]}]},{\"@type\":\"BreadcrumbList\",\"@id\":\"https:\\\/\\\/sindromecharge.es\\\/index.php\\\/2024\\\/09\\\/14\\\/luis-alonso-gerente-cermi-los-retrasos-discapacidad-suponen-una-vulneracion-grave-los-derechos-estas-personas\\\/#breadcrumb\",\"itemListElement\":[{\"@type\":\"ListItem\",\"position\":1,\"name\":\"Portada\",\"item\":\"https:\\\/\\\/sindromecharge.es\\\/\"},{\"@type\":\"ListItem\",\"position\":2,\"name\":\"Luis Alonso, gerente de Cermi: &#8220;Los retrasos en la discapacidad suponen una vulneraci\u00f3n grave de los derechos&#8221;\"}]},{\"@type\":\"WebSite\",\"@id\":\"https:\\\/\\\/sindromecharge.es\\\/#website\",\"url\":\"https:\\\/\\\/sindromecharge.es\\\/\",\"name\":\"Asociaci\u00f3n Espa\u00f1ola S\u00edndrome de Charge\",\"description\":\"\",\"potentialAction\":[{\"@type\":\"SearchAction\",\"target\":{\"@type\":\"EntryPoint\",\"urlTemplate\":\"https:\\\/\\\/sindromecharge.es\\\/?s={search_term_string}\"},\"query-input\":{\"@type\":\"PropertyValueSpecification\",\"valueRequired\":true,\"valueName\":\"search_term_string\"}}],\"inLanguage\":\"es\"},{\"@type\":\"Person\",\"@id\":\"https:\\\/\\\/sindromecharge.es\\\/#\\\/schema\\\/person\\\/39a60ebe0a2b4d5a11179701e336b039\",\"name\":\"Charge\",\"image\":{\"@type\":\"ImageObject\",\"inLanguage\":\"es\",\"@id\":\"https:\\\/\\\/secure.gravatar.com\\\/avatar\\\/c3b46e32a0fc3b093a0873fb767bf3293de856293065e84ef06b7ec7a8acfb98?s=96&d=identicon&r=x\",\"url\":\"https:\\\/\\\/secure.gravatar.com\\\/avatar\\\/c3b46e32a0fc3b093a0873fb767bf3293de856293065e84ef06b7ec7a8acfb98?s=96&d=identicon&r=x\",\"contentUrl\":\"https:\\\/\\\/secure.gravatar.com\\\/avatar\\\/c3b46e32a0fc3b093a0873fb767bf3293de856293065e84ef06b7ec7a8acfb98?s=96&d=identicon&r=x\",\"caption\":\"Charge\"},\"url\":\"https:\\\/\\\/sindromecharge.es\\\/index.php\\\/author\\\/admin\\\/\"}]}<\/script>\n<!-- \/ Yoast SEO plugin. -->","yoast_head_json":{"title":"Luis Alonso, gerente de Cermi: \"Los retrasos en la discapacidad suponen una vulneraci\u00f3n grave de los derechos\" - Asociaci\u00f3n Espa\u00f1ola S\u00edndrome de Charge","robots":{"index":"index","follow":"follow","max-snippet":"max-snippet:-1","max-image-preview":"max-image-preview:large","max-video-preview":"max-video-preview:-1"},"canonical":"https:\/\/sindromecharge.es\/index.php\/2024\/09\/14\/luis-alonso-gerente-cermi-los-retrasos-discapacidad-suponen-una-vulneracion-grave-los-derechos-estas-personas\/","og_locale":"es_ES","og_type":"article","og_title":"Luis Alonso, gerente de Cermi: \"Los retrasos en la discapacidad suponen una vulneraci\u00f3n grave de los derechos\" - Asociaci\u00f3n Espa\u00f1ola S\u00edndrome de Charge","og_description":"En algunas comunidades aut\u00f3nomas hay que esperar dos a\u00f1os para tener el reconocimiento de discapacidad.","og_url":"https:\/\/sindromecharge.es\/index.php\/2024\/09\/14\/luis-alonso-gerente-cermi-los-retrasos-discapacidad-suponen-una-vulneracion-grave-los-derechos-estas-personas\/","og_site_name":"Asociaci\u00f3n Espa\u00f1ola S\u00edndrome de Charge","article_publisher":"https:\/\/www.facebook.com\/asociacionsindromecharge","article_published_time":"2024-09-14T07:03:01+00:00","og_image":[{"width":300,"height":98,"url":"https:\/\/sindromecharge.es\/wp-content\/uploads\/2013\/09\/logodecharge300x98.png","type":"image\/png"}],"author":"Charge","twitter_card":"summary_large_image","twitter_creator":"@sindromecharge","twitter_site":"@sindromecharge","twitter_misc":{"Escrito por":"Charge","Tiempo de lectura":"7 minutos"},"schema":{"@context":"https:\/\/schema.org","@graph":[{"@type":"Article","@id":"https:\/\/sindromecharge.es\/index.php\/2024\/09\/14\/luis-alonso-gerente-cermi-los-retrasos-discapacidad-suponen-una-vulneracion-grave-los-derechos-estas-personas\/#article","isPartOf":{"@id":"https:\/\/sindromecharge.es\/index.php\/2024\/09\/14\/luis-alonso-gerente-cermi-los-retrasos-discapacidad-suponen-una-vulneracion-grave-los-derechos-estas-personas\/"},"author":{"name":"Charge","@id":"https:\/\/sindromecharge.es\/#\/schema\/person\/39a60ebe0a2b4d5a11179701e336b039"},"headline":"Luis Alonso, gerente de Cermi: \u00abLos retrasos en la discapacidad suponen una vulneraci\u00f3n grave de los derechos\u00bb","datePublished":"2024-09-14T07:03:01+00:00","mainEntityOfPage":{"@id":"https:\/\/sindromecharge.es\/index.php\/2024\/09\/14\/luis-alonso-gerente-cermi-los-retrasos-discapacidad-suponen-una-vulneracion-grave-los-derechos-estas-personas\/"},"wordCount":1392,"articleSection":["noticias"],"inLanguage":"es"},{"@type":"WebPage","@id":"https:\/\/sindromecharge.es\/index.php\/2024\/09\/14\/luis-alonso-gerente-cermi-los-retrasos-discapacidad-suponen-una-vulneracion-grave-los-derechos-estas-personas\/","url":"https:\/\/sindromecharge.es\/index.php\/2024\/09\/14\/luis-alonso-gerente-cermi-los-retrasos-discapacidad-suponen-una-vulneracion-grave-los-derechos-estas-personas\/","name":"Luis Alonso, gerente de Cermi: \"Los retrasos en la discapacidad suponen una vulneraci\u00f3n grave de los derechos\" - Asociaci\u00f3n Espa\u00f1ola S\u00edndrome de Charge","isPartOf":{"@id":"https:\/\/sindromecharge.es\/#website"},"datePublished":"2024-09-14T07:03:01+00:00","author":{"@id":"https:\/\/sindromecharge.es\/#\/schema\/person\/39a60ebe0a2b4d5a11179701e336b039"},"breadcrumb":{"@id":"https:\/\/sindromecharge.es\/index.php\/2024\/09\/14\/luis-alonso-gerente-cermi-los-retrasos-discapacidad-suponen-una-vulneracion-grave-los-derechos-estas-personas\/#breadcrumb"},"inLanguage":"es","potentialAction":[{"@type":"ReadAction","target":["https:\/\/sindromecharge.es\/index.php\/2024\/09\/14\/luis-alonso-gerente-cermi-los-retrasos-discapacidad-suponen-una-vulneracion-grave-los-derechos-estas-personas\/"]}]},{"@type":"BreadcrumbList","@id":"https:\/\/sindromecharge.es\/index.php\/2024\/09\/14\/luis-alonso-gerente-cermi-los-retrasos-discapacidad-suponen-una-vulneracion-grave-los-derechos-estas-personas\/#breadcrumb","itemListElement":[{"@type":"ListItem","position":1,"name":"Portada","item":"https:\/\/sindromecharge.es\/"},{"@type":"ListItem","position":2,"name":"Luis Alonso, gerente de Cermi: &#8220;Los retrasos en la discapacidad suponen una vulneraci\u00f3n grave de los derechos&#8221;"}]},{"@type":"WebSite","@id":"https:\/\/sindromecharge.es\/#website","url":"https:\/\/sindromecharge.es\/","name":"Asociaci\u00f3n Espa\u00f1ola S\u00edndrome de Charge","description":"","potentialAction":[{"@type":"SearchAction","target":{"@type":"EntryPoint","urlTemplate":"https:\/\/sindromecharge.es\/?s={search_term_string}"},"query-input":{"@type":"PropertyValueSpecification","valueRequired":true,"valueName":"search_term_string"}}],"inLanguage":"es"},{"@type":"Person","@id":"https:\/\/sindromecharge.es\/#\/schema\/person\/39a60ebe0a2b4d5a11179701e336b039","name":"Charge","image":{"@type":"ImageObject","inLanguage":"es","@id":"https:\/\/secure.gravatar.com\/avatar\/c3b46e32a0fc3b093a0873fb767bf3293de856293065e84ef06b7ec7a8acfb98?s=96&d=identicon&r=x","url":"https:\/\/secure.gravatar.com\/avatar\/c3b46e32a0fc3b093a0873fb767bf3293de856293065e84ef06b7ec7a8acfb98?s=96&d=identicon&r=x","contentUrl":"https:\/\/secure.gravatar.com\/avatar\/c3b46e32a0fc3b093a0873fb767bf3293de856293065e84ef06b7ec7a8acfb98?s=96&d=identicon&r=x","caption":"Charge"},"url":"https:\/\/sindromecharge.es\/index.php\/author\/admin\/"}]}},"_links":{"self":[{"href":"https:\/\/sindromecharge.es\/index.php\/wp-json\/wp\/v2\/posts\/10307","targetHints":{"allow":["GET"]}}],"collection":[{"href":"https:\/\/sindromecharge.es\/index.php\/wp-json\/wp\/v2\/posts"}],"about":[{"href":"https:\/\/sindromecharge.es\/index.php\/wp-json\/wp\/v2\/types\/post"}],"author":[{"embeddable":true,"href":"https:\/\/sindromecharge.es\/index.php\/wp-json\/wp\/v2\/users\/1"}],"replies":[{"embeddable":true,"href":"https:\/\/sindromecharge.es\/index.php\/wp-json\/wp\/v2\/comments?post=10307"}],"version-history":[{"count":0,"href":"https:\/\/sindromecharge.es\/index.php\/wp-json\/wp\/v2\/posts\/10307\/revisions"}],"wp:attachment":[{"href":"https:\/\/sindromecharge.es\/index.php\/wp-json\/wp\/v2\/media?parent=10307"}],"wp:term":[{"taxonomy":"category","embeddable":true,"href":"https:\/\/sindromecharge.es\/index.php\/wp-json\/wp\/v2\/categories?post=10307"},{"taxonomy":"post_tag","embeddable":true,"href":"https:\/\/sindromecharge.es\/index.php\/wp-json\/wp\/v2\/tags?post=10307"}],"curies":[{"name":"wp","href":"https:\/\/api.w.org\/{rel}","templated":true}]}}