{"id":10306,"date":"2024-09-13T05:00:17","date_gmt":"2024-09-13T05:00:17","guid":{"rendered":"https:\/\/sindromecharge.es\/index.php\/2024\/09\/13\/carmen-ramos-internista-una-sexta-parte-los-las-personas-que-sobreviven-una-sepsis-tendran-una-discapacidad-fisica-grave\/"},"modified":"2024-09-13T05:00:17","modified_gmt":"2024-09-13T05:00:17","slug":"carmen-ramos-internista-una-sexta-parte-los-las-personas-que-sobreviven-una-sepsis-tendran-una-discapacidad-fisica-grave","status":"publish","type":"post","link":"https:\/\/sindromecharge.es\/index.php\/2024\/09\/13\/carmen-ramos-internista-una-sexta-parte-los-las-personas-que-sobreviven-una-sepsis-tendran-una-discapacidad-fisica-grave\/","title":{"rendered":"Carmen Ramos, internista: \u00abUna sexta parte de las personas que sobreviven a una sepsis tendr\u00e1n una discapacidad grave\u00bb"},"content":{"rendered":"<p>Leemos en Discapacidad la siguiente noticia que os reproducimos de forma \u00edntegra: <\/p>\n<div>\n<p>En el mundo, seg\u00fan datos de la OMS de 2020, se producen anualmente casi<b> 49 millones casos de sepsis<\/b>, una afecci\u00f3n grave en la que el cuerpo responde de manera incorrecta y exagerada antes una infecci\u00f3n. De estos casos, la mitad de los casos se recuperan completamente, <b>fallecen alrededor de un 20%<\/b> y hasta un tercio muere en el a\u00f1o siguiente.<\/p>\n<p>De los que se recuperan, muchos de ellos se quedan con<b> secuelas a largo plazo<\/b>, tanto f\u00edsicas como cognitivas, e incluso con un <b>elevado grado de discapacidad<\/b>. De hecho, la sepsis es la primera causa prevenible de <a href=\"https:\/\/www.20minutos.es\/minuteca\/discapacidad\/\" title=\"Discapacidad\" target=\"_blank\" rel=\"noopener\">discapacidad<\/a> en pa\u00edses de Am\u00e9rica Latina.<\/p>\n<p>Como explica la<b> Dra. Carmen Ramos, m\u00e9dico internista y jefa del PROA (Programa de optimizaci\u00f3n de uso de antimicrobianos) <\/b>en el Hospital Vithas M\u00e1laga, en Espa\u00f1a no tenemos datos muy precisos, pero s\u00ed se sabe que hay unos <b>50.000 casos al a\u00f1o <\/b>y que se trata de una enfermedad muy infradiagnosticada.<\/p>\n<p>Que una <a href=\"https:\/\/www.20minutos.es\/minuteca\/sepsis\/\" title=\"Sepsis\" target=\"_blank\" rel=\"noopener\">sepsis<\/a> se cure o no, o deje m\u00e1s o menos secuelas depende de muchos factores, pero, sobre todo de un <b>diagn\u00f3stico y tratamiento precoces<\/b>, algo que no siempre es f\u00e1cil.<\/p>\n<h2>Secuelas f\u00edsicas, cognitivas y psicol\u00f3gicas<\/h2>\n<p>Aproximadamente, como explica la Dra. Carmen Ramos, \u00abuna sexta parte de los las personas que sobreviven a una sepsis experimentar\u00e1 una <b>discapacidad f\u00edsica grave, persistente o un deterioro cognitivo <\/b>y un tercio muere durante el a\u00f1o siguiente\u00bb. No est\u00e1 muy claro el porqu\u00e9, pero el haber tenido una sepsis incrementa, adem\u00e1s, el <b>riesgo de tener reingresos por sepsis<\/b> y admisiones recurrentes en el hospital, \u00abla mayor\u00eda de las muertes van a ocurrir en los primeros seis meses despu\u00e9s de la sepsis, pero el riesgo parece permanecer elevado durante dos a\u00f1os. No solamente reingresan por sepsis, pueden ingresar por otro diagn\u00f3stico, como insuficiencia card\u00edaca, ictus, infarto&#8230;\u00bb.<\/p>\n<p>Adem\u00e1s del riesgo de muerte los a\u00f1os siguientes, otras<b> secuelas frecuente<\/b>s son \u00abla<b> atrofia muscular<\/b>, la disminuci\u00f3n de la resistencia f\u00edsica, el<b> deterioro cognitivo<\/b>, la dificultad para concentrarse, problemas de memoria, angustia emocional o ansiedad por<b> estr\u00e9s postraum\u00e1tico<\/b>, <b>fatiga cr\u00f3nica<\/b>, alteraciones del sue\u00f1o, etc\u00e9tera\u00bb. <\/p>\n<h1>Los signos de alarma de la sepsis son palpitaciones, hipotensi\u00f3n, alteraci\u00f3n del nivel de conciencia, dificultad para respirar y  lesiones cut\u00e1neas<\/h1>\n<p>Secuelas como las amputaciones, la Dra. Ramos asegura que no son tan frecuentes como parecen, y menos de m\u00e1s de un miembro, como el caso de Carla Maronda, la <b>valenciana que perdi\u00f3 hace unos meses las cuatro extremidades<\/b> por esta causa, \u00abse trata de un<b> caso realmente excepciona<\/b>l. Es m\u00e1s habitual que haya un fallo a nivel org\u00e1nico\u00bb, asegura.<\/p>\n<p>Aun as\u00ed, s\u00ed <b>puede ocurrir en alrededor de un 1% de ellas<\/b>, \u00aben una sepsis hay una respuesta exagerada del sistema inmune que favorece que haya una mala percusi\u00f3n de los tejidos. Eso hace que haya isquemia tanto a nivel de los \u00f3rganos internos -ri\u00f1ones, h\u00edgado\u2026- pero tambi\u00e9n puede haber<b> mala perfusi\u00f3n a nivel de extremidades<\/b>, que produce lo que coloquialmente conocemos como gangrena. En el momento en que hay una isquemia, que no llega el riego, el tejido necr\u00f3tico muerto se va extendiendo y, la vida corre peligro, por eso a veces <b>no queda m\u00e1s remedio que amputar para controlar la infecci\u00f3n<\/b>. Hay que tomar esa decisi\u00f3n tan horrible, pero la vida es lo primero. Tambi\u00e9n, por otro lado, la sepsis hace que los nervios responsables del control de las extremidades pierdan la sensibilidad y el paciente no se da cuenta de que se estaba haciendo da\u00f1o\u00bb. <\/p>\n<p>Que queden o no secuelas y la gravedad de estas, tanto las amputaciones como de otro tipo, depende de muchos factores, como \u00abel tiempo que haya estado hospitalizado, las caracter\u00edsticas del paciente, la<b> gravedad del cuadro<\/b>\u2026 pero, sobre todo, el tiempo que el paciente haya estado con mala perfusi\u00f3n en los tejidos, por eso es s\u00faper importante tener un <b>diagn\u00f3stico y un tratamiento lo m\u00e1s precoces posible<\/b>. Esa es la mejor forma de garantizar que a los tejidos les llegue riego todo el tiempo, que no se produzcan isquemias y que los tejidos no se gangrenen. Por eso, cuando un paciente tiene un proceso potencialmente infeccioso y tiene signos de alarma como <b>palpitaciones, hipotensi\u00f3n, alteraci\u00f3n del nivel de conciencia, dificultad para respirar, lesiones cut\u00e1neas\u2026<\/b> hay que ir de inmediato a buscar atenci\u00f3n m\u00e9dica, porque la sepsis es muy dif\u00edcil de diagnosticar, incluso para los m\u00e9dicos, y en estadios precoces a veces se puede escapar\u00bb. <\/p>\n<p>En cuanto a la recuperaci\u00f3n, aunque sea completa, a veces requiere de varios meses, pues \u00abcuanto m\u00e1s deterioro, m\u00e1s dif\u00edcil ser\u00e1 la recuperaci\u00f3n posterior\u00bb.<\/p>\n<h1>Todo el mundo es susceptible de padecer una sepsis, porque todo el mundo puede padecer una infecci\u00f3n<\/h1>\n<p>Cualquier persona que tiene una infecci\u00f3n puede sufrir una sepsis, aunque siempre se deber\u00e1 poner m\u00e1s atenci\u00f3n a las poblaciones m\u00e1s vulnerables, que ser\u00e1n <b>m\u00e1s propensas a padecer una sepsis, como \u00abpersonas mayores, embarazadas<\/b>, pacientes que est\u00e1n en el hospital o unidades de cuidados intensivos, inmunodeprimidos y pacientes con enfermedades cr\u00f3nicas\u00bb. <\/p>\n<p>Sin embargo, puesto que<b> las sepsis se producen a causa de una infecci\u00f3n<\/b>, <b>para prevenir la sepsis lo que hay que prevenir son las infecciones. <\/b>Estas, como recuerda la Dra. Ramos, se previenen con la implementaci\u00f3n de medidas \u00abcomo una higiene adecuada de manos, los programas de vacunaci\u00f3n, la mejora de la calidad de los sistemas de saneamiento, los <b>programas de optimizaci\u00f3n del uso de antimicrobianos<\/b>\u2026\u00bb. <\/p>\n<p>Por otro lado, la \u00fanica forma de prevenir que la sepsis se complique es la atenci\u00f3n precoz, \u00aben cuanto hay una sospecha, acudir al hospital\u00bb, insiste la Ramos, \u00abtodo esto va en favor de la lucha contra la sepsis, pero siempre hay que recordar que las sepsis requiere un abordaje multidisciplinar y que<b> todo el mundo es susceptible de padecerla<\/b>\u00ab.<\/p>\n<\/div>\n<p>Fuente: Discapacidad https:\/\/www.20minutos.es\/noticia\/5633192\/0\/carmen-ramos-internista-una-sexta-parte-los-las-personas-que-sobreviven-una-sepsis-tendran-una-discapacidad-fisica-grave\/<\/p>\n","protected":false},"excerpt":{"rendered":"<p>El 13 de septiembre es el d\u00eda mundial de la sepsis, que provoca unos 10 millones de muertes al a\u00f1o.<\/p>\n","protected":false},"author":1,"featured_media":0,"comment_status":"closed","ping_status":"closed","sticky":false,"template":"","format":"standard","meta":{"footnotes":""},"categories":[8],"tags":[],"class_list":["post-10306","post","type-post","status-publish","format-standard","hentry","category-noticias"],"yoast_head":"<!-- This site is optimized with the Yoast SEO plugin v27.5 - https:\/\/yoast.com\/product\/yoast-seo-wordpress\/ -->\n<title>Carmen Ramos, internista: &quot;Una sexta parte de las personas que sobreviven a una sepsis tendr\u00e1n una discapacidad grave&quot; - Asociaci\u00f3n Espa\u00f1ola S\u00edndrome de Charge<\/title>\n<meta name=\"robots\" content=\"index, follow, max-snippet:-1, max-image-preview:large, max-video-preview:-1\" \/>\n<link rel=\"canonical\" href=\"https:\/\/sindromecharge.es\/index.php\/2024\/09\/13\/carmen-ramos-internista-una-sexta-parte-los-las-personas-que-sobreviven-una-sepsis-tendran-una-discapacidad-fisica-grave\/\" \/>\n<meta property=\"og:locale\" content=\"es_ES\" \/>\n<meta property=\"og:type\" content=\"article\" \/>\n<meta property=\"og:title\" content=\"Carmen Ramos, internista: &quot;Una sexta parte de las personas que sobreviven a una sepsis tendr\u00e1n una discapacidad grave&quot; - Asociaci\u00f3n Espa\u00f1ola S\u00edndrome de Charge\" \/>\n<meta property=\"og:description\" content=\"El 13 de septiembre es el d\u00eda mundial de la sepsis, que provoca unos 10 millones de muertes al a\u00f1o.\" \/>\n<meta property=\"og:url\" content=\"https:\/\/sindromecharge.es\/index.php\/2024\/09\/13\/carmen-ramos-internista-una-sexta-parte-los-las-personas-que-sobreviven-una-sepsis-tendran-una-discapacidad-fisica-grave\/\" \/>\n<meta property=\"og:site_name\" content=\"Asociaci\u00f3n Espa\u00f1ola S\u00edndrome de Charge\" \/>\n<meta property=\"article:publisher\" content=\"https:\/\/www.facebook.com\/asociacionsindromecharge\" \/>\n<meta property=\"article:published_time\" content=\"2024-09-13T05:00:17+00:00\" \/>\n<meta property=\"og:image\" content=\"https:\/\/sindromecharge.es\/wp-content\/uploads\/2013\/09\/logodecharge300x98.png\" \/>\n\t<meta property=\"og:image:width\" content=\"300\" \/>\n\t<meta property=\"og:image:height\" content=\"98\" \/>\n\t<meta property=\"og:image:type\" content=\"image\/png\" \/>\n<meta name=\"author\" content=\"Charge\" \/>\n<meta name=\"twitter:card\" content=\"summary_large_image\" \/>\n<meta name=\"twitter:creator\" content=\"@sindromecharge\" \/>\n<meta name=\"twitter:site\" content=\"@sindromecharge\" \/>\n<meta name=\"twitter:label1\" content=\"Escrito por\" \/>\n\t<meta name=\"twitter:data1\" content=\"Charge\" \/>\n\t<meta name=\"twitter:label2\" content=\"Tiempo de lectura\" \/>\n\t<meta name=\"twitter:data2\" content=\"5 minutos\" \/>\n<script type=\"application\/ld+json\" class=\"yoast-schema-graph\">{\"@context\":\"https:\\\/\\\/schema.org\",\"@graph\":[{\"@type\":\"Article\",\"@id\":\"https:\\\/\\\/sindromecharge.es\\\/index.php\\\/2024\\\/09\\\/13\\\/carmen-ramos-internista-una-sexta-parte-los-las-personas-que-sobreviven-una-sepsis-tendran-una-discapacidad-fisica-grave\\\/#article\",\"isPartOf\":{\"@id\":\"https:\\\/\\\/sindromecharge.es\\\/index.php\\\/2024\\\/09\\\/13\\\/carmen-ramos-internista-una-sexta-parte-los-las-personas-que-sobreviven-una-sepsis-tendran-una-discapacidad-fisica-grave\\\/\"},\"author\":{\"name\":\"Charge\",\"@id\":\"https:\\\/\\\/sindromecharge.es\\\/#\\\/schema\\\/person\\\/39a60ebe0a2b4d5a11179701e336b039\"},\"headline\":\"Carmen Ramos, internista: \u00abUna sexta parte de las personas que sobreviven a una sepsis tendr\u00e1n una discapacidad grave\u00bb\",\"datePublished\":\"2024-09-13T05:00:17+00:00\",\"mainEntityOfPage\":{\"@id\":\"https:\\\/\\\/sindromecharge.es\\\/index.php\\\/2024\\\/09\\\/13\\\/carmen-ramos-internista-una-sexta-parte-los-las-personas-que-sobreviven-una-sepsis-tendran-una-discapacidad-fisica-grave\\\/\"},\"wordCount\":1058,\"articleSection\":[\"noticias\"],\"inLanguage\":\"es\"},{\"@type\":\"WebPage\",\"@id\":\"https:\\\/\\\/sindromecharge.es\\\/index.php\\\/2024\\\/09\\\/13\\\/carmen-ramos-internista-una-sexta-parte-los-las-personas-que-sobreviven-una-sepsis-tendran-una-discapacidad-fisica-grave\\\/\",\"url\":\"https:\\\/\\\/sindromecharge.es\\\/index.php\\\/2024\\\/09\\\/13\\\/carmen-ramos-internista-una-sexta-parte-los-las-personas-que-sobreviven-una-sepsis-tendran-una-discapacidad-fisica-grave\\\/\",\"name\":\"Carmen Ramos, internista: \\\"Una sexta parte de las personas que sobreviven a una sepsis tendr\u00e1n una discapacidad grave\\\" - Asociaci\u00f3n Espa\u00f1ola S\u00edndrome de Charge\",\"isPartOf\":{\"@id\":\"https:\\\/\\\/sindromecharge.es\\\/#website\"},\"datePublished\":\"2024-09-13T05:00:17+00:00\",\"author\":{\"@id\":\"https:\\\/\\\/sindromecharge.es\\\/#\\\/schema\\\/person\\\/39a60ebe0a2b4d5a11179701e336b039\"},\"breadcrumb\":{\"@id\":\"https:\\\/\\\/sindromecharge.es\\\/index.php\\\/2024\\\/09\\\/13\\\/carmen-ramos-internista-una-sexta-parte-los-las-personas-que-sobreviven-una-sepsis-tendran-una-discapacidad-fisica-grave\\\/#breadcrumb\"},\"inLanguage\":\"es\",\"potentialAction\":[{\"@type\":\"ReadAction\",\"target\":[\"https:\\\/\\\/sindromecharge.es\\\/index.php\\\/2024\\\/09\\\/13\\\/carmen-ramos-internista-una-sexta-parte-los-las-personas-que-sobreviven-una-sepsis-tendran-una-discapacidad-fisica-grave\\\/\"]}]},{\"@type\":\"BreadcrumbList\",\"@id\":\"https:\\\/\\\/sindromecharge.es\\\/index.php\\\/2024\\\/09\\\/13\\\/carmen-ramos-internista-una-sexta-parte-los-las-personas-que-sobreviven-una-sepsis-tendran-una-discapacidad-fisica-grave\\\/#breadcrumb\",\"itemListElement\":[{\"@type\":\"ListItem\",\"position\":1,\"name\":\"Portada\",\"item\":\"https:\\\/\\\/sindromecharge.es\\\/\"},{\"@type\":\"ListItem\",\"position\":2,\"name\":\"Carmen Ramos, internista: &#8220;Una sexta parte de las personas que sobreviven a una sepsis tendr\u00e1n una discapacidad grave&#8221;\"}]},{\"@type\":\"WebSite\",\"@id\":\"https:\\\/\\\/sindromecharge.es\\\/#website\",\"url\":\"https:\\\/\\\/sindromecharge.es\\\/\",\"name\":\"Asociaci\u00f3n Espa\u00f1ola S\u00edndrome de Charge\",\"description\":\"\",\"potentialAction\":[{\"@type\":\"SearchAction\",\"target\":{\"@type\":\"EntryPoint\",\"urlTemplate\":\"https:\\\/\\\/sindromecharge.es\\\/?s={search_term_string}\"},\"query-input\":{\"@type\":\"PropertyValueSpecification\",\"valueRequired\":true,\"valueName\":\"search_term_string\"}}],\"inLanguage\":\"es\"},{\"@type\":\"Person\",\"@id\":\"https:\\\/\\\/sindromecharge.es\\\/#\\\/schema\\\/person\\\/39a60ebe0a2b4d5a11179701e336b039\",\"name\":\"Charge\",\"image\":{\"@type\":\"ImageObject\",\"inLanguage\":\"es\",\"@id\":\"https:\\\/\\\/secure.gravatar.com\\\/avatar\\\/c3b46e32a0fc3b093a0873fb767bf3293de856293065e84ef06b7ec7a8acfb98?s=96&d=identicon&r=x\",\"url\":\"https:\\\/\\\/secure.gravatar.com\\\/avatar\\\/c3b46e32a0fc3b093a0873fb767bf3293de856293065e84ef06b7ec7a8acfb98?s=96&d=identicon&r=x\",\"contentUrl\":\"https:\\\/\\\/secure.gravatar.com\\\/avatar\\\/c3b46e32a0fc3b093a0873fb767bf3293de856293065e84ef06b7ec7a8acfb98?s=96&d=identicon&r=x\",\"caption\":\"Charge\"},\"url\":\"https:\\\/\\\/sindromecharge.es\\\/index.php\\\/author\\\/admin\\\/\"}]}<\/script>\n<!-- \/ Yoast SEO plugin. -->","yoast_head_json":{"title":"Carmen Ramos, internista: \"Una sexta parte de las personas que sobreviven a una sepsis tendr\u00e1n una discapacidad grave\" - Asociaci\u00f3n Espa\u00f1ola S\u00edndrome de Charge","robots":{"index":"index","follow":"follow","max-snippet":"max-snippet:-1","max-image-preview":"max-image-preview:large","max-video-preview":"max-video-preview:-1"},"canonical":"https:\/\/sindromecharge.es\/index.php\/2024\/09\/13\/carmen-ramos-internista-una-sexta-parte-los-las-personas-que-sobreviven-una-sepsis-tendran-una-discapacidad-fisica-grave\/","og_locale":"es_ES","og_type":"article","og_title":"Carmen Ramos, internista: \"Una sexta parte de las personas que sobreviven a una sepsis tendr\u00e1n una discapacidad grave\" - Asociaci\u00f3n Espa\u00f1ola S\u00edndrome de Charge","og_description":"El 13 de septiembre es el d\u00eda mundial de la sepsis, que provoca unos 10 millones de muertes al a\u00f1o.","og_url":"https:\/\/sindromecharge.es\/index.php\/2024\/09\/13\/carmen-ramos-internista-una-sexta-parte-los-las-personas-que-sobreviven-una-sepsis-tendran-una-discapacidad-fisica-grave\/","og_site_name":"Asociaci\u00f3n Espa\u00f1ola S\u00edndrome de Charge","article_publisher":"https:\/\/www.facebook.com\/asociacionsindromecharge","article_published_time":"2024-09-13T05:00:17+00:00","og_image":[{"width":300,"height":98,"url":"https:\/\/sindromecharge.es\/wp-content\/uploads\/2013\/09\/logodecharge300x98.png","type":"image\/png"}],"author":"Charge","twitter_card":"summary_large_image","twitter_creator":"@sindromecharge","twitter_site":"@sindromecharge","twitter_misc":{"Escrito por":"Charge","Tiempo de lectura":"5 minutos"},"schema":{"@context":"https:\/\/schema.org","@graph":[{"@type":"Article","@id":"https:\/\/sindromecharge.es\/index.php\/2024\/09\/13\/carmen-ramos-internista-una-sexta-parte-los-las-personas-que-sobreviven-una-sepsis-tendran-una-discapacidad-fisica-grave\/#article","isPartOf":{"@id":"https:\/\/sindromecharge.es\/index.php\/2024\/09\/13\/carmen-ramos-internista-una-sexta-parte-los-las-personas-que-sobreviven-una-sepsis-tendran-una-discapacidad-fisica-grave\/"},"author":{"name":"Charge","@id":"https:\/\/sindromecharge.es\/#\/schema\/person\/39a60ebe0a2b4d5a11179701e336b039"},"headline":"Carmen Ramos, internista: \u00abUna sexta parte de las personas que sobreviven a una sepsis tendr\u00e1n una discapacidad grave\u00bb","datePublished":"2024-09-13T05:00:17+00:00","mainEntityOfPage":{"@id":"https:\/\/sindromecharge.es\/index.php\/2024\/09\/13\/carmen-ramos-internista-una-sexta-parte-los-las-personas-que-sobreviven-una-sepsis-tendran-una-discapacidad-fisica-grave\/"},"wordCount":1058,"articleSection":["noticias"],"inLanguage":"es"},{"@type":"WebPage","@id":"https:\/\/sindromecharge.es\/index.php\/2024\/09\/13\/carmen-ramos-internista-una-sexta-parte-los-las-personas-que-sobreviven-una-sepsis-tendran-una-discapacidad-fisica-grave\/","url":"https:\/\/sindromecharge.es\/index.php\/2024\/09\/13\/carmen-ramos-internista-una-sexta-parte-los-las-personas-que-sobreviven-una-sepsis-tendran-una-discapacidad-fisica-grave\/","name":"Carmen Ramos, internista: \"Una sexta parte de las personas que sobreviven a una sepsis tendr\u00e1n una discapacidad grave\" - Asociaci\u00f3n Espa\u00f1ola S\u00edndrome de Charge","isPartOf":{"@id":"https:\/\/sindromecharge.es\/#website"},"datePublished":"2024-09-13T05:00:17+00:00","author":{"@id":"https:\/\/sindromecharge.es\/#\/schema\/person\/39a60ebe0a2b4d5a11179701e336b039"},"breadcrumb":{"@id":"https:\/\/sindromecharge.es\/index.php\/2024\/09\/13\/carmen-ramos-internista-una-sexta-parte-los-las-personas-que-sobreviven-una-sepsis-tendran-una-discapacidad-fisica-grave\/#breadcrumb"},"inLanguage":"es","potentialAction":[{"@type":"ReadAction","target":["https:\/\/sindromecharge.es\/index.php\/2024\/09\/13\/carmen-ramos-internista-una-sexta-parte-los-las-personas-que-sobreviven-una-sepsis-tendran-una-discapacidad-fisica-grave\/"]}]},{"@type":"BreadcrumbList","@id":"https:\/\/sindromecharge.es\/index.php\/2024\/09\/13\/carmen-ramos-internista-una-sexta-parte-los-las-personas-que-sobreviven-una-sepsis-tendran-una-discapacidad-fisica-grave\/#breadcrumb","itemListElement":[{"@type":"ListItem","position":1,"name":"Portada","item":"https:\/\/sindromecharge.es\/"},{"@type":"ListItem","position":2,"name":"Carmen Ramos, internista: &#8220;Una sexta parte de las personas que sobreviven a una sepsis tendr\u00e1n una discapacidad grave&#8221;"}]},{"@type":"WebSite","@id":"https:\/\/sindromecharge.es\/#website","url":"https:\/\/sindromecharge.es\/","name":"Asociaci\u00f3n Espa\u00f1ola S\u00edndrome de Charge","description":"","potentialAction":[{"@type":"SearchAction","target":{"@type":"EntryPoint","urlTemplate":"https:\/\/sindromecharge.es\/?s={search_term_string}"},"query-input":{"@type":"PropertyValueSpecification","valueRequired":true,"valueName":"search_term_string"}}],"inLanguage":"es"},{"@type":"Person","@id":"https:\/\/sindromecharge.es\/#\/schema\/person\/39a60ebe0a2b4d5a11179701e336b039","name":"Charge","image":{"@type":"ImageObject","inLanguage":"es","@id":"https:\/\/secure.gravatar.com\/avatar\/c3b46e32a0fc3b093a0873fb767bf3293de856293065e84ef06b7ec7a8acfb98?s=96&d=identicon&r=x","url":"https:\/\/secure.gravatar.com\/avatar\/c3b46e32a0fc3b093a0873fb767bf3293de856293065e84ef06b7ec7a8acfb98?s=96&d=identicon&r=x","contentUrl":"https:\/\/secure.gravatar.com\/avatar\/c3b46e32a0fc3b093a0873fb767bf3293de856293065e84ef06b7ec7a8acfb98?s=96&d=identicon&r=x","caption":"Charge"},"url":"https:\/\/sindromecharge.es\/index.php\/author\/admin\/"}]}},"_links":{"self":[{"href":"https:\/\/sindromecharge.es\/index.php\/wp-json\/wp\/v2\/posts\/10306","targetHints":{"allow":["GET"]}}],"collection":[{"href":"https:\/\/sindromecharge.es\/index.php\/wp-json\/wp\/v2\/posts"}],"about":[{"href":"https:\/\/sindromecharge.es\/index.php\/wp-json\/wp\/v2\/types\/post"}],"author":[{"embeddable":true,"href":"https:\/\/sindromecharge.es\/index.php\/wp-json\/wp\/v2\/users\/1"}],"replies":[{"embeddable":true,"href":"https:\/\/sindromecharge.es\/index.php\/wp-json\/wp\/v2\/comments?post=10306"}],"version-history":[{"count":0,"href":"https:\/\/sindromecharge.es\/index.php\/wp-json\/wp\/v2\/posts\/10306\/revisions"}],"wp:attachment":[{"href":"https:\/\/sindromecharge.es\/index.php\/wp-json\/wp\/v2\/media?parent=10306"}],"wp:term":[{"taxonomy":"category","embeddable":true,"href":"https:\/\/sindromecharge.es\/index.php\/wp-json\/wp\/v2\/categories?post=10306"},{"taxonomy":"post_tag","embeddable":true,"href":"https:\/\/sindromecharge.es\/index.php\/wp-json\/wp\/v2\/tags?post=10306"}],"curies":[{"name":"wp","href":"https:\/\/api.w.org\/{rel}","templated":true}]}}