{"id":10305,"date":"2024-09-13T04:55:42","date_gmt":"2024-09-13T04:55:42","guid":{"rendered":"https:\/\/sindromecharge.es\/index.php\/2024\/09\/13\/nace-tododiscapacidad-un-perfil-instagram-para-resolver-dudas-legales-sobre-discapacidad\/"},"modified":"2024-09-13T04:55:42","modified_gmt":"2024-09-13T04:55:42","slug":"nace-tododiscapacidad-un-perfil-instagram-para-resolver-dudas-legales-sobre-discapacidad","status":"publish","type":"post","link":"https:\/\/sindromecharge.es\/index.php\/2024\/09\/13\/nace-tododiscapacidad-un-perfil-instagram-para-resolver-dudas-legales-sobre-discapacidad\/","title":{"rendered":"Nace &#8216;tododiscapacidad&#8217; para resolver dudas legales sobre discapacidad: \u00abHay mucho desconocimiento\u00bb"},"content":{"rendered":"<p>Leemos en Discapacidad la siguiente noticia que os reproducimos de forma \u00edntegra: <\/p>\n<div>\n<p>Si el mundo de la <a href=\"https:\/\/www.20minutos.es\/minuteca\/discapacidad\/\" title=\"Discapacidad\" target=\"_blank\" rel=\"noopener\">discapacidad<\/a> es, ya de por s\u00ed, complejo, todo lo que implica a nivel legal tener una discapacidad lo es todav\u00eda m\u00e1s. Conocer los derechos que implica tener una<b> discapacidad reconocida<\/b>, tanto para uno mismo como para la familia, es una misi\u00f3n casi imposible para la mayor\u00eda de los ciudadanos de a pie, por eso es habitual que tengan que recurrir a abogados para conocer estos derechos y ejercerlos.<\/p>\n<p>Para pon\u00e9rselo a las familias un poco m\u00e1s f\u00e1cil,<b> el abogado laboralista<\/b> y experto en cuestiones legales relacionadas con la discapacidad, <b>Pedro L\u00f3pez Cerro<\/b>, ha decidido crear <a href=\"https:\/\/www.instagram.com\/tododiscapacidad\/\" target=\"_blank\" rel=\"nofollow noopener\">@tododiscapacidad<\/a>. Se trata de un perfil de Instagram en el que resolver\u00e1, a trav\u00e9s de v\u00eddeos cortos, algunas de las <b>dudas m\u00e1s frecuentes relacionadas con la discapacidad<\/b>, como todo lo que tiene que ver con la incapacidad permanente, las pensiones o la protecci\u00f3n de los hijos con discapacidad, \u00abla idea surge porque yo conozco muchas personas del colectivo y a menudo me dec\u00edan que ni en Youtube ni en redes sociales encontraban perfiles que resolvieran este tipo de<b> dudas legales sobre discapacidad<\/b>, as\u00ed que decid\u00ed hacerlo yo. Como yo trato con ellos y con familias habitualmente, creo que existe una necesidad real de ese asesoramiento, y veo tantas \u2018chorradas\u2019 en Instagram, que decid\u00ed hacer algo por mi cuenta\u00bb, se\u00f1ala el abogado.<\/p>\n<p>Su idea es ir publicando v\u00eddeos regularmente, tanto v\u00eddeos con temas que \u00e9l sabe, por su experiencia, que preocupan a las familias como<b> v\u00eddeos sobre respondiendo a preguntas<\/b> que les dejen en los comentarios, \u00abla idea es que la gente me haga una pregunta y de todas las que haya, de las m\u00e1s interesantes o repetidas, hacer un v\u00eddeo con una pincelada sobre el tema. Mi intenci\u00f3n es que, dentro de este desconocimiento, haya algo que te aclare. Es una pincelada, resolver una duda\u2026 porque para cosas m\u00e1s complejas o para resolver problemas o temas m\u00e1s concretos tend\u00edan que consultarme personalmente a m\u00ed o a otro abogado\u00bb, explica.<\/p>\n<p>Pedro L\u00f3pez, <b>muy implicado con el mundo de la discapacidad<\/b>, quiere poner su granito de arena para ayudar a las familias, a las que ve a menudo perdidas y faltas de informaci\u00f3n \u00fatil y clara, \u00abcreo que este colectivo tiene <b>necesidad de asesoramiento <\/b>en estos temas y creo que estos v\u00eddeos pueden interesar y ayudar a las familias\u00bb, insiste.<\/p>\n<p>Aunque no tiene una relaci\u00f3n directa con la discapacidad, Pedro L\u00f3pez siempre ha sentido que tiene una<b> sensibilidad especial hacia el tema<\/b>, seg\u00fan cuenta, gracias a su abuela, \u00absiempre me contaba que su hermano estuvo ingresado en el manicomio de M\u00e1laga, cuando exist\u00edan los manicomios. Investigando sobre el sitio, me di cuenta de que era como una prisi\u00f3n en el que a las personas se le somet\u00edan a todo tipo de pruebas horribles. A ra\u00edz de ah\u00ed, se me despert\u00f3 una cierta curiosidad y una empat\u00eda que ha hecho que no tenga otra opci\u00f3n a dedicarme a otra cosa en el derecho\u00bb. <\/p>\n<p>Desde entonces, Pedro ha ayudado a much\u00edsimas personas con asuntos como <b>pensiones, incapacidad o problemas con los hijos con discapacidad<\/b>, \u00abme encuentro muchas veces con problemas graves en este sentido, y empatizo mucho, porque son realidades que, adem\u00e1s, <b>nadie conoce hasta que no le tocan de cerca<\/b>. Adem\u00e1s, son situaciones para las que existen figuras que los pueden ayudar y que mucha gente desconoce, son muy desconocidas, primero por las propias personas afectadas, as\u00ed que si en algo yo puedo ayudar\u2026\u00bb.<\/p>\n<p>Desde ahora, adem\u00e1s de desde su despacho, podr\u00e1 ayudar a miles de personas a trav\u00e9s de las <a href=\"https:\/\/www.20minutos.es\/minuteca\/redes-sociales\/\" title=\"Redes sociales\" target=\"_blank\" rel=\"noopener\">redes sociales<\/a>.<\/p>\n<\/div>\n<p>Fuente: Discapacidad https:\/\/www.20minutos.es\/noticia\/5632937\/0\/nace-tododiscapacidad-un-perfil-instagram-para-resolver-dudas-legales-sobre-discapacidad\/<\/p>\n","protected":false},"excerpt":{"rendered":"<p>Si el mundo de la discapacidad es, ya de por s\u00ed, complejo, todo lo que implica a nivel legal tener una discapacidad lo es todav\u00eda m\u00e1s. Conocer los derechos&#8230;<\/p>\n","protected":false},"author":1,"featured_media":0,"comment_status":"closed","ping_status":"closed","sticky":false,"template":"","format":"standard","meta":{"footnotes":""},"categories":[8],"tags":[],"class_list":["post-10305","post","type-post","status-publish","format-standard","hentry","category-noticias"],"yoast_head":"<!-- This site is optimized with the Yoast SEO plugin v27.5 - https:\/\/yoast.com\/product\/yoast-seo-wordpress\/ -->\n<title>Nace &#039;tododiscapacidad&#039; para resolver dudas legales sobre discapacidad: &quot;Hay mucho desconocimiento&quot; - Asociaci\u00f3n Espa\u00f1ola S\u00edndrome de Charge<\/title>\n<meta name=\"robots\" content=\"index, follow, max-snippet:-1, max-image-preview:large, max-video-preview:-1\" \/>\n<link rel=\"canonical\" href=\"https:\/\/sindromecharge.es\/index.php\/2024\/09\/13\/nace-tododiscapacidad-un-perfil-instagram-para-resolver-dudas-legales-sobre-discapacidad\/\" \/>\n<meta property=\"og:locale\" content=\"es_ES\" \/>\n<meta property=\"og:type\" content=\"article\" \/>\n<meta property=\"og:title\" content=\"Nace &#039;tododiscapacidad&#039; para resolver dudas legales sobre discapacidad: &quot;Hay mucho desconocimiento&quot; - Asociaci\u00f3n Espa\u00f1ola S\u00edndrome de Charge\" \/>\n<meta property=\"og:description\" content=\"Si el mundo de la discapacidad es, ya de por s\u00ed, complejo, todo lo que implica a nivel legal tener una discapacidad lo es todav\u00eda m\u00e1s. Conocer los derechos&#8230;\" \/>\n<meta property=\"og:url\" content=\"https:\/\/sindromecharge.es\/index.php\/2024\/09\/13\/nace-tododiscapacidad-un-perfil-instagram-para-resolver-dudas-legales-sobre-discapacidad\/\" \/>\n<meta property=\"og:site_name\" content=\"Asociaci\u00f3n Espa\u00f1ola S\u00edndrome de Charge\" \/>\n<meta property=\"article:publisher\" content=\"https:\/\/www.facebook.com\/asociacionsindromecharge\" \/>\n<meta property=\"article:published_time\" content=\"2024-09-13T04:55:42+00:00\" \/>\n<meta property=\"og:image\" content=\"https:\/\/sindromecharge.es\/wp-content\/uploads\/2013\/09\/logodecharge300x98.png\" \/>\n\t<meta property=\"og:image:width\" content=\"300\" \/>\n\t<meta property=\"og:image:height\" content=\"98\" \/>\n\t<meta property=\"og:image:type\" content=\"image\/png\" \/>\n<meta name=\"author\" content=\"Charge\" \/>\n<meta name=\"twitter:card\" content=\"summary_large_image\" \/>\n<meta name=\"twitter:creator\" content=\"@sindromecharge\" \/>\n<meta name=\"twitter:site\" content=\"@sindromecharge\" \/>\n<meta name=\"twitter:label1\" content=\"Escrito por\" \/>\n\t<meta name=\"twitter:data1\" content=\"Charge\" \/>\n\t<meta name=\"twitter:label2\" content=\"Tiempo de lectura\" \/>\n\t<meta name=\"twitter:data2\" content=\"3 minutos\" \/>\n<script type=\"application\/ld+json\" class=\"yoast-schema-graph\">{\"@context\":\"https:\\\/\\\/schema.org\",\"@graph\":[{\"@type\":\"Article\",\"@id\":\"https:\\\/\\\/sindromecharge.es\\\/index.php\\\/2024\\\/09\\\/13\\\/nace-tododiscapacidad-un-perfil-instagram-para-resolver-dudas-legales-sobre-discapacidad\\\/#article\",\"isPartOf\":{\"@id\":\"https:\\\/\\\/sindromecharge.es\\\/index.php\\\/2024\\\/09\\\/13\\\/nace-tododiscapacidad-un-perfil-instagram-para-resolver-dudas-legales-sobre-discapacidad\\\/\"},\"author\":{\"name\":\"Charge\",\"@id\":\"https:\\\/\\\/sindromecharge.es\\\/#\\\/schema\\\/person\\\/39a60ebe0a2b4d5a11179701e336b039\"},\"headline\":\"Nace &#8216;tododiscapacidad&#8217; para resolver dudas legales sobre discapacidad: \u00abHay mucho desconocimiento\u00bb\",\"datePublished\":\"2024-09-13T04:55:42+00:00\",\"mainEntityOfPage\":{\"@id\":\"https:\\\/\\\/sindromecharge.es\\\/index.php\\\/2024\\\/09\\\/13\\\/nace-tododiscapacidad-un-perfil-instagram-para-resolver-dudas-legales-sobre-discapacidad\\\/\"},\"wordCount\":662,\"articleSection\":[\"noticias\"],\"inLanguage\":\"es\"},{\"@type\":\"WebPage\",\"@id\":\"https:\\\/\\\/sindromecharge.es\\\/index.php\\\/2024\\\/09\\\/13\\\/nace-tododiscapacidad-un-perfil-instagram-para-resolver-dudas-legales-sobre-discapacidad\\\/\",\"url\":\"https:\\\/\\\/sindromecharge.es\\\/index.php\\\/2024\\\/09\\\/13\\\/nace-tododiscapacidad-un-perfil-instagram-para-resolver-dudas-legales-sobre-discapacidad\\\/\",\"name\":\"Nace 'tododiscapacidad' para resolver dudas legales sobre discapacidad: \\\"Hay mucho desconocimiento\\\" - Asociaci\u00f3n Espa\u00f1ola S\u00edndrome de Charge\",\"isPartOf\":{\"@id\":\"https:\\\/\\\/sindromecharge.es\\\/#website\"},\"datePublished\":\"2024-09-13T04:55:42+00:00\",\"author\":{\"@id\":\"https:\\\/\\\/sindromecharge.es\\\/#\\\/schema\\\/person\\\/39a60ebe0a2b4d5a11179701e336b039\"},\"breadcrumb\":{\"@id\":\"https:\\\/\\\/sindromecharge.es\\\/index.php\\\/2024\\\/09\\\/13\\\/nace-tododiscapacidad-un-perfil-instagram-para-resolver-dudas-legales-sobre-discapacidad\\\/#breadcrumb\"},\"inLanguage\":\"es\",\"potentialAction\":[{\"@type\":\"ReadAction\",\"target\":[\"https:\\\/\\\/sindromecharge.es\\\/index.php\\\/2024\\\/09\\\/13\\\/nace-tododiscapacidad-un-perfil-instagram-para-resolver-dudas-legales-sobre-discapacidad\\\/\"]}]},{\"@type\":\"BreadcrumbList\",\"@id\":\"https:\\\/\\\/sindromecharge.es\\\/index.php\\\/2024\\\/09\\\/13\\\/nace-tododiscapacidad-un-perfil-instagram-para-resolver-dudas-legales-sobre-discapacidad\\\/#breadcrumb\",\"itemListElement\":[{\"@type\":\"ListItem\",\"position\":1,\"name\":\"Portada\",\"item\":\"https:\\\/\\\/sindromecharge.es\\\/\"},{\"@type\":\"ListItem\",\"position\":2,\"name\":\"Nace &#8216;tododiscapacidad&#8217; para resolver dudas legales sobre discapacidad: &#8220;Hay mucho desconocimiento&#8221;\"}]},{\"@type\":\"WebSite\",\"@id\":\"https:\\\/\\\/sindromecharge.es\\\/#website\",\"url\":\"https:\\\/\\\/sindromecharge.es\\\/\",\"name\":\"Asociaci\u00f3n Espa\u00f1ola S\u00edndrome de Charge\",\"description\":\"\",\"potentialAction\":[{\"@type\":\"SearchAction\",\"target\":{\"@type\":\"EntryPoint\",\"urlTemplate\":\"https:\\\/\\\/sindromecharge.es\\\/?s={search_term_string}\"},\"query-input\":{\"@type\":\"PropertyValueSpecification\",\"valueRequired\":true,\"valueName\":\"search_term_string\"}}],\"inLanguage\":\"es\"},{\"@type\":\"Person\",\"@id\":\"https:\\\/\\\/sindromecharge.es\\\/#\\\/schema\\\/person\\\/39a60ebe0a2b4d5a11179701e336b039\",\"name\":\"Charge\",\"image\":{\"@type\":\"ImageObject\",\"inLanguage\":\"es\",\"@id\":\"https:\\\/\\\/secure.gravatar.com\\\/avatar\\\/c3b46e32a0fc3b093a0873fb767bf3293de856293065e84ef06b7ec7a8acfb98?s=96&d=identicon&r=x\",\"url\":\"https:\\\/\\\/secure.gravatar.com\\\/avatar\\\/c3b46e32a0fc3b093a0873fb767bf3293de856293065e84ef06b7ec7a8acfb98?s=96&d=identicon&r=x\",\"contentUrl\":\"https:\\\/\\\/secure.gravatar.com\\\/avatar\\\/c3b46e32a0fc3b093a0873fb767bf3293de856293065e84ef06b7ec7a8acfb98?s=96&d=identicon&r=x\",\"caption\":\"Charge\"},\"url\":\"https:\\\/\\\/sindromecharge.es\\\/index.php\\\/author\\\/admin\\\/\"}]}<\/script>\n<!-- \/ Yoast SEO plugin. -->","yoast_head_json":{"title":"Nace 'tododiscapacidad' para resolver dudas legales sobre discapacidad: \"Hay mucho desconocimiento\" - Asociaci\u00f3n Espa\u00f1ola S\u00edndrome de Charge","robots":{"index":"index","follow":"follow","max-snippet":"max-snippet:-1","max-image-preview":"max-image-preview:large","max-video-preview":"max-video-preview:-1"},"canonical":"https:\/\/sindromecharge.es\/index.php\/2024\/09\/13\/nace-tododiscapacidad-un-perfil-instagram-para-resolver-dudas-legales-sobre-discapacidad\/","og_locale":"es_ES","og_type":"article","og_title":"Nace 'tododiscapacidad' para resolver dudas legales sobre discapacidad: \"Hay mucho desconocimiento\" - Asociaci\u00f3n Espa\u00f1ola S\u00edndrome de Charge","og_description":"Si el mundo de la discapacidad es, ya de por s\u00ed, complejo, todo lo que implica a nivel legal tener una discapacidad lo es todav\u00eda m\u00e1s. Conocer los derechos&#8230;","og_url":"https:\/\/sindromecharge.es\/index.php\/2024\/09\/13\/nace-tododiscapacidad-un-perfil-instagram-para-resolver-dudas-legales-sobre-discapacidad\/","og_site_name":"Asociaci\u00f3n Espa\u00f1ola S\u00edndrome de Charge","article_publisher":"https:\/\/www.facebook.com\/asociacionsindromecharge","article_published_time":"2024-09-13T04:55:42+00:00","og_image":[{"width":300,"height":98,"url":"https:\/\/sindromecharge.es\/wp-content\/uploads\/2013\/09\/logodecharge300x98.png","type":"image\/png"}],"author":"Charge","twitter_card":"summary_large_image","twitter_creator":"@sindromecharge","twitter_site":"@sindromecharge","twitter_misc":{"Escrito por":"Charge","Tiempo de lectura":"3 minutos"},"schema":{"@context":"https:\/\/schema.org","@graph":[{"@type":"Article","@id":"https:\/\/sindromecharge.es\/index.php\/2024\/09\/13\/nace-tododiscapacidad-un-perfil-instagram-para-resolver-dudas-legales-sobre-discapacidad\/#article","isPartOf":{"@id":"https:\/\/sindromecharge.es\/index.php\/2024\/09\/13\/nace-tododiscapacidad-un-perfil-instagram-para-resolver-dudas-legales-sobre-discapacidad\/"},"author":{"name":"Charge","@id":"https:\/\/sindromecharge.es\/#\/schema\/person\/39a60ebe0a2b4d5a11179701e336b039"},"headline":"Nace &#8216;tododiscapacidad&#8217; para resolver dudas legales sobre discapacidad: \u00abHay mucho desconocimiento\u00bb","datePublished":"2024-09-13T04:55:42+00:00","mainEntityOfPage":{"@id":"https:\/\/sindromecharge.es\/index.php\/2024\/09\/13\/nace-tododiscapacidad-un-perfil-instagram-para-resolver-dudas-legales-sobre-discapacidad\/"},"wordCount":662,"articleSection":["noticias"],"inLanguage":"es"},{"@type":"WebPage","@id":"https:\/\/sindromecharge.es\/index.php\/2024\/09\/13\/nace-tododiscapacidad-un-perfil-instagram-para-resolver-dudas-legales-sobre-discapacidad\/","url":"https:\/\/sindromecharge.es\/index.php\/2024\/09\/13\/nace-tododiscapacidad-un-perfil-instagram-para-resolver-dudas-legales-sobre-discapacidad\/","name":"Nace 'tododiscapacidad' para resolver dudas legales sobre discapacidad: \"Hay mucho desconocimiento\" - Asociaci\u00f3n Espa\u00f1ola S\u00edndrome de Charge","isPartOf":{"@id":"https:\/\/sindromecharge.es\/#website"},"datePublished":"2024-09-13T04:55:42+00:00","author":{"@id":"https:\/\/sindromecharge.es\/#\/schema\/person\/39a60ebe0a2b4d5a11179701e336b039"},"breadcrumb":{"@id":"https:\/\/sindromecharge.es\/index.php\/2024\/09\/13\/nace-tododiscapacidad-un-perfil-instagram-para-resolver-dudas-legales-sobre-discapacidad\/#breadcrumb"},"inLanguage":"es","potentialAction":[{"@type":"ReadAction","target":["https:\/\/sindromecharge.es\/index.php\/2024\/09\/13\/nace-tododiscapacidad-un-perfil-instagram-para-resolver-dudas-legales-sobre-discapacidad\/"]}]},{"@type":"BreadcrumbList","@id":"https:\/\/sindromecharge.es\/index.php\/2024\/09\/13\/nace-tododiscapacidad-un-perfil-instagram-para-resolver-dudas-legales-sobre-discapacidad\/#breadcrumb","itemListElement":[{"@type":"ListItem","position":1,"name":"Portada","item":"https:\/\/sindromecharge.es\/"},{"@type":"ListItem","position":2,"name":"Nace &#8216;tododiscapacidad&#8217; para resolver dudas legales sobre discapacidad: &#8220;Hay mucho desconocimiento&#8221;"}]},{"@type":"WebSite","@id":"https:\/\/sindromecharge.es\/#website","url":"https:\/\/sindromecharge.es\/","name":"Asociaci\u00f3n Espa\u00f1ola S\u00edndrome de Charge","description":"","potentialAction":[{"@type":"SearchAction","target":{"@type":"EntryPoint","urlTemplate":"https:\/\/sindromecharge.es\/?s={search_term_string}"},"query-input":{"@type":"PropertyValueSpecification","valueRequired":true,"valueName":"search_term_string"}}],"inLanguage":"es"},{"@type":"Person","@id":"https:\/\/sindromecharge.es\/#\/schema\/person\/39a60ebe0a2b4d5a11179701e336b039","name":"Charge","image":{"@type":"ImageObject","inLanguage":"es","@id":"https:\/\/secure.gravatar.com\/avatar\/c3b46e32a0fc3b093a0873fb767bf3293de856293065e84ef06b7ec7a8acfb98?s=96&d=identicon&r=x","url":"https:\/\/secure.gravatar.com\/avatar\/c3b46e32a0fc3b093a0873fb767bf3293de856293065e84ef06b7ec7a8acfb98?s=96&d=identicon&r=x","contentUrl":"https:\/\/secure.gravatar.com\/avatar\/c3b46e32a0fc3b093a0873fb767bf3293de856293065e84ef06b7ec7a8acfb98?s=96&d=identicon&r=x","caption":"Charge"},"url":"https:\/\/sindromecharge.es\/index.php\/author\/admin\/"}]}},"_links":{"self":[{"href":"https:\/\/sindromecharge.es\/index.php\/wp-json\/wp\/v2\/posts\/10305","targetHints":{"allow":["GET"]}}],"collection":[{"href":"https:\/\/sindromecharge.es\/index.php\/wp-json\/wp\/v2\/posts"}],"about":[{"href":"https:\/\/sindromecharge.es\/index.php\/wp-json\/wp\/v2\/types\/post"}],"author":[{"embeddable":true,"href":"https:\/\/sindromecharge.es\/index.php\/wp-json\/wp\/v2\/users\/1"}],"replies":[{"embeddable":true,"href":"https:\/\/sindromecharge.es\/index.php\/wp-json\/wp\/v2\/comments?post=10305"}],"version-history":[{"count":0,"href":"https:\/\/sindromecharge.es\/index.php\/wp-json\/wp\/v2\/posts\/10305\/revisions"}],"wp:attachment":[{"href":"https:\/\/sindromecharge.es\/index.php\/wp-json\/wp\/v2\/media?parent=10305"}],"wp:term":[{"taxonomy":"category","embeddable":true,"href":"https:\/\/sindromecharge.es\/index.php\/wp-json\/wp\/v2\/categories?post=10305"},{"taxonomy":"post_tag","embeddable":true,"href":"https:\/\/sindromecharge.es\/index.php\/wp-json\/wp\/v2\/tags?post=10305"}],"curies":[{"name":"wp","href":"https:\/\/api.w.org\/{rel}","templated":true}]}}