{"id":10303,"date":"2024-09-12T07:28:23","date_gmt":"2024-09-12T07:28:23","guid":{"rendered":"https:\/\/sindromecharge.es\/index.php\/2024\/09\/12\/dia-migrana-migrana-se-diagnostica-muy-tarde-cronificada-es-principal-causa-discapacidad\/"},"modified":"2024-09-12T07:28:23","modified_gmt":"2024-09-12T07:28:23","slug":"dia-migrana-migrana-se-diagnostica-muy-tarde-cronificada-es-principal-causa-discapacidad","status":"publish","type":"post","link":"https:\/\/sindromecharge.es\/index.php\/2024\/09\/12\/dia-migrana-migrana-se-diagnostica-muy-tarde-cronificada-es-principal-causa-discapacidad\/","title":{"rendered":"La migra\u00f1a se diagnostica muy tarde y, cronificada, es la principal causa de discapacidad: \u00abEs incapacitante\u00bb"},"content":{"rendered":"<p>Leemos en Discapacidad la siguiente noticia que os reproducimos de forma \u00edntegra: <\/p>\n<div>\n<p><b>M\u00e1s de 5 millones de personas sufren migra\u00f1a en Espa\u00f1a<\/b>, de los cuales solo la mitad ha recibido un diagn\u00f3stico, mientras que <b>1,5 millones la padecen de forma cr\u00f3nica<\/b> y deriva en que sea la<b> primera causa de discapacidad<\/b> entre adultos menores de 50 a\u00f1os, principalmente mujeres.<\/p>\n<p>Hoy se celebra el <b>D\u00eda Internacional de Acci\u00f3n contra la Migra\u00f1a<\/b>, una enfermedad sin cura -pero con avances en tratamientos- que en Espa\u00f1a se diagnostica con hasta 6 a\u00f1os de retraso y que en el mundo afecta a<b> 1.100 millones de personas<\/b>, es decir a 1 de cada 7, seg\u00fan datos de la <b>Sociedad Espa\u00f1ola de Neurolog\u00eda (SEN)<\/b> y de la Organizaci\u00f3n Mundial de la Salud (OMS).<\/p>\n<p>Pero no solo la SEN, los m\u00e9dicos de Atenci\u00f3n Primaria estiman que 4,5 millones de espa\u00f1oles la sufren de forma ocasional y cerca <b>un mill\u00f3n de forma cr\u00f3nica<\/b>, pero un 40 % de pacientes nunca acude a consulta m\u00e9dica y un 70 % de los que est\u00e1n tratamiento lo abandonan de forma precoz.<\/p>\n<p>Afecta al 18 % de las mujeres y al 9% de los hombres -9% de las ni\u00f1as frente al 5% de los ni\u00f1os- y en su forma cr\u00f3nica tambi\u00e9n afecta mayoritariamente a mujeres: el 6 % frente a algo menos del 3% de los hombres.<\/p>\n<p>Se considera padecer la enfermedad de forma cr\u00f3nica cuando la cefalea que produce la <a href=\"https:\/\/www.20minutos.es\/minuteca\/migrana\/\" title=\"Migra\u00f1a\" target=\"_blank\" rel=\"noopener\">migra\u00f1a<\/a> se padece m\u00e1s de 15 d\u00edas al mes y en los peores casos m\u00e1s del 50% de las personas que la sufren presentan un<b> grado de <a href=\"https:\/\/www.20minutos.es\/minuteca\/discapacidad\/\" title=\"Discapacidad\" target=\"_blank\" rel=\"noopener\">discapacidad<\/a> grave o muy grave<\/b>.  Aparece m\u00e1s en niveles socioecon\u00f3micos desfavorecidos<\/p>\n<p>La alta relaci\u00f3n entre el estr\u00e9s -relacionado con condiciones laborales, econ\u00f3micas y sociales- y el desarrollo de migra\u00f1as y otras cefaleas ha hecho que en las \u00faltimas d\u00e9cadas su prevalencia sea mayor entre las <b>personas m\u00e1s desfavorecidas<\/b>.<\/p>\n<p>Seg\u00fan la SEN, son muchos los estudios que afirman que<b> la migra\u00f1a cr\u00f3nica -la m\u00e1s invalidante-<\/b> es m\u00e1s frecuente en personas que viven en entornos con un nivel socioecon\u00f3mico m\u00e1s bajo.<\/p>\n<p><b>Estr\u00e9s, obesidad, estilos de vida o falta de sue\u00f1o<\/b>, tambi\u00e9n influyen en la discapacidad que provoca la migra\u00f1a.<\/p>\n<p>\u00abLa migra\u00f1a es una cefalea primaria frecuente, severa e incapacitante que reduce significativamente la calidad de vida de los pacientes, <b>aumenta el riesgo de padecer otras muchas enfermedades como ictus<\/b>, infarto de miocardio, ansiedad, depresi\u00f3n, o insomnio y tiene un<b> enorme impacto econ\u00f3mico<\/b> en la sociedad por el absentismo y la p\u00e9rdida de productividad que genera\u00bb, ha explicado Pablo Irimia, coordinador del <b>Grupo de Estudio de Cefaleas<\/b> de la Sociedad Espa\u00f1ola de Neurolog\u00eda.<\/p>\n<p>Tambi\u00e9n existen migra\u00f1as de tipo ocular, un tipo de cefalea que, por lo general, se localiza en un lado de la cabeza o alrededor del ojo, y que aparecen por h\u00e1bitos como una incorrecta higiene del sue\u00f1o, el consumo <b>excesivo de cafe\u00edna<\/b>, estr\u00e9s muy intenso o esfuerzos de visi\u00f3n cercana.<\/p>\n<h2>M\u00e1s del 50 % se automedica<\/h2>\n<p>Debido a la falta de diagn\u00f3stico, m\u00e1s del 50% de las personas que padecen migra\u00f1a<b> se automedican con analg\u00e9sicos sin receta<\/b> pese a que el uso excesivo de esta medicaci\u00f3n para la sintomatolog\u00eda es una de las principales causas de la cronificaci\u00f3n de la enfermedad.<\/p>\n<p>\u00abCada a\u00f1o, cerca de un 3% de las personas con migra\u00f1a pasa<b>n de tener una migra\u00f1a epis\u00f3dica a una cr\u00f3nica<\/b>, mientras que un 6% pasa de una migra\u00f1a de baja frecuencia a otra de alta frecuencia\u00bb, seg\u00fan la SEN.<\/p>\n<p>En los \u00faltimos a\u00f1os se han producido<b> importantes avances<\/b> en el conocimiento de la fisiopatolog\u00eda de la migra\u00f1a, con f\u00e1rmacos que se administran mediante una inyecci\u00f3n subcut\u00e1nea o intravenosa y que cuentan con una periodicidad mensual o trimestral.<\/p>\n<p>Si bien <b>la migra\u00f1a no tiene cura<\/b>, los expertos recuerdan que con un correcto tratamiento y seguimiento de la enfermedad la gran mayor\u00eda de los pacientes pueden lograr importantes mejor\u00edas en su calidad de vida.<\/p>\n<\/div>\n<p>Fuente: Discapacidad https:\/\/www.20minutos.es\/noticia\/5632873\/0\/dia-migrana-migrana-se-diagnostica-muy-tarde-cronificada-es-principal-causa-discapacidad\/<\/p>\n","protected":false},"excerpt":{"rendered":"<p>El 12 de septiembre es el D\u00eda de la migra\u00f1a, enfermedad que afecta a m\u00e1s de 5 millones de personas en Espa\u00f1a.<\/p>\n","protected":false},"author":1,"featured_media":0,"comment_status":"closed","ping_status":"closed","sticky":false,"template":"","format":"standard","meta":{"footnotes":""},"categories":[8],"tags":[],"class_list":["post-10303","post","type-post","status-publish","format-standard","hentry","category-noticias"],"yoast_head":"<!-- This site is optimized with the Yoast SEO plugin v27.5 - https:\/\/yoast.com\/product\/yoast-seo-wordpress\/ -->\n<title>La migra\u00f1a se diagnostica muy tarde y, cronificada, es la principal causa de discapacidad: &quot;Es incapacitante&quot; - Asociaci\u00f3n Espa\u00f1ola S\u00edndrome de Charge<\/title>\n<meta name=\"robots\" content=\"index, follow, max-snippet:-1, max-image-preview:large, max-video-preview:-1\" \/>\n<link rel=\"canonical\" href=\"https:\/\/sindromecharge.es\/index.php\/2024\/09\/12\/dia-migrana-migrana-se-diagnostica-muy-tarde-cronificada-es-principal-causa-discapacidad\/\" \/>\n<meta property=\"og:locale\" content=\"es_ES\" \/>\n<meta property=\"og:type\" content=\"article\" \/>\n<meta property=\"og:title\" content=\"La migra\u00f1a se diagnostica muy tarde y, cronificada, es la principal causa de discapacidad: &quot;Es incapacitante&quot; - Asociaci\u00f3n Espa\u00f1ola S\u00edndrome de Charge\" \/>\n<meta property=\"og:description\" content=\"El 12 de septiembre es el D\u00eda de la migra\u00f1a, enfermedad que afecta a m\u00e1s de 5 millones de personas en Espa\u00f1a.\" \/>\n<meta property=\"og:url\" content=\"https:\/\/sindromecharge.es\/index.php\/2024\/09\/12\/dia-migrana-migrana-se-diagnostica-muy-tarde-cronificada-es-principal-causa-discapacidad\/\" \/>\n<meta property=\"og:site_name\" content=\"Asociaci\u00f3n Espa\u00f1ola S\u00edndrome de Charge\" \/>\n<meta property=\"article:publisher\" content=\"https:\/\/www.facebook.com\/asociacionsindromecharge\" \/>\n<meta property=\"article:published_time\" content=\"2024-09-12T07:28:23+00:00\" \/>\n<meta property=\"og:image\" content=\"https:\/\/sindromecharge.es\/wp-content\/uploads\/2013\/09\/logodecharge300x98.png\" \/>\n\t<meta property=\"og:image:width\" content=\"300\" \/>\n\t<meta property=\"og:image:height\" content=\"98\" \/>\n\t<meta property=\"og:image:type\" content=\"image\/png\" \/>\n<meta name=\"author\" content=\"Charge\" \/>\n<meta name=\"twitter:card\" content=\"summary_large_image\" \/>\n<meta name=\"twitter:creator\" content=\"@sindromecharge\" \/>\n<meta name=\"twitter:site\" content=\"@sindromecharge\" \/>\n<meta name=\"twitter:label1\" content=\"Escrito por\" \/>\n\t<meta name=\"twitter:data1\" content=\"Charge\" \/>\n\t<meta name=\"twitter:label2\" content=\"Tiempo de lectura\" \/>\n\t<meta name=\"twitter:data2\" content=\"4 minutos\" \/>\n<script type=\"application\/ld+json\" class=\"yoast-schema-graph\">{\"@context\":\"https:\\\/\\\/schema.org\",\"@graph\":[{\"@type\":\"Article\",\"@id\":\"https:\\\/\\\/sindromecharge.es\\\/index.php\\\/2024\\\/09\\\/12\\\/dia-migrana-migrana-se-diagnostica-muy-tarde-cronificada-es-principal-causa-discapacidad\\\/#article\",\"isPartOf\":{\"@id\":\"https:\\\/\\\/sindromecharge.es\\\/index.php\\\/2024\\\/09\\\/12\\\/dia-migrana-migrana-se-diagnostica-muy-tarde-cronificada-es-principal-causa-discapacidad\\\/\"},\"author\":{\"name\":\"Charge\",\"@id\":\"https:\\\/\\\/sindromecharge.es\\\/#\\\/schema\\\/person\\\/39a60ebe0a2b4d5a11179701e336b039\"},\"headline\":\"La migra\u00f1a se diagnostica muy tarde y, cronificada, es la principal causa de discapacidad: \u00abEs incapacitante\u00bb\",\"datePublished\":\"2024-09-12T07:28:23+00:00\",\"mainEntityOfPage\":{\"@id\":\"https:\\\/\\\/sindromecharge.es\\\/index.php\\\/2024\\\/09\\\/12\\\/dia-migrana-migrana-se-diagnostica-muy-tarde-cronificada-es-principal-causa-discapacidad\\\/\"},\"wordCount\":734,\"articleSection\":[\"noticias\"],\"inLanguage\":\"es\"},{\"@type\":\"WebPage\",\"@id\":\"https:\\\/\\\/sindromecharge.es\\\/index.php\\\/2024\\\/09\\\/12\\\/dia-migrana-migrana-se-diagnostica-muy-tarde-cronificada-es-principal-causa-discapacidad\\\/\",\"url\":\"https:\\\/\\\/sindromecharge.es\\\/index.php\\\/2024\\\/09\\\/12\\\/dia-migrana-migrana-se-diagnostica-muy-tarde-cronificada-es-principal-causa-discapacidad\\\/\",\"name\":\"La migra\u00f1a se diagnostica muy tarde y, cronificada, es la principal causa de discapacidad: \\\"Es incapacitante\\\" - Asociaci\u00f3n Espa\u00f1ola S\u00edndrome de Charge\",\"isPartOf\":{\"@id\":\"https:\\\/\\\/sindromecharge.es\\\/#website\"},\"datePublished\":\"2024-09-12T07:28:23+00:00\",\"author\":{\"@id\":\"https:\\\/\\\/sindromecharge.es\\\/#\\\/schema\\\/person\\\/39a60ebe0a2b4d5a11179701e336b039\"},\"breadcrumb\":{\"@id\":\"https:\\\/\\\/sindromecharge.es\\\/index.php\\\/2024\\\/09\\\/12\\\/dia-migrana-migrana-se-diagnostica-muy-tarde-cronificada-es-principal-causa-discapacidad\\\/#breadcrumb\"},\"inLanguage\":\"es\",\"potentialAction\":[{\"@type\":\"ReadAction\",\"target\":[\"https:\\\/\\\/sindromecharge.es\\\/index.php\\\/2024\\\/09\\\/12\\\/dia-migrana-migrana-se-diagnostica-muy-tarde-cronificada-es-principal-causa-discapacidad\\\/\"]}]},{\"@type\":\"BreadcrumbList\",\"@id\":\"https:\\\/\\\/sindromecharge.es\\\/index.php\\\/2024\\\/09\\\/12\\\/dia-migrana-migrana-se-diagnostica-muy-tarde-cronificada-es-principal-causa-discapacidad\\\/#breadcrumb\",\"itemListElement\":[{\"@type\":\"ListItem\",\"position\":1,\"name\":\"Portada\",\"item\":\"https:\\\/\\\/sindromecharge.es\\\/\"},{\"@type\":\"ListItem\",\"position\":2,\"name\":\"La migra\u00f1a se diagnostica muy tarde y, cronificada, es la principal causa de discapacidad: &#8220;Es incapacitante&#8221;\"}]},{\"@type\":\"WebSite\",\"@id\":\"https:\\\/\\\/sindromecharge.es\\\/#website\",\"url\":\"https:\\\/\\\/sindromecharge.es\\\/\",\"name\":\"Asociaci\u00f3n Espa\u00f1ola S\u00edndrome de Charge\",\"description\":\"\",\"potentialAction\":[{\"@type\":\"SearchAction\",\"target\":{\"@type\":\"EntryPoint\",\"urlTemplate\":\"https:\\\/\\\/sindromecharge.es\\\/?s={search_term_string}\"},\"query-input\":{\"@type\":\"PropertyValueSpecification\",\"valueRequired\":true,\"valueName\":\"search_term_string\"}}],\"inLanguage\":\"es\"},{\"@type\":\"Person\",\"@id\":\"https:\\\/\\\/sindromecharge.es\\\/#\\\/schema\\\/person\\\/39a60ebe0a2b4d5a11179701e336b039\",\"name\":\"Charge\",\"image\":{\"@type\":\"ImageObject\",\"inLanguage\":\"es\",\"@id\":\"https:\\\/\\\/secure.gravatar.com\\\/avatar\\\/c3b46e32a0fc3b093a0873fb767bf3293de856293065e84ef06b7ec7a8acfb98?s=96&d=identicon&r=x\",\"url\":\"https:\\\/\\\/secure.gravatar.com\\\/avatar\\\/c3b46e32a0fc3b093a0873fb767bf3293de856293065e84ef06b7ec7a8acfb98?s=96&d=identicon&r=x\",\"contentUrl\":\"https:\\\/\\\/secure.gravatar.com\\\/avatar\\\/c3b46e32a0fc3b093a0873fb767bf3293de856293065e84ef06b7ec7a8acfb98?s=96&d=identicon&r=x\",\"caption\":\"Charge\"},\"url\":\"https:\\\/\\\/sindromecharge.es\\\/index.php\\\/author\\\/admin\\\/\"}]}<\/script>\n<!-- \/ Yoast SEO plugin. -->","yoast_head_json":{"title":"La migra\u00f1a se diagnostica muy tarde y, cronificada, es la principal causa de discapacidad: \"Es incapacitante\" - Asociaci\u00f3n Espa\u00f1ola S\u00edndrome de Charge","robots":{"index":"index","follow":"follow","max-snippet":"max-snippet:-1","max-image-preview":"max-image-preview:large","max-video-preview":"max-video-preview:-1"},"canonical":"https:\/\/sindromecharge.es\/index.php\/2024\/09\/12\/dia-migrana-migrana-se-diagnostica-muy-tarde-cronificada-es-principal-causa-discapacidad\/","og_locale":"es_ES","og_type":"article","og_title":"La migra\u00f1a se diagnostica muy tarde y, cronificada, es la principal causa de discapacidad: \"Es incapacitante\" - Asociaci\u00f3n Espa\u00f1ola S\u00edndrome de Charge","og_description":"El 12 de septiembre es el D\u00eda de la migra\u00f1a, enfermedad que afecta a m\u00e1s de 5 millones de personas en Espa\u00f1a.","og_url":"https:\/\/sindromecharge.es\/index.php\/2024\/09\/12\/dia-migrana-migrana-se-diagnostica-muy-tarde-cronificada-es-principal-causa-discapacidad\/","og_site_name":"Asociaci\u00f3n Espa\u00f1ola S\u00edndrome de Charge","article_publisher":"https:\/\/www.facebook.com\/asociacionsindromecharge","article_published_time":"2024-09-12T07:28:23+00:00","og_image":[{"width":300,"height":98,"url":"https:\/\/sindromecharge.es\/wp-content\/uploads\/2013\/09\/logodecharge300x98.png","type":"image\/png"}],"author":"Charge","twitter_card":"summary_large_image","twitter_creator":"@sindromecharge","twitter_site":"@sindromecharge","twitter_misc":{"Escrito por":"Charge","Tiempo de lectura":"4 minutos"},"schema":{"@context":"https:\/\/schema.org","@graph":[{"@type":"Article","@id":"https:\/\/sindromecharge.es\/index.php\/2024\/09\/12\/dia-migrana-migrana-se-diagnostica-muy-tarde-cronificada-es-principal-causa-discapacidad\/#article","isPartOf":{"@id":"https:\/\/sindromecharge.es\/index.php\/2024\/09\/12\/dia-migrana-migrana-se-diagnostica-muy-tarde-cronificada-es-principal-causa-discapacidad\/"},"author":{"name":"Charge","@id":"https:\/\/sindromecharge.es\/#\/schema\/person\/39a60ebe0a2b4d5a11179701e336b039"},"headline":"La migra\u00f1a se diagnostica muy tarde y, cronificada, es la principal causa de discapacidad: \u00abEs incapacitante\u00bb","datePublished":"2024-09-12T07:28:23+00:00","mainEntityOfPage":{"@id":"https:\/\/sindromecharge.es\/index.php\/2024\/09\/12\/dia-migrana-migrana-se-diagnostica-muy-tarde-cronificada-es-principal-causa-discapacidad\/"},"wordCount":734,"articleSection":["noticias"],"inLanguage":"es"},{"@type":"WebPage","@id":"https:\/\/sindromecharge.es\/index.php\/2024\/09\/12\/dia-migrana-migrana-se-diagnostica-muy-tarde-cronificada-es-principal-causa-discapacidad\/","url":"https:\/\/sindromecharge.es\/index.php\/2024\/09\/12\/dia-migrana-migrana-se-diagnostica-muy-tarde-cronificada-es-principal-causa-discapacidad\/","name":"La migra\u00f1a se diagnostica muy tarde y, cronificada, es la principal causa de discapacidad: \"Es incapacitante\" - Asociaci\u00f3n Espa\u00f1ola S\u00edndrome de Charge","isPartOf":{"@id":"https:\/\/sindromecharge.es\/#website"},"datePublished":"2024-09-12T07:28:23+00:00","author":{"@id":"https:\/\/sindromecharge.es\/#\/schema\/person\/39a60ebe0a2b4d5a11179701e336b039"},"breadcrumb":{"@id":"https:\/\/sindromecharge.es\/index.php\/2024\/09\/12\/dia-migrana-migrana-se-diagnostica-muy-tarde-cronificada-es-principal-causa-discapacidad\/#breadcrumb"},"inLanguage":"es","potentialAction":[{"@type":"ReadAction","target":["https:\/\/sindromecharge.es\/index.php\/2024\/09\/12\/dia-migrana-migrana-se-diagnostica-muy-tarde-cronificada-es-principal-causa-discapacidad\/"]}]},{"@type":"BreadcrumbList","@id":"https:\/\/sindromecharge.es\/index.php\/2024\/09\/12\/dia-migrana-migrana-se-diagnostica-muy-tarde-cronificada-es-principal-causa-discapacidad\/#breadcrumb","itemListElement":[{"@type":"ListItem","position":1,"name":"Portada","item":"https:\/\/sindromecharge.es\/"},{"@type":"ListItem","position":2,"name":"La migra\u00f1a se diagnostica muy tarde y, cronificada, es la principal causa de discapacidad: &#8220;Es incapacitante&#8221;"}]},{"@type":"WebSite","@id":"https:\/\/sindromecharge.es\/#website","url":"https:\/\/sindromecharge.es\/","name":"Asociaci\u00f3n Espa\u00f1ola S\u00edndrome de Charge","description":"","potentialAction":[{"@type":"SearchAction","target":{"@type":"EntryPoint","urlTemplate":"https:\/\/sindromecharge.es\/?s={search_term_string}"},"query-input":{"@type":"PropertyValueSpecification","valueRequired":true,"valueName":"search_term_string"}}],"inLanguage":"es"},{"@type":"Person","@id":"https:\/\/sindromecharge.es\/#\/schema\/person\/39a60ebe0a2b4d5a11179701e336b039","name":"Charge","image":{"@type":"ImageObject","inLanguage":"es","@id":"https:\/\/secure.gravatar.com\/avatar\/c3b46e32a0fc3b093a0873fb767bf3293de856293065e84ef06b7ec7a8acfb98?s=96&d=identicon&r=x","url":"https:\/\/secure.gravatar.com\/avatar\/c3b46e32a0fc3b093a0873fb767bf3293de856293065e84ef06b7ec7a8acfb98?s=96&d=identicon&r=x","contentUrl":"https:\/\/secure.gravatar.com\/avatar\/c3b46e32a0fc3b093a0873fb767bf3293de856293065e84ef06b7ec7a8acfb98?s=96&d=identicon&r=x","caption":"Charge"},"url":"https:\/\/sindromecharge.es\/index.php\/author\/admin\/"}]}},"_links":{"self":[{"href":"https:\/\/sindromecharge.es\/index.php\/wp-json\/wp\/v2\/posts\/10303","targetHints":{"allow":["GET"]}}],"collection":[{"href":"https:\/\/sindromecharge.es\/index.php\/wp-json\/wp\/v2\/posts"}],"about":[{"href":"https:\/\/sindromecharge.es\/index.php\/wp-json\/wp\/v2\/types\/post"}],"author":[{"embeddable":true,"href":"https:\/\/sindromecharge.es\/index.php\/wp-json\/wp\/v2\/users\/1"}],"replies":[{"embeddable":true,"href":"https:\/\/sindromecharge.es\/index.php\/wp-json\/wp\/v2\/comments?post=10303"}],"version-history":[{"count":0,"href":"https:\/\/sindromecharge.es\/index.php\/wp-json\/wp\/v2\/posts\/10303\/revisions"}],"wp:attachment":[{"href":"https:\/\/sindromecharge.es\/index.php\/wp-json\/wp\/v2\/media?parent=10303"}],"wp:term":[{"taxonomy":"category","embeddable":true,"href":"https:\/\/sindromecharge.es\/index.php\/wp-json\/wp\/v2\/categories?post=10303"},{"taxonomy":"post_tag","embeddable":true,"href":"https:\/\/sindromecharge.es\/index.php\/wp-json\/wp\/v2\/tags?post=10303"}],"curies":[{"name":"wp","href":"https:\/\/api.w.org\/{rel}","templated":true}]}}