{"id":10302,"date":"2024-09-12T05:50:37","date_gmt":"2024-09-12T05:50:37","guid":{"rendered":"https:\/\/sindromecharge.es\/index.php\/2024\/09\/12\/facilito-tv-estrena-maestros-cocina-un-programa-con-cocineros-con-discapacidad-intelectual-es-mucho-mas-que-un-concurso\/"},"modified":"2024-09-12T05:50:37","modified_gmt":"2024-09-12T05:50:37","slug":"facilito-tv-estrena-maestros-cocina-un-programa-con-cocineros-con-discapacidad-intelectual-es-mucho-mas-que-un-concurso","status":"publish","type":"post","link":"https:\/\/sindromecharge.es\/index.php\/2024\/09\/12\/facilito-tv-estrena-maestros-cocina-un-programa-con-cocineros-con-discapacidad-intelectual-es-mucho-mas-que-un-concurso\/","title":{"rendered":"&#8216;Maestros de la cocina&#8217;, un programa con cocineros con discapacidad intelectual: \u00abEs mucho m\u00e1s que un concurso\u00bb"},"content":{"rendered":"<p>Leemos en Discapacidad la siguiente noticia que os reproducimos de forma \u00edntegra: <\/p>\n<div>\n<p><a href=\"https:\/\/www.20minutos.es\/minuteca\/facilito-tv\/\" title=\"Facilito TV\" target=\"_blank\" rel=\"noopener\">Facilito TV<\/a>, la cadena de televisi\u00f3n hecha por y para las personas con discapacidad intelectual, estrena programaci\u00f3n, y lo hace con muchas novedades en su programaci\u00f3n. <\/p>\n<p>La m\u00e1s destacada es el concurso &#8216;<b>Maestros de la cocina<\/b>&#8216;, destinado, como aseguran \u00aba los<b> amantes de la cocina y la inclusi\u00f3n<\/b>!\u00bb. <\/p>\n<p>En este novedoso concurso, que <b>es estrena el 15 de septiembre<\/b>, personas con <a href=\"https:\/\/www.20minutos.es\/minuteca\/discapacidad-intelectual\/\" title=\"Discapacidad intelectual\" target=\"_blank\" rel=\"noopener\">discapacidad intelectual<\/a> se enfrentar\u00e1n a los fogones, y demostrar\u00e1n su pasi\u00f3n por cocina y \u00abque el sabor m\u00e1s delicioso es el de la inclusi\u00f3n\u00bb. <\/p>\n<p>Para la grabaci\u00f3n de los programas, se han trasladado al parque<b> &#8216;Puy du Fou&#8217; en Toledo<\/b>, un escenario \u00e9pico que a\u00f1ade un toque de historia y aventura a cada plato. Para &#8216;cocinarlo&#8217;, Facilito TV tambi\u00e9n ha contado con  la colaboraci\u00f3n con la Fundaci\u00f3n Instituto San Jos\u00e9 y Compass Group.<\/p>\n<p>A partir del 15 de septiembre, &#8216;Maestros de la Cocina&#8217; no solo se ver\u00e1 en Facilito.TV, sino que tambi\u00e9n ser\u00e1 parte de una campa\u00f1a a nivel nacional gracias a nuestra alianza con el Grupo Cadena Media, que<b> lo emitir\u00e1 en 57 canales TNT en toda Espa\u00f1a<\/b>. <\/p>\n<p>Adem\u00e1s, contar\u00e1n con la retransmisi\u00f3n en Vision6 de Albacete, Mijas televisi\u00f3n en Andaluc\u00eda, Televisi\u00f3n de Madrid, TeleToledo Televisi\u00f3n y muchos otros<b> canales regionales<\/b>, adem\u00e1s de una emisi\u00f3n en directo en www.facilito.tv y nuestras redes sociales. <\/p>\n<p>Adem\u00e1s, gracias a la colaboraci\u00f3n de Facilito TV con <b>Discapacidad Televisi\u00f3n de Argentina<\/b>, &#8216;Maestros de la Cocina&#8217; cruzar\u00e1 el Atl\u00e1ntico para, como quieren resaltar desde la cadena, \u00abinspirar a nuestros amigos en Am\u00e9rica Latina. Esta es una oportunidad \u00fanica para mostrar al mundo que la<b> diversidad <\/b>es nuestro ingrediente secreto para una vida m\u00e1s rica y llena de sabor\u00bb. <\/p>\n<p>Desde el canal quieren destacar que &#8216;Maestros de la cocina&#8217; es \u00abmucho m\u00e1s que un simple concurso de cocina. Es un homenaje al talento, la perseverancia y el esp\u00edritu indomable de personas excepcionales que, a trav\u00e9s de la<b> gastronom\u00eda<\/b>, nos ense\u00f1an que la verdadera inclusi\u00f3n empieza en el coraz\u00f3n\u00bb, por eso nos invitan a registrarnos en su canal y no perdernos \u00abeste evento \u00fanico que promete cambiar la forma en que vemos la televisi\u00f3n\u00bb.<\/p>\n<\/div>\n<p>Fuente: Discapacidad https:\/\/www.20minutos.es\/noticia\/5632185\/0\/facilito-tv-estrena-maestros-cocina-un-programa-con-cocineros-con-discapacidad-intelectual-es-mucho-mas-que-un-concurso\/<\/p>\n","protected":false},"excerpt":{"rendered":"<p>El programa, que podr\u00e1 verse en facilito TV y en algunos canales locales, se estrena el 15 de septiembre.<\/p>\n","protected":false},"author":1,"featured_media":0,"comment_status":"closed","ping_status":"closed","sticky":false,"template":"","format":"standard","meta":{"footnotes":""},"categories":[8],"tags":[],"class_list":["post-10302","post","type-post","status-publish","format-standard","hentry","category-noticias"],"yoast_head":"<!-- This site is optimized with the Yoast SEO plugin v27.5 - https:\/\/yoast.com\/product\/yoast-seo-wordpress\/ -->\n<title>&#039;Maestros de la cocina&#039;, un programa con cocineros con discapacidad intelectual: &quot;Es mucho m\u00e1s que un concurso&quot; - Asociaci\u00f3n Espa\u00f1ola S\u00edndrome de Charge<\/title>\n<meta name=\"robots\" content=\"index, follow, max-snippet:-1, max-image-preview:large, max-video-preview:-1\" \/>\n<link rel=\"canonical\" href=\"https:\/\/sindromecharge.es\/index.php\/2024\/09\/12\/facilito-tv-estrena-maestros-cocina-un-programa-con-cocineros-con-discapacidad-intelectual-es-mucho-mas-que-un-concurso\/\" \/>\n<meta property=\"og:locale\" content=\"es_ES\" \/>\n<meta property=\"og:type\" content=\"article\" \/>\n<meta property=\"og:title\" content=\"&#039;Maestros de la cocina&#039;, un programa con cocineros con discapacidad intelectual: &quot;Es mucho m\u00e1s que un concurso&quot; - Asociaci\u00f3n Espa\u00f1ola S\u00edndrome de Charge\" \/>\n<meta property=\"og:description\" content=\"El programa, que podr\u00e1 verse en facilito TV y en algunos canales locales, se estrena el 15 de septiembre.\" \/>\n<meta property=\"og:url\" content=\"https:\/\/sindromecharge.es\/index.php\/2024\/09\/12\/facilito-tv-estrena-maestros-cocina-un-programa-con-cocineros-con-discapacidad-intelectual-es-mucho-mas-que-un-concurso\/\" \/>\n<meta property=\"og:site_name\" content=\"Asociaci\u00f3n Espa\u00f1ola S\u00edndrome de Charge\" \/>\n<meta property=\"article:publisher\" content=\"https:\/\/www.facebook.com\/asociacionsindromecharge\" \/>\n<meta property=\"article:published_time\" content=\"2024-09-12T05:50:37+00:00\" \/>\n<meta property=\"og:image\" content=\"https:\/\/sindromecharge.es\/wp-content\/uploads\/2013\/09\/logodecharge300x98.png\" \/>\n\t<meta property=\"og:image:width\" content=\"300\" \/>\n\t<meta property=\"og:image:height\" content=\"98\" \/>\n\t<meta property=\"og:image:type\" content=\"image\/png\" \/>\n<meta name=\"author\" content=\"Charge\" \/>\n<meta name=\"twitter:card\" content=\"summary_large_image\" \/>\n<meta name=\"twitter:creator\" content=\"@sindromecharge\" \/>\n<meta name=\"twitter:site\" content=\"@sindromecharge\" \/>\n<meta name=\"twitter:label1\" content=\"Escrito por\" \/>\n\t<meta name=\"twitter:data1\" content=\"Charge\" \/>\n\t<meta name=\"twitter:label2\" content=\"Tiempo de lectura\" \/>\n\t<meta name=\"twitter:data2\" content=\"2 minutos\" \/>\n<script type=\"application\/ld+json\" class=\"yoast-schema-graph\">{\"@context\":\"https:\\\/\\\/schema.org\",\"@graph\":[{\"@type\":\"Article\",\"@id\":\"https:\\\/\\\/sindromecharge.es\\\/index.php\\\/2024\\\/09\\\/12\\\/facilito-tv-estrena-maestros-cocina-un-programa-con-cocineros-con-discapacidad-intelectual-es-mucho-mas-que-un-concurso\\\/#article\",\"isPartOf\":{\"@id\":\"https:\\\/\\\/sindromecharge.es\\\/index.php\\\/2024\\\/09\\\/12\\\/facilito-tv-estrena-maestros-cocina-un-programa-con-cocineros-con-discapacidad-intelectual-es-mucho-mas-que-un-concurso\\\/\"},\"author\":{\"name\":\"Charge\",\"@id\":\"https:\\\/\\\/sindromecharge.es\\\/#\\\/schema\\\/person\\\/39a60ebe0a2b4d5a11179701e336b039\"},\"headline\":\"&#8216;Maestros de la cocina&#8217;, un programa con cocineros con discapacidad intelectual: \u00abEs mucho m\u00e1s que un concurso\u00bb\",\"datePublished\":\"2024-09-12T05:50:37+00:00\",\"mainEntityOfPage\":{\"@id\":\"https:\\\/\\\/sindromecharge.es\\\/index.php\\\/2024\\\/09\\\/12\\\/facilito-tv-estrena-maestros-cocina-un-programa-con-cocineros-con-discapacidad-intelectual-es-mucho-mas-que-un-concurso\\\/\"},\"wordCount\":427,\"articleSection\":[\"noticias\"],\"inLanguage\":\"es\"},{\"@type\":\"WebPage\",\"@id\":\"https:\\\/\\\/sindromecharge.es\\\/index.php\\\/2024\\\/09\\\/12\\\/facilito-tv-estrena-maestros-cocina-un-programa-con-cocineros-con-discapacidad-intelectual-es-mucho-mas-que-un-concurso\\\/\",\"url\":\"https:\\\/\\\/sindromecharge.es\\\/index.php\\\/2024\\\/09\\\/12\\\/facilito-tv-estrena-maestros-cocina-un-programa-con-cocineros-con-discapacidad-intelectual-es-mucho-mas-que-un-concurso\\\/\",\"name\":\"'Maestros de la cocina', un programa con cocineros con discapacidad intelectual: \\\"Es mucho m\u00e1s que un concurso\\\" - Asociaci\u00f3n Espa\u00f1ola S\u00edndrome de Charge\",\"isPartOf\":{\"@id\":\"https:\\\/\\\/sindromecharge.es\\\/#website\"},\"datePublished\":\"2024-09-12T05:50:37+00:00\",\"author\":{\"@id\":\"https:\\\/\\\/sindromecharge.es\\\/#\\\/schema\\\/person\\\/39a60ebe0a2b4d5a11179701e336b039\"},\"breadcrumb\":{\"@id\":\"https:\\\/\\\/sindromecharge.es\\\/index.php\\\/2024\\\/09\\\/12\\\/facilito-tv-estrena-maestros-cocina-un-programa-con-cocineros-con-discapacidad-intelectual-es-mucho-mas-que-un-concurso\\\/#breadcrumb\"},\"inLanguage\":\"es\",\"potentialAction\":[{\"@type\":\"ReadAction\",\"target\":[\"https:\\\/\\\/sindromecharge.es\\\/index.php\\\/2024\\\/09\\\/12\\\/facilito-tv-estrena-maestros-cocina-un-programa-con-cocineros-con-discapacidad-intelectual-es-mucho-mas-que-un-concurso\\\/\"]}]},{\"@type\":\"BreadcrumbList\",\"@id\":\"https:\\\/\\\/sindromecharge.es\\\/index.php\\\/2024\\\/09\\\/12\\\/facilito-tv-estrena-maestros-cocina-un-programa-con-cocineros-con-discapacidad-intelectual-es-mucho-mas-que-un-concurso\\\/#breadcrumb\",\"itemListElement\":[{\"@type\":\"ListItem\",\"position\":1,\"name\":\"Portada\",\"item\":\"https:\\\/\\\/sindromecharge.es\\\/\"},{\"@type\":\"ListItem\",\"position\":2,\"name\":\"&#8216;Maestros de la cocina&#8217;, un programa con cocineros con discapacidad intelectual: &#8220;Es mucho m\u00e1s que un concurso&#8221;\"}]},{\"@type\":\"WebSite\",\"@id\":\"https:\\\/\\\/sindromecharge.es\\\/#website\",\"url\":\"https:\\\/\\\/sindromecharge.es\\\/\",\"name\":\"Asociaci\u00f3n Espa\u00f1ola S\u00edndrome de Charge\",\"description\":\"\",\"potentialAction\":[{\"@type\":\"SearchAction\",\"target\":{\"@type\":\"EntryPoint\",\"urlTemplate\":\"https:\\\/\\\/sindromecharge.es\\\/?s={search_term_string}\"},\"query-input\":{\"@type\":\"PropertyValueSpecification\",\"valueRequired\":true,\"valueName\":\"search_term_string\"}}],\"inLanguage\":\"es\"},{\"@type\":\"Person\",\"@id\":\"https:\\\/\\\/sindromecharge.es\\\/#\\\/schema\\\/person\\\/39a60ebe0a2b4d5a11179701e336b039\",\"name\":\"Charge\",\"image\":{\"@type\":\"ImageObject\",\"inLanguage\":\"es\",\"@id\":\"https:\\\/\\\/secure.gravatar.com\\\/avatar\\\/c3b46e32a0fc3b093a0873fb767bf3293de856293065e84ef06b7ec7a8acfb98?s=96&d=identicon&r=x\",\"url\":\"https:\\\/\\\/secure.gravatar.com\\\/avatar\\\/c3b46e32a0fc3b093a0873fb767bf3293de856293065e84ef06b7ec7a8acfb98?s=96&d=identicon&r=x\",\"contentUrl\":\"https:\\\/\\\/secure.gravatar.com\\\/avatar\\\/c3b46e32a0fc3b093a0873fb767bf3293de856293065e84ef06b7ec7a8acfb98?s=96&d=identicon&r=x\",\"caption\":\"Charge\"},\"url\":\"https:\\\/\\\/sindromecharge.es\\\/index.php\\\/author\\\/admin\\\/\"}]}<\/script>\n<!-- \/ Yoast SEO plugin. -->","yoast_head_json":{"title":"'Maestros de la cocina', un programa con cocineros con discapacidad intelectual: \"Es mucho m\u00e1s que un concurso\" - Asociaci\u00f3n Espa\u00f1ola S\u00edndrome de Charge","robots":{"index":"index","follow":"follow","max-snippet":"max-snippet:-1","max-image-preview":"max-image-preview:large","max-video-preview":"max-video-preview:-1"},"canonical":"https:\/\/sindromecharge.es\/index.php\/2024\/09\/12\/facilito-tv-estrena-maestros-cocina-un-programa-con-cocineros-con-discapacidad-intelectual-es-mucho-mas-que-un-concurso\/","og_locale":"es_ES","og_type":"article","og_title":"'Maestros de la cocina', un programa con cocineros con discapacidad intelectual: \"Es mucho m\u00e1s que un concurso\" - Asociaci\u00f3n Espa\u00f1ola S\u00edndrome de Charge","og_description":"El programa, que podr\u00e1 verse en facilito TV y en algunos canales locales, se estrena el 15 de septiembre.","og_url":"https:\/\/sindromecharge.es\/index.php\/2024\/09\/12\/facilito-tv-estrena-maestros-cocina-un-programa-con-cocineros-con-discapacidad-intelectual-es-mucho-mas-que-un-concurso\/","og_site_name":"Asociaci\u00f3n Espa\u00f1ola S\u00edndrome de Charge","article_publisher":"https:\/\/www.facebook.com\/asociacionsindromecharge","article_published_time":"2024-09-12T05:50:37+00:00","og_image":[{"width":300,"height":98,"url":"https:\/\/sindromecharge.es\/wp-content\/uploads\/2013\/09\/logodecharge300x98.png","type":"image\/png"}],"author":"Charge","twitter_card":"summary_large_image","twitter_creator":"@sindromecharge","twitter_site":"@sindromecharge","twitter_misc":{"Escrito por":"Charge","Tiempo de lectura":"2 minutos"},"schema":{"@context":"https:\/\/schema.org","@graph":[{"@type":"Article","@id":"https:\/\/sindromecharge.es\/index.php\/2024\/09\/12\/facilito-tv-estrena-maestros-cocina-un-programa-con-cocineros-con-discapacidad-intelectual-es-mucho-mas-que-un-concurso\/#article","isPartOf":{"@id":"https:\/\/sindromecharge.es\/index.php\/2024\/09\/12\/facilito-tv-estrena-maestros-cocina-un-programa-con-cocineros-con-discapacidad-intelectual-es-mucho-mas-que-un-concurso\/"},"author":{"name":"Charge","@id":"https:\/\/sindromecharge.es\/#\/schema\/person\/39a60ebe0a2b4d5a11179701e336b039"},"headline":"&#8216;Maestros de la cocina&#8217;, un programa con cocineros con discapacidad intelectual: \u00abEs mucho m\u00e1s que un concurso\u00bb","datePublished":"2024-09-12T05:50:37+00:00","mainEntityOfPage":{"@id":"https:\/\/sindromecharge.es\/index.php\/2024\/09\/12\/facilito-tv-estrena-maestros-cocina-un-programa-con-cocineros-con-discapacidad-intelectual-es-mucho-mas-que-un-concurso\/"},"wordCount":427,"articleSection":["noticias"],"inLanguage":"es"},{"@type":"WebPage","@id":"https:\/\/sindromecharge.es\/index.php\/2024\/09\/12\/facilito-tv-estrena-maestros-cocina-un-programa-con-cocineros-con-discapacidad-intelectual-es-mucho-mas-que-un-concurso\/","url":"https:\/\/sindromecharge.es\/index.php\/2024\/09\/12\/facilito-tv-estrena-maestros-cocina-un-programa-con-cocineros-con-discapacidad-intelectual-es-mucho-mas-que-un-concurso\/","name":"'Maestros de la cocina', un programa con cocineros con discapacidad intelectual: \"Es mucho m\u00e1s que un concurso\" - Asociaci\u00f3n Espa\u00f1ola S\u00edndrome de Charge","isPartOf":{"@id":"https:\/\/sindromecharge.es\/#website"},"datePublished":"2024-09-12T05:50:37+00:00","author":{"@id":"https:\/\/sindromecharge.es\/#\/schema\/person\/39a60ebe0a2b4d5a11179701e336b039"},"breadcrumb":{"@id":"https:\/\/sindromecharge.es\/index.php\/2024\/09\/12\/facilito-tv-estrena-maestros-cocina-un-programa-con-cocineros-con-discapacidad-intelectual-es-mucho-mas-que-un-concurso\/#breadcrumb"},"inLanguage":"es","potentialAction":[{"@type":"ReadAction","target":["https:\/\/sindromecharge.es\/index.php\/2024\/09\/12\/facilito-tv-estrena-maestros-cocina-un-programa-con-cocineros-con-discapacidad-intelectual-es-mucho-mas-que-un-concurso\/"]}]},{"@type":"BreadcrumbList","@id":"https:\/\/sindromecharge.es\/index.php\/2024\/09\/12\/facilito-tv-estrena-maestros-cocina-un-programa-con-cocineros-con-discapacidad-intelectual-es-mucho-mas-que-un-concurso\/#breadcrumb","itemListElement":[{"@type":"ListItem","position":1,"name":"Portada","item":"https:\/\/sindromecharge.es\/"},{"@type":"ListItem","position":2,"name":"&#8216;Maestros de la cocina&#8217;, un programa con cocineros con discapacidad intelectual: &#8220;Es mucho m\u00e1s que un concurso&#8221;"}]},{"@type":"WebSite","@id":"https:\/\/sindromecharge.es\/#website","url":"https:\/\/sindromecharge.es\/","name":"Asociaci\u00f3n Espa\u00f1ola S\u00edndrome de Charge","description":"","potentialAction":[{"@type":"SearchAction","target":{"@type":"EntryPoint","urlTemplate":"https:\/\/sindromecharge.es\/?s={search_term_string}"},"query-input":{"@type":"PropertyValueSpecification","valueRequired":true,"valueName":"search_term_string"}}],"inLanguage":"es"},{"@type":"Person","@id":"https:\/\/sindromecharge.es\/#\/schema\/person\/39a60ebe0a2b4d5a11179701e336b039","name":"Charge","image":{"@type":"ImageObject","inLanguage":"es","@id":"https:\/\/secure.gravatar.com\/avatar\/c3b46e32a0fc3b093a0873fb767bf3293de856293065e84ef06b7ec7a8acfb98?s=96&d=identicon&r=x","url":"https:\/\/secure.gravatar.com\/avatar\/c3b46e32a0fc3b093a0873fb767bf3293de856293065e84ef06b7ec7a8acfb98?s=96&d=identicon&r=x","contentUrl":"https:\/\/secure.gravatar.com\/avatar\/c3b46e32a0fc3b093a0873fb767bf3293de856293065e84ef06b7ec7a8acfb98?s=96&d=identicon&r=x","caption":"Charge"},"url":"https:\/\/sindromecharge.es\/index.php\/author\/admin\/"}]}},"_links":{"self":[{"href":"https:\/\/sindromecharge.es\/index.php\/wp-json\/wp\/v2\/posts\/10302","targetHints":{"allow":["GET"]}}],"collection":[{"href":"https:\/\/sindromecharge.es\/index.php\/wp-json\/wp\/v2\/posts"}],"about":[{"href":"https:\/\/sindromecharge.es\/index.php\/wp-json\/wp\/v2\/types\/post"}],"author":[{"embeddable":true,"href":"https:\/\/sindromecharge.es\/index.php\/wp-json\/wp\/v2\/users\/1"}],"replies":[{"embeddable":true,"href":"https:\/\/sindromecharge.es\/index.php\/wp-json\/wp\/v2\/comments?post=10302"}],"version-history":[{"count":0,"href":"https:\/\/sindromecharge.es\/index.php\/wp-json\/wp\/v2\/posts\/10302\/revisions"}],"wp:attachment":[{"href":"https:\/\/sindromecharge.es\/index.php\/wp-json\/wp\/v2\/media?parent=10302"}],"wp:term":[{"taxonomy":"category","embeddable":true,"href":"https:\/\/sindromecharge.es\/index.php\/wp-json\/wp\/v2\/categories?post=10302"},{"taxonomy":"post_tag","embeddable":true,"href":"https:\/\/sindromecharge.es\/index.php\/wp-json\/wp\/v2\/tags?post=10302"}],"curies":[{"name":"wp","href":"https:\/\/api.w.org\/{rel}","templated":true}]}}