{"id":10301,"date":"2024-09-12T05:30:00","date_gmt":"2024-09-12T05:30:00","guid":{"rendered":"https:\/\/sindromecharge.es\/index.php\/2024\/09\/12\/claudia-campillo-espasmos-hemifaciales-cura-contra-abusos-sexuales\/"},"modified":"2024-09-12T05:30:00","modified_gmt":"2024-09-12T05:30:00","slug":"claudia-campillo-espasmos-hemifaciales-cura-contra-abusos-sexuales","status":"publish","type":"post","link":"https:\/\/sindromecharge.es\/index.php\/2024\/09\/12\/claudia-campillo-espasmos-hemifaciales-cura-contra-abusos-sexuales\/","title":{"rendered":"Claudia Campillo, tras la cura de sus espasmos hemifaciales y contra los abusos sexuales a menores"},"content":{"rendered":"<p>Leemos en Discapacidad la siguiente noticia que os reproducimos de forma \u00edntegra: <\/p>\n<div>\n<p>Hace no tanto una de sus mayores preocupaciones era informarse para <b>pedir la <a href=\"https:\/\/www.20minutos.es\/minuteca\/discapacidad\/\" title=\"Discapacidad\">discapacidad<\/a><\/b>. Que se la reconocieran oficialmente, porque tenerla, la ten\u00eda. Andaba en estas porque su m\u00e9dico le hab\u00eda dicho que lo suyo no ten\u00eda cura. Es lo que hay.<\/p>\n<p><b>Ya la hab\u00eda operado dos veces de su condici\u00f3n: espasmos hemifaciales. <\/b>De la primera operaci\u00f3n sali\u00f3 peor de lo que hab\u00eda entrado. Le dijeron que era normal, que los nervios tardan en volver a su punto. De la segunda tambi\u00e9n sali\u00f3 peor de lo que hab\u00eda entrado. Lo de que era normal ya no se lo volvieron a decir. Aqu\u00ed fue cuando el m\u00e9dico le dijo que no hab\u00eda cura.<\/p>\n<p><b>Claudia Campillo<\/b> tiene 29 a\u00f1os y es de <a href=\"https:\/\/www.20minutos.es\/minuteca\/li-barcelona\/\" title=\"Barcelona\">Barcelona.<\/a> Hace unos ocho a\u00f1os empez\u00f3 con espasmos hemifaciales en la parte derecha de su cara. Con el paso del tiempo los espasmos fueron a m\u00e1s. Lo primero fue el t\u00edpico tic en el ojo. De ah\u00ed pas\u00f3 a boca, p\u00f3mulo. \u201c<b>Dejo de ver bien, de escuchar bien.<\/b> Al final ten\u00eda hasta en los m\u00fasculos del cuello\u201d, explica Claudia.<\/p>\n<p><b>Con cada operaci\u00f3n aument\u00f3 la intensidad de los espasmos y la frecuencia.<\/b> La primera operaci\u00f3n fue en 2022 y despu\u00e9s de la segunda (en 2023) acab\u00f3 teniendo los espasmos cada pocos segundos, lo que condicion\u00f3 tremendamente su vida.<\/p>\n<p>Se le mezclaban las luces, no pod\u00eda conducir, leer o algo tan banal como maquillarse. \u201cAntes de la operaci\u00f3n los ten\u00eda cada cinco minutos y despu\u00e9s cada treinta segundos y encima m\u00e1s intensos. <b>Voy viendo todas las imposibilidades que tengo<\/b>\u201d, cuenta.<\/p>\n<h1>Te imposibilita la vida cotidiana<\/h1>\n<p>\u201cEs un palo muy grande, te vienes abajo. No produce dolor pero s\u00ed mucha incomodidad, te despiertas por la noche\u2026 te imposibilita la vida cotidiana\u201d, dice Claudia. \u201cM\u00e1s la parte emocional de ir por la calle y que la gente se te quede mirando. <b>Me sent\u00eda muy bicho raro<\/b>\u201d. Andaba entre la frustraci\u00f3n y la rabia dando los primeros pasos para pedir la discapacidad, cuando se encendi\u00f3 una luz al final del t\u00fanel.<\/p>\n<p>Claudia tiene m\u00e1s de 68.000 seguidores en Instagram. All\u00ed hace <b>activismo y divulgaci\u00f3n<\/b>. Entre otras cosas comparte su realidad con los espasmos hemifaciales.<\/p>\n<p>Una mujer extreme\u00f1a le escribi\u00f3. A ella tambi\u00e9n le pasaba lo mismo.<b> No estaba sola.<\/b> \u201cHablamos por tel\u00e9fono, ella llorando, yo llorando\u201d, recuerda ahora Claudia con una sonrisa. Le habl\u00f3 de un grupo de Facebook donde hab\u00eda personas de todo el mundo con esa condici\u00f3n. Claudia lo agradeci\u00f3 pero se le hizo grande, inabarcable. As\u00ed que su nueva compa\u00f1era concret\u00f3 su propuesta. Tambi\u00e9n puedes meterte en un grupo de WhatsApp que tenemos quince personas con espasmos hemifaciales en Espa\u00f1a, le dijo. Claudia accedi\u00f3 y su vida dio un vuelco.<\/p>\n<p>\u201cAprend\u00ed mucho, como que esto le pasa a 1 de cada 300.000 personas\u201d, cuenta. \u201cLa mayor\u00eda del grupo tambi\u00e9n se hab\u00eda operado una o dos veces en Espa\u00f1a sin \u00e9xito\u201d. Por primera vez se sent\u00eda comprendida. Su familia, su entorno, estaban y est\u00e1n para ella pero no es lo  mismo. Por fin, hablaba con gente que sab\u00eda exactamente por lo que estaba pasando. Por si este entendimiento y acompa\u00f1amiento fueran poco, el grupo le hizo un regalo m\u00e1s: <b>hay un neurocirujano en <a href=\"https:\/\/www.20minutos.es\/minuteca\/japon\/\" title=\"Jap\u00f3n\">Jap\u00f3n<\/a> especializado en estas operaciones. <\/b>Las operaciones del doctor Takuro tienen un 99% de \u00e9xito. All\u00ed va gente de todo el mundo. \u201c\u00bf\u00bf\u00bfPero lo que tenemos tiene cura???\u201d, pregunt\u00f3 alucinada a sus compa\u00f1eros.<\/p>\n<p>Dos de los compa\u00f1eros que se lo contaron se hab\u00edan operado con \u00e9l y los espasmos hab\u00edan desaparecido. Dos compa\u00f1eros m\u00e1s iban a operarse en los meses siguientes. Claudia se iba animando por momentos hasta que le dijeron que solo<b> la operaci\u00f3n son 10.000 euros<\/b>, una cantidad inviable para ella y para su familia. De nuevo la frustraci\u00f3n. La rabia.<\/p>\n<p>A Claudia no le gusta el t\u00e9rmino <i>influencer <\/i>y no se considera como tal a pesar del n\u00famero de seguidores que tiene. N\u00famero que aument\u00f3 cuando hizo p\u00fablico que es una <b>superviviente de abusos sexuales en la infancia<\/b>. Desde que visualiz\u00f3 este tema y comparte su realidad, ha recibido las atenciones de los medios de comunicaci\u00f3n. Un d\u00eda estaba siendo entrevistada para un podcast cuando surgi\u00f3 el tema del neurocirujano japon\u00e9s y lo caro que es. El podcaster lo tuvo claro, \u00bfy si hacemos un <i>crowdfundig<\/i>? Ella no lo ve\u00eda, pero le dej\u00f3 hacer. En dos d\u00edas hab\u00edan reunido los 10.000 euros de la operaci\u00f3n y en cuatro 15.000, lo que serv\u00eda para pagar el viaje de todos: Claudia, su pareja Sara y su hermano Albert, que la acompa\u00f1ar\u00edan. \u201cFue incre\u00edble, no me lo pod\u00eda creer. Fue un salto de fe en la humanidad\u201d, cuenta.<\/p>\n<p>Con el dinero en el bolsillo, Claudia llam\u00f3 al doctor Takuro. Quer\u00eda operarse cuanto antes. Dicho y hecho. <b>En agosto fue la gran cita.<\/b><\/p>\n<p>El doctor la hab\u00eda prevenido de que pod\u00edan surgir complicaciones. Y surgieron. Cuando despert\u00f3 sinti\u00f3 que no pod\u00eda mover la parte derecha de la cara. \u00a1Malo!, pens\u00f3. Ella hab\u00eda dado permiso al doctor para que llegara hasta el final en su intento de acabar con los espasmos. Y lo hizo, pero a cambio <b>le qued\u00f3 una par\u00e1lisis facial.<\/b><\/p>\n<p>El doctor Takuro le ha dicho que a lo largo del pr\u00f3ximo a\u00f1o ir\u00e1 recuperando la movilidad. Cuando hablamos, cuatro semanas despu\u00e9s de su operaci\u00f3n, dice que ya va notando algo:<b> ya puede beber o gesticular. <\/b>Su ojo derecho al parpadear no se cierra por completo. Si frunce el ce\u00f1o solo tiene arruguitas en el lado izquierdo de la cara. Si se r\u00ede, su lado derecho de la boca se queda quieto, pero me muestra que al sonre\u00edr ya hay algo de movimiento en el lado paralizado. \u201cEs un milagro\u201d, dice. \u201cYo, que estaba para pedir la discapacidad\u201d.<\/p>\n<p>Aprovech\u00f3 su visita al doctor Takuro para preguntarle <b>si los abusos sexuales que hab\u00eda sufrido en la infancia hab\u00edan provocado sus espasmos hemifaciales. <\/b>\u00c9l le dijo que no hab\u00eda nada escrito que lo demostrara, pero que casi con total seguridad s\u00ed por la situaci\u00f3n de estr\u00e9s, nervios y ansiedad tan grande y durante un periodo de tiempo tan largo a la que estuvo sometida.<\/p>\n<h2>Abuso sexual en la infancia<\/h2>\n<p>Claudia es educadora social y trabaja en colegios. Despu\u00e9s de la segunda operaci\u00f3n se recuerda llorando cuando empezaba a trabajar en un nuevo centro y <b>algunos de los ni\u00f1os se apartaban porque le ten\u00edan miedo<\/b> por sus espasmos.<\/p>\n<p>Su trabajo es ese, pero tambi\u00e9n dedica su tiempo a otras actividades. Una es su faceta de activista y divulgadora en redes sociales. Gracias a ella han nacido: <b>Mar de Mariposas y The Innocent Box.<\/b><\/p>\n<p>Cuando cont\u00f3 que es una superviviente de abusos sexuales en la infancia, muchas personas le escribieron diciendo que hab\u00edan pasado por lo mismo. Ella se queja de que no le da para leer todos los mensajes que le llegan porque no puede dedicar todo el tiempo que quisiera a las redes, pero aun as\u00ed pudo leer varios y se le encendieron las alarmas.<b> \u201cNo te exagero si te digo que recib\u00ed unos tres mil mensajes en diez meses relacionados con el tema de los abusos\u201d<\/b>, cuenta. Se pregunt\u00f3 qu\u00e9 puedo hacer y as\u00ed naci\u00f3 Mar de Mariposas, un lugar de encuentro para adultos supervivientes de abusos sexuales en la infancia (mujeres, en su gran mayor\u00eda). Se re\u00fanen online con una profesional y comparten sus  vivencias.<\/p>\n<p>Tambi\u00e9n le escribi\u00f3 otra superviviente de abusos sexuales en la infancia que hoy es su socia en The Innocent Box. Es un juego con dos mu\u00f1equitos y pegatinas donde se explican situaciones que se pueden encontrar los menores. Hay partes del cuerpo que se pueden tocar y otras no. El juego est\u00e1 pensado tanto <b>para prevenir el abuso como para detectarlo<\/b>, caso de que ya se haya producido.<\/p>\n<p>Tiene <b>cierto miedo a lo que traer\u00e1 el futuro<\/b>, pero mientras ese futuro llega est\u00e1 ocupada y motivada.<\/p>\n<\/div>\n<p>Fuente: Discapacidad https:\/\/www.20minutos.es\/noticia\/5631146\/0\/claudia-campillo-espasmos-hemifaciales-cura-contra-abusos-sexuales\/<\/p>\n","protected":false},"excerpt":{"rendered":"<p>&#8230;<\/p>\n","protected":false},"author":1,"featured_media":0,"comment_status":"closed","ping_status":"closed","sticky":false,"template":"","format":"standard","meta":{"footnotes":""},"categories":[8],"tags":[],"class_list":["post-10301","post","type-post","status-publish","format-standard","hentry","category-noticias"],"yoast_head":"<!-- This site is optimized with the Yoast SEO plugin v27.5 - https:\/\/yoast.com\/product\/yoast-seo-wordpress\/ -->\n<title>Claudia Campillo, tras la cura de sus espasmos hemifaciales y contra los abusos sexuales a menores - Asociaci\u00f3n Espa\u00f1ola S\u00edndrome de Charge<\/title>\n<meta name=\"robots\" content=\"index, follow, max-snippet:-1, max-image-preview:large, max-video-preview:-1\" \/>\n<link rel=\"canonical\" href=\"https:\/\/sindromecharge.es\/index.php\/2024\/09\/12\/claudia-campillo-espasmos-hemifaciales-cura-contra-abusos-sexuales\/\" \/>\n<meta property=\"og:locale\" content=\"es_ES\" \/>\n<meta property=\"og:type\" content=\"article\" \/>\n<meta property=\"og:title\" content=\"Claudia Campillo, tras la cura de sus espasmos hemifaciales y contra los abusos sexuales a menores - Asociaci\u00f3n Espa\u00f1ola S\u00edndrome de Charge\" \/>\n<meta property=\"og:description\" content=\"&#8230;\" \/>\n<meta property=\"og:url\" content=\"https:\/\/sindromecharge.es\/index.php\/2024\/09\/12\/claudia-campillo-espasmos-hemifaciales-cura-contra-abusos-sexuales\/\" \/>\n<meta property=\"og:site_name\" content=\"Asociaci\u00f3n Espa\u00f1ola S\u00edndrome de Charge\" \/>\n<meta property=\"article:publisher\" content=\"https:\/\/www.facebook.com\/asociacionsindromecharge\" \/>\n<meta property=\"article:published_time\" content=\"2024-09-12T05:30:00+00:00\" \/>\n<meta property=\"og:image\" content=\"https:\/\/sindromecharge.es\/wp-content\/uploads\/2013\/09\/logodecharge300x98.png\" \/>\n\t<meta property=\"og:image:width\" content=\"300\" \/>\n\t<meta property=\"og:image:height\" content=\"98\" \/>\n\t<meta property=\"og:image:type\" content=\"image\/png\" \/>\n<meta name=\"author\" content=\"Charge\" \/>\n<meta name=\"twitter:card\" content=\"summary_large_image\" \/>\n<meta name=\"twitter:creator\" content=\"@sindromecharge\" \/>\n<meta name=\"twitter:site\" content=\"@sindromecharge\" \/>\n<meta name=\"twitter:label1\" content=\"Escrito por\" \/>\n\t<meta name=\"twitter:data1\" content=\"Charge\" \/>\n\t<meta name=\"twitter:label2\" content=\"Tiempo de lectura\" \/>\n\t<meta name=\"twitter:data2\" content=\"7 minutos\" \/>\n<script type=\"application\/ld+json\" class=\"yoast-schema-graph\">{\"@context\":\"https:\\\/\\\/schema.org\",\"@graph\":[{\"@type\":\"Article\",\"@id\":\"https:\\\/\\\/sindromecharge.es\\\/index.php\\\/2024\\\/09\\\/12\\\/claudia-campillo-espasmos-hemifaciales-cura-contra-abusos-sexuales\\\/#article\",\"isPartOf\":{\"@id\":\"https:\\\/\\\/sindromecharge.es\\\/index.php\\\/2024\\\/09\\\/12\\\/claudia-campillo-espasmos-hemifaciales-cura-contra-abusos-sexuales\\\/\"},\"author\":{\"name\":\"Charge\",\"@id\":\"https:\\\/\\\/sindromecharge.es\\\/#\\\/schema\\\/person\\\/39a60ebe0a2b4d5a11179701e336b039\"},\"headline\":\"Claudia Campillo, tras la cura de sus espasmos hemifaciales y contra los abusos sexuales a menores\",\"datePublished\":\"2024-09-12T05:30:00+00:00\",\"mainEntityOfPage\":{\"@id\":\"https:\\\/\\\/sindromecharge.es\\\/index.php\\\/2024\\\/09\\\/12\\\/claudia-campillo-espasmos-hemifaciales-cura-contra-abusos-sexuales\\\/\"},\"wordCount\":1430,\"articleSection\":[\"noticias\"],\"inLanguage\":\"es\"},{\"@type\":\"WebPage\",\"@id\":\"https:\\\/\\\/sindromecharge.es\\\/index.php\\\/2024\\\/09\\\/12\\\/claudia-campillo-espasmos-hemifaciales-cura-contra-abusos-sexuales\\\/\",\"url\":\"https:\\\/\\\/sindromecharge.es\\\/index.php\\\/2024\\\/09\\\/12\\\/claudia-campillo-espasmos-hemifaciales-cura-contra-abusos-sexuales\\\/\",\"name\":\"Claudia Campillo, tras la cura de sus espasmos hemifaciales y contra los abusos sexuales a menores - Asociaci\u00f3n Espa\u00f1ola S\u00edndrome de Charge\",\"isPartOf\":{\"@id\":\"https:\\\/\\\/sindromecharge.es\\\/#website\"},\"datePublished\":\"2024-09-12T05:30:00+00:00\",\"author\":{\"@id\":\"https:\\\/\\\/sindromecharge.es\\\/#\\\/schema\\\/person\\\/39a60ebe0a2b4d5a11179701e336b039\"},\"breadcrumb\":{\"@id\":\"https:\\\/\\\/sindromecharge.es\\\/index.php\\\/2024\\\/09\\\/12\\\/claudia-campillo-espasmos-hemifaciales-cura-contra-abusos-sexuales\\\/#breadcrumb\"},\"inLanguage\":\"es\",\"potentialAction\":[{\"@type\":\"ReadAction\",\"target\":[\"https:\\\/\\\/sindromecharge.es\\\/index.php\\\/2024\\\/09\\\/12\\\/claudia-campillo-espasmos-hemifaciales-cura-contra-abusos-sexuales\\\/\"]}]},{\"@type\":\"BreadcrumbList\",\"@id\":\"https:\\\/\\\/sindromecharge.es\\\/index.php\\\/2024\\\/09\\\/12\\\/claudia-campillo-espasmos-hemifaciales-cura-contra-abusos-sexuales\\\/#breadcrumb\",\"itemListElement\":[{\"@type\":\"ListItem\",\"position\":1,\"name\":\"Portada\",\"item\":\"https:\\\/\\\/sindromecharge.es\\\/\"},{\"@type\":\"ListItem\",\"position\":2,\"name\":\"Claudia Campillo, tras la cura de sus espasmos hemifaciales y contra los abusos sexuales a menores\"}]},{\"@type\":\"WebSite\",\"@id\":\"https:\\\/\\\/sindromecharge.es\\\/#website\",\"url\":\"https:\\\/\\\/sindromecharge.es\\\/\",\"name\":\"Asociaci\u00f3n Espa\u00f1ola S\u00edndrome de Charge\",\"description\":\"\",\"potentialAction\":[{\"@type\":\"SearchAction\",\"target\":{\"@type\":\"EntryPoint\",\"urlTemplate\":\"https:\\\/\\\/sindromecharge.es\\\/?s={search_term_string}\"},\"query-input\":{\"@type\":\"PropertyValueSpecification\",\"valueRequired\":true,\"valueName\":\"search_term_string\"}}],\"inLanguage\":\"es\"},{\"@type\":\"Person\",\"@id\":\"https:\\\/\\\/sindromecharge.es\\\/#\\\/schema\\\/person\\\/39a60ebe0a2b4d5a11179701e336b039\",\"name\":\"Charge\",\"image\":{\"@type\":\"ImageObject\",\"inLanguage\":\"es\",\"@id\":\"https:\\\/\\\/secure.gravatar.com\\\/avatar\\\/c3b46e32a0fc3b093a0873fb767bf3293de856293065e84ef06b7ec7a8acfb98?s=96&d=identicon&r=x\",\"url\":\"https:\\\/\\\/secure.gravatar.com\\\/avatar\\\/c3b46e32a0fc3b093a0873fb767bf3293de856293065e84ef06b7ec7a8acfb98?s=96&d=identicon&r=x\",\"contentUrl\":\"https:\\\/\\\/secure.gravatar.com\\\/avatar\\\/c3b46e32a0fc3b093a0873fb767bf3293de856293065e84ef06b7ec7a8acfb98?s=96&d=identicon&r=x\",\"caption\":\"Charge\"},\"url\":\"https:\\\/\\\/sindromecharge.es\\\/index.php\\\/author\\\/admin\\\/\"}]}<\/script>\n<!-- \/ Yoast SEO plugin. -->","yoast_head_json":{"title":"Claudia Campillo, tras la cura de sus espasmos hemifaciales y contra los abusos sexuales a menores - Asociaci\u00f3n Espa\u00f1ola S\u00edndrome de Charge","robots":{"index":"index","follow":"follow","max-snippet":"max-snippet:-1","max-image-preview":"max-image-preview:large","max-video-preview":"max-video-preview:-1"},"canonical":"https:\/\/sindromecharge.es\/index.php\/2024\/09\/12\/claudia-campillo-espasmos-hemifaciales-cura-contra-abusos-sexuales\/","og_locale":"es_ES","og_type":"article","og_title":"Claudia Campillo, tras la cura de sus espasmos hemifaciales y contra los abusos sexuales a menores - Asociaci\u00f3n Espa\u00f1ola S\u00edndrome de Charge","og_description":"&#8230;","og_url":"https:\/\/sindromecharge.es\/index.php\/2024\/09\/12\/claudia-campillo-espasmos-hemifaciales-cura-contra-abusos-sexuales\/","og_site_name":"Asociaci\u00f3n Espa\u00f1ola S\u00edndrome de Charge","article_publisher":"https:\/\/www.facebook.com\/asociacionsindromecharge","article_published_time":"2024-09-12T05:30:00+00:00","og_image":[{"width":300,"height":98,"url":"https:\/\/sindromecharge.es\/wp-content\/uploads\/2013\/09\/logodecharge300x98.png","type":"image\/png"}],"author":"Charge","twitter_card":"summary_large_image","twitter_creator":"@sindromecharge","twitter_site":"@sindromecharge","twitter_misc":{"Escrito por":"Charge","Tiempo de lectura":"7 minutos"},"schema":{"@context":"https:\/\/schema.org","@graph":[{"@type":"Article","@id":"https:\/\/sindromecharge.es\/index.php\/2024\/09\/12\/claudia-campillo-espasmos-hemifaciales-cura-contra-abusos-sexuales\/#article","isPartOf":{"@id":"https:\/\/sindromecharge.es\/index.php\/2024\/09\/12\/claudia-campillo-espasmos-hemifaciales-cura-contra-abusos-sexuales\/"},"author":{"name":"Charge","@id":"https:\/\/sindromecharge.es\/#\/schema\/person\/39a60ebe0a2b4d5a11179701e336b039"},"headline":"Claudia Campillo, tras la cura de sus espasmos hemifaciales y contra los abusos sexuales a menores","datePublished":"2024-09-12T05:30:00+00:00","mainEntityOfPage":{"@id":"https:\/\/sindromecharge.es\/index.php\/2024\/09\/12\/claudia-campillo-espasmos-hemifaciales-cura-contra-abusos-sexuales\/"},"wordCount":1430,"articleSection":["noticias"],"inLanguage":"es"},{"@type":"WebPage","@id":"https:\/\/sindromecharge.es\/index.php\/2024\/09\/12\/claudia-campillo-espasmos-hemifaciales-cura-contra-abusos-sexuales\/","url":"https:\/\/sindromecharge.es\/index.php\/2024\/09\/12\/claudia-campillo-espasmos-hemifaciales-cura-contra-abusos-sexuales\/","name":"Claudia Campillo, tras la cura de sus espasmos hemifaciales y contra los abusos sexuales a menores - Asociaci\u00f3n Espa\u00f1ola S\u00edndrome de Charge","isPartOf":{"@id":"https:\/\/sindromecharge.es\/#website"},"datePublished":"2024-09-12T05:30:00+00:00","author":{"@id":"https:\/\/sindromecharge.es\/#\/schema\/person\/39a60ebe0a2b4d5a11179701e336b039"},"breadcrumb":{"@id":"https:\/\/sindromecharge.es\/index.php\/2024\/09\/12\/claudia-campillo-espasmos-hemifaciales-cura-contra-abusos-sexuales\/#breadcrumb"},"inLanguage":"es","potentialAction":[{"@type":"ReadAction","target":["https:\/\/sindromecharge.es\/index.php\/2024\/09\/12\/claudia-campillo-espasmos-hemifaciales-cura-contra-abusos-sexuales\/"]}]},{"@type":"BreadcrumbList","@id":"https:\/\/sindromecharge.es\/index.php\/2024\/09\/12\/claudia-campillo-espasmos-hemifaciales-cura-contra-abusos-sexuales\/#breadcrumb","itemListElement":[{"@type":"ListItem","position":1,"name":"Portada","item":"https:\/\/sindromecharge.es\/"},{"@type":"ListItem","position":2,"name":"Claudia Campillo, tras la cura de sus espasmos hemifaciales y contra los abusos sexuales a menores"}]},{"@type":"WebSite","@id":"https:\/\/sindromecharge.es\/#website","url":"https:\/\/sindromecharge.es\/","name":"Asociaci\u00f3n Espa\u00f1ola S\u00edndrome de Charge","description":"","potentialAction":[{"@type":"SearchAction","target":{"@type":"EntryPoint","urlTemplate":"https:\/\/sindromecharge.es\/?s={search_term_string}"},"query-input":{"@type":"PropertyValueSpecification","valueRequired":true,"valueName":"search_term_string"}}],"inLanguage":"es"},{"@type":"Person","@id":"https:\/\/sindromecharge.es\/#\/schema\/person\/39a60ebe0a2b4d5a11179701e336b039","name":"Charge","image":{"@type":"ImageObject","inLanguage":"es","@id":"https:\/\/secure.gravatar.com\/avatar\/c3b46e32a0fc3b093a0873fb767bf3293de856293065e84ef06b7ec7a8acfb98?s=96&d=identicon&r=x","url":"https:\/\/secure.gravatar.com\/avatar\/c3b46e32a0fc3b093a0873fb767bf3293de856293065e84ef06b7ec7a8acfb98?s=96&d=identicon&r=x","contentUrl":"https:\/\/secure.gravatar.com\/avatar\/c3b46e32a0fc3b093a0873fb767bf3293de856293065e84ef06b7ec7a8acfb98?s=96&d=identicon&r=x","caption":"Charge"},"url":"https:\/\/sindromecharge.es\/index.php\/author\/admin\/"}]}},"_links":{"self":[{"href":"https:\/\/sindromecharge.es\/index.php\/wp-json\/wp\/v2\/posts\/10301","targetHints":{"allow":["GET"]}}],"collection":[{"href":"https:\/\/sindromecharge.es\/index.php\/wp-json\/wp\/v2\/posts"}],"about":[{"href":"https:\/\/sindromecharge.es\/index.php\/wp-json\/wp\/v2\/types\/post"}],"author":[{"embeddable":true,"href":"https:\/\/sindromecharge.es\/index.php\/wp-json\/wp\/v2\/users\/1"}],"replies":[{"embeddable":true,"href":"https:\/\/sindromecharge.es\/index.php\/wp-json\/wp\/v2\/comments?post=10301"}],"version-history":[{"count":0,"href":"https:\/\/sindromecharge.es\/index.php\/wp-json\/wp\/v2\/posts\/10301\/revisions"}],"wp:attachment":[{"href":"https:\/\/sindromecharge.es\/index.php\/wp-json\/wp\/v2\/media?parent=10301"}],"wp:term":[{"taxonomy":"category","embeddable":true,"href":"https:\/\/sindromecharge.es\/index.php\/wp-json\/wp\/v2\/categories?post=10301"},{"taxonomy":"post_tag","embeddable":true,"href":"https:\/\/sindromecharge.es\/index.php\/wp-json\/wp\/v2\/tags?post=10301"}],"curies":[{"name":"wp","href":"https:\/\/api.w.org\/{rel}","templated":true}]}}