{"id":10300,"date":"2024-09-11T05:38:37","date_gmt":"2024-09-11T05:38:37","guid":{"rendered":"https:\/\/sindromecharge.es\/index.php\/2024\/09\/11\/aaron-moraton-violinista-con-autismo-musica-me-ayuda-hacer-nuevos-amigos\/"},"modified":"2024-09-11T05:38:37","modified_gmt":"2024-09-11T05:38:37","slug":"aaron-moraton-violinista-con-autismo-musica-me-ayuda-hacer-nuevos-amigos","status":"publish","type":"post","link":"https:\/\/sindromecharge.es\/index.php\/2024\/09\/11\/aaron-moraton-violinista-con-autismo-musica-me-ayuda-hacer-nuevos-amigos\/","title":{"rendered":"Aaron Morat\u00f3n, violinista con autismo: \u00abLa m\u00fasica me ayuda a hacer nuevos amigos\u00bb"},"content":{"rendered":"<p>Leemos en Discapacidad la siguiente noticia que os reproducimos de forma \u00edntegra: <\/p>\n<div>\n<p><b>Aaron Morat\u00f3n tiene 11 a\u00f1os, <a href=\"https:\/\/www.20minutos.es\/minuteca\/autismo\/\" title=\"Autismo\" target=\"_blank\" rel=\"noopener\">autismo<\/a><\/b>, trastorno de d\u00e9ficit de atenci\u00f3n y una cardiopat\u00eda cong\u00e9nita, pero nada de eso ha impedido que se haya convertido, ya a su corta edad, en un estupendo violinista.<\/p>\n<p>Con solo dos a\u00f1os empez\u00f3 a estudiar m\u00fasica en una academia y desde hace dos a\u00f1os estudia en el <b>Conservatorio de Murcia<\/b>, donde va a empezar a primero de profesional, \u00abmi padre es m\u00fasico, es pianista, pero nunca me ha querido dar clases porque dice que no quiere ser padre y profesor al mismo tiempo\u00bb, dice sincero Aaron.<\/p>\n<p>Sus padres, especialmente<b> su padre, Javier<\/b>, por su profesi\u00f3n, no pueden estar m\u00e1s orgullosos de lo que su hijo ha conseguido a tan corta edad y muy agradecido a todos los que le han ayudado y puesto las cosas un poco m\u00e1s f\u00e1ciles.<\/p>\n<p>En el conservatorio, por ejemplo, como cuenta Javier, a pesar de no ser una ense\u00f1anza obligatoria, se ha volcado desde el principio, \u00aben cuanto se enteraron de que Aaron ten\u00eda TEA 1, nos llamaron para ver en qu\u00e9 pod\u00edan ayudarlo y si necesitaba alguna adaptaci\u00f3n. La verdad es que para<b> la m\u00fasica <\/b>no porque <b>se le da muy bien<\/b>, pero s\u00ed para realizar alguna prueba te\u00f3rica, y lo hemos agradecido mucho\u00bb, asegura.<\/p>\n<p>Este apoyo contrasta con el del colegio, \u00aben el conservatorio mis profesores siempre me han apoyado bastante, incluso me han adaptado mucho las pruebas de acceso, pero no ha sido as\u00ed en el colegio, donde he necesitado refuerzo, pero no me ha servido para gran cosa, no me han apoyado mucho\u00bb, se queja Aaron, que este a\u00f1o empieza <b>primero de la ESO.<\/b><\/p>\n<p>Aaron ha recibido, adem\u00e1s, por segundo a\u00f1o consecutivo, una <b>beca Superarte, de la Fundaci\u00f3n Sifu<\/b>, que le ha ayudado mucho a complementar su formaci\u00f3n musical.<\/p>\n<h1>De mayor me gustar\u00eda ser violinista, estar en una orquesta muy grande, ser profesor de viol\u00edn&#8230;<\/h1>\n<h2>Un virtuoso antes de ir al instituto<\/h2>\n<p>Aaron, como reconoce su padre, tiene alg\u00fan problema de atenci\u00f3n y problemas para <b>relacionarse a nivel social<\/b>, aspectos en los que el viol\u00edn le ayuda mucho, \u00abcomo la m\u00fasica siempre ha estado presente en casa, no es algo que hayamos planteado con un fin de mejorar sus capacidades, pero con el tiempo nos hemos dado cuenta de que <b>es una parte vital para \u00e9l<\/b>, y que le favorece en muchos aspectos, sobre todo a nivel social. Y tambi\u00e9n, por ejemplo, le ayuda a organizarse, en mejorar su funci\u00f3n ejecutiva, la m\u00fasica le ayuda a estudiar, a aceptar mejor las cosas improvisadas, las aglomeraciones\u2026\u00bb.<\/p>\n<p>Sin embargo, Javier cree que, por encima de todo, le aporta felicidad, \u00abcada vez que toca, <b>la alegr\u00eda que desprende es tan evidente<\/b>\u2026\u00bb. Por eso, en ning\u00fan momento dudaron en apoyarlo en cada uno de los pasos que ha dado, que han sido muchos \u00abpara m\u00ed la m\u00fasica lo es todo. Para m\u00ed es una forma de relajarme, entretenerme\u2026 de mayor me gustar\u00eda ser violinista, estar en una orquesta muy grande, ser profesor de viol\u00edn\u2026\u00bb<\/p>\n<p>De momento, va por el buen camino, pues lo que ha conseguido hasta ahora es incre\u00edble para un chico de su edad. Est\u00e1 en <b>1\u00ba de profesional en la especialidad de viol\u00edn<\/b>, en la Orquesta de J\u00f3venes Talentos de Cartagena -en la que no suelen coger a ni\u00f1os menores de 12 a\u00f1os- y ha sido admitido en el programa junior de la ESMUC (<b>Escuela Superior de M\u00fasica de Catalunya<\/b>).<\/p>\n<p>Adem\u00e1s, ha podido recibir una formaci\u00f3n complementaria gracias a la Beca SuperArte, del grupo SIFU y Agbar, \u00abeste a\u00f1o he podido ir a Vigo a hacer una formaci\u00f3n muy especial especializada en m\u00fasica hind\u00fa\u00bb, nos cuenta. Se trata de una formaci\u00f3n que va all\u00e1 de lo acad\u00e9mico, pues ha permitido a Aaron dar muchos pasos a nivel de autonom\u00eda, \u00abme acompa\u00f1\u00f3 una persona de Sifu, pero<b> me siento muy orgulloso<\/b> de haber ido porque he tenido que apa\u00f1\u00e1rmelas solo durante una semana. Adem\u00e1s, <b>he hecho muchos amigos<\/b>\u00ab. <\/p>\n<p>\u00abHa sido su primera semana solo, se las ha tenido que apa\u00f1ar para muchas cosas\u00bb, quiere recalcar su padre, \u00aba nivel musical le ha servido de mucho, pero tambi\u00e9n le ha ayudado a nivel de independencia. Es una maravilla que haya tenido est\u00e1 oportunidad con Sifu, que le est\u00e1 apoyando mucho, porque a lo mejor de otra manera no podr\u00edamos haber hecho\u00bb. <\/p>\n<p>Y es que, no hay nada como una buena motivaci\u00f3n para superar barreras, y, sin duda, a Aaron la m\u00fasica la ayuda a superar algunas de las barreras que le pone el autismo, \u201cla m\u00fasica me ayuda a hacer nuevos amigos\u201d, asegura, algo que su padre corrobora, \u00abel hecho de encontrarse con otros alumnos con sus mismos intereses, aunque sean mayores, hace que <b>mejore mucho a nivel social<\/b>\u00ab, a\u00f1ade Javier.<\/p>\n<h2>Muchos sue\u00f1os por cumplir<\/h2>\n<p>Aunque es consciente de su juventud, Aaron tiene bastante claro lo que quiere hacer en la vida, \u00abvoy a seguir estudiando viol\u00edn y seguir present\u00e1ndome a concursos, tanto en Murcia como fuera, y ojal\u00e1 alg\u00fan d\u00eda pudiera formarme en otro pa\u00eds. S\u00e9 que a\u00fan soy muy peque\u00f1o, pero <b>me gustar\u00eda ser solista y tocar en grandes orquestas<\/b>. Mi sue\u00f1o es poder dedicarme profesionalmente en la m\u00fasica\u00bb, dice convencido.<\/p>\n<h1>S\u00e9 que tengo mucho trabajo por delante, pero no me importa, me gusta mucho lo que hago, estoy cumpliendo mi sue\u00f1o<\/h1>\n<p>Talento y ganas no le faltan, y apoyo de su familia, tampoco, \u00abtanto su madre como yo estamos superorgullosos, pero en mi caso, que adem\u00e1s soy m\u00fasico, \u00a1imag\u00ednate! Cuando ves el nivel que tiene y todo lo que ha superado, que en muchos casos es muy dif\u00edcil, es un orgullo, sin duda. Lo apoyamos todo en casa, incluso su hermana de seis a\u00f1os, que toca el piano, no se pierde ni un concierto de su hermano\u00bb.<\/p>\n<p>De momento, Aaron tiene el oto\u00f1o completo, algo que asume encantado, !el 30 de septiembre actuamos en el teatro Caser de Madrid y en noviembre en <b>el Liceu de Barcelona<\/b>. Tengo mucho trabajo por delante, pero no me importa, porque me gusta mucho lo que hago, estoy cumpliendo mi sue\u00f1o\u00bb, asegura con entusiasmo. <\/p>\n<\/div>\n<p>Fuente: Discapacidad https:\/\/www.20minutos.es\/noticia\/5631949\/0\/aaron-moraton-violinista-con-autismo-musica-me-ayuda-hacer-nuevos-amigos\/<\/p>\n","protected":false},"excerpt":{"rendered":"<p>Aaron Morat\u00f3n tiene 11 a\u00f1os, TEA, trastorno de d\u00e9ficit de atenci\u00f3n y una cardiopat\u00eda cong\u00e9nita, pero nada de eso ha impedido que se haya convertido, ya&#8230;<\/p>\n","protected":false},"author":1,"featured_media":0,"comment_status":"closed","ping_status":"closed","sticky":false,"template":"","format":"standard","meta":{"footnotes":""},"categories":[8],"tags":[],"class_list":["post-10300","post","type-post","status-publish","format-standard","hentry","category-noticias"],"yoast_head":"<!-- This site is optimized with the Yoast SEO plugin v27.5 - https:\/\/yoast.com\/product\/yoast-seo-wordpress\/ -->\n<title>Aaron Morat\u00f3n, violinista con autismo: &quot;La m\u00fasica me ayuda a hacer nuevos amigos&quot; - Asociaci\u00f3n Espa\u00f1ola S\u00edndrome de Charge<\/title>\n<meta name=\"robots\" content=\"index, follow, max-snippet:-1, max-image-preview:large, max-video-preview:-1\" \/>\n<link rel=\"canonical\" href=\"https:\/\/sindromecharge.es\/index.php\/2024\/09\/11\/aaron-moraton-violinista-con-autismo-musica-me-ayuda-hacer-nuevos-amigos\/\" \/>\n<meta property=\"og:locale\" content=\"es_ES\" \/>\n<meta property=\"og:type\" content=\"article\" \/>\n<meta property=\"og:title\" content=\"Aaron Morat\u00f3n, violinista con autismo: &quot;La m\u00fasica me ayuda a hacer nuevos amigos&quot; - Asociaci\u00f3n Espa\u00f1ola S\u00edndrome de Charge\" \/>\n<meta property=\"og:description\" content=\"Aaron Morat\u00f3n tiene 11 a\u00f1os, TEA, trastorno de d\u00e9ficit de atenci\u00f3n y una cardiopat\u00eda cong\u00e9nita, pero nada de eso ha impedido que se haya convertido, ya&#8230;\" \/>\n<meta property=\"og:url\" content=\"https:\/\/sindromecharge.es\/index.php\/2024\/09\/11\/aaron-moraton-violinista-con-autismo-musica-me-ayuda-hacer-nuevos-amigos\/\" \/>\n<meta property=\"og:site_name\" content=\"Asociaci\u00f3n Espa\u00f1ola S\u00edndrome de Charge\" \/>\n<meta property=\"article:publisher\" content=\"https:\/\/www.facebook.com\/asociacionsindromecharge\" \/>\n<meta property=\"article:published_time\" content=\"2024-09-11T05:38:37+00:00\" \/>\n<meta property=\"og:image\" content=\"https:\/\/sindromecharge.es\/wp-content\/uploads\/2013\/09\/logodecharge300x98.png\" \/>\n\t<meta property=\"og:image:width\" content=\"300\" \/>\n\t<meta property=\"og:image:height\" content=\"98\" \/>\n\t<meta property=\"og:image:type\" content=\"image\/png\" \/>\n<meta name=\"author\" content=\"Charge\" \/>\n<meta name=\"twitter:card\" content=\"summary_large_image\" \/>\n<meta name=\"twitter:creator\" content=\"@sindromecharge\" \/>\n<meta name=\"twitter:site\" content=\"@sindromecharge\" \/>\n<meta name=\"twitter:label1\" content=\"Escrito por\" \/>\n\t<meta name=\"twitter:data1\" content=\"Charge\" \/>\n\t<meta name=\"twitter:label2\" content=\"Tiempo de lectura\" \/>\n\t<meta name=\"twitter:data2\" content=\"5 minutos\" \/>\n<script type=\"application\/ld+json\" class=\"yoast-schema-graph\">{\"@context\":\"https:\\\/\\\/schema.org\",\"@graph\":[{\"@type\":\"Article\",\"@id\":\"https:\\\/\\\/sindromecharge.es\\\/index.php\\\/2024\\\/09\\\/11\\\/aaron-moraton-violinista-con-autismo-musica-me-ayuda-hacer-nuevos-amigos\\\/#article\",\"isPartOf\":{\"@id\":\"https:\\\/\\\/sindromecharge.es\\\/index.php\\\/2024\\\/09\\\/11\\\/aaron-moraton-violinista-con-autismo-musica-me-ayuda-hacer-nuevos-amigos\\\/\"},\"author\":{\"name\":\"Charge\",\"@id\":\"https:\\\/\\\/sindromecharge.es\\\/#\\\/schema\\\/person\\\/39a60ebe0a2b4d5a11179701e336b039\"},\"headline\":\"Aaron Morat\u00f3n, violinista con autismo: \u00abLa m\u00fasica me ayuda a hacer nuevos amigos\u00bb\",\"datePublished\":\"2024-09-11T05:38:37+00:00\",\"mainEntityOfPage\":{\"@id\":\"https:\\\/\\\/sindromecharge.es\\\/index.php\\\/2024\\\/09\\\/11\\\/aaron-moraton-violinista-con-autismo-musica-me-ayuda-hacer-nuevos-amigos\\\/\"},\"wordCount\":1116,\"articleSection\":[\"noticias\"],\"inLanguage\":\"es\"},{\"@type\":\"WebPage\",\"@id\":\"https:\\\/\\\/sindromecharge.es\\\/index.php\\\/2024\\\/09\\\/11\\\/aaron-moraton-violinista-con-autismo-musica-me-ayuda-hacer-nuevos-amigos\\\/\",\"url\":\"https:\\\/\\\/sindromecharge.es\\\/index.php\\\/2024\\\/09\\\/11\\\/aaron-moraton-violinista-con-autismo-musica-me-ayuda-hacer-nuevos-amigos\\\/\",\"name\":\"Aaron Morat\u00f3n, violinista con autismo: \\\"La m\u00fasica me ayuda a hacer nuevos amigos\\\" - Asociaci\u00f3n Espa\u00f1ola S\u00edndrome de Charge\",\"isPartOf\":{\"@id\":\"https:\\\/\\\/sindromecharge.es\\\/#website\"},\"datePublished\":\"2024-09-11T05:38:37+00:00\",\"author\":{\"@id\":\"https:\\\/\\\/sindromecharge.es\\\/#\\\/schema\\\/person\\\/39a60ebe0a2b4d5a11179701e336b039\"},\"breadcrumb\":{\"@id\":\"https:\\\/\\\/sindromecharge.es\\\/index.php\\\/2024\\\/09\\\/11\\\/aaron-moraton-violinista-con-autismo-musica-me-ayuda-hacer-nuevos-amigos\\\/#breadcrumb\"},\"inLanguage\":\"es\",\"potentialAction\":[{\"@type\":\"ReadAction\",\"target\":[\"https:\\\/\\\/sindromecharge.es\\\/index.php\\\/2024\\\/09\\\/11\\\/aaron-moraton-violinista-con-autismo-musica-me-ayuda-hacer-nuevos-amigos\\\/\"]}]},{\"@type\":\"BreadcrumbList\",\"@id\":\"https:\\\/\\\/sindromecharge.es\\\/index.php\\\/2024\\\/09\\\/11\\\/aaron-moraton-violinista-con-autismo-musica-me-ayuda-hacer-nuevos-amigos\\\/#breadcrumb\",\"itemListElement\":[{\"@type\":\"ListItem\",\"position\":1,\"name\":\"Portada\",\"item\":\"https:\\\/\\\/sindromecharge.es\\\/\"},{\"@type\":\"ListItem\",\"position\":2,\"name\":\"Aaron Morat\u00f3n, violinista con autismo: &#8220;La m\u00fasica me ayuda a hacer nuevos amigos&#8221;\"}]},{\"@type\":\"WebSite\",\"@id\":\"https:\\\/\\\/sindromecharge.es\\\/#website\",\"url\":\"https:\\\/\\\/sindromecharge.es\\\/\",\"name\":\"Asociaci\u00f3n Espa\u00f1ola S\u00edndrome de Charge\",\"description\":\"\",\"potentialAction\":[{\"@type\":\"SearchAction\",\"target\":{\"@type\":\"EntryPoint\",\"urlTemplate\":\"https:\\\/\\\/sindromecharge.es\\\/?s={search_term_string}\"},\"query-input\":{\"@type\":\"PropertyValueSpecification\",\"valueRequired\":true,\"valueName\":\"search_term_string\"}}],\"inLanguage\":\"es\"},{\"@type\":\"Person\",\"@id\":\"https:\\\/\\\/sindromecharge.es\\\/#\\\/schema\\\/person\\\/39a60ebe0a2b4d5a11179701e336b039\",\"name\":\"Charge\",\"image\":{\"@type\":\"ImageObject\",\"inLanguage\":\"es\",\"@id\":\"https:\\\/\\\/secure.gravatar.com\\\/avatar\\\/c3b46e32a0fc3b093a0873fb767bf3293de856293065e84ef06b7ec7a8acfb98?s=96&d=identicon&r=x\",\"url\":\"https:\\\/\\\/secure.gravatar.com\\\/avatar\\\/c3b46e32a0fc3b093a0873fb767bf3293de856293065e84ef06b7ec7a8acfb98?s=96&d=identicon&r=x\",\"contentUrl\":\"https:\\\/\\\/secure.gravatar.com\\\/avatar\\\/c3b46e32a0fc3b093a0873fb767bf3293de856293065e84ef06b7ec7a8acfb98?s=96&d=identicon&r=x\",\"caption\":\"Charge\"},\"url\":\"https:\\\/\\\/sindromecharge.es\\\/index.php\\\/author\\\/admin\\\/\"}]}<\/script>\n<!-- \/ Yoast SEO plugin. -->","yoast_head_json":{"title":"Aaron Morat\u00f3n, violinista con autismo: \"La m\u00fasica me ayuda a hacer nuevos amigos\" - Asociaci\u00f3n Espa\u00f1ola S\u00edndrome de Charge","robots":{"index":"index","follow":"follow","max-snippet":"max-snippet:-1","max-image-preview":"max-image-preview:large","max-video-preview":"max-video-preview:-1"},"canonical":"https:\/\/sindromecharge.es\/index.php\/2024\/09\/11\/aaron-moraton-violinista-con-autismo-musica-me-ayuda-hacer-nuevos-amigos\/","og_locale":"es_ES","og_type":"article","og_title":"Aaron Morat\u00f3n, violinista con autismo: \"La m\u00fasica me ayuda a hacer nuevos amigos\" - Asociaci\u00f3n Espa\u00f1ola S\u00edndrome de Charge","og_description":"Aaron Morat\u00f3n tiene 11 a\u00f1os, TEA, trastorno de d\u00e9ficit de atenci\u00f3n y una cardiopat\u00eda cong\u00e9nita, pero nada de eso ha impedido que se haya convertido, ya&#8230;","og_url":"https:\/\/sindromecharge.es\/index.php\/2024\/09\/11\/aaron-moraton-violinista-con-autismo-musica-me-ayuda-hacer-nuevos-amigos\/","og_site_name":"Asociaci\u00f3n Espa\u00f1ola S\u00edndrome de Charge","article_publisher":"https:\/\/www.facebook.com\/asociacionsindromecharge","article_published_time":"2024-09-11T05:38:37+00:00","og_image":[{"width":300,"height":98,"url":"https:\/\/sindromecharge.es\/wp-content\/uploads\/2013\/09\/logodecharge300x98.png","type":"image\/png"}],"author":"Charge","twitter_card":"summary_large_image","twitter_creator":"@sindromecharge","twitter_site":"@sindromecharge","twitter_misc":{"Escrito por":"Charge","Tiempo de lectura":"5 minutos"},"schema":{"@context":"https:\/\/schema.org","@graph":[{"@type":"Article","@id":"https:\/\/sindromecharge.es\/index.php\/2024\/09\/11\/aaron-moraton-violinista-con-autismo-musica-me-ayuda-hacer-nuevos-amigos\/#article","isPartOf":{"@id":"https:\/\/sindromecharge.es\/index.php\/2024\/09\/11\/aaron-moraton-violinista-con-autismo-musica-me-ayuda-hacer-nuevos-amigos\/"},"author":{"name":"Charge","@id":"https:\/\/sindromecharge.es\/#\/schema\/person\/39a60ebe0a2b4d5a11179701e336b039"},"headline":"Aaron Morat\u00f3n, violinista con autismo: \u00abLa m\u00fasica me ayuda a hacer nuevos amigos\u00bb","datePublished":"2024-09-11T05:38:37+00:00","mainEntityOfPage":{"@id":"https:\/\/sindromecharge.es\/index.php\/2024\/09\/11\/aaron-moraton-violinista-con-autismo-musica-me-ayuda-hacer-nuevos-amigos\/"},"wordCount":1116,"articleSection":["noticias"],"inLanguage":"es"},{"@type":"WebPage","@id":"https:\/\/sindromecharge.es\/index.php\/2024\/09\/11\/aaron-moraton-violinista-con-autismo-musica-me-ayuda-hacer-nuevos-amigos\/","url":"https:\/\/sindromecharge.es\/index.php\/2024\/09\/11\/aaron-moraton-violinista-con-autismo-musica-me-ayuda-hacer-nuevos-amigos\/","name":"Aaron Morat\u00f3n, violinista con autismo: \"La m\u00fasica me ayuda a hacer nuevos amigos\" - Asociaci\u00f3n Espa\u00f1ola S\u00edndrome de Charge","isPartOf":{"@id":"https:\/\/sindromecharge.es\/#website"},"datePublished":"2024-09-11T05:38:37+00:00","author":{"@id":"https:\/\/sindromecharge.es\/#\/schema\/person\/39a60ebe0a2b4d5a11179701e336b039"},"breadcrumb":{"@id":"https:\/\/sindromecharge.es\/index.php\/2024\/09\/11\/aaron-moraton-violinista-con-autismo-musica-me-ayuda-hacer-nuevos-amigos\/#breadcrumb"},"inLanguage":"es","potentialAction":[{"@type":"ReadAction","target":["https:\/\/sindromecharge.es\/index.php\/2024\/09\/11\/aaron-moraton-violinista-con-autismo-musica-me-ayuda-hacer-nuevos-amigos\/"]}]},{"@type":"BreadcrumbList","@id":"https:\/\/sindromecharge.es\/index.php\/2024\/09\/11\/aaron-moraton-violinista-con-autismo-musica-me-ayuda-hacer-nuevos-amigos\/#breadcrumb","itemListElement":[{"@type":"ListItem","position":1,"name":"Portada","item":"https:\/\/sindromecharge.es\/"},{"@type":"ListItem","position":2,"name":"Aaron Morat\u00f3n, violinista con autismo: &#8220;La m\u00fasica me ayuda a hacer nuevos amigos&#8221;"}]},{"@type":"WebSite","@id":"https:\/\/sindromecharge.es\/#website","url":"https:\/\/sindromecharge.es\/","name":"Asociaci\u00f3n Espa\u00f1ola S\u00edndrome de Charge","description":"","potentialAction":[{"@type":"SearchAction","target":{"@type":"EntryPoint","urlTemplate":"https:\/\/sindromecharge.es\/?s={search_term_string}"},"query-input":{"@type":"PropertyValueSpecification","valueRequired":true,"valueName":"search_term_string"}}],"inLanguage":"es"},{"@type":"Person","@id":"https:\/\/sindromecharge.es\/#\/schema\/person\/39a60ebe0a2b4d5a11179701e336b039","name":"Charge","image":{"@type":"ImageObject","inLanguage":"es","@id":"https:\/\/secure.gravatar.com\/avatar\/c3b46e32a0fc3b093a0873fb767bf3293de856293065e84ef06b7ec7a8acfb98?s=96&d=identicon&r=x","url":"https:\/\/secure.gravatar.com\/avatar\/c3b46e32a0fc3b093a0873fb767bf3293de856293065e84ef06b7ec7a8acfb98?s=96&d=identicon&r=x","contentUrl":"https:\/\/secure.gravatar.com\/avatar\/c3b46e32a0fc3b093a0873fb767bf3293de856293065e84ef06b7ec7a8acfb98?s=96&d=identicon&r=x","caption":"Charge"},"url":"https:\/\/sindromecharge.es\/index.php\/author\/admin\/"}]}},"_links":{"self":[{"href":"https:\/\/sindromecharge.es\/index.php\/wp-json\/wp\/v2\/posts\/10300","targetHints":{"allow":["GET"]}}],"collection":[{"href":"https:\/\/sindromecharge.es\/index.php\/wp-json\/wp\/v2\/posts"}],"about":[{"href":"https:\/\/sindromecharge.es\/index.php\/wp-json\/wp\/v2\/types\/post"}],"author":[{"embeddable":true,"href":"https:\/\/sindromecharge.es\/index.php\/wp-json\/wp\/v2\/users\/1"}],"replies":[{"embeddable":true,"href":"https:\/\/sindromecharge.es\/index.php\/wp-json\/wp\/v2\/comments?post=10300"}],"version-history":[{"count":0,"href":"https:\/\/sindromecharge.es\/index.php\/wp-json\/wp\/v2\/posts\/10300\/revisions"}],"wp:attachment":[{"href":"https:\/\/sindromecharge.es\/index.php\/wp-json\/wp\/v2\/media?parent=10300"}],"wp:term":[{"taxonomy":"category","embeddable":true,"href":"https:\/\/sindromecharge.es\/index.php\/wp-json\/wp\/v2\/categories?post=10300"},{"taxonomy":"post_tag","embeddable":true,"href":"https:\/\/sindromecharge.es\/index.php\/wp-json\/wp\/v2\/tags?post=10300"}],"curies":[{"name":"wp","href":"https:\/\/api.w.org\/{rel}","templated":true}]}}