{"id":10299,"date":"2024-09-10T12:24:19","date_gmt":"2024-09-10T12:24:19","guid":{"rendered":"https:\/\/sindromecharge.es\/index.php\/2024\/09\/10\/carlitos-muestra-del-amor-mas-puro-y-real\/"},"modified":"2024-09-10T12:24:19","modified_gmt":"2024-09-10T12:24:19","slug":"carlitos-muestra-del-amor-mas-puro-y-real","status":"publish","type":"post","link":"https:\/\/sindromecharge.es\/index.php\/2024\/09\/10\/carlitos-muestra-del-amor-mas-puro-y-real\/","title":{"rendered":"Carlitos, muestra del amor m\u00e1s puro y real"},"content":{"rendered":"<p>Leemos en Menudos Corazones la siguiente noticia que os reproducimos de forma \u00edntegra: <\/p>\n<div>\n<p>Patricia comparte la historia de su hijo <strong>Carlitos, de cuatro a\u00f1os: un superguerrero que lleg\u00f3 a su vida para mostrarles \u00abel amor m\u00e1s puro y real\u00bb,<\/strong> asegura. Despu\u00e9s de conocer a Menudos Corazones a trav\u00e9s de las redes sociales, traz\u00f3 una <strong>genuina amistad con otras madres de peques con cardiopat\u00edas cong\u00e9nitas<\/strong> y tiene claro que, \u00abcuando se pasa algo tan doloroso, es maravilloso poder ayudarnos\u00bb.<\/p>\n<figure id=\"attachment_40108\" aria-describedby=\"caption-attachment-40108\" style=\"width: 683px\" class=\"wp-caption aligncenter\"><img fetchpriority=\"high\" decoding=\"async\" class=\"size-large wp-image-40108\" src=\"https:\/\/www.menudoscorazones.org\/wp-content\/uploads\/2024\/09\/Carlitos-y-Patricia-683x1024.jpg\" alt=\"Carlitos, reci\u00e9n nacido, y Patricia.\" width=\"683\" height=\"1024\" srcset=\"https:\/\/www.menudoscorazones.org\/wp-content\/uploads\/2024\/09\/Carlitos-y-Patricia-683x1024.jpg 683w, https:\/\/www.menudoscorazones.org\/wp-content\/uploads\/2024\/09\/Carlitos-y-Patricia-200x300.jpg 200w, https:\/\/www.menudoscorazones.org\/wp-content\/uploads\/2024\/09\/Carlitos-y-Patricia-768x1152.jpg 768w, https:\/\/www.menudoscorazones.org\/wp-content\/uploads\/2024\/09\/Carlitos-y-Patricia-1024x1536.jpg 1024w, https:\/\/www.menudoscorazones.org\/wp-content\/uploads\/2024\/09\/Carlitos-y-Patricia-655x983.jpg 655w, https:\/\/www.menudoscorazones.org\/wp-content\/uploads\/2024\/09\/Carlitos-y-Patricia.jpg 1080w\" sizes=\"(max-width: 683px) 100vw, 683px\"><figcaption id=\"caption-attachment-40108\" class=\"wp-caption-text\">Carlitos, reci\u00e9n nacido, y Patricia.<\/figcaption><\/figure>\n<p>Soy Patricia, la mam\u00e1 de Carlitos. Cuando me qued\u00e9 embarazada de \u00e9l, est\u00e1bamos en plena pandemia y me iban cancelando muchas citas de seguimiento. <strong>Aunque me vieron poco para lo que suele ser habitual, aparentemente todo iba bien.<\/strong> Era un ni\u00f1o muy deseado y nunca pensamos que pasar\u00edamos por todo lo que os voy a contar.<\/p>\n<figure id=\"attachment_40109\" aria-describedby=\"caption-attachment-40109\" style=\"width: 702px\" class=\"wp-caption aligncenter\"><img loading=\"lazy\" decoding=\"async\" class=\"size-large wp-image-40109\" src=\"https:\/\/www.menudoscorazones.org\/wp-content\/uploads\/2024\/09\/Patricia-y-su-marido-1024x683.png\" alt=\"Durante el embarazo, no se sospech\u00f3 que Carlitos ten\u00eda cardiopat\u00edas cong\u00e9nitas.\" width=\"702\" height=\"468\" srcset=\"https:\/\/www.menudoscorazones.org\/wp-content\/uploads\/2024\/09\/Patricia-y-su-marido-1024x683.png 1024w, https:\/\/www.menudoscorazones.org\/wp-content\/uploads\/2024\/09\/Patricia-y-su-marido-300x200.png 300w, https:\/\/www.menudoscorazones.org\/wp-content\/uploads\/2024\/09\/Patricia-y-su-marido-768x512.png 768w, https:\/\/www.menudoscorazones.org\/wp-content\/uploads\/2024\/09\/Patricia-y-su-marido-655x437.png 655w, https:\/\/www.menudoscorazones.org\/wp-content\/uploads\/2024\/09\/Patricia-y-su-marido.png 1080w\" sizes=\"auto, (max-width: 702px) 100vw, 702px\"><figcaption id=\"caption-attachment-40109\" class=\"wp-caption-text\">El diagn\u00f3stico de las cardiopat\u00edas cong\u00e9nitas de Carlitos lleg\u00f3 de manera inesperada al poco de nacer.<\/figcaption><\/figure>\n<p>Di a luz un 29 de agosto de 2020. Tras un parto completamente normal, <strong>Carlitos lleg\u00f3 a nuestras vidas para ense\u00f1arnos el amor m\u00e1s puro y real.<\/strong><\/p>\n<p>Al d\u00eda siguiente, a eso de las 13:30, me di cuenta de que estaba como un poco <strong><a href=\"https:\/\/www.menudoscorazones.org\/2020\/10-claves-sobre-las-cardiopatias-congenitas-que-debes-conocer\/\">azulado<\/a> la zona de su bigote y el entrecejo.<\/strong> Vino la pediatra y me pregunt\u00f3 cu\u00e1nto tiempo llevaba as\u00ed, con ese color\u2026 No me dio tiempo a responderle cuando <strong>se lo llev\u00f3 en brazos corriendo y buscando una cuna para ponerle ox\u00edgeno<\/strong>. Vi a la doctora pasar a toda prisa y mi marido, Carlos, se fue detr\u00e1s.<\/p>\n<p>Al cabo de un par de horas sin saber nada, entr\u00f3 mi marido en la habitaci\u00f3n con un mont\u00f3n de papeles. <strong>Me dijo que ten\u00edan que operar a nuestro ni\u00f1o de coraz\u00f3n.<\/strong> Hab\u00eda que hacer transposici\u00f3n de grandes arterias,\u00a0cierre de comunicaci\u00f3n interventricular (CIV) y de comunicaci\u00f3n interauricular (CIA)\u2026 <a href=\"https:\/\/www.menudoscorazones.org\/cardiopatias-congenitas\/recursos\/como-te-sientes-al-recibir-la-noticia-del-diagnostico-de-una-cardiopatia\/\">No d\u00e1bamos cr\u00e9dito<\/a> a lo que nos dec\u00edan\u00a0\u00a1y a que no hubieran visto nada antes!<\/p>\n<figure id=\"attachment_40110\" aria-describedby=\"caption-attachment-40110\" style=\"width: 805px\" class=\"wp-caption aligncenter\"><img loading=\"lazy\" decoding=\"async\" class=\"size-full wp-image-40110\" src=\"https:\/\/www.menudoscorazones.org\/wp-content\/uploads\/2024\/09\/Carlitos-y-sus-padres.png\" alt=\"Carlitos, en brazos de sus padres.\" width=\"805\" height=\"805\" srcset=\"https:\/\/www.menudoscorazones.org\/wp-content\/uploads\/2024\/09\/Carlitos-y-sus-padres.png 805w, https:\/\/www.menudoscorazones.org\/wp-content\/uploads\/2024\/09\/Carlitos-y-sus-padres-300x300.png 300w, https:\/\/www.menudoscorazones.org\/wp-content\/uploads\/2024\/09\/Carlitos-y-sus-padres-150x150.png 150w, https:\/\/www.menudoscorazones.org\/wp-content\/uploads\/2024\/09\/Carlitos-y-sus-padres-768x768.png 768w, https:\/\/www.menudoscorazones.org\/wp-content\/uploads\/2024\/09\/Carlitos-y-sus-padres-500x500.png 500w, https:\/\/www.menudoscorazones.org\/wp-content\/uploads\/2024\/09\/Carlitos-y-sus-padres-655x655.png 655w, https:\/\/www.menudoscorazones.org\/wp-content\/uploads\/2024\/09\/Carlitos-y-sus-padres-180x180.png 180w, https:\/\/www.menudoscorazones.org\/wp-content\/uploads\/2024\/09\/Carlitos-y-sus-padres-50x50.png 50w, https:\/\/www.menudoscorazones.org\/wp-content\/uploads\/2024\/09\/Carlitos-y-sus-padres-100x100.png 100w\" sizes=\"auto, (max-width: 805px) 100vw, 805px\"><figcaption id=\"caption-attachment-40110\" class=\"wp-caption-text\">Carlitos, en brazos de sus padres.<\/figcaption><\/figure>\n<p>Nos reuni\u00f3 el cirujano cardiovascular, Francisco Vera Puente, para explicarnos c\u00f3mo ser\u00eda la intervenci\u00f3n, en una semana, para que as\u00ed pudiera coger algo m\u00e1s de peso. Pero al d\u00eda siguiente nos volvi\u00f3 a reunir: \u201cHay que operarle ma\u00f1ana\u201d; <strong>Carlitos y su peque\u00f1o coraz\u00f3n no pod\u00edan esperar,<\/strong> eso fue lo que nos dijo.\u00a0Hab\u00eda un quir\u00f3fano libre para primera hora.<\/p>\n<p>La operaci\u00f3n dur\u00f3 desde las 9 hasta las 18:00. <strong>Fue todo un \u00e9xito.<\/strong>\u00a0Lo prepararon y lo subieron a la UCI de pediatr\u00eda, donde nos dejaron verlo. Primero entr\u00f3 mi marido y despu\u00e9s entr\u00e9 yo, <strong>solo pudimos estar 5 minutos<\/strong> porque al encontrarse en la zona de pacientes cr\u00edticos ten\u00edamos horario de visita y ya hab\u00eda pasado.<\/p>\n<p>A la ma\u00f1ana siguiente volvimos. Pas\u00f3 primero mi marido, despu\u00e9s yo. Me advirtieron que no me asustara, <strong>Carlitos estaba sedado y pod\u00eda tocar su mano\u2026 Cuando puse mi mano encima de la suya, abri\u00f3 los ojos.<\/strong> Los m\u00e9dicos dijeron que no pod\u00eda ser, segu\u00eda entubado y sedado\u2026\u00a0\u00a1no daban cr\u00e9dito!<\/p>\n<figure id=\"attachment_40111\" aria-describedby=\"caption-attachment-40111\" style=\"width: 702px\" class=\"wp-caption aligncenter\"><img loading=\"lazy\" decoding=\"async\" class=\"size-large wp-image-40111\" src=\"https:\/\/www.menudoscorazones.org\/wp-content\/uploads\/2024\/09\/949-768x1024.jpeg\" alt=\"Carlitos, despu\u00e9s de su operaci\u00f3n de coraz\u00f3n, en la UCI.\" width=\"702\" height=\"936\" srcset=\"https:\/\/www.menudoscorazones.org\/wp-content\/uploads\/2024\/09\/949-768x1024.jpeg 768w, https:\/\/www.menudoscorazones.org\/wp-content\/uploads\/2024\/09\/949-225x300.jpeg 225w, https:\/\/www.menudoscorazones.org\/wp-content\/uploads\/2024\/09\/949-1152x1536.jpeg 1152w, https:\/\/www.menudoscorazones.org\/wp-content\/uploads\/2024\/09\/949-1536x2048.jpeg 1536w, https:\/\/www.menudoscorazones.org\/wp-content\/uploads\/2024\/09\/949-655x873.jpeg 655w, https:\/\/www.menudoscorazones.org\/wp-content\/uploads\/2024\/09\/949-scaled.jpeg 1920w\" sizes=\"auto, (max-width: 702px) 100vw, 702px\"><figcaption id=\"caption-attachment-40111\" class=\"wp-caption-text\">Esta es la imagen del momento en que Carlitos regal\u00f3 a su madre una mirada que nunca olvidar\u00e1.<\/figcaption><\/figure>\n<p><strong>En ese momento me di cuenta de que mi hijo iba a salir adelante.<\/strong> Nada iba a poder con \u00e9l. Si vierais los ojos con los que me miraba, vosotros tambi\u00e9n descubrir\u00edais en ellos <strong>la valent\u00eda y la fuerza<\/strong> de un superguerrero.<\/p>\n<p>Me pidieron que saliera de la habitaci\u00f3n, ya que no era posible subirle m\u00e1s la sedaci\u00f3n y su coraz\u00f3n no pod\u00eda estar tan agitado.<\/p>\n<p>Al tercer d\u00eda, le quitaron el marcapasos. Tuvo un <strong>postoperatorio complicado,<\/strong> d\u00e1bamos un paso adelante y tres hacia atr\u00e1s: l\u00edquido en los pulmones,\u00a0un co\u00e1gulo alrededor del coraz\u00f3n, una bacteria hospitalaria\u2026 <strong>Era muy duro ver a nuestro hijo lleno de cables, sufriendo, sin poder darle el pecho;<\/strong> ten\u00eda una v\u00eda en el cuello con la que deb\u00edamos tener mucho cuidado al cogerlo.<\/p>\n<figure id=\"attachment_40112\" aria-describedby=\"caption-attachment-40112\" style=\"width: 702px\" class=\"wp-caption aligncenter\"><img loading=\"lazy\" decoding=\"async\" class=\"size-large wp-image-40112\" src=\"https:\/\/www.menudoscorazones.org\/wp-content\/uploads\/2024\/09\/Carlitos-tomando-el-biberon-768x1024.png\" alt=\"Carlitos, siendo alimentado con un biber\u00f3n en la UCI.\" width=\"702\" height=\"936\" srcset=\"https:\/\/www.menudoscorazones.org\/wp-content\/uploads\/2024\/09\/Carlitos-tomando-el-biberon-768x1024.png 768w, https:\/\/www.menudoscorazones.org\/wp-content\/uploads\/2024\/09\/Carlitos-tomando-el-biberon-225x300.png 225w, https:\/\/www.menudoscorazones.org\/wp-content\/uploads\/2024\/09\/Carlitos-tomando-el-biberon-655x873.png 655w, https:\/\/www.menudoscorazones.org\/wp-content\/uploads\/2024\/09\/Carlitos-tomando-el-biberon.png 1080w\" sizes=\"auto, (max-width: 702px) 100vw, 702px\"><figcaption id=\"caption-attachment-40112\" class=\"wp-caption-text\">Carlitos, siendo alimentado con un biber\u00f3n en la UCI.<\/figcaption><\/figure>\n<p><strong>Al cabo de 32 d\u00edas, nos dieron el alta.<\/strong> Nos fuimos a casa, en Alhaur\u00edn de la Torre (M\u00e1laga), con muchas ganas de empezar nuestra <strong>preciosa y dif\u00edcil aventura: cuidar y proteger a nuestro primer hijo, un ni\u00f1o con cardiopat\u00eda cong\u00e9nita, que ha llegado para comerse el mundo.<\/strong> Nuestro espartano Carlitos.<\/p>\n<p>Actualmente, tiene <strong>4 a\u00f1os.<\/strong> Es un ni\u00f1o muy <strong>activo, cari\u00f1oso, gracioso,<\/strong> le encantan las motos, viajar, coger su bici el\u00e9ctrica, la nataci\u00f3n\u2026 Y el colegio lo lleva superbien. Es todo un amor de hijo y contin\u00faa con sus <strong>revisiones peri\u00f3dicas en el Hospital Materno-Infantil de M\u00e1laga,<\/strong> al que no podemos dejar de agradecer todo lo que hicieron, y contin\u00faan haciendo, por nuestro peque\u00f1o.<\/p>\n<figure id=\"attachment_40113\" aria-describedby=\"caption-attachment-40113\" style=\"width: 559px\" class=\"wp-caption aligncenter\"><img loading=\"lazy\" decoding=\"async\" class=\"wp-image-40113 size-large\" src=\"https:\/\/www.menudoscorazones.org\/wp-content\/uploads\/2024\/09\/20240222_164613-scaled-e1725970350667-559x1024.jpg\" alt=\"Carlitos contin\u00faa con sus revisiones peri\u00f3dicas en el hospital.\" width=\"559\" height=\"1024\" srcset=\"https:\/\/www.menudoscorazones.org\/wp-content\/uploads\/2024\/09\/20240222_164613-scaled-e1725970350667-559x1024.jpg 559w, https:\/\/www.menudoscorazones.org\/wp-content\/uploads\/2024\/09\/20240222_164613-scaled-e1725970350667-164x300.jpg 164w, https:\/\/www.menudoscorazones.org\/wp-content\/uploads\/2024\/09\/20240222_164613-scaled-e1725970350667-768x1408.jpg 768w, https:\/\/www.menudoscorazones.org\/wp-content\/uploads\/2024\/09\/20240222_164613-scaled-e1725970350667-838x1536.jpg 838w, https:\/\/www.menudoscorazones.org\/wp-content\/uploads\/2024\/09\/20240222_164613-scaled-e1725970350667-1117x2048.jpg 1117w, https:\/\/www.menudoscorazones.org\/wp-content\/uploads\/2024\/09\/20240222_164613-scaled-e1725970350667-655x1201.jpg 655w, https:\/\/www.menudoscorazones.org\/wp-content\/uploads\/2024\/09\/20240222_164613-scaled-e1725970350667.jpg 1152w\" sizes=\"auto, (max-width: 559px) 100vw, 559px\"><figcaption id=\"caption-attachment-40113\" class=\"wp-caption-text\">Carlitos, amante de las motos y de su bici, contin\u00faa con sus revisiones peri\u00f3dicas en el hospital.<\/figcaption><\/figure>\n<p><strong>Gracias a Francisco, su cirujano,<\/strong> porque por \u00e9l y por la fuerza de Carlitos hoy podemos seguir juntos; al <strong>equipo de la UCIP,<\/strong> en especial a jefe de planta, Jos\u00e9 Luis; a <strong>Raquel,<\/strong> una de las mejores pediatras y a <strong>Marina,<\/strong> una enfermera que hizo que mis d\u00edas all\u00ed fueran mucho m\u00e1s \u00abf\u00e1ciles\u00bb.<\/p>\n<p>En este tiempo, <strong>conocimos por <a href=\"https:\/\/www.instagram.com\/menudos_corazones\/\">Instagram<\/a> a Menudos Corazones.<\/strong> Esta Fundaci\u00f3n da <strong>visibilidad a lo que vivimos <\/strong>y nos da la oportunidad de <a href=\"https:\/\/www.menudoscorazones.org\/servicios\/vida-cotidiana\/\">ayudarnos unas familias a otras.<\/a> Gracias a ella, una madre de Teruel se puso en contacto conmigo porque su hijo hab\u00eda pasado por lo mismo recientemente; y, por otro lado, una muchacha de Almer\u00eda le hab\u00eda escrito a ella porque su hija, con una cardiopat\u00eda cong\u00e9nita, iba a nacer pr\u00f3ximamente en M\u00e1laga. No pod\u00edamos quedarnos de brazos cruzados y <strong>mi marido, Carlitos y yo les dimos todo nuestro apoyo.<\/strong><\/p>\n<figure id=\"attachment_40114\" aria-describedby=\"caption-attachment-40114\" style=\"width: 702px\" class=\"wp-caption aligncenter\"><img loading=\"lazy\" decoding=\"async\" class=\"wp-image-40114 size-large\" src=\"https:\/\/www.menudoscorazones.org\/wp-content\/uploads\/2024\/09\/IMG-20240228-WA0007-e1725970778945-1024x759.jpg\" alt='Carlitos, nacido con varias cardiopat\u00edas cong\u00e9nitas, ha ense\u00f1ado a sus padres \"el amor m\u00e1s puro y real\".' width=\"702\" height=\"520\" srcset=\"https:\/\/www.menudoscorazones.org\/wp-content\/uploads\/2024\/09\/IMG-20240228-WA0007-e1725970778945-1024x759.jpg 1024w, https:\/\/www.menudoscorazones.org\/wp-content\/uploads\/2024\/09\/IMG-20240228-WA0007-e1725970778945-300x223.jpg 300w, https:\/\/www.menudoscorazones.org\/wp-content\/uploads\/2024\/09\/IMG-20240228-WA0007-e1725970778945-768x570.jpg 768w, https:\/\/www.menudoscorazones.org\/wp-content\/uploads\/2024\/09\/IMG-20240228-WA0007-e1725970778945-655x486.jpg 655w, https:\/\/www.menudoscorazones.org\/wp-content\/uploads\/2024\/09\/IMG-20240228-WA0007-e1725970778945.jpg 1200w\" sizes=\"auto, (max-width: 702px) 100vw, 702px\"><figcaption id=\"caption-attachment-40114\" class=\"wp-caption-text\">Carlitos, con su familia.<\/figcaption><\/figure>\n<p><strong>Cuando se pasa algo tan doloroso, es maravilloso poder ayudarnos.<\/strong> A d\u00eda de hoy, somos 3 mamis guerreras que hemos trazado una <strong>amistad muy bonita.<\/strong> Siempre les digo que estaremos <strong>marcadas de por vida, como nuestros preciosos guerreros y guerreras.<\/strong> Ellos llevan su cicatriz por fuera y, nosotras, dentro de nuestros corazones.<\/p>\n<p>La entrada <a href=\"https:\/\/www.menudoscorazones.org\/2024\/carlitos-muestra-del-amor-mas-puro-y-real\/\">Carlitos, muestra del amor m\u00e1s puro y real<\/a> aparece primero en <a href=\"https:\/\/www.menudoscorazones.org\/\">Menudos Corazones<\/a>.<\/p>\n<\/div>\n<p>Fuente: Menudos Corazones https:\/\/www.menudoscorazones.org\/2024\/carlitos-muestra-del-amor-mas-puro-y-real\/<\/p>\n","protected":false},"excerpt":{"rendered":"<p>Patricia comparte la historia de su hijo Carlitos: un superguerrero que lleg\u00f3 a su vida para mostrarles \u00abel amor m\u00e1s puro y real\u00bb. La entrada Carlitos, muestra del amor m\u00e1s puro y real aparece primero en Menudos Corazones.<\/p>\n","protected":false},"author":1,"featured_media":0,"comment_status":"closed","ping_status":"closed","sticky":false,"template":"","format":"standard","meta":{"footnotes":""},"categories":[8],"tags":[],"class_list":["post-10299","post","type-post","status-publish","format-standard","hentry","category-noticias"],"yoast_head":"<!-- This site is optimized with the Yoast SEO plugin v27.5 - https:\/\/yoast.com\/product\/yoast-seo-wordpress\/ -->\n<title>Carlitos, muestra del amor m\u00e1s puro y real - Asociaci\u00f3n Espa\u00f1ola S\u00edndrome de Charge<\/title>\n<meta name=\"robots\" content=\"index, follow, max-snippet:-1, max-image-preview:large, max-video-preview:-1\" \/>\n<link rel=\"canonical\" href=\"https:\/\/sindromecharge.es\/index.php\/2024\/09\/10\/carlitos-muestra-del-amor-mas-puro-y-real\/\" \/>\n<meta property=\"og:locale\" content=\"es_ES\" \/>\n<meta property=\"og:type\" content=\"article\" \/>\n<meta property=\"og:title\" content=\"Carlitos, muestra del amor m\u00e1s puro y real - Asociaci\u00f3n Espa\u00f1ola S\u00edndrome de Charge\" \/>\n<meta property=\"og:description\" content=\"Patricia comparte la historia de su hijo Carlitos: un superguerrero que lleg\u00f3 a su vida para mostrarles \u00abel amor m\u00e1s puro y real\u00bb. La entrada Carlitos, muestra del amor m\u00e1s puro y real aparece primero en Menudos Corazones.\" \/>\n<meta property=\"og:url\" content=\"https:\/\/sindromecharge.es\/index.php\/2024\/09\/10\/carlitos-muestra-del-amor-mas-puro-y-real\/\" \/>\n<meta property=\"og:site_name\" content=\"Asociaci\u00f3n Espa\u00f1ola S\u00edndrome de Charge\" \/>\n<meta property=\"article:publisher\" content=\"https:\/\/www.facebook.com\/asociacionsindromecharge\" \/>\n<meta property=\"article:published_time\" content=\"2024-09-10T12:24:19+00:00\" \/>\n<meta property=\"og:image\" content=\"https:\/\/www.menudoscorazones.org\/wp-content\/uploads\/2024\/09\/Carlitos-y-Patricia-683x1024.jpg\" \/>\n<meta name=\"author\" content=\"Charge\" \/>\n<meta name=\"twitter:card\" content=\"summary_large_image\" \/>\n<meta name=\"twitter:creator\" content=\"@sindromecharge\" \/>\n<meta name=\"twitter:site\" content=\"@sindromecharge\" \/>\n<meta name=\"twitter:label1\" content=\"Escrito por\" \/>\n\t<meta name=\"twitter:data1\" content=\"Charge\" \/>\n\t<meta name=\"twitter:label2\" content=\"Tiempo de lectura\" \/>\n\t<meta name=\"twitter:data2\" content=\"6 minutos\" \/>\n<script type=\"application\/ld+json\" class=\"yoast-schema-graph\">{\"@context\":\"https:\\\/\\\/schema.org\",\"@graph\":[{\"@type\":\"Article\",\"@id\":\"https:\\\/\\\/sindromecharge.es\\\/index.php\\\/2024\\\/09\\\/10\\\/carlitos-muestra-del-amor-mas-puro-y-real\\\/#article\",\"isPartOf\":{\"@id\":\"https:\\\/\\\/sindromecharge.es\\\/index.php\\\/2024\\\/09\\\/10\\\/carlitos-muestra-del-amor-mas-puro-y-real\\\/\"},\"author\":{\"name\":\"Charge\",\"@id\":\"https:\\\/\\\/sindromecharge.es\\\/#\\\/schema\\\/person\\\/39a60ebe0a2b4d5a11179701e336b039\"},\"headline\":\"Carlitos, muestra del amor m\u00e1s puro y real\",\"datePublished\":\"2024-09-10T12:24:19+00:00\",\"mainEntityOfPage\":{\"@id\":\"https:\\\/\\\/sindromecharge.es\\\/index.php\\\/2024\\\/09\\\/10\\\/carlitos-muestra-del-amor-mas-puro-y-real\\\/\"},\"wordCount\":1109,\"image\":{\"@id\":\"https:\\\/\\\/sindromecharge.es\\\/index.php\\\/2024\\\/09\\\/10\\\/carlitos-muestra-del-amor-mas-puro-y-real\\\/#primaryimage\"},\"thumbnailUrl\":\"https:\\\/\\\/www.menudoscorazones.org\\\/wp-content\\\/uploads\\\/2024\\\/09\\\/Carlitos-y-Patricia-683x1024.jpg\",\"articleSection\":[\"noticias\"],\"inLanguage\":\"es\"},{\"@type\":\"WebPage\",\"@id\":\"https:\\\/\\\/sindromecharge.es\\\/index.php\\\/2024\\\/09\\\/10\\\/carlitos-muestra-del-amor-mas-puro-y-real\\\/\",\"url\":\"https:\\\/\\\/sindromecharge.es\\\/index.php\\\/2024\\\/09\\\/10\\\/carlitos-muestra-del-amor-mas-puro-y-real\\\/\",\"name\":\"Carlitos, muestra del amor m\u00e1s puro y real - Asociaci\u00f3n Espa\u00f1ola S\u00edndrome de Charge\",\"isPartOf\":{\"@id\":\"https:\\\/\\\/sindromecharge.es\\\/#website\"},\"primaryImageOfPage\":{\"@id\":\"https:\\\/\\\/sindromecharge.es\\\/index.php\\\/2024\\\/09\\\/10\\\/carlitos-muestra-del-amor-mas-puro-y-real\\\/#primaryimage\"},\"image\":{\"@id\":\"https:\\\/\\\/sindromecharge.es\\\/index.php\\\/2024\\\/09\\\/10\\\/carlitos-muestra-del-amor-mas-puro-y-real\\\/#primaryimage\"},\"thumbnailUrl\":\"https:\\\/\\\/www.menudoscorazones.org\\\/wp-content\\\/uploads\\\/2024\\\/09\\\/Carlitos-y-Patricia-683x1024.jpg\",\"datePublished\":\"2024-09-10T12:24:19+00:00\",\"author\":{\"@id\":\"https:\\\/\\\/sindromecharge.es\\\/#\\\/schema\\\/person\\\/39a60ebe0a2b4d5a11179701e336b039\"},\"breadcrumb\":{\"@id\":\"https:\\\/\\\/sindromecharge.es\\\/index.php\\\/2024\\\/09\\\/10\\\/carlitos-muestra-del-amor-mas-puro-y-real\\\/#breadcrumb\"},\"inLanguage\":\"es\",\"potentialAction\":[{\"@type\":\"ReadAction\",\"target\":[\"https:\\\/\\\/sindromecharge.es\\\/index.php\\\/2024\\\/09\\\/10\\\/carlitos-muestra-del-amor-mas-puro-y-real\\\/\"]}]},{\"@type\":\"ImageObject\",\"inLanguage\":\"es\",\"@id\":\"https:\\\/\\\/sindromecharge.es\\\/index.php\\\/2024\\\/09\\\/10\\\/carlitos-muestra-del-amor-mas-puro-y-real\\\/#primaryimage\",\"url\":\"https:\\\/\\\/www.menudoscorazones.org\\\/wp-content\\\/uploads\\\/2024\\\/09\\\/Carlitos-y-Patricia-683x1024.jpg\",\"contentUrl\":\"https:\\\/\\\/www.menudoscorazones.org\\\/wp-content\\\/uploads\\\/2024\\\/09\\\/Carlitos-y-Patricia-683x1024.jpg\"},{\"@type\":\"BreadcrumbList\",\"@id\":\"https:\\\/\\\/sindromecharge.es\\\/index.php\\\/2024\\\/09\\\/10\\\/carlitos-muestra-del-amor-mas-puro-y-real\\\/#breadcrumb\",\"itemListElement\":[{\"@type\":\"ListItem\",\"position\":1,\"name\":\"Portada\",\"item\":\"https:\\\/\\\/sindromecharge.es\\\/\"},{\"@type\":\"ListItem\",\"position\":2,\"name\":\"Carlitos, muestra del amor m\u00e1s puro y real\"}]},{\"@type\":\"WebSite\",\"@id\":\"https:\\\/\\\/sindromecharge.es\\\/#website\",\"url\":\"https:\\\/\\\/sindromecharge.es\\\/\",\"name\":\"Asociaci\u00f3n Espa\u00f1ola S\u00edndrome de Charge\",\"description\":\"\",\"potentialAction\":[{\"@type\":\"SearchAction\",\"target\":{\"@type\":\"EntryPoint\",\"urlTemplate\":\"https:\\\/\\\/sindromecharge.es\\\/?s={search_term_string}\"},\"query-input\":{\"@type\":\"PropertyValueSpecification\",\"valueRequired\":true,\"valueName\":\"search_term_string\"}}],\"inLanguage\":\"es\"},{\"@type\":\"Person\",\"@id\":\"https:\\\/\\\/sindromecharge.es\\\/#\\\/schema\\\/person\\\/39a60ebe0a2b4d5a11179701e336b039\",\"name\":\"Charge\",\"image\":{\"@type\":\"ImageObject\",\"inLanguage\":\"es\",\"@id\":\"https:\\\/\\\/secure.gravatar.com\\\/avatar\\\/c3b46e32a0fc3b093a0873fb767bf3293de856293065e84ef06b7ec7a8acfb98?s=96&d=identicon&r=x\",\"url\":\"https:\\\/\\\/secure.gravatar.com\\\/avatar\\\/c3b46e32a0fc3b093a0873fb767bf3293de856293065e84ef06b7ec7a8acfb98?s=96&d=identicon&r=x\",\"contentUrl\":\"https:\\\/\\\/secure.gravatar.com\\\/avatar\\\/c3b46e32a0fc3b093a0873fb767bf3293de856293065e84ef06b7ec7a8acfb98?s=96&d=identicon&r=x\",\"caption\":\"Charge\"},\"url\":\"https:\\\/\\\/sindromecharge.es\\\/index.php\\\/author\\\/admin\\\/\"}]}<\/script>\n<!-- \/ Yoast SEO plugin. -->","yoast_head_json":{"title":"Carlitos, muestra del amor m\u00e1s puro y real - Asociaci\u00f3n Espa\u00f1ola S\u00edndrome de Charge","robots":{"index":"index","follow":"follow","max-snippet":"max-snippet:-1","max-image-preview":"max-image-preview:large","max-video-preview":"max-video-preview:-1"},"canonical":"https:\/\/sindromecharge.es\/index.php\/2024\/09\/10\/carlitos-muestra-del-amor-mas-puro-y-real\/","og_locale":"es_ES","og_type":"article","og_title":"Carlitos, muestra del amor m\u00e1s puro y real - Asociaci\u00f3n Espa\u00f1ola S\u00edndrome de Charge","og_description":"Patricia comparte la historia de su hijo Carlitos: un superguerrero que lleg\u00f3 a su vida para mostrarles \u00abel amor m\u00e1s puro y real\u00bb. La entrada Carlitos, muestra del amor m\u00e1s puro y real aparece primero en Menudos Corazones.","og_url":"https:\/\/sindromecharge.es\/index.php\/2024\/09\/10\/carlitos-muestra-del-amor-mas-puro-y-real\/","og_site_name":"Asociaci\u00f3n Espa\u00f1ola S\u00edndrome de Charge","article_publisher":"https:\/\/www.facebook.com\/asociacionsindromecharge","article_published_time":"2024-09-10T12:24:19+00:00","og_image":[{"url":"https:\/\/www.menudoscorazones.org\/wp-content\/uploads\/2024\/09\/Carlitos-y-Patricia-683x1024.jpg","type":"","width":"","height":""}],"author":"Charge","twitter_card":"summary_large_image","twitter_creator":"@sindromecharge","twitter_site":"@sindromecharge","twitter_misc":{"Escrito por":"Charge","Tiempo de lectura":"6 minutos"},"schema":{"@context":"https:\/\/schema.org","@graph":[{"@type":"Article","@id":"https:\/\/sindromecharge.es\/index.php\/2024\/09\/10\/carlitos-muestra-del-amor-mas-puro-y-real\/#article","isPartOf":{"@id":"https:\/\/sindromecharge.es\/index.php\/2024\/09\/10\/carlitos-muestra-del-amor-mas-puro-y-real\/"},"author":{"name":"Charge","@id":"https:\/\/sindromecharge.es\/#\/schema\/person\/39a60ebe0a2b4d5a11179701e336b039"},"headline":"Carlitos, muestra del amor m\u00e1s puro y real","datePublished":"2024-09-10T12:24:19+00:00","mainEntityOfPage":{"@id":"https:\/\/sindromecharge.es\/index.php\/2024\/09\/10\/carlitos-muestra-del-amor-mas-puro-y-real\/"},"wordCount":1109,"image":{"@id":"https:\/\/sindromecharge.es\/index.php\/2024\/09\/10\/carlitos-muestra-del-amor-mas-puro-y-real\/#primaryimage"},"thumbnailUrl":"https:\/\/www.menudoscorazones.org\/wp-content\/uploads\/2024\/09\/Carlitos-y-Patricia-683x1024.jpg","articleSection":["noticias"],"inLanguage":"es"},{"@type":"WebPage","@id":"https:\/\/sindromecharge.es\/index.php\/2024\/09\/10\/carlitos-muestra-del-amor-mas-puro-y-real\/","url":"https:\/\/sindromecharge.es\/index.php\/2024\/09\/10\/carlitos-muestra-del-amor-mas-puro-y-real\/","name":"Carlitos, muestra del amor m\u00e1s puro y real - Asociaci\u00f3n Espa\u00f1ola S\u00edndrome de Charge","isPartOf":{"@id":"https:\/\/sindromecharge.es\/#website"},"primaryImageOfPage":{"@id":"https:\/\/sindromecharge.es\/index.php\/2024\/09\/10\/carlitos-muestra-del-amor-mas-puro-y-real\/#primaryimage"},"image":{"@id":"https:\/\/sindromecharge.es\/index.php\/2024\/09\/10\/carlitos-muestra-del-amor-mas-puro-y-real\/#primaryimage"},"thumbnailUrl":"https:\/\/www.menudoscorazones.org\/wp-content\/uploads\/2024\/09\/Carlitos-y-Patricia-683x1024.jpg","datePublished":"2024-09-10T12:24:19+00:00","author":{"@id":"https:\/\/sindromecharge.es\/#\/schema\/person\/39a60ebe0a2b4d5a11179701e336b039"},"breadcrumb":{"@id":"https:\/\/sindromecharge.es\/index.php\/2024\/09\/10\/carlitos-muestra-del-amor-mas-puro-y-real\/#breadcrumb"},"inLanguage":"es","potentialAction":[{"@type":"ReadAction","target":["https:\/\/sindromecharge.es\/index.php\/2024\/09\/10\/carlitos-muestra-del-amor-mas-puro-y-real\/"]}]},{"@type":"ImageObject","inLanguage":"es","@id":"https:\/\/sindromecharge.es\/index.php\/2024\/09\/10\/carlitos-muestra-del-amor-mas-puro-y-real\/#primaryimage","url":"https:\/\/www.menudoscorazones.org\/wp-content\/uploads\/2024\/09\/Carlitos-y-Patricia-683x1024.jpg","contentUrl":"https:\/\/www.menudoscorazones.org\/wp-content\/uploads\/2024\/09\/Carlitos-y-Patricia-683x1024.jpg"},{"@type":"BreadcrumbList","@id":"https:\/\/sindromecharge.es\/index.php\/2024\/09\/10\/carlitos-muestra-del-amor-mas-puro-y-real\/#breadcrumb","itemListElement":[{"@type":"ListItem","position":1,"name":"Portada","item":"https:\/\/sindromecharge.es\/"},{"@type":"ListItem","position":2,"name":"Carlitos, muestra del amor m\u00e1s puro y real"}]},{"@type":"WebSite","@id":"https:\/\/sindromecharge.es\/#website","url":"https:\/\/sindromecharge.es\/","name":"Asociaci\u00f3n Espa\u00f1ola S\u00edndrome de Charge","description":"","potentialAction":[{"@type":"SearchAction","target":{"@type":"EntryPoint","urlTemplate":"https:\/\/sindromecharge.es\/?s={search_term_string}"},"query-input":{"@type":"PropertyValueSpecification","valueRequired":true,"valueName":"search_term_string"}}],"inLanguage":"es"},{"@type":"Person","@id":"https:\/\/sindromecharge.es\/#\/schema\/person\/39a60ebe0a2b4d5a11179701e336b039","name":"Charge","image":{"@type":"ImageObject","inLanguage":"es","@id":"https:\/\/secure.gravatar.com\/avatar\/c3b46e32a0fc3b093a0873fb767bf3293de856293065e84ef06b7ec7a8acfb98?s=96&d=identicon&r=x","url":"https:\/\/secure.gravatar.com\/avatar\/c3b46e32a0fc3b093a0873fb767bf3293de856293065e84ef06b7ec7a8acfb98?s=96&d=identicon&r=x","contentUrl":"https:\/\/secure.gravatar.com\/avatar\/c3b46e32a0fc3b093a0873fb767bf3293de856293065e84ef06b7ec7a8acfb98?s=96&d=identicon&r=x","caption":"Charge"},"url":"https:\/\/sindromecharge.es\/index.php\/author\/admin\/"}]}},"_links":{"self":[{"href":"https:\/\/sindromecharge.es\/index.php\/wp-json\/wp\/v2\/posts\/10299","targetHints":{"allow":["GET"]}}],"collection":[{"href":"https:\/\/sindromecharge.es\/index.php\/wp-json\/wp\/v2\/posts"}],"about":[{"href":"https:\/\/sindromecharge.es\/index.php\/wp-json\/wp\/v2\/types\/post"}],"author":[{"embeddable":true,"href":"https:\/\/sindromecharge.es\/index.php\/wp-json\/wp\/v2\/users\/1"}],"replies":[{"embeddable":true,"href":"https:\/\/sindromecharge.es\/index.php\/wp-json\/wp\/v2\/comments?post=10299"}],"version-history":[{"count":0,"href":"https:\/\/sindromecharge.es\/index.php\/wp-json\/wp\/v2\/posts\/10299\/revisions"}],"wp:attachment":[{"href":"https:\/\/sindromecharge.es\/index.php\/wp-json\/wp\/v2\/media?parent=10299"}],"wp:term":[{"taxonomy":"category","embeddable":true,"href":"https:\/\/sindromecharge.es\/index.php\/wp-json\/wp\/v2\/categories?post=10299"},{"taxonomy":"post_tag","embeddable":true,"href":"https:\/\/sindromecharge.es\/index.php\/wp-json\/wp\/v2\/tags?post=10299"}],"curies":[{"name":"wp","href":"https:\/\/api.w.org\/{rel}","templated":true}]}}