{"id":10292,"date":"2024-09-07T06:49:49","date_gmt":"2024-09-07T06:49:49","guid":{"rendered":"https:\/\/sindromecharge.es\/index.php\/2024\/09\/07\/silvia-avila-madre-un-nino-con-distrofia-duchenne-no-podemos-esperar-dos-anos-por-un-medicamento-tiempo-duchenne-no-se-recupera\/"},"modified":"2024-09-07T06:49:49","modified_gmt":"2024-09-07T06:49:49","slug":"silvia-avila-madre-un-nino-con-distrofia-duchenne-no-podemos-esperar-dos-anos-por-un-medicamento-tiempo-duchenne-no-se-recupera","status":"publish","type":"post","link":"https:\/\/sindromecharge.es\/index.php\/2024\/09\/07\/silvia-avila-madre-un-nino-con-distrofia-duchenne-no-podemos-esperar-dos-anos-por-un-medicamento-tiempo-duchenne-no-se-recupera\/","title":{"rendered":"Silvia \u00c1vila, madre de Alonso: \u00abNo podemos esperar dos a\u00f1os un medicamento, el tiempo en Duchenne no se recupera\u00bb"},"content":{"rendered":"<p>Leemos en Discapacidad la siguiente noticia que os reproducimos de forma \u00edntegra: <\/p>\n<div>\n<p>Uno de cada 3.500 ni\u00f1os nace en Espa\u00f1a con <a href=\"https:\/\/www.20minutos.es\/minuteca\/distrofia-muscular-de-duchenne\/\" title=\"Distrofia muscular de Duchenne\" target=\"_blank\" rel=\"noopener\">Distrofia Muscular de Duchenne<\/a>, una <a href=\"https:\/\/www.20minutos.es\/salud\/minuteca\/enfermedades-raras\/\" title=\"Enfermedades raras\" target=\"_blank\" rel=\"noopener\">enfermedad rara<\/a>, degenerativa que se manifiesta desde los primeros a\u00f1os de vida. Gracias a que, en los \u00faltimos a\u00f1os, familias de todo el mundo se han unido para que se investigue, hoy d\u00eda la esperanza de vida es mayor, pero las familias siguen peleando por una cura y porque los tratamientos que van saliendo se pongan, cuanto antes, a disposici\u00f3n de los pacientes.<\/p>\n<p>Silvia \u00c1vila, presidenta de la asociaci\u00f3n<b> Duchenne Parent Project Espa\u00f1a<\/b>, lucha cada d\u00eda porque as\u00ed sea para que, tanto su hijo Alonso, de 14 a\u00f1os, como todos los dem\u00e1s afectados, \u00abpuedan mirar al futuro con ilusi\u00f3n y puedan cumplir sus sue\u00f1os\u00bb. <\/p>\n<h1>La investigaci\u00f3n sigue siendo nuestro objetivo principal, porque es lo que va a salvarlos<\/h1>\n<h1>Hemos pedido que, o nos reconozcan directamente el 33% de discapacidad o incluyan la fisioterapia en el sistema p\u00fablico <\/h1>\n<\/div>\n<p>Fuente: Discapacidad https:\/\/www.20minutos.es\/noticia\/5630896\/0\/silvia-avila-madre-un-nino-con-distrofia-duchenne-no-podemos-esperar-dos-anos-por-un-medicamento-tiempo-duchenne-no-se-recupera\/<\/p>\n","protected":false},"excerpt":{"rendered":"<p>Uno de cada 3.500 ni\u00f1os nace en Espa\u00f1a con Distrofia Muscular de Duchenne, una enfermedad rara, degenerativa que se manifiesta desde los primeros a\u00f1os de&#8230;<\/p>\n","protected":false},"author":1,"featured_media":0,"comment_status":"closed","ping_status":"closed","sticky":false,"template":"","format":"standard","meta":{"footnotes":""},"categories":[8],"tags":[],"class_list":["post-10292","post","type-post","status-publish","format-standard","hentry","category-noticias"],"yoast_head":"<!-- This site is optimized with the Yoast SEO plugin v27.5 - https:\/\/yoast.com\/product\/yoast-seo-wordpress\/ -->\n<title>Silvia \u00c1vila, madre de Alonso: &quot;No podemos esperar dos a\u00f1os un medicamento, el tiempo en Duchenne no se recupera&quot; - Asociaci\u00f3n Espa\u00f1ola S\u00edndrome de Charge<\/title>\n<meta name=\"robots\" content=\"index, follow, max-snippet:-1, max-image-preview:large, max-video-preview:-1\" \/>\n<link rel=\"canonical\" href=\"https:\/\/sindromecharge.es\/index.php\/2024\/09\/07\/silvia-avila-madre-un-nino-con-distrofia-duchenne-no-podemos-esperar-dos-anos-por-un-medicamento-tiempo-duchenne-no-se-recupera\/\" \/>\n<meta property=\"og:locale\" content=\"es_ES\" \/>\n<meta property=\"og:type\" content=\"article\" \/>\n<meta property=\"og:title\" content=\"Silvia \u00c1vila, madre de Alonso: &quot;No podemos esperar dos a\u00f1os un medicamento, el tiempo en Duchenne no se recupera&quot; - Asociaci\u00f3n Espa\u00f1ola S\u00edndrome de Charge\" \/>\n<meta property=\"og:description\" content=\"Uno de cada 3.500 ni\u00f1os nace en Espa\u00f1a con Distrofia Muscular de Duchenne, una enfermedad rara, degenerativa que se manifiesta desde los primeros a\u00f1os de&#8230;\" \/>\n<meta property=\"og:url\" content=\"https:\/\/sindromecharge.es\/index.php\/2024\/09\/07\/silvia-avila-madre-un-nino-con-distrofia-duchenne-no-podemos-esperar-dos-anos-por-un-medicamento-tiempo-duchenne-no-se-recupera\/\" \/>\n<meta property=\"og:site_name\" content=\"Asociaci\u00f3n Espa\u00f1ola S\u00edndrome de Charge\" \/>\n<meta property=\"article:publisher\" content=\"https:\/\/www.facebook.com\/asociacionsindromecharge\" \/>\n<meta property=\"article:published_time\" content=\"2024-09-07T06:49:49+00:00\" \/>\n<meta property=\"og:image\" content=\"https:\/\/sindromecharge.es\/wp-content\/uploads\/2013\/09\/logodecharge300x98.png\" \/>\n\t<meta property=\"og:image:width\" content=\"300\" \/>\n\t<meta property=\"og:image:height\" content=\"98\" \/>\n\t<meta property=\"og:image:type\" content=\"image\/png\" \/>\n<meta name=\"author\" content=\"Charge\" \/>\n<meta name=\"twitter:card\" content=\"summary_large_image\" \/>\n<meta name=\"twitter:creator\" content=\"@sindromecharge\" \/>\n<meta name=\"twitter:site\" content=\"@sindromecharge\" \/>\n<meta name=\"twitter:label1\" content=\"Escrito por\" \/>\n\t<meta name=\"twitter:data1\" content=\"Charge\" \/>\n\t<meta name=\"twitter:label2\" content=\"Tiempo de lectura\" \/>\n\t<meta name=\"twitter:data2\" content=\"1 minuto\" \/>\n<script type=\"application\/ld+json\" class=\"yoast-schema-graph\">{\"@context\":\"https:\\\/\\\/schema.org\",\"@graph\":[{\"@type\":\"Article\",\"@id\":\"https:\\\/\\\/sindromecharge.es\\\/index.php\\\/2024\\\/09\\\/07\\\/silvia-avila-madre-un-nino-con-distrofia-duchenne-no-podemos-esperar-dos-anos-por-un-medicamento-tiempo-duchenne-no-se-recupera\\\/#article\",\"isPartOf\":{\"@id\":\"https:\\\/\\\/sindromecharge.es\\\/index.php\\\/2024\\\/09\\\/07\\\/silvia-avila-madre-un-nino-con-distrofia-duchenne-no-podemos-esperar-dos-anos-por-un-medicamento-tiempo-duchenne-no-se-recupera\\\/\"},\"author\":{\"name\":\"Charge\",\"@id\":\"https:\\\/\\\/sindromecharge.es\\\/#\\\/schema\\\/person\\\/39a60ebe0a2b4d5a11179701e336b039\"},\"headline\":\"Silvia \u00c1vila, madre de Alonso: \u00abNo podemos esperar dos a\u00f1os un medicamento, el tiempo en Duchenne no se recupera\u00bb\",\"datePublished\":\"2024-09-07T06:49:49+00:00\",\"mainEntityOfPage\":{\"@id\":\"https:\\\/\\\/sindromecharge.es\\\/index.php\\\/2024\\\/09\\\/07\\\/silvia-avila-madre-un-nino-con-distrofia-duchenne-no-podemos-esperar-dos-anos-por-un-medicamento-tiempo-duchenne-no-se-recupera\\\/\"},\"wordCount\":203,\"articleSection\":[\"noticias\"],\"inLanguage\":\"es\"},{\"@type\":\"WebPage\",\"@id\":\"https:\\\/\\\/sindromecharge.es\\\/index.php\\\/2024\\\/09\\\/07\\\/silvia-avila-madre-un-nino-con-distrofia-duchenne-no-podemos-esperar-dos-anos-por-un-medicamento-tiempo-duchenne-no-se-recupera\\\/\",\"url\":\"https:\\\/\\\/sindromecharge.es\\\/index.php\\\/2024\\\/09\\\/07\\\/silvia-avila-madre-un-nino-con-distrofia-duchenne-no-podemos-esperar-dos-anos-por-un-medicamento-tiempo-duchenne-no-se-recupera\\\/\",\"name\":\"Silvia \u00c1vila, madre de Alonso: \\\"No podemos esperar dos a\u00f1os un medicamento, el tiempo en Duchenne no se recupera\\\" - Asociaci\u00f3n Espa\u00f1ola S\u00edndrome de Charge\",\"isPartOf\":{\"@id\":\"https:\\\/\\\/sindromecharge.es\\\/#website\"},\"datePublished\":\"2024-09-07T06:49:49+00:00\",\"author\":{\"@id\":\"https:\\\/\\\/sindromecharge.es\\\/#\\\/schema\\\/person\\\/39a60ebe0a2b4d5a11179701e336b039\"},\"breadcrumb\":{\"@id\":\"https:\\\/\\\/sindromecharge.es\\\/index.php\\\/2024\\\/09\\\/07\\\/silvia-avila-madre-un-nino-con-distrofia-duchenne-no-podemos-esperar-dos-anos-por-un-medicamento-tiempo-duchenne-no-se-recupera\\\/#breadcrumb\"},\"inLanguage\":\"es\",\"potentialAction\":[{\"@type\":\"ReadAction\",\"target\":[\"https:\\\/\\\/sindromecharge.es\\\/index.php\\\/2024\\\/09\\\/07\\\/silvia-avila-madre-un-nino-con-distrofia-duchenne-no-podemos-esperar-dos-anos-por-un-medicamento-tiempo-duchenne-no-se-recupera\\\/\"]}]},{\"@type\":\"BreadcrumbList\",\"@id\":\"https:\\\/\\\/sindromecharge.es\\\/index.php\\\/2024\\\/09\\\/07\\\/silvia-avila-madre-un-nino-con-distrofia-duchenne-no-podemos-esperar-dos-anos-por-un-medicamento-tiempo-duchenne-no-se-recupera\\\/#breadcrumb\",\"itemListElement\":[{\"@type\":\"ListItem\",\"position\":1,\"name\":\"Portada\",\"item\":\"https:\\\/\\\/sindromecharge.es\\\/\"},{\"@type\":\"ListItem\",\"position\":2,\"name\":\"Silvia \u00c1vila, madre de Alonso: &#8220;No podemos esperar dos a\u00f1os un medicamento, el tiempo en Duchenne no se recupera&#8221;\"}]},{\"@type\":\"WebSite\",\"@id\":\"https:\\\/\\\/sindromecharge.es\\\/#website\",\"url\":\"https:\\\/\\\/sindromecharge.es\\\/\",\"name\":\"Asociaci\u00f3n Espa\u00f1ola S\u00edndrome de Charge\",\"description\":\"\",\"potentialAction\":[{\"@type\":\"SearchAction\",\"target\":{\"@type\":\"EntryPoint\",\"urlTemplate\":\"https:\\\/\\\/sindromecharge.es\\\/?s={search_term_string}\"},\"query-input\":{\"@type\":\"PropertyValueSpecification\",\"valueRequired\":true,\"valueName\":\"search_term_string\"}}],\"inLanguage\":\"es\"},{\"@type\":\"Person\",\"@id\":\"https:\\\/\\\/sindromecharge.es\\\/#\\\/schema\\\/person\\\/39a60ebe0a2b4d5a11179701e336b039\",\"name\":\"Charge\",\"image\":{\"@type\":\"ImageObject\",\"inLanguage\":\"es\",\"@id\":\"https:\\\/\\\/secure.gravatar.com\\\/avatar\\\/c3b46e32a0fc3b093a0873fb767bf3293de856293065e84ef06b7ec7a8acfb98?s=96&d=identicon&r=x\",\"url\":\"https:\\\/\\\/secure.gravatar.com\\\/avatar\\\/c3b46e32a0fc3b093a0873fb767bf3293de856293065e84ef06b7ec7a8acfb98?s=96&d=identicon&r=x\",\"contentUrl\":\"https:\\\/\\\/secure.gravatar.com\\\/avatar\\\/c3b46e32a0fc3b093a0873fb767bf3293de856293065e84ef06b7ec7a8acfb98?s=96&d=identicon&r=x\",\"caption\":\"Charge\"},\"url\":\"https:\\\/\\\/sindromecharge.es\\\/index.php\\\/author\\\/admin\\\/\"}]}<\/script>\n<!-- \/ Yoast SEO plugin. -->","yoast_head_json":{"title":"Silvia \u00c1vila, madre de Alonso: \"No podemos esperar dos a\u00f1os un medicamento, el tiempo en Duchenne no se recupera\" - Asociaci\u00f3n Espa\u00f1ola S\u00edndrome de Charge","robots":{"index":"index","follow":"follow","max-snippet":"max-snippet:-1","max-image-preview":"max-image-preview:large","max-video-preview":"max-video-preview:-1"},"canonical":"https:\/\/sindromecharge.es\/index.php\/2024\/09\/07\/silvia-avila-madre-un-nino-con-distrofia-duchenne-no-podemos-esperar-dos-anos-por-un-medicamento-tiempo-duchenne-no-se-recupera\/","og_locale":"es_ES","og_type":"article","og_title":"Silvia \u00c1vila, madre de Alonso: \"No podemos esperar dos a\u00f1os un medicamento, el tiempo en Duchenne no se recupera\" - Asociaci\u00f3n Espa\u00f1ola S\u00edndrome de Charge","og_description":"Uno de cada 3.500 ni\u00f1os nace en Espa\u00f1a con Distrofia Muscular de Duchenne, una enfermedad rara, degenerativa que se manifiesta desde los primeros a\u00f1os de&#8230;","og_url":"https:\/\/sindromecharge.es\/index.php\/2024\/09\/07\/silvia-avila-madre-un-nino-con-distrofia-duchenne-no-podemos-esperar-dos-anos-por-un-medicamento-tiempo-duchenne-no-se-recupera\/","og_site_name":"Asociaci\u00f3n Espa\u00f1ola S\u00edndrome de Charge","article_publisher":"https:\/\/www.facebook.com\/asociacionsindromecharge","article_published_time":"2024-09-07T06:49:49+00:00","og_image":[{"width":300,"height":98,"url":"https:\/\/sindromecharge.es\/wp-content\/uploads\/2013\/09\/logodecharge300x98.png","type":"image\/png"}],"author":"Charge","twitter_card":"summary_large_image","twitter_creator":"@sindromecharge","twitter_site":"@sindromecharge","twitter_misc":{"Escrito por":"Charge","Tiempo de lectura":"1 minuto"},"schema":{"@context":"https:\/\/schema.org","@graph":[{"@type":"Article","@id":"https:\/\/sindromecharge.es\/index.php\/2024\/09\/07\/silvia-avila-madre-un-nino-con-distrofia-duchenne-no-podemos-esperar-dos-anos-por-un-medicamento-tiempo-duchenne-no-se-recupera\/#article","isPartOf":{"@id":"https:\/\/sindromecharge.es\/index.php\/2024\/09\/07\/silvia-avila-madre-un-nino-con-distrofia-duchenne-no-podemos-esperar-dos-anos-por-un-medicamento-tiempo-duchenne-no-se-recupera\/"},"author":{"name":"Charge","@id":"https:\/\/sindromecharge.es\/#\/schema\/person\/39a60ebe0a2b4d5a11179701e336b039"},"headline":"Silvia \u00c1vila, madre de Alonso: \u00abNo podemos esperar dos a\u00f1os un medicamento, el tiempo en Duchenne no se recupera\u00bb","datePublished":"2024-09-07T06:49:49+00:00","mainEntityOfPage":{"@id":"https:\/\/sindromecharge.es\/index.php\/2024\/09\/07\/silvia-avila-madre-un-nino-con-distrofia-duchenne-no-podemos-esperar-dos-anos-por-un-medicamento-tiempo-duchenne-no-se-recupera\/"},"wordCount":203,"articleSection":["noticias"],"inLanguage":"es"},{"@type":"WebPage","@id":"https:\/\/sindromecharge.es\/index.php\/2024\/09\/07\/silvia-avila-madre-un-nino-con-distrofia-duchenne-no-podemos-esperar-dos-anos-por-un-medicamento-tiempo-duchenne-no-se-recupera\/","url":"https:\/\/sindromecharge.es\/index.php\/2024\/09\/07\/silvia-avila-madre-un-nino-con-distrofia-duchenne-no-podemos-esperar-dos-anos-por-un-medicamento-tiempo-duchenne-no-se-recupera\/","name":"Silvia \u00c1vila, madre de Alonso: \"No podemos esperar dos a\u00f1os un medicamento, el tiempo en Duchenne no se recupera\" - Asociaci\u00f3n Espa\u00f1ola S\u00edndrome de Charge","isPartOf":{"@id":"https:\/\/sindromecharge.es\/#website"},"datePublished":"2024-09-07T06:49:49+00:00","author":{"@id":"https:\/\/sindromecharge.es\/#\/schema\/person\/39a60ebe0a2b4d5a11179701e336b039"},"breadcrumb":{"@id":"https:\/\/sindromecharge.es\/index.php\/2024\/09\/07\/silvia-avila-madre-un-nino-con-distrofia-duchenne-no-podemos-esperar-dos-anos-por-un-medicamento-tiempo-duchenne-no-se-recupera\/#breadcrumb"},"inLanguage":"es","potentialAction":[{"@type":"ReadAction","target":["https:\/\/sindromecharge.es\/index.php\/2024\/09\/07\/silvia-avila-madre-un-nino-con-distrofia-duchenne-no-podemos-esperar-dos-anos-por-un-medicamento-tiempo-duchenne-no-se-recupera\/"]}]},{"@type":"BreadcrumbList","@id":"https:\/\/sindromecharge.es\/index.php\/2024\/09\/07\/silvia-avila-madre-un-nino-con-distrofia-duchenne-no-podemos-esperar-dos-anos-por-un-medicamento-tiempo-duchenne-no-se-recupera\/#breadcrumb","itemListElement":[{"@type":"ListItem","position":1,"name":"Portada","item":"https:\/\/sindromecharge.es\/"},{"@type":"ListItem","position":2,"name":"Silvia \u00c1vila, madre de Alonso: &#8220;No podemos esperar dos a\u00f1os un medicamento, el tiempo en Duchenne no se recupera&#8221;"}]},{"@type":"WebSite","@id":"https:\/\/sindromecharge.es\/#website","url":"https:\/\/sindromecharge.es\/","name":"Asociaci\u00f3n Espa\u00f1ola S\u00edndrome de Charge","description":"","potentialAction":[{"@type":"SearchAction","target":{"@type":"EntryPoint","urlTemplate":"https:\/\/sindromecharge.es\/?s={search_term_string}"},"query-input":{"@type":"PropertyValueSpecification","valueRequired":true,"valueName":"search_term_string"}}],"inLanguage":"es"},{"@type":"Person","@id":"https:\/\/sindromecharge.es\/#\/schema\/person\/39a60ebe0a2b4d5a11179701e336b039","name":"Charge","image":{"@type":"ImageObject","inLanguage":"es","@id":"https:\/\/secure.gravatar.com\/avatar\/c3b46e32a0fc3b093a0873fb767bf3293de856293065e84ef06b7ec7a8acfb98?s=96&d=identicon&r=x","url":"https:\/\/secure.gravatar.com\/avatar\/c3b46e32a0fc3b093a0873fb767bf3293de856293065e84ef06b7ec7a8acfb98?s=96&d=identicon&r=x","contentUrl":"https:\/\/secure.gravatar.com\/avatar\/c3b46e32a0fc3b093a0873fb767bf3293de856293065e84ef06b7ec7a8acfb98?s=96&d=identicon&r=x","caption":"Charge"},"url":"https:\/\/sindromecharge.es\/index.php\/author\/admin\/"}]}},"_links":{"self":[{"href":"https:\/\/sindromecharge.es\/index.php\/wp-json\/wp\/v2\/posts\/10292","targetHints":{"allow":["GET"]}}],"collection":[{"href":"https:\/\/sindromecharge.es\/index.php\/wp-json\/wp\/v2\/posts"}],"about":[{"href":"https:\/\/sindromecharge.es\/index.php\/wp-json\/wp\/v2\/types\/post"}],"author":[{"embeddable":true,"href":"https:\/\/sindromecharge.es\/index.php\/wp-json\/wp\/v2\/users\/1"}],"replies":[{"embeddable":true,"href":"https:\/\/sindromecharge.es\/index.php\/wp-json\/wp\/v2\/comments?post=10292"}],"version-history":[{"count":0,"href":"https:\/\/sindromecharge.es\/index.php\/wp-json\/wp\/v2\/posts\/10292\/revisions"}],"wp:attachment":[{"href":"https:\/\/sindromecharge.es\/index.php\/wp-json\/wp\/v2\/media?parent=10292"}],"wp:term":[{"taxonomy":"category","embeddable":true,"href":"https:\/\/sindromecharge.es\/index.php\/wp-json\/wp\/v2\/categories?post=10292"},{"taxonomy":"post_tag","embeddable":true,"href":"https:\/\/sindromecharge.es\/index.php\/wp-json\/wp\/v2\/tags?post=10292"}],"curies":[{"name":"wp","href":"https:\/\/api.w.org\/{rel}","templated":true}]}}