{"id":10286,"date":"2024-09-03T15:56:52","date_gmt":"2024-09-03T15:56:52","guid":{"rendered":"https:\/\/sindromecharge.es\/index.php\/2024\/09\/03\/ines-rodriguez-nueva-colaboradora-intermedio-contara-con-una-seccion-sobre-discapacidad-5630183\/"},"modified":"2024-09-03T15:56:52","modified_gmt":"2024-09-03T15:56:52","slug":"ines-rodriguez-nueva-colaboradora-intermedio-contara-con-una-seccion-sobre-discapacidad-5630183","status":"publish","type":"post","link":"https:\/\/sindromecharge.es\/index.php\/2024\/09\/03\/ines-rodriguez-nueva-colaboradora-intermedio-contara-con-una-seccion-sobre-discapacidad-5630183\/","title":{"rendered":"La &#8216;influencer&#8217; con par\u00e1lisis cerebral In\u00e9s Rodr\u00edguez presenta, con su caracter\u00edstico temperamento, su secci\u00f3n en &#8216;El Intermedio&#8217;"},"content":{"rendered":"<p>Leemos en Discapacidad la siguiente noticia que os reproducimos de forma \u00edntegra: <\/p>\n<div>\n<p>Con el comienzo de septiembre, no solo los estudiantes comienzan un a\u00f1o escolar, <b>sino que tambi\u00e9n empiezan las nuevas temporadas de los programas de televisi\u00f3n m\u00e1s conocidos<\/b>. Renovados y llenos de fuerza, espacios como <i><a href=\"https:\/\/www.20minutos.es\/minuteca\/el-intermedio\/\" title=\"El Intermedio\">El Intermedio<\/a><\/i> dan comienzo a un nuevo curso con nuevos fichajes como In\u00e9s Rodr\u00edguez. <\/p>\n<p>La logopeda de <a href=\"https:\/\/www.20minutos.es\/minuteca\/tenerife\/\" title=\"Tenerife\">Tenerife <\/a>se dio a conocer en redes sociales gracias a su discurso sobre <b>c\u00f3mo es vivir con par\u00e1lisis cerebral<\/b>. Por ello, en su nueva secci\u00f3n \u00abEl diario de In\u00e9s\u00bb, la joven relatar\u00e1 desde el humor su d\u00eda a d\u00eda y c\u00f3mo se enfrenta a las tareas m\u00e1s cotidianas. <\/p>\n<p>\u00abTengo discapacidad y con la potestad que me da esto vengo a aqu\u00ed a explicarte<b> cosas que no deber\u00edas hacer cuando te diriges a una persona con discapacidad\u00bb<\/b>, ha explicado la reci\u00e9n estrenada colaboradora en su nuevo espacio. <\/p>\n<blockquote class=\"twitter-tweet\" data-media-max-width=\"560\">\n<p lang=\"es\" dir=\"ltr\">\ud83d\udd34 Y esta temporada contaremos con una nueva colaboradora: <a href=\"https:\/\/twitter.com\/Inusu_al?ref_src=twsrc%5Etfw\">@Inusu_al<\/a> <\/p>\n<p>En &#8216;El diario de In\u00e9s&#8217; nos explica las cosas que no deber\u00edamos hacer cuando nos dirigimos a alguien con discapacidad. <a href=\"https:\/\/twitter.com\/hashtag\/elintermedio?src=hash&amp;ref_src=twsrc%5Etfw\">#elintermedio<\/a> <a href=\"https:\/\/t.co\/Gemey7w4h0\">pic.twitter.com\/Gemey7w4h0<\/a><\/p>\n<p>\u2014 El Intermedio (@El_Intermedio) <a href=\"https:\/\/twitter.com\/El_Intermedio\/status\/1830704856035729784?ref_src=twsrc%5Etfw\">September 2, 2024<\/a><\/p><\/blockquote>\n<p> <script async src=\"https:\/\/platform.twitter.com\/widgets.js\" charset=\"utf-8\"><\/script><\/p>\n<p>Y es que, si algo quiere dejar claro, es la necesidad de poner final a la infantilizaci\u00f3n y sentimiento paternalista que muchas personas pueden tener a la hora de hablar sobre este tipo de problemas: \u00ab<b>Yo hero\u00edna de momento no soy.<\/b> Que me digas que soy una campeona, pues s\u00ed, lo soy, pero por aguantarte y por aguantar la precariedad laboral\u00bb. <\/p>\n<p>Aunque esta no ha sido la \u00fanica queja. Como as\u00ed ha dejado claro, <b>a ella no le hace falta que nadie le d\u00e9 consejos m\u00e9dicos,<\/b> especialmente si son de personas que realmente no la conocen ni tienen formaci\u00f3n: \u00abSi yo quisiera opiniones m\u00e9dicas, ir\u00eda al sitio oportuno\u00bb. <\/p>\n<p>Otro gran problema al que se ve enfrentada a diario es cuando le preguntan por su \u00abacompa\u00f1ante\u00bb: \u00ab<b>Que me preguntes &#8216;\u00bfcon qui\u00e9n vas?&#8217;, pues con el Esp\u00edrito Santo voy.<\/b> No s\u00e9, no voy con nadie, d\u00e9jame vivir\u00bb. <\/p>\n<p>Por eso ha querido dejar claro que si no pide ayuda no busca que nadie haga cosas por ella. <b>\u00abSi quisiera ayuda, te la pedir\u00eda\u00bb<\/b>, ha dejado muy claro. Porque, de la misma manera, ella tampoco conoce a todas las personas con discapacidad: \u00abNo somos un club\u00bb. \u00abLa conclusi\u00f3n final es que, ante la duda, te calles\u00bb. <\/p>\n<\/div>\n<p>Fuente: Discapacidad https:\/\/www.20minutos.es\/television\/ines-rodriguez-nueva-colaboradora-intermedio-contara-con-una-seccion-sobre-discapacidad-5630183\/<\/p>\n","protected":false},"excerpt":{"rendered":"<p>En &#8216;El diario de In\u00e9s&#8217;, la joven explicar\u00e1 c\u00f3mo es vivir teniendo par\u00e1lisis cerebral.<\/p>\n","protected":false},"author":1,"featured_media":0,"comment_status":"closed","ping_status":"closed","sticky":false,"template":"","format":"standard","meta":{"footnotes":""},"categories":[8],"tags":[],"class_list":["post-10286","post","type-post","status-publish","format-standard","hentry","category-noticias"],"yoast_head":"<!-- This site is optimized with the Yoast SEO plugin v27.5 - https:\/\/yoast.com\/product\/yoast-seo-wordpress\/ -->\n<title>La &#039;influencer&#039; con par\u00e1lisis cerebral In\u00e9s Rodr\u00edguez presenta, con su caracter\u00edstico temperamento, su secci\u00f3n en &#039;El Intermedio&#039; - Asociaci\u00f3n Espa\u00f1ola S\u00edndrome de Charge<\/title>\n<meta name=\"robots\" content=\"index, follow, max-snippet:-1, max-image-preview:large, max-video-preview:-1\" \/>\n<link rel=\"canonical\" href=\"https:\/\/sindromecharge.es\/index.php\/2024\/09\/03\/ines-rodriguez-nueva-colaboradora-intermedio-contara-con-una-seccion-sobre-discapacidad-5630183\/\" \/>\n<meta property=\"og:locale\" content=\"es_ES\" \/>\n<meta property=\"og:type\" content=\"article\" \/>\n<meta property=\"og:title\" content=\"La &#039;influencer&#039; con par\u00e1lisis cerebral In\u00e9s Rodr\u00edguez presenta, con su caracter\u00edstico temperamento, su secci\u00f3n en &#039;El Intermedio&#039; - Asociaci\u00f3n Espa\u00f1ola S\u00edndrome de Charge\" \/>\n<meta property=\"og:description\" content=\"En &#8216;El diario de In\u00e9s&#8217;, la joven explicar\u00e1 c\u00f3mo es vivir teniendo par\u00e1lisis cerebral.\" \/>\n<meta property=\"og:url\" content=\"https:\/\/sindromecharge.es\/index.php\/2024\/09\/03\/ines-rodriguez-nueva-colaboradora-intermedio-contara-con-una-seccion-sobre-discapacidad-5630183\/\" \/>\n<meta property=\"og:site_name\" content=\"Asociaci\u00f3n Espa\u00f1ola S\u00edndrome de Charge\" \/>\n<meta property=\"article:publisher\" content=\"https:\/\/www.facebook.com\/asociacionsindromecharge\" \/>\n<meta property=\"article:published_time\" content=\"2024-09-03T15:56:52+00:00\" \/>\n<meta property=\"og:image\" content=\"https:\/\/sindromecharge.es\/wp-content\/uploads\/2013\/09\/logodecharge300x98.png\" \/>\n\t<meta property=\"og:image:width\" content=\"300\" \/>\n\t<meta property=\"og:image:height\" content=\"98\" \/>\n\t<meta property=\"og:image:type\" content=\"image\/png\" \/>\n<meta name=\"author\" content=\"Charge\" \/>\n<meta name=\"twitter:card\" content=\"summary_large_image\" \/>\n<meta name=\"twitter:creator\" content=\"@sindromecharge\" \/>\n<meta name=\"twitter:site\" content=\"@sindromecharge\" \/>\n<meta name=\"twitter:label1\" content=\"Escrito por\" \/>\n\t<meta name=\"twitter:data1\" content=\"Charge\" \/>\n\t<meta name=\"twitter:label2\" content=\"Tiempo de lectura\" \/>\n\t<meta name=\"twitter:data2\" content=\"2 minutos\" \/>\n<script type=\"application\/ld+json\" class=\"yoast-schema-graph\">{\"@context\":\"https:\\\/\\\/schema.org\",\"@graph\":[{\"@type\":\"Article\",\"@id\":\"https:\\\/\\\/sindromecharge.es\\\/index.php\\\/2024\\\/09\\\/03\\\/ines-rodriguez-nueva-colaboradora-intermedio-contara-con-una-seccion-sobre-discapacidad-5630183\\\/#article\",\"isPartOf\":{\"@id\":\"https:\\\/\\\/sindromecharge.es\\\/index.php\\\/2024\\\/09\\\/03\\\/ines-rodriguez-nueva-colaboradora-intermedio-contara-con-una-seccion-sobre-discapacidad-5630183\\\/\"},\"author\":{\"name\":\"Charge\",\"@id\":\"https:\\\/\\\/sindromecharge.es\\\/#\\\/schema\\\/person\\\/39a60ebe0a2b4d5a11179701e336b039\"},\"headline\":\"La &#8216;influencer&#8217; con par\u00e1lisis cerebral In\u00e9s Rodr\u00edguez presenta, con su caracter\u00edstico temperamento, su secci\u00f3n en &#8216;El Intermedio&#8217;\",\"datePublished\":\"2024-09-03T15:56:52+00:00\",\"mainEntityOfPage\":{\"@id\":\"https:\\\/\\\/sindromecharge.es\\\/index.php\\\/2024\\\/09\\\/03\\\/ines-rodriguez-nueva-colaboradora-intermedio-contara-con-una-seccion-sobre-discapacidad-5630183\\\/\"},\"wordCount\":455,\"articleSection\":[\"noticias\"],\"inLanguage\":\"es\"},{\"@type\":\"WebPage\",\"@id\":\"https:\\\/\\\/sindromecharge.es\\\/index.php\\\/2024\\\/09\\\/03\\\/ines-rodriguez-nueva-colaboradora-intermedio-contara-con-una-seccion-sobre-discapacidad-5630183\\\/\",\"url\":\"https:\\\/\\\/sindromecharge.es\\\/index.php\\\/2024\\\/09\\\/03\\\/ines-rodriguez-nueva-colaboradora-intermedio-contara-con-una-seccion-sobre-discapacidad-5630183\\\/\",\"name\":\"La 'influencer' con par\u00e1lisis cerebral In\u00e9s Rodr\u00edguez presenta, con su caracter\u00edstico temperamento, su secci\u00f3n en 'El Intermedio' - Asociaci\u00f3n Espa\u00f1ola S\u00edndrome de Charge\",\"isPartOf\":{\"@id\":\"https:\\\/\\\/sindromecharge.es\\\/#website\"},\"datePublished\":\"2024-09-03T15:56:52+00:00\",\"author\":{\"@id\":\"https:\\\/\\\/sindromecharge.es\\\/#\\\/schema\\\/person\\\/39a60ebe0a2b4d5a11179701e336b039\"},\"breadcrumb\":{\"@id\":\"https:\\\/\\\/sindromecharge.es\\\/index.php\\\/2024\\\/09\\\/03\\\/ines-rodriguez-nueva-colaboradora-intermedio-contara-con-una-seccion-sobre-discapacidad-5630183\\\/#breadcrumb\"},\"inLanguage\":\"es\",\"potentialAction\":[{\"@type\":\"ReadAction\",\"target\":[\"https:\\\/\\\/sindromecharge.es\\\/index.php\\\/2024\\\/09\\\/03\\\/ines-rodriguez-nueva-colaboradora-intermedio-contara-con-una-seccion-sobre-discapacidad-5630183\\\/\"]}]},{\"@type\":\"BreadcrumbList\",\"@id\":\"https:\\\/\\\/sindromecharge.es\\\/index.php\\\/2024\\\/09\\\/03\\\/ines-rodriguez-nueva-colaboradora-intermedio-contara-con-una-seccion-sobre-discapacidad-5630183\\\/#breadcrumb\",\"itemListElement\":[{\"@type\":\"ListItem\",\"position\":1,\"name\":\"Portada\",\"item\":\"https:\\\/\\\/sindromecharge.es\\\/\"},{\"@type\":\"ListItem\",\"position\":2,\"name\":\"La &#8216;influencer&#8217; con par\u00e1lisis cerebral In\u00e9s Rodr\u00edguez presenta, con su caracter\u00edstico temperamento, su secci\u00f3n en &#8216;El Intermedio&#8217;\"}]},{\"@type\":\"WebSite\",\"@id\":\"https:\\\/\\\/sindromecharge.es\\\/#website\",\"url\":\"https:\\\/\\\/sindromecharge.es\\\/\",\"name\":\"Asociaci\u00f3n Espa\u00f1ola S\u00edndrome de Charge\",\"description\":\"\",\"potentialAction\":[{\"@type\":\"SearchAction\",\"target\":{\"@type\":\"EntryPoint\",\"urlTemplate\":\"https:\\\/\\\/sindromecharge.es\\\/?s={search_term_string}\"},\"query-input\":{\"@type\":\"PropertyValueSpecification\",\"valueRequired\":true,\"valueName\":\"search_term_string\"}}],\"inLanguage\":\"es\"},{\"@type\":\"Person\",\"@id\":\"https:\\\/\\\/sindromecharge.es\\\/#\\\/schema\\\/person\\\/39a60ebe0a2b4d5a11179701e336b039\",\"name\":\"Charge\",\"image\":{\"@type\":\"ImageObject\",\"inLanguage\":\"es\",\"@id\":\"https:\\\/\\\/secure.gravatar.com\\\/avatar\\\/c3b46e32a0fc3b093a0873fb767bf3293de856293065e84ef06b7ec7a8acfb98?s=96&d=identicon&r=x\",\"url\":\"https:\\\/\\\/secure.gravatar.com\\\/avatar\\\/c3b46e32a0fc3b093a0873fb767bf3293de856293065e84ef06b7ec7a8acfb98?s=96&d=identicon&r=x\",\"contentUrl\":\"https:\\\/\\\/secure.gravatar.com\\\/avatar\\\/c3b46e32a0fc3b093a0873fb767bf3293de856293065e84ef06b7ec7a8acfb98?s=96&d=identicon&r=x\",\"caption\":\"Charge\"},\"url\":\"https:\\\/\\\/sindromecharge.es\\\/index.php\\\/author\\\/admin\\\/\"}]}<\/script>\n<!-- \/ Yoast SEO plugin. -->","yoast_head_json":{"title":"La 'influencer' con par\u00e1lisis cerebral In\u00e9s Rodr\u00edguez presenta, con su caracter\u00edstico temperamento, su secci\u00f3n en 'El Intermedio' - Asociaci\u00f3n Espa\u00f1ola S\u00edndrome de Charge","robots":{"index":"index","follow":"follow","max-snippet":"max-snippet:-1","max-image-preview":"max-image-preview:large","max-video-preview":"max-video-preview:-1"},"canonical":"https:\/\/sindromecharge.es\/index.php\/2024\/09\/03\/ines-rodriguez-nueva-colaboradora-intermedio-contara-con-una-seccion-sobre-discapacidad-5630183\/","og_locale":"es_ES","og_type":"article","og_title":"La 'influencer' con par\u00e1lisis cerebral In\u00e9s Rodr\u00edguez presenta, con su caracter\u00edstico temperamento, su secci\u00f3n en 'El Intermedio' - Asociaci\u00f3n Espa\u00f1ola S\u00edndrome de Charge","og_description":"En &#8216;El diario de In\u00e9s&#8217;, la joven explicar\u00e1 c\u00f3mo es vivir teniendo par\u00e1lisis cerebral.","og_url":"https:\/\/sindromecharge.es\/index.php\/2024\/09\/03\/ines-rodriguez-nueva-colaboradora-intermedio-contara-con-una-seccion-sobre-discapacidad-5630183\/","og_site_name":"Asociaci\u00f3n Espa\u00f1ola S\u00edndrome de Charge","article_publisher":"https:\/\/www.facebook.com\/asociacionsindromecharge","article_published_time":"2024-09-03T15:56:52+00:00","og_image":[{"width":300,"height":98,"url":"https:\/\/sindromecharge.es\/wp-content\/uploads\/2013\/09\/logodecharge300x98.png","type":"image\/png"}],"author":"Charge","twitter_card":"summary_large_image","twitter_creator":"@sindromecharge","twitter_site":"@sindromecharge","twitter_misc":{"Escrito por":"Charge","Tiempo de lectura":"2 minutos"},"schema":{"@context":"https:\/\/schema.org","@graph":[{"@type":"Article","@id":"https:\/\/sindromecharge.es\/index.php\/2024\/09\/03\/ines-rodriguez-nueva-colaboradora-intermedio-contara-con-una-seccion-sobre-discapacidad-5630183\/#article","isPartOf":{"@id":"https:\/\/sindromecharge.es\/index.php\/2024\/09\/03\/ines-rodriguez-nueva-colaboradora-intermedio-contara-con-una-seccion-sobre-discapacidad-5630183\/"},"author":{"name":"Charge","@id":"https:\/\/sindromecharge.es\/#\/schema\/person\/39a60ebe0a2b4d5a11179701e336b039"},"headline":"La &#8216;influencer&#8217; con par\u00e1lisis cerebral In\u00e9s Rodr\u00edguez presenta, con su caracter\u00edstico temperamento, su secci\u00f3n en &#8216;El Intermedio&#8217;","datePublished":"2024-09-03T15:56:52+00:00","mainEntityOfPage":{"@id":"https:\/\/sindromecharge.es\/index.php\/2024\/09\/03\/ines-rodriguez-nueva-colaboradora-intermedio-contara-con-una-seccion-sobre-discapacidad-5630183\/"},"wordCount":455,"articleSection":["noticias"],"inLanguage":"es"},{"@type":"WebPage","@id":"https:\/\/sindromecharge.es\/index.php\/2024\/09\/03\/ines-rodriguez-nueva-colaboradora-intermedio-contara-con-una-seccion-sobre-discapacidad-5630183\/","url":"https:\/\/sindromecharge.es\/index.php\/2024\/09\/03\/ines-rodriguez-nueva-colaboradora-intermedio-contara-con-una-seccion-sobre-discapacidad-5630183\/","name":"La 'influencer' con par\u00e1lisis cerebral In\u00e9s Rodr\u00edguez presenta, con su caracter\u00edstico temperamento, su secci\u00f3n en 'El Intermedio' - Asociaci\u00f3n Espa\u00f1ola S\u00edndrome de Charge","isPartOf":{"@id":"https:\/\/sindromecharge.es\/#website"},"datePublished":"2024-09-03T15:56:52+00:00","author":{"@id":"https:\/\/sindromecharge.es\/#\/schema\/person\/39a60ebe0a2b4d5a11179701e336b039"},"breadcrumb":{"@id":"https:\/\/sindromecharge.es\/index.php\/2024\/09\/03\/ines-rodriguez-nueva-colaboradora-intermedio-contara-con-una-seccion-sobre-discapacidad-5630183\/#breadcrumb"},"inLanguage":"es","potentialAction":[{"@type":"ReadAction","target":["https:\/\/sindromecharge.es\/index.php\/2024\/09\/03\/ines-rodriguez-nueva-colaboradora-intermedio-contara-con-una-seccion-sobre-discapacidad-5630183\/"]}]},{"@type":"BreadcrumbList","@id":"https:\/\/sindromecharge.es\/index.php\/2024\/09\/03\/ines-rodriguez-nueva-colaboradora-intermedio-contara-con-una-seccion-sobre-discapacidad-5630183\/#breadcrumb","itemListElement":[{"@type":"ListItem","position":1,"name":"Portada","item":"https:\/\/sindromecharge.es\/"},{"@type":"ListItem","position":2,"name":"La &#8216;influencer&#8217; con par\u00e1lisis cerebral In\u00e9s Rodr\u00edguez presenta, con su caracter\u00edstico temperamento, su secci\u00f3n en &#8216;El Intermedio&#8217;"}]},{"@type":"WebSite","@id":"https:\/\/sindromecharge.es\/#website","url":"https:\/\/sindromecharge.es\/","name":"Asociaci\u00f3n Espa\u00f1ola S\u00edndrome de Charge","description":"","potentialAction":[{"@type":"SearchAction","target":{"@type":"EntryPoint","urlTemplate":"https:\/\/sindromecharge.es\/?s={search_term_string}"},"query-input":{"@type":"PropertyValueSpecification","valueRequired":true,"valueName":"search_term_string"}}],"inLanguage":"es"},{"@type":"Person","@id":"https:\/\/sindromecharge.es\/#\/schema\/person\/39a60ebe0a2b4d5a11179701e336b039","name":"Charge","image":{"@type":"ImageObject","inLanguage":"es","@id":"https:\/\/secure.gravatar.com\/avatar\/c3b46e32a0fc3b093a0873fb767bf3293de856293065e84ef06b7ec7a8acfb98?s=96&d=identicon&r=x","url":"https:\/\/secure.gravatar.com\/avatar\/c3b46e32a0fc3b093a0873fb767bf3293de856293065e84ef06b7ec7a8acfb98?s=96&d=identicon&r=x","contentUrl":"https:\/\/secure.gravatar.com\/avatar\/c3b46e32a0fc3b093a0873fb767bf3293de856293065e84ef06b7ec7a8acfb98?s=96&d=identicon&r=x","caption":"Charge"},"url":"https:\/\/sindromecharge.es\/index.php\/author\/admin\/"}]}},"_links":{"self":[{"href":"https:\/\/sindromecharge.es\/index.php\/wp-json\/wp\/v2\/posts\/10286","targetHints":{"allow":["GET"]}}],"collection":[{"href":"https:\/\/sindromecharge.es\/index.php\/wp-json\/wp\/v2\/posts"}],"about":[{"href":"https:\/\/sindromecharge.es\/index.php\/wp-json\/wp\/v2\/types\/post"}],"author":[{"embeddable":true,"href":"https:\/\/sindromecharge.es\/index.php\/wp-json\/wp\/v2\/users\/1"}],"replies":[{"embeddable":true,"href":"https:\/\/sindromecharge.es\/index.php\/wp-json\/wp\/v2\/comments?post=10286"}],"version-history":[{"count":0,"href":"https:\/\/sindromecharge.es\/index.php\/wp-json\/wp\/v2\/posts\/10286\/revisions"}],"wp:attachment":[{"href":"https:\/\/sindromecharge.es\/index.php\/wp-json\/wp\/v2\/media?parent=10286"}],"wp:term":[{"taxonomy":"category","embeddable":true,"href":"https:\/\/sindromecharge.es\/index.php\/wp-json\/wp\/v2\/categories?post=10286"},{"taxonomy":"post_tag","embeddable":true,"href":"https:\/\/sindromecharge.es\/index.php\/wp-json\/wp\/v2\/tags?post=10286"}],"curies":[{"name":"wp","href":"https:\/\/api.w.org\/{rel}","templated":true}]}}