{"id":10285,"date":"2024-09-03T08:35:57","date_gmt":"2024-09-03T08:35:57","guid":{"rendered":"https:\/\/sindromecharge.es\/index.php\/2024\/09\/03\/index-php-108\/"},"modified":"2024-09-03T08:35:57","modified_gmt":"2024-09-03T08:35:57","slug":"index-php-108","status":"publish","type":"post","link":"https:\/\/sindromecharge.es\/index.php\/2024\/09\/03\/index-php-108\/","title":{"rendered":"La obra de teatro que nos dej\u00f3 de piedra"},"content":{"rendered":"<p>Leemos en Federaci\u00f3n de Asociaciones de Implantados Cocleares de Espa\u00f1a. Federaci\u00f3n AICE la siguiente noticia que os reproducimos de forma \u00edntegra: <\/p>\n<div>\n<p><a class=\"jcepopup\" title=\"Teatro accesible a la comunicaci\u00f3n\" href=\"http:\/\/www.implantecoclear.org\/images\/stories\/Teatro\/Teatro003.jpeg\" target=\"_blank\" rel=\"noopener\"><img loading=\"lazy\" decoding=\"async\" style=\"margin: 10px; float: left;\" src=\"http:\/\/www.implantecoclear.org\/images\/stories\/Teatro\/Teatro003.jpeg\" alt=\"Teatro accesible\" width=\"300\" height=\"225\"><\/a>El pasado d\u00eda 18 de agosto, en AICE tuvimos la maravillosa oportunidad de disfrutar de la obra de teatro accesible Medusa, interpretada por Victoria Abril, que nos hizo vibrar de emoci\u00f3n. La obra se realiz\u00f3 en el teatro romano de Sagunto, lo que nos dio la oportunidad de ver un poco esta ciudad y disfrutar de los paisajes antes del espect\u00e1culo.<\/p>\n<p>Gracias al trabajo que realiz\u00f3 Teatro Accesible, los veinte socios y socias con implante coclear que participaron, pudieron seguir la obra de principio a fin con las fm&#8217;s individuales que les prestaron y el subtitulado en directo.<\/p>\n<p>Con esta tecnolog\u00eda, junto al compromiso de los organizadores, cada uno de nosotros pudo vivir la emoci\u00f3n del teatro de manera plena, sin barreras, ya que la inclusi\u00f3n es fundamental, y ver c\u00f3mo el arte se adapta para que todos podamos disfrutarlo nos llena de alegr\u00eda.<\/p>\n<p>\u00a1Es una experiencia \u00fanica que sin duda repetiremos el a\u00f1o que viene!<\/p>\n<p><\/p>\n<p><a class=\"jcepopup\" title=\"Teatro accesible a la comunicaci\u00f3n\" href=\"http:\/\/www.implantecoclear.org\/images\/stories\/Teatro\/Teatro002.jpeg\" target=\"_blank\" rel=\"noopener\"><img loading=\"lazy\" decoding=\"async\" style=\"margin: 10px;\" src=\"http:\/\/www.implantecoclear.org\/images\/stories\/Teatro\/Teatro002.jpeg\" alt=\"Teatro accesible a la comunicaci\u00f3n\" width=\"300\" height=\"225\"><\/a><a class=\"jcepopup\" title=\"Teatro accesible a la comunicaci\u00f3n\" href=\"http:\/\/www.implantecoclear.org\/images\/stories\/Teatro\/Teatro001.jpeg\" target=\"_blank\" rel=\"noopener\"><img loading=\"lazy\" decoding=\"async\" style=\"margin: 10px;\" src=\"http:\/\/www.implantecoclear.org\/images\/stories\/Teatro\/Teatro001.jpeg\" alt=\"Teatro accesible\" width=\"300\" height=\"225\"><\/a><\/p>\n<\/div>\n<p>Fuente: Federaci\u00f3n de Asociaciones de Implantados Cocleares de Espa\u00f1a. Federaci\u00f3n AICE http:\/\/implantecoclear.org\/index.php?option=com_content&#038;view=article&#038;id=727:2024-09-03-08-36-37&#038;catid=1:latest-news<\/p>\n","protected":false},"excerpt":{"rendered":"<p>El pasado d\u00eda 18 de agosto, en AICE tuvimos la maravillosa oportunidad de disfrutar de la obra de teatro accesible Medusa, interpretada por Victoria Abril, que nos hizo vibrar de emoci\u00f3n. La obra se realiz\u00f3 en el teatro romano de Sagunto, lo que nos dio la oportunidad de ver un poco esta ciudad y disfrutar [&hellip;]<\/p>\n","protected":false},"author":1,"featured_media":0,"comment_status":"closed","ping_status":"closed","sticky":false,"template":"","format":"standard","meta":{"footnotes":""},"categories":[8],"tags":[],"class_list":["post-10285","post","type-post","status-publish","format-standard","hentry","category-noticias"],"yoast_head":"<!-- This site is optimized with the Yoast SEO plugin v27.5 - https:\/\/yoast.com\/product\/yoast-seo-wordpress\/ -->\n<title>La obra de teatro que nos dej\u00f3 de piedra - Asociaci\u00f3n Espa\u00f1ola S\u00edndrome de Charge<\/title>\n<meta name=\"robots\" content=\"index, follow, max-snippet:-1, max-image-preview:large, max-video-preview:-1\" \/>\n<link rel=\"canonical\" href=\"https:\/\/sindromecharge.es\/index.php\/2024\/09\/03\/index-php-108\/\" \/>\n<meta property=\"og:locale\" content=\"es_ES\" \/>\n<meta property=\"og:type\" content=\"article\" \/>\n<meta property=\"og:title\" content=\"La obra de teatro que nos dej\u00f3 de piedra - Asociaci\u00f3n Espa\u00f1ola S\u00edndrome de Charge\" \/>\n<meta property=\"og:description\" content=\"El pasado d\u00eda 18 de agosto, en AICE tuvimos la maravillosa oportunidad de disfrutar de la obra de teatro accesible Medusa, interpretada por Victoria Abril, que nos hizo vibrar de emoci\u00f3n. La obra se realiz\u00f3 en el teatro romano de Sagunto, lo que nos dio la oportunidad de ver un poco esta ciudad y disfrutar [&hellip;]\" \/>\n<meta property=\"og:url\" content=\"https:\/\/sindromecharge.es\/index.php\/2024\/09\/03\/index-php-108\/\" \/>\n<meta property=\"og:site_name\" content=\"Asociaci\u00f3n Espa\u00f1ola S\u00edndrome de Charge\" \/>\n<meta property=\"article:publisher\" content=\"https:\/\/www.facebook.com\/asociacionsindromecharge\" \/>\n<meta property=\"article:published_time\" content=\"2024-09-03T08:35:57+00:00\" \/>\n<meta property=\"og:image\" content=\"http:\/\/www.implantecoclear.org\/images\/stories\/Teatro\/Teatro003.jpeg\" \/>\n<meta name=\"author\" content=\"Charge\" \/>\n<meta name=\"twitter:card\" content=\"summary_large_image\" \/>\n<meta name=\"twitter:creator\" content=\"@sindromecharge\" \/>\n<meta name=\"twitter:site\" content=\"@sindromecharge\" \/>\n<meta name=\"twitter:label1\" content=\"Escrito por\" \/>\n\t<meta name=\"twitter:data1\" content=\"Charge\" \/>\n\t<meta name=\"twitter:label2\" content=\"Tiempo de lectura\" \/>\n\t<meta name=\"twitter:data2\" content=\"1 minuto\" \/>\n<script type=\"application\/ld+json\" class=\"yoast-schema-graph\">{\"@context\":\"https:\\\/\\\/schema.org\",\"@graph\":[{\"@type\":\"Article\",\"@id\":\"https:\\\/\\\/sindromecharge.es\\\/index.php\\\/2024\\\/09\\\/03\\\/index-php-108\\\/#article\",\"isPartOf\":{\"@id\":\"https:\\\/\\\/sindromecharge.es\\\/index.php\\\/2024\\\/09\\\/03\\\/index-php-108\\\/\"},\"author\":{\"name\":\"Charge\",\"@id\":\"https:\\\/\\\/sindromecharge.es\\\/#\\\/schema\\\/person\\\/39a60ebe0a2b4d5a11179701e336b039\"},\"headline\":\"La obra de teatro que nos dej\u00f3 de piedra\",\"datePublished\":\"2024-09-03T08:35:57+00:00\",\"mainEntityOfPage\":{\"@id\":\"https:\\\/\\\/sindromecharge.es\\\/index.php\\\/2024\\\/09\\\/03\\\/index-php-108\\\/\"},\"wordCount\":229,\"image\":{\"@id\":\"https:\\\/\\\/sindromecharge.es\\\/index.php\\\/2024\\\/09\\\/03\\\/index-php-108\\\/#primaryimage\"},\"thumbnailUrl\":\"http:\\\/\\\/www.implantecoclear.org\\\/images\\\/stories\\\/Teatro\\\/Teatro003.jpeg\",\"articleSection\":[\"noticias\"],\"inLanguage\":\"es\"},{\"@type\":\"WebPage\",\"@id\":\"https:\\\/\\\/sindromecharge.es\\\/index.php\\\/2024\\\/09\\\/03\\\/index-php-108\\\/\",\"url\":\"https:\\\/\\\/sindromecharge.es\\\/index.php\\\/2024\\\/09\\\/03\\\/index-php-108\\\/\",\"name\":\"La obra de teatro que nos dej\u00f3 de piedra - Asociaci\u00f3n Espa\u00f1ola S\u00edndrome de Charge\",\"isPartOf\":{\"@id\":\"https:\\\/\\\/sindromecharge.es\\\/#website\"},\"primaryImageOfPage\":{\"@id\":\"https:\\\/\\\/sindromecharge.es\\\/index.php\\\/2024\\\/09\\\/03\\\/index-php-108\\\/#primaryimage\"},\"image\":{\"@id\":\"https:\\\/\\\/sindromecharge.es\\\/index.php\\\/2024\\\/09\\\/03\\\/index-php-108\\\/#primaryimage\"},\"thumbnailUrl\":\"http:\\\/\\\/www.implantecoclear.org\\\/images\\\/stories\\\/Teatro\\\/Teatro003.jpeg\",\"datePublished\":\"2024-09-03T08:35:57+00:00\",\"author\":{\"@id\":\"https:\\\/\\\/sindromecharge.es\\\/#\\\/schema\\\/person\\\/39a60ebe0a2b4d5a11179701e336b039\"},\"breadcrumb\":{\"@id\":\"https:\\\/\\\/sindromecharge.es\\\/index.php\\\/2024\\\/09\\\/03\\\/index-php-108\\\/#breadcrumb\"},\"inLanguage\":\"es\",\"potentialAction\":[{\"@type\":\"ReadAction\",\"target\":[\"https:\\\/\\\/sindromecharge.es\\\/index.php\\\/2024\\\/09\\\/03\\\/index-php-108\\\/\"]}]},{\"@type\":\"ImageObject\",\"inLanguage\":\"es\",\"@id\":\"https:\\\/\\\/sindromecharge.es\\\/index.php\\\/2024\\\/09\\\/03\\\/index-php-108\\\/#primaryimage\",\"url\":\"http:\\\/\\\/www.implantecoclear.org\\\/images\\\/stories\\\/Teatro\\\/Teatro003.jpeg\",\"contentUrl\":\"http:\\\/\\\/www.implantecoclear.org\\\/images\\\/stories\\\/Teatro\\\/Teatro003.jpeg\"},{\"@type\":\"BreadcrumbList\",\"@id\":\"https:\\\/\\\/sindromecharge.es\\\/index.php\\\/2024\\\/09\\\/03\\\/index-php-108\\\/#breadcrumb\",\"itemListElement\":[{\"@type\":\"ListItem\",\"position\":1,\"name\":\"Portada\",\"item\":\"https:\\\/\\\/sindromecharge.es\\\/\"},{\"@type\":\"ListItem\",\"position\":2,\"name\":\"La obra de teatro que nos dej\u00f3 de piedra\"}]},{\"@type\":\"WebSite\",\"@id\":\"https:\\\/\\\/sindromecharge.es\\\/#website\",\"url\":\"https:\\\/\\\/sindromecharge.es\\\/\",\"name\":\"Asociaci\u00f3n Espa\u00f1ola S\u00edndrome de Charge\",\"description\":\"\",\"potentialAction\":[{\"@type\":\"SearchAction\",\"target\":{\"@type\":\"EntryPoint\",\"urlTemplate\":\"https:\\\/\\\/sindromecharge.es\\\/?s={search_term_string}\"},\"query-input\":{\"@type\":\"PropertyValueSpecification\",\"valueRequired\":true,\"valueName\":\"search_term_string\"}}],\"inLanguage\":\"es\"},{\"@type\":\"Person\",\"@id\":\"https:\\\/\\\/sindromecharge.es\\\/#\\\/schema\\\/person\\\/39a60ebe0a2b4d5a11179701e336b039\",\"name\":\"Charge\",\"image\":{\"@type\":\"ImageObject\",\"inLanguage\":\"es\",\"@id\":\"https:\\\/\\\/secure.gravatar.com\\\/avatar\\\/c3b46e32a0fc3b093a0873fb767bf3293de856293065e84ef06b7ec7a8acfb98?s=96&d=identicon&r=x\",\"url\":\"https:\\\/\\\/secure.gravatar.com\\\/avatar\\\/c3b46e32a0fc3b093a0873fb767bf3293de856293065e84ef06b7ec7a8acfb98?s=96&d=identicon&r=x\",\"contentUrl\":\"https:\\\/\\\/secure.gravatar.com\\\/avatar\\\/c3b46e32a0fc3b093a0873fb767bf3293de856293065e84ef06b7ec7a8acfb98?s=96&d=identicon&r=x\",\"caption\":\"Charge\"},\"url\":\"https:\\\/\\\/sindromecharge.es\\\/index.php\\\/author\\\/admin\\\/\"}]}<\/script>\n<!-- \/ Yoast SEO plugin. -->","yoast_head_json":{"title":"La obra de teatro que nos dej\u00f3 de piedra - Asociaci\u00f3n Espa\u00f1ola S\u00edndrome de Charge","robots":{"index":"index","follow":"follow","max-snippet":"max-snippet:-1","max-image-preview":"max-image-preview:large","max-video-preview":"max-video-preview:-1"},"canonical":"https:\/\/sindromecharge.es\/index.php\/2024\/09\/03\/index-php-108\/","og_locale":"es_ES","og_type":"article","og_title":"La obra de teatro que nos dej\u00f3 de piedra - Asociaci\u00f3n Espa\u00f1ola S\u00edndrome de Charge","og_description":"El pasado d\u00eda 18 de agosto, en AICE tuvimos la maravillosa oportunidad de disfrutar de la obra de teatro accesible Medusa, interpretada por Victoria Abril, que nos hizo vibrar de emoci\u00f3n. La obra se realiz\u00f3 en el teatro romano de Sagunto, lo que nos dio la oportunidad de ver un poco esta ciudad y disfrutar [&hellip;]","og_url":"https:\/\/sindromecharge.es\/index.php\/2024\/09\/03\/index-php-108\/","og_site_name":"Asociaci\u00f3n Espa\u00f1ola S\u00edndrome de Charge","article_publisher":"https:\/\/www.facebook.com\/asociacionsindromecharge","article_published_time":"2024-09-03T08:35:57+00:00","og_image":[{"url":"http:\/\/www.implantecoclear.org\/images\/stories\/Teatro\/Teatro003.jpeg","type":"","width":"","height":""}],"author":"Charge","twitter_card":"summary_large_image","twitter_creator":"@sindromecharge","twitter_site":"@sindromecharge","twitter_misc":{"Escrito por":"Charge","Tiempo de lectura":"1 minuto"},"schema":{"@context":"https:\/\/schema.org","@graph":[{"@type":"Article","@id":"https:\/\/sindromecharge.es\/index.php\/2024\/09\/03\/index-php-108\/#article","isPartOf":{"@id":"https:\/\/sindromecharge.es\/index.php\/2024\/09\/03\/index-php-108\/"},"author":{"name":"Charge","@id":"https:\/\/sindromecharge.es\/#\/schema\/person\/39a60ebe0a2b4d5a11179701e336b039"},"headline":"La obra de teatro que nos dej\u00f3 de piedra","datePublished":"2024-09-03T08:35:57+00:00","mainEntityOfPage":{"@id":"https:\/\/sindromecharge.es\/index.php\/2024\/09\/03\/index-php-108\/"},"wordCount":229,"image":{"@id":"https:\/\/sindromecharge.es\/index.php\/2024\/09\/03\/index-php-108\/#primaryimage"},"thumbnailUrl":"http:\/\/www.implantecoclear.org\/images\/stories\/Teatro\/Teatro003.jpeg","articleSection":["noticias"],"inLanguage":"es"},{"@type":"WebPage","@id":"https:\/\/sindromecharge.es\/index.php\/2024\/09\/03\/index-php-108\/","url":"https:\/\/sindromecharge.es\/index.php\/2024\/09\/03\/index-php-108\/","name":"La obra de teatro que nos dej\u00f3 de piedra - Asociaci\u00f3n Espa\u00f1ola S\u00edndrome de Charge","isPartOf":{"@id":"https:\/\/sindromecharge.es\/#website"},"primaryImageOfPage":{"@id":"https:\/\/sindromecharge.es\/index.php\/2024\/09\/03\/index-php-108\/#primaryimage"},"image":{"@id":"https:\/\/sindromecharge.es\/index.php\/2024\/09\/03\/index-php-108\/#primaryimage"},"thumbnailUrl":"http:\/\/www.implantecoclear.org\/images\/stories\/Teatro\/Teatro003.jpeg","datePublished":"2024-09-03T08:35:57+00:00","author":{"@id":"https:\/\/sindromecharge.es\/#\/schema\/person\/39a60ebe0a2b4d5a11179701e336b039"},"breadcrumb":{"@id":"https:\/\/sindromecharge.es\/index.php\/2024\/09\/03\/index-php-108\/#breadcrumb"},"inLanguage":"es","potentialAction":[{"@type":"ReadAction","target":["https:\/\/sindromecharge.es\/index.php\/2024\/09\/03\/index-php-108\/"]}]},{"@type":"ImageObject","inLanguage":"es","@id":"https:\/\/sindromecharge.es\/index.php\/2024\/09\/03\/index-php-108\/#primaryimage","url":"http:\/\/www.implantecoclear.org\/images\/stories\/Teatro\/Teatro003.jpeg","contentUrl":"http:\/\/www.implantecoclear.org\/images\/stories\/Teatro\/Teatro003.jpeg"},{"@type":"BreadcrumbList","@id":"https:\/\/sindromecharge.es\/index.php\/2024\/09\/03\/index-php-108\/#breadcrumb","itemListElement":[{"@type":"ListItem","position":1,"name":"Portada","item":"https:\/\/sindromecharge.es\/"},{"@type":"ListItem","position":2,"name":"La obra de teatro que nos dej\u00f3 de piedra"}]},{"@type":"WebSite","@id":"https:\/\/sindromecharge.es\/#website","url":"https:\/\/sindromecharge.es\/","name":"Asociaci\u00f3n Espa\u00f1ola S\u00edndrome de Charge","description":"","potentialAction":[{"@type":"SearchAction","target":{"@type":"EntryPoint","urlTemplate":"https:\/\/sindromecharge.es\/?s={search_term_string}"},"query-input":{"@type":"PropertyValueSpecification","valueRequired":true,"valueName":"search_term_string"}}],"inLanguage":"es"},{"@type":"Person","@id":"https:\/\/sindromecharge.es\/#\/schema\/person\/39a60ebe0a2b4d5a11179701e336b039","name":"Charge","image":{"@type":"ImageObject","inLanguage":"es","@id":"https:\/\/secure.gravatar.com\/avatar\/c3b46e32a0fc3b093a0873fb767bf3293de856293065e84ef06b7ec7a8acfb98?s=96&d=identicon&r=x","url":"https:\/\/secure.gravatar.com\/avatar\/c3b46e32a0fc3b093a0873fb767bf3293de856293065e84ef06b7ec7a8acfb98?s=96&d=identicon&r=x","contentUrl":"https:\/\/secure.gravatar.com\/avatar\/c3b46e32a0fc3b093a0873fb767bf3293de856293065e84ef06b7ec7a8acfb98?s=96&d=identicon&r=x","caption":"Charge"},"url":"https:\/\/sindromecharge.es\/index.php\/author\/admin\/"}]}},"_links":{"self":[{"href":"https:\/\/sindromecharge.es\/index.php\/wp-json\/wp\/v2\/posts\/10285","targetHints":{"allow":["GET"]}}],"collection":[{"href":"https:\/\/sindromecharge.es\/index.php\/wp-json\/wp\/v2\/posts"}],"about":[{"href":"https:\/\/sindromecharge.es\/index.php\/wp-json\/wp\/v2\/types\/post"}],"author":[{"embeddable":true,"href":"https:\/\/sindromecharge.es\/index.php\/wp-json\/wp\/v2\/users\/1"}],"replies":[{"embeddable":true,"href":"https:\/\/sindromecharge.es\/index.php\/wp-json\/wp\/v2\/comments?post=10285"}],"version-history":[{"count":0,"href":"https:\/\/sindromecharge.es\/index.php\/wp-json\/wp\/v2\/posts\/10285\/revisions"}],"wp:attachment":[{"href":"https:\/\/sindromecharge.es\/index.php\/wp-json\/wp\/v2\/media?parent=10285"}],"wp:term":[{"taxonomy":"category","embeddable":true,"href":"https:\/\/sindromecharge.es\/index.php\/wp-json\/wp\/v2\/categories?post=10285"},{"taxonomy":"post_tag","embeddable":true,"href":"https:\/\/sindromecharge.es\/index.php\/wp-json\/wp\/v2\/tags?post=10285"}],"curies":[{"name":"wp","href":"https:\/\/api.w.org\/{rel}","templated":true}]}}