{"id":10281,"date":"2024-08-31T10:03:49","date_gmt":"2024-08-31T10:03:49","guid":{"rendered":"https:\/\/sindromecharge.es\/index.php\/2024\/08\/31\/adolescentes-con-paralisis-cerebral-denuncian-soledad-que-sienten-clase-hay-profesores-que-no-muestran-interes\/"},"modified":"2024-08-31T10:03:49","modified_gmt":"2024-08-31T10:03:49","slug":"adolescentes-con-paralisis-cerebral-denuncian-soledad-que-sienten-clase-hay-profesores-que-no-muestran-interes","status":"publish","type":"post","link":"https:\/\/sindromecharge.es\/index.php\/2024\/08\/31\/adolescentes-con-paralisis-cerebral-denuncian-soledad-que-sienten-clase-hay-profesores-que-no-muestran-interes\/","title":{"rendered":"Adolescentes con par\u00e1lisis cerebral denuncian la soledad que sienten en clase: \u00abHay profesores que no muestran inter\u00e9s\u00bb"},"content":{"rendered":"<p>Leemos en Discapacidad la siguiente noticia que os reproducimos de forma \u00edntegra: <\/p>\n<div>\n<p><b>Gema Canales y Laura Ta\u00f1o,<\/b> dos adolescentes con par\u00e1lisis cerebral de quince y diecis\u00e9is a\u00f1os respectivamente, <b>han denunciado la soledad que sienten en el instituto<\/b> debido a su discapacidad y a que no pueden comunicarse como el resto de sus compa\u00f1eros.<\/p>\n<p>\u00abHab\u00eda profesores de apoyo que me ayudaron bastante y otros no mostraban mucho inter\u00e9s por mi forma de comunicarme y en muchas ocasiones no me sent\u00eda comprendida\u00bb, ha lamentado Gema, una joven de diecis\u00e9is a\u00f1os con par\u00e1lisis cerebral y sin capacidad de lenguaje oral<b> que ha marcado un hito en la educaci\u00f3n espa\u00f1ola<\/b> al ser la primera estudiante con esta discapacidad que supera la <a href=\"https:\/\/www.20minutos.es\/minuteca\/eso\/\" title=\"ESO\">Educaci\u00f3n Secundaria Obligatoria (ESO) <\/a>junto al resto de sus compa\u00f1eros, gracias a la ayuda de tecnolog\u00edas de apoyo.<\/p>\n<p>En un v\u00eddeo difundido a los medios, la joven <b>cuenta su experiencia<\/b> durante su etapa en Educaci\u00f3n Secundaria Obligatoria y sobre c\u00f3mo ha sido el paso de Primaria a la ESO.<\/p>\n<p>As\u00ed, asegura que en Primaria \u00abtodo fue un poco m\u00e1s f\u00e1cil\u00bb, ya qu<b>e tuvo uno apoyos que le ayudaron \u00abmucho\u00bb y le hac\u00edan \u00absentir bien\u00bb, <\/b>aunque en Secundaria \u00abla historia cambi\u00f3\u00bb: \u00abMi sensaci\u00f3n era que no les importaba mucho mis adaptaciones porque estaban un a\u00f1o y al a\u00f1o siguiente no\u00bb.<\/p>\n<p>\u00abMe sent\u00eda un poco sola, por eso ahora no tengo ganas de seguir estudiando en un sistema que no me entiende. <b>Voy a luchar para que tengamos la educaci\u00f3n de calidad que merecemos\u00bb<\/b>, ha aseverado Gema.<\/p>\n<p>Su historia ha inspirado la creaci\u00f3n de la Fundaci\u00f3n Gema Canales, cuyo fin es mejorar la calidad de vida de las personas con par\u00e1lisis cerebral y sus familias, <b>a trav\u00e9s de apoyo emocional<\/b>, servicios de atenci\u00f3n temprana y terapias que ayudan a estas personas a alcanzar su m\u00e1ximo potencial.<\/p>\n<h2>\u00abYo sufro a diario este tipo de discriminaci\u00f3n\u00bb<\/h2>\n<p>Por su parte, Laura, una chica de Ja\u00e9n nacida en 2009 con par\u00e1lisis cerebral infantil, relata c\u00f3mo se siente cada d\u00eda cuando chicos que han sido sus compa\u00f1eros desde Infantil<b> pasan a su lado sin decirle \u00abni una sola palabra\u00bb.<\/b> \u00abYo sufro a diario este tipo de discriminaci\u00f3n\u00bb, ha lamentado. Laura acaba de terminar tercero de la ESO con \u00e9xito y sin problemas y, tras las vacaciones de verano, empezar\u00e1 cuarto de la ESO.<\/p>\n<p>\u00abImaginaos que un d\u00eda os despert\u00e1is y el mundo que conoc\u00edais se vuelve gris, que las personas de tu alrededor dejan de hablarte sin t\u00fa saber qu\u00e9 ha podido pasar. <b>Ya no tienes amigos y no entiendes qu\u00e9 has hecho<\/b> para que esto suceda, pues as\u00ed me siento yo\u00bb, ha explicado la joven.<\/p>\n<p>Laura manifiesta que s\u00f3lo es una chica de 15 a\u00f1os<b> que hace las cosas de manera diferente, <\/b>que tarda un poco en hablar, que puede hacer las mismas cosas que hacen el resto de alumnos y que se siente \u00absola\u00bb.<\/p>\n<h2>Distintas dificultades<\/h2>\n<p>La madre de Laura ha denunciado las dificultades que ha tenido su hija durante su vida escolar, como<b> el miedo, la soledad y el no saber actuar con ella.<\/b> \u00abEn el instituto se encuentra sola, no tiene acompa\u00f1amiento de ning\u00fan ni\u00f1o de su edad\u00bb, afirma.<\/p>\n<p>Durante la etapa escolar, seg\u00fan indica, la joven tiene cubiertas las necesidades b\u00e1sica pero <b>\u00abno hay una persona que est\u00e9 especializada<\/b> y que sepa manejar sistemas de comunicaci\u00f3n alternativa\u00bb. \u00abDe todo ello me he ido encargando yo a lo largo de su etapa escolar pero sin tener unas nociones de pedagog\u00eda porque yo solo soy una madre\u00bb, recalca.<\/p>\n<p>El caso de Gema o Laura no solo son un triunfo personal, sino un ejemplo inspirador para el sistema educativo y la sociedad en su conjunto, ya que su \u00e9xito pone de manifiesto <b>la importancia de la tecnolog\u00eda en la educaci\u00f3n inclusiva<\/b> para abrir nuevas posibilidades para otras personas con discapacidad.<\/p>\n<p>La familias de alumnos con par\u00e1lisis cerebral reclaman, as\u00ed, <b>una &#8216;vuelta al cole&#8217; realmente inclusiva<\/b> y hacen un llamamiento a la movilizaci\u00f3n para \u00abeliminar las trabas que hay para los ni\u00f1os con capacidades diferentes\u00bb.<\/p>\n<p>Los ni\u00f1os con par\u00e1lisis cerebral, que son uno de cada 500 ni\u00f1os que nacen, en la mayor parte de las ocasiones no tienen afectadas sus capacidades intelectuales, solo las motoras. Sin embargo, por su condici\u00f3n se ven<b> relegados de la sociedad y privados de su infancia\/ adolescencia<\/b> y de una educaci\u00f3n como los dem\u00e1s, cuando simplemente gracias a un comunicador podr\u00edan estar escolarizados con normalidad.<\/p>\n<\/div>\n<p>Fuente: Discapacidad https:\/\/www.20minutos.es\/noticia\/5629355\/0\/adolescentes-con-paralisis-cerebral-denuncian-soledad-que-sienten-clase-hay-profesores-que-no-muestran-interes\/<\/p>\n","protected":false},"excerpt":{"rendered":"<p>Gema Canales y Laura Ta\u00f1o ha denunciado la incomprensi\u00f3n a la que se han enfrentado.<\/p>\n","protected":false},"author":1,"featured_media":0,"comment_status":"closed","ping_status":"closed","sticky":false,"template":"","format":"standard","meta":{"footnotes":""},"categories":[8],"tags":[],"class_list":["post-10281","post","type-post","status-publish","format-standard","hentry","category-noticias"],"yoast_head":"<!-- This site is optimized with the Yoast SEO plugin v27.5 - https:\/\/yoast.com\/product\/yoast-seo-wordpress\/ -->\n<title>Adolescentes con par\u00e1lisis cerebral denuncian la soledad que sienten en clase: &quot;Hay profesores que no muestran inter\u00e9s&quot; - Asociaci\u00f3n Espa\u00f1ola S\u00edndrome de Charge<\/title>\n<meta name=\"robots\" content=\"index, follow, max-snippet:-1, max-image-preview:large, max-video-preview:-1\" \/>\n<link rel=\"canonical\" href=\"https:\/\/sindromecharge.es\/index.php\/2024\/08\/31\/adolescentes-con-paralisis-cerebral-denuncian-soledad-que-sienten-clase-hay-profesores-que-no-muestran-interes\/\" \/>\n<meta property=\"og:locale\" content=\"es_ES\" \/>\n<meta property=\"og:type\" content=\"article\" \/>\n<meta property=\"og:title\" content=\"Adolescentes con par\u00e1lisis cerebral denuncian la soledad que sienten en clase: &quot;Hay profesores que no muestran inter\u00e9s&quot; - Asociaci\u00f3n Espa\u00f1ola S\u00edndrome de Charge\" \/>\n<meta property=\"og:description\" content=\"Gema Canales y Laura Ta\u00f1o ha denunciado la incomprensi\u00f3n a la que se han enfrentado.\" \/>\n<meta property=\"og:url\" content=\"https:\/\/sindromecharge.es\/index.php\/2024\/08\/31\/adolescentes-con-paralisis-cerebral-denuncian-soledad-que-sienten-clase-hay-profesores-que-no-muestran-interes\/\" \/>\n<meta property=\"og:site_name\" content=\"Asociaci\u00f3n Espa\u00f1ola S\u00edndrome de Charge\" \/>\n<meta property=\"article:publisher\" content=\"https:\/\/www.facebook.com\/asociacionsindromecharge\" \/>\n<meta property=\"article:published_time\" content=\"2024-08-31T10:03:49+00:00\" \/>\n<meta property=\"og:image\" content=\"https:\/\/sindromecharge.es\/wp-content\/uploads\/2013\/09\/logodecharge300x98.png\" \/>\n\t<meta property=\"og:image:width\" content=\"300\" \/>\n\t<meta property=\"og:image:height\" content=\"98\" \/>\n\t<meta property=\"og:image:type\" content=\"image\/png\" \/>\n<meta name=\"author\" content=\"Charge\" \/>\n<meta name=\"twitter:card\" content=\"summary_large_image\" \/>\n<meta name=\"twitter:creator\" content=\"@sindromecharge\" \/>\n<meta name=\"twitter:site\" content=\"@sindromecharge\" \/>\n<meta name=\"twitter:label1\" content=\"Escrito por\" \/>\n\t<meta name=\"twitter:data1\" content=\"Charge\" \/>\n\t<meta name=\"twitter:label2\" content=\"Tiempo de lectura\" \/>\n\t<meta name=\"twitter:data2\" content=\"4 minutos\" \/>\n<script type=\"application\/ld+json\" class=\"yoast-schema-graph\">{\"@context\":\"https:\\\/\\\/schema.org\",\"@graph\":[{\"@type\":\"Article\",\"@id\":\"https:\\\/\\\/sindromecharge.es\\\/index.php\\\/2024\\\/08\\\/31\\\/adolescentes-con-paralisis-cerebral-denuncian-soledad-que-sienten-clase-hay-profesores-que-no-muestran-interes\\\/#article\",\"isPartOf\":{\"@id\":\"https:\\\/\\\/sindromecharge.es\\\/index.php\\\/2024\\\/08\\\/31\\\/adolescentes-con-paralisis-cerebral-denuncian-soledad-que-sienten-clase-hay-profesores-que-no-muestran-interes\\\/\"},\"author\":{\"name\":\"Charge\",\"@id\":\"https:\\\/\\\/sindromecharge.es\\\/#\\\/schema\\\/person\\\/39a60ebe0a2b4d5a11179701e336b039\"},\"headline\":\"Adolescentes con par\u00e1lisis cerebral denuncian la soledad que sienten en clase: \u00abHay profesores que no muestran inter\u00e9s\u00bb\",\"datePublished\":\"2024-08-31T10:03:49+00:00\",\"mainEntityOfPage\":{\"@id\":\"https:\\\/\\\/sindromecharge.es\\\/index.php\\\/2024\\\/08\\\/31\\\/adolescentes-con-paralisis-cerebral-denuncian-soledad-que-sienten-clase-hay-profesores-que-no-muestran-interes\\\/\"},\"wordCount\":819,\"articleSection\":[\"noticias\"],\"inLanguage\":\"es\"},{\"@type\":\"WebPage\",\"@id\":\"https:\\\/\\\/sindromecharge.es\\\/index.php\\\/2024\\\/08\\\/31\\\/adolescentes-con-paralisis-cerebral-denuncian-soledad-que-sienten-clase-hay-profesores-que-no-muestran-interes\\\/\",\"url\":\"https:\\\/\\\/sindromecharge.es\\\/index.php\\\/2024\\\/08\\\/31\\\/adolescentes-con-paralisis-cerebral-denuncian-soledad-que-sienten-clase-hay-profesores-que-no-muestran-interes\\\/\",\"name\":\"Adolescentes con par\u00e1lisis cerebral denuncian la soledad que sienten en clase: \\\"Hay profesores que no muestran inter\u00e9s\\\" - Asociaci\u00f3n Espa\u00f1ola S\u00edndrome de Charge\",\"isPartOf\":{\"@id\":\"https:\\\/\\\/sindromecharge.es\\\/#website\"},\"datePublished\":\"2024-08-31T10:03:49+00:00\",\"author\":{\"@id\":\"https:\\\/\\\/sindromecharge.es\\\/#\\\/schema\\\/person\\\/39a60ebe0a2b4d5a11179701e336b039\"},\"breadcrumb\":{\"@id\":\"https:\\\/\\\/sindromecharge.es\\\/index.php\\\/2024\\\/08\\\/31\\\/adolescentes-con-paralisis-cerebral-denuncian-soledad-que-sienten-clase-hay-profesores-que-no-muestran-interes\\\/#breadcrumb\"},\"inLanguage\":\"es\",\"potentialAction\":[{\"@type\":\"ReadAction\",\"target\":[\"https:\\\/\\\/sindromecharge.es\\\/index.php\\\/2024\\\/08\\\/31\\\/adolescentes-con-paralisis-cerebral-denuncian-soledad-que-sienten-clase-hay-profesores-que-no-muestran-interes\\\/\"]}]},{\"@type\":\"BreadcrumbList\",\"@id\":\"https:\\\/\\\/sindromecharge.es\\\/index.php\\\/2024\\\/08\\\/31\\\/adolescentes-con-paralisis-cerebral-denuncian-soledad-que-sienten-clase-hay-profesores-que-no-muestran-interes\\\/#breadcrumb\",\"itemListElement\":[{\"@type\":\"ListItem\",\"position\":1,\"name\":\"Portada\",\"item\":\"https:\\\/\\\/sindromecharge.es\\\/\"},{\"@type\":\"ListItem\",\"position\":2,\"name\":\"Adolescentes con par\u00e1lisis cerebral denuncian la soledad que sienten en clase: &#8220;Hay profesores que no muestran inter\u00e9s&#8221;\"}]},{\"@type\":\"WebSite\",\"@id\":\"https:\\\/\\\/sindromecharge.es\\\/#website\",\"url\":\"https:\\\/\\\/sindromecharge.es\\\/\",\"name\":\"Asociaci\u00f3n Espa\u00f1ola S\u00edndrome de Charge\",\"description\":\"\",\"potentialAction\":[{\"@type\":\"SearchAction\",\"target\":{\"@type\":\"EntryPoint\",\"urlTemplate\":\"https:\\\/\\\/sindromecharge.es\\\/?s={search_term_string}\"},\"query-input\":{\"@type\":\"PropertyValueSpecification\",\"valueRequired\":true,\"valueName\":\"search_term_string\"}}],\"inLanguage\":\"es\"},{\"@type\":\"Person\",\"@id\":\"https:\\\/\\\/sindromecharge.es\\\/#\\\/schema\\\/person\\\/39a60ebe0a2b4d5a11179701e336b039\",\"name\":\"Charge\",\"image\":{\"@type\":\"ImageObject\",\"inLanguage\":\"es\",\"@id\":\"https:\\\/\\\/secure.gravatar.com\\\/avatar\\\/c3b46e32a0fc3b093a0873fb767bf3293de856293065e84ef06b7ec7a8acfb98?s=96&d=identicon&r=x\",\"url\":\"https:\\\/\\\/secure.gravatar.com\\\/avatar\\\/c3b46e32a0fc3b093a0873fb767bf3293de856293065e84ef06b7ec7a8acfb98?s=96&d=identicon&r=x\",\"contentUrl\":\"https:\\\/\\\/secure.gravatar.com\\\/avatar\\\/c3b46e32a0fc3b093a0873fb767bf3293de856293065e84ef06b7ec7a8acfb98?s=96&d=identicon&r=x\",\"caption\":\"Charge\"},\"url\":\"https:\\\/\\\/sindromecharge.es\\\/index.php\\\/author\\\/admin\\\/\"}]}<\/script>\n<!-- \/ Yoast SEO plugin. -->","yoast_head_json":{"title":"Adolescentes con par\u00e1lisis cerebral denuncian la soledad que sienten en clase: \"Hay profesores que no muestran inter\u00e9s\" - Asociaci\u00f3n Espa\u00f1ola S\u00edndrome de Charge","robots":{"index":"index","follow":"follow","max-snippet":"max-snippet:-1","max-image-preview":"max-image-preview:large","max-video-preview":"max-video-preview:-1"},"canonical":"https:\/\/sindromecharge.es\/index.php\/2024\/08\/31\/adolescentes-con-paralisis-cerebral-denuncian-soledad-que-sienten-clase-hay-profesores-que-no-muestran-interes\/","og_locale":"es_ES","og_type":"article","og_title":"Adolescentes con par\u00e1lisis cerebral denuncian la soledad que sienten en clase: \"Hay profesores que no muestran inter\u00e9s\" - Asociaci\u00f3n Espa\u00f1ola S\u00edndrome de Charge","og_description":"Gema Canales y Laura Ta\u00f1o ha denunciado la incomprensi\u00f3n a la que se han enfrentado.","og_url":"https:\/\/sindromecharge.es\/index.php\/2024\/08\/31\/adolescentes-con-paralisis-cerebral-denuncian-soledad-que-sienten-clase-hay-profesores-que-no-muestran-interes\/","og_site_name":"Asociaci\u00f3n Espa\u00f1ola S\u00edndrome de Charge","article_publisher":"https:\/\/www.facebook.com\/asociacionsindromecharge","article_published_time":"2024-08-31T10:03:49+00:00","og_image":[{"width":300,"height":98,"url":"https:\/\/sindromecharge.es\/wp-content\/uploads\/2013\/09\/logodecharge300x98.png","type":"image\/png"}],"author":"Charge","twitter_card":"summary_large_image","twitter_creator":"@sindromecharge","twitter_site":"@sindromecharge","twitter_misc":{"Escrito por":"Charge","Tiempo de lectura":"4 minutos"},"schema":{"@context":"https:\/\/schema.org","@graph":[{"@type":"Article","@id":"https:\/\/sindromecharge.es\/index.php\/2024\/08\/31\/adolescentes-con-paralisis-cerebral-denuncian-soledad-que-sienten-clase-hay-profesores-que-no-muestran-interes\/#article","isPartOf":{"@id":"https:\/\/sindromecharge.es\/index.php\/2024\/08\/31\/adolescentes-con-paralisis-cerebral-denuncian-soledad-que-sienten-clase-hay-profesores-que-no-muestran-interes\/"},"author":{"name":"Charge","@id":"https:\/\/sindromecharge.es\/#\/schema\/person\/39a60ebe0a2b4d5a11179701e336b039"},"headline":"Adolescentes con par\u00e1lisis cerebral denuncian la soledad que sienten en clase: \u00abHay profesores que no muestran inter\u00e9s\u00bb","datePublished":"2024-08-31T10:03:49+00:00","mainEntityOfPage":{"@id":"https:\/\/sindromecharge.es\/index.php\/2024\/08\/31\/adolescentes-con-paralisis-cerebral-denuncian-soledad-que-sienten-clase-hay-profesores-que-no-muestran-interes\/"},"wordCount":819,"articleSection":["noticias"],"inLanguage":"es"},{"@type":"WebPage","@id":"https:\/\/sindromecharge.es\/index.php\/2024\/08\/31\/adolescentes-con-paralisis-cerebral-denuncian-soledad-que-sienten-clase-hay-profesores-que-no-muestran-interes\/","url":"https:\/\/sindromecharge.es\/index.php\/2024\/08\/31\/adolescentes-con-paralisis-cerebral-denuncian-soledad-que-sienten-clase-hay-profesores-que-no-muestran-interes\/","name":"Adolescentes con par\u00e1lisis cerebral denuncian la soledad que sienten en clase: \"Hay profesores que no muestran inter\u00e9s\" - Asociaci\u00f3n Espa\u00f1ola S\u00edndrome de Charge","isPartOf":{"@id":"https:\/\/sindromecharge.es\/#website"},"datePublished":"2024-08-31T10:03:49+00:00","author":{"@id":"https:\/\/sindromecharge.es\/#\/schema\/person\/39a60ebe0a2b4d5a11179701e336b039"},"breadcrumb":{"@id":"https:\/\/sindromecharge.es\/index.php\/2024\/08\/31\/adolescentes-con-paralisis-cerebral-denuncian-soledad-que-sienten-clase-hay-profesores-que-no-muestran-interes\/#breadcrumb"},"inLanguage":"es","potentialAction":[{"@type":"ReadAction","target":["https:\/\/sindromecharge.es\/index.php\/2024\/08\/31\/adolescentes-con-paralisis-cerebral-denuncian-soledad-que-sienten-clase-hay-profesores-que-no-muestran-interes\/"]}]},{"@type":"BreadcrumbList","@id":"https:\/\/sindromecharge.es\/index.php\/2024\/08\/31\/adolescentes-con-paralisis-cerebral-denuncian-soledad-que-sienten-clase-hay-profesores-que-no-muestran-interes\/#breadcrumb","itemListElement":[{"@type":"ListItem","position":1,"name":"Portada","item":"https:\/\/sindromecharge.es\/"},{"@type":"ListItem","position":2,"name":"Adolescentes con par\u00e1lisis cerebral denuncian la soledad que sienten en clase: &#8220;Hay profesores que no muestran inter\u00e9s&#8221;"}]},{"@type":"WebSite","@id":"https:\/\/sindromecharge.es\/#website","url":"https:\/\/sindromecharge.es\/","name":"Asociaci\u00f3n Espa\u00f1ola S\u00edndrome de Charge","description":"","potentialAction":[{"@type":"SearchAction","target":{"@type":"EntryPoint","urlTemplate":"https:\/\/sindromecharge.es\/?s={search_term_string}"},"query-input":{"@type":"PropertyValueSpecification","valueRequired":true,"valueName":"search_term_string"}}],"inLanguage":"es"},{"@type":"Person","@id":"https:\/\/sindromecharge.es\/#\/schema\/person\/39a60ebe0a2b4d5a11179701e336b039","name":"Charge","image":{"@type":"ImageObject","inLanguage":"es","@id":"https:\/\/secure.gravatar.com\/avatar\/c3b46e32a0fc3b093a0873fb767bf3293de856293065e84ef06b7ec7a8acfb98?s=96&d=identicon&r=x","url":"https:\/\/secure.gravatar.com\/avatar\/c3b46e32a0fc3b093a0873fb767bf3293de856293065e84ef06b7ec7a8acfb98?s=96&d=identicon&r=x","contentUrl":"https:\/\/secure.gravatar.com\/avatar\/c3b46e32a0fc3b093a0873fb767bf3293de856293065e84ef06b7ec7a8acfb98?s=96&d=identicon&r=x","caption":"Charge"},"url":"https:\/\/sindromecharge.es\/index.php\/author\/admin\/"}]}},"_links":{"self":[{"href":"https:\/\/sindromecharge.es\/index.php\/wp-json\/wp\/v2\/posts\/10281","targetHints":{"allow":["GET"]}}],"collection":[{"href":"https:\/\/sindromecharge.es\/index.php\/wp-json\/wp\/v2\/posts"}],"about":[{"href":"https:\/\/sindromecharge.es\/index.php\/wp-json\/wp\/v2\/types\/post"}],"author":[{"embeddable":true,"href":"https:\/\/sindromecharge.es\/index.php\/wp-json\/wp\/v2\/users\/1"}],"replies":[{"embeddable":true,"href":"https:\/\/sindromecharge.es\/index.php\/wp-json\/wp\/v2\/comments?post=10281"}],"version-history":[{"count":0,"href":"https:\/\/sindromecharge.es\/index.php\/wp-json\/wp\/v2\/posts\/10281\/revisions"}],"wp:attachment":[{"href":"https:\/\/sindromecharge.es\/index.php\/wp-json\/wp\/v2\/media?parent=10281"}],"wp:term":[{"taxonomy":"category","embeddable":true,"href":"https:\/\/sindromecharge.es\/index.php\/wp-json\/wp\/v2\/categories?post=10281"},{"taxonomy":"post_tag","embeddable":true,"href":"https:\/\/sindromecharge.es\/index.php\/wp-json\/wp\/v2\/tags?post=10281"}],"curies":[{"name":"wp","href":"https:\/\/api.w.org\/{rel}","templated":true}]}}