{"id":10279,"date":"2024-08-31T07:03:07","date_gmt":"2024-08-31T07:03:07","guid":{"rendered":"https:\/\/sindromecharge.es\/index.php\/2024\/08\/31\/explorador-sobre-ruedas-21-000-kilometros-traves-america-viajar-es-libertad-es-riqueza\/"},"modified":"2024-08-31T07:03:07","modified_gmt":"2024-08-31T07:03:07","slug":"explorador-sobre-ruedas-21-000-kilometros-traves-america-viajar-es-libertad-es-riqueza","status":"publish","type":"post","link":"https:\/\/sindromecharge.es\/index.php\/2024\/08\/31\/explorador-sobre-ruedas-21-000-kilometros-traves-america-viajar-es-libertad-es-riqueza\/","title":{"rendered":"Jos\u00e9 Antonio Mart\u00edn, un explorador sobre ruedas que ha recorrido 21.000 km por Am\u00e9rica: \u00abViajar es libertad\u00bb"},"content":{"rendered":"<p>Leemos en Discapacidad la siguiente noticia que os reproducimos de forma \u00edntegra: <\/p>\n<div>\n<p><b>21.000 kil\u00f3metros. <\/b>Cinco estados de Estados Unidos. Dieciocho de los treinta y dos estados mexicanos. Belice. <a href=\"https:\/\/www.20minutos.es\/minuteca\/guatemala\/\" title=\"Guatemala\">Guatemala<\/a>. El Salvador. Honduras.<\/p>\n<p>Jos\u00e9 Antonio Mart\u00edn Garc\u00eda se conecta a la videollamada a primera hora de su ma\u00f1ana en San Miguel (El Salvador). <b>Hace seis meses<\/b> vol\u00f3 a Miami, compr\u00f3 un todoterreno de segunda mano e inici\u00f3 este viaje que est\u00e1 a punto de terminar: el 4 de septiembre tomar\u00e1 un vuelo en Honduras de vuelta a <a href=\"https:\/\/www.20minutos.es\/minuteca\/espana\/\" title=\"Espa\u00f1a\">Espa\u00f1a<\/a>.<\/p>\n<p>Tiene 39 a\u00f1os, es de <a href=\"https:\/\/www.20minutos.es\/minuteca\/granada\/\" title=\"Granada\">Granada<\/a> (aunque vive en <a href=\"https:\/\/www.20minutos.es\/minuteca\/malaga\/\" title=\"M\u00e1laga\">M\u00e1laga<\/a>), tiene <a href=\"https:\/\/www.20minutos.es\/minuteca\/paralisis-cerebral\/\" title=\"Par\u00e1lisis cerebral\">par\u00e1lisis cerebral<\/a> y es ingeniero inform\u00e1tico. En febrero dej\u00f3 su trabajo en <a href=\"https:\/\/www.20minutos.es\/minuteca\/amazon\/\" title=\"Amazon\">Amazon<\/a> y el 1 de marzo ya estaba de viaje. \u201cDej\u00e9 el trabajo y pens\u00e9 esta es la m\u00eda, <b>ahora puedo hacer este viaje que llevaba tiempo preparando en mi cabeza<\/b>\u201d, cuenta Jos\u00e9 Antonio.<\/p>\n<p>\u201cMe encanta explorar el mundo con mi <a href=\"https:\/\/www.20minutos.es\/minuteca\/silla-de-ruedas\/\" title=\"Silla de ruedas\">silla de ruedas<\/a>. Antes hab\u00eda viajado por Europa, India<a href=\"https:\/\/www.20minutos.es\/minuteca\/li-india\/\" title=\"India\"><\/a>, Estados Unidos, pero este es el viaje m\u00e1s largo que he hecho, <b>el reto m\u00e1s grande hasta la fecha<\/b>. Quer\u00eda ampliar mis l\u00edmites. Me gusta ir m\u00e1s all\u00e1. M\u00e1s dif\u00edcil de lo que hab\u00eda hecho\u201d, cuenta Jos\u00e9 Antonio.<\/p>\n<p>Aun as\u00ed, su idea original era todav\u00eda m\u00e1s ambiciosa, quer\u00eda llegar hasta <a href=\"https:\/\/www.20minutos.es\/minuteca\/argentina\/\" title=\"Argentina\">Argentina,<\/a> pero ha preferido dejarlo para otra ocasi\u00f3n. \u201cAlg\u00fan d\u00eda retomar\u00e9 este viaje, me encanta viajar. <b>Al final lo he acortado porque se hace duro<\/b>, el cansancio, est\u00e1s muy solo. Me apetece volver a Espa\u00f1a, a la rutina, buscar trabajo\u201d, explica.<\/p>\n<p>A pesar de que le advirtieron de la peligrosidad, afirma que <b>toca madera porque no ha visto nada de violencia<\/b>. Lo que s\u00ed ha hecho es cumplir con la recomendaci\u00f3n de no conducir de noche por seguridad y eso que es su momento preferido del d\u00eda para desplazarse de un lugar a otro.<\/p>\n<p>Su momento m\u00e1s cr\u00edtico lo vivi\u00f3 en Guatemala. Le pic\u00f3 una <a href=\"https:\/\/www.20minutos.es\/minuteca\/tarantula\/\" title=\"Tar\u00e1ntula\">tar\u00e1ntula<\/a>. Al miedo por la picadura se uni\u00f3 que tuvo el primer accidente<a href=\"https:\/\/www.20minutos.es\/\"><\/a> de coche de su vida. \u201cAdem\u00e1s se me parti\u00f3 una pieza de la silla y tuve que ir a cuatro profesionales hasta que me lo solucionaron. Se me junt\u00f3 todo eso y estuve un poquito regular, aunque la verdad es que he tenido una suerte incre\u00edble, <b>han sido muchas m\u00e1s cosas positivas que negativas<\/b>\u201d.<\/p>\n<p>A Jos\u00e9 Antonio le gusta la historia de Espa\u00f1a, sobre todo la de los siglos XVI y XVII. \u201cQuer\u00eda hacer este viaje para<b> conocer el legado hisp\u00e1nico<\/b>, conocer los territorios del antiguo imperio espa\u00f1ol. Me conecta con un pasado. Se dice que no conoces Espa\u00f1a si no has ido a Am\u00e9rica. La gran motivaci\u00f3n del viaje fue la historia\u201d.<\/p>\n<p>Adem\u00e1s Jos\u00e9 Antonio disfruta mucho en la naturaleza. \u201cHe visto muchas cascadas que me han encantado, parques nacionales, playas y tambi\u00e9n parques arqueol\u00f3gicos aztecas y mayas. <b>Adem\u00e1s de conocer la gente y la cultura<\/b>\u201d.<\/p>\n<p>Dicho lo cual, uno de los mejores recuerdos de este viaje no tiene que ver ni con la naturaleza ni con el legado hisp\u00e1nico. \u201cTe vas a re\u00edr\u201d, dice entre risas. \u201c<b>He cumplido el sue\u00f1o de ir a ver un mural de la serie de <i>Los caballeros del Zodiaco<\/i> <\/b>que hay en M\u00e9xico. \u00a1Soy superfan!\u201d.<\/p>\n<p>Le gustar\u00eda servir de ejemplo para otras personas con <a href=\"https:\/\/www.20minutos.es\/minuteca\/discapacidad\/\" title=\"Discapacidad\">discapacidad<\/a>. \u201cQue vean que otra vida es posible, que puedes tener un trabajo digno. Yo para tenerlo me tuve que ir a Alemania en 2012.<b> Puedes tener una vida plena y tambi\u00e9n llena de aventura<\/b>s. Tener una vida muy normal es posible. Tambi\u00e9n es bueno que la gente sin discapacidad se d\u00e9 cuenta de que somos v\u00e1lidos e independientes. Yo estoy haciendo cosas que no hace todo el mundo, as\u00ed que animo a la gente sin discapacidad a que deje el miedo a un lado y realice sus sue\u00f1os\u201d.<\/p>\n<h2>La accesibilidad durante el viaje<\/h2>\n<p>Si le dan a elegir, se queda con <b>su silla. Es lo que m\u00e1s le gusta para desplazarse cuando viaja.<\/b> En M\u00e9xico pudo hacerlo, pero despu\u00e9s result\u00f3 muy complicado. \u201cCasi siempre me toca ir por carreteras con los coches. Las aceras est\u00e1n en mal estado y hay pocas rampas, aunque alguna hay. En El Salvador he visto m\u00e1s accesibilidad que en Guatemala, as\u00ed que all\u00ed utilic\u00e9 m\u00e1s Uber y mi coche\u201d.<\/p>\n<p>Sigue una rutina m\u00e1s o menos fija: dedica el d\u00eda a visitar el sitio donde est\u00e1 y a planificar su destino del d\u00eda siguiente. \u201cHoy llamo a hoteles para ma\u00f1ana, les pregunto si son accesibles, aunque bueno, <b>accesibles de verdad casi que no hay<\/b>. Y si hay, son car\u00edsimos\u201d.<\/p>\n<p>Jos\u00e9 Antonio viaja con<b> el equivalente en accesibilidad al bolso de Mary Poppins<\/b>. \u201cLlevo repuestos para la silla, herramientas como una bomba para inflar las ruedas de la silla y del coche. Tambi\u00e9n llevo varios pares de ruedas por si es necesario cambiarlas; un adaptador para hacer que cualquier coche sea autom\u00e1tico. Este sistema no es legal en Espa\u00f1a pero aqu\u00ed s\u00ed y as\u00ed llevo los 21.000 kil\u00f3metros; tambi\u00e9n tengo unas ruedas especiales para ir por arena, terrenos pedregosos o con muchos baches. Y tambi\u00e9n tengo un dron: cuando tengo poca visibilidad porque hay una cuesta, por ejemplo, y no me atrevo, sobrevuelo con el dron y veo si es viable para m\u00ed o no. <b>\u00a1Tengo un mont\u00f3n de herramientas de accesibilidad!<\/b>\u201d.<\/p>\n<p><b>Viaja con mucho equipaje<\/b>, aunque lo m\u00e1s pesado lo deja en el coche y no lo coge hasta que lo necesita. Por ejemplo, en el coche quedan las ruedas especiales para la silla o las sondas que necesita para ir al ba\u00f1o. En su d\u00eda a d\u00eda lleva un equipaje de mano que es con lo que va a los hoteles.<\/p>\n<p><b>La mayor dificultad cuando viaja est\u00e1 en la falta de accesibilidad. <\/b>Cuartos de ba\u00f1o que no son accesibles, lugares que tienen escaleras para entrar. Tambi\u00e9n las barreras que hay quien tiene en la mente. \u201cAqu\u00ed no me ha pasado, pero <b>en Alemania no me dejaron entrar en discotecas. No te lo dec\u00edan abiertamente <\/b>porque los puedes denunciar, pero te dec\u00edan mejor que no entres, est\u00e1 muy lleno. Yo les dec\u00eda que me daba igual y ellos que no. En Espa\u00f1a nunca me ha pasado, al rev\u00e9s, los porteros de las discotecas me han ayudado a entrar. Recuerdo cuando estuve en India y quise ir a una discoteca. Los porteros se quedaron como si hubieran visto un extraterrestre. No sab\u00edan qu\u00e9 hacer\u201d, dice ri\u00e9ndose. \u201cPero me enviaron al encargado y me dej\u00f3 entrar\u201d.<\/p>\n<p>\u201cEn los pa\u00edses de este viaje tampoco me ha pasado, aqu\u00ed la gente es muy amable y servicial. Agradezco su amabilidad. Aqu\u00ed tienen valores m\u00e1s profundos que en Europa.<b> Las barreras se anulan por la humanidad de esta gente<\/b>\u201d.<\/p>\n<p>Jos\u00e9 Antonio comparte la informaci\u00f3n sobre las barreras que se va encontrando. Deja apuntado en Google Maps si los sitios son o no accesibles. Como \u00e9l dice, facilita las cosas para los que vengan despu\u00e9s. \u201cOjal\u00e1 se animen a hacerlo porque es una experiencia incre\u00edble\u201d, defiende. <b>\u201cViajar es libertad, conocer otra cultura, otras formas de vida. Es riqueza\u201d<\/b>.<\/p>\n<p>\u201cHe visto cosas incre\u00edbles en este viaje, pero lo m\u00e1s grande es que <b>encontr\u00e9 el amor hace tres meses en Ciudad de M\u00e9xico<\/b>. Ella se viene conmigo ahora a Espa\u00f1a un mes\u201d, concluye con una grand\u00edsima sonrisa. <\/p>\n<\/div>\n<p>Fuente: Discapacidad https:\/\/www.20minutos.es\/noticia\/5628238\/0\/explorador-sobre-ruedas-21-000-kilometros-traves-america-viajar-es-libertad-es-riqueza\/<\/p>\n","protected":false},"excerpt":{"rendered":"<p>21.000 kil\u00f3metros. Cinco estados de Estados Unidos. Dieciocho de los treinta y dos estados mexicanos. Belice. Guatemala. El Salvador. Honduras.<\/p>\n","protected":false},"author":1,"featured_media":0,"comment_status":"closed","ping_status":"closed","sticky":false,"template":"","format":"standard","meta":{"footnotes":""},"categories":[8],"tags":[],"class_list":["post-10279","post","type-post","status-publish","format-standard","hentry","category-noticias"],"yoast_head":"<!-- This site is optimized with the Yoast SEO plugin v27.5 - https:\/\/yoast.com\/product\/yoast-seo-wordpress\/ -->\n<title>Jos\u00e9 Antonio Mart\u00edn, un explorador sobre ruedas que ha recorrido 21.000 km por Am\u00e9rica: &quot;Viajar es libertad&quot; - Asociaci\u00f3n Espa\u00f1ola S\u00edndrome de Charge<\/title>\n<meta name=\"robots\" content=\"index, follow, max-snippet:-1, max-image-preview:large, max-video-preview:-1\" \/>\n<link rel=\"canonical\" href=\"https:\/\/sindromecharge.es\/index.php\/2024\/08\/31\/explorador-sobre-ruedas-21-000-kilometros-traves-america-viajar-es-libertad-es-riqueza\/\" \/>\n<meta property=\"og:locale\" content=\"es_ES\" \/>\n<meta property=\"og:type\" content=\"article\" \/>\n<meta property=\"og:title\" content=\"Jos\u00e9 Antonio Mart\u00edn, un explorador sobre ruedas que ha recorrido 21.000 km por Am\u00e9rica: &quot;Viajar es libertad&quot; - Asociaci\u00f3n Espa\u00f1ola S\u00edndrome de Charge\" \/>\n<meta property=\"og:description\" content=\"21.000 kil\u00f3metros. Cinco estados de Estados Unidos. Dieciocho de los treinta y dos estados mexicanos. Belice. Guatemala. El Salvador. Honduras.\" \/>\n<meta property=\"og:url\" content=\"https:\/\/sindromecharge.es\/index.php\/2024\/08\/31\/explorador-sobre-ruedas-21-000-kilometros-traves-america-viajar-es-libertad-es-riqueza\/\" \/>\n<meta property=\"og:site_name\" content=\"Asociaci\u00f3n Espa\u00f1ola S\u00edndrome de Charge\" \/>\n<meta property=\"article:publisher\" content=\"https:\/\/www.facebook.com\/asociacionsindromecharge\" \/>\n<meta property=\"article:published_time\" content=\"2024-08-31T07:03:07+00:00\" \/>\n<meta property=\"og:image\" content=\"https:\/\/sindromecharge.es\/wp-content\/uploads\/2013\/09\/logodecharge300x98.png\" \/>\n\t<meta property=\"og:image:width\" content=\"300\" \/>\n\t<meta property=\"og:image:height\" content=\"98\" \/>\n\t<meta property=\"og:image:type\" content=\"image\/png\" \/>\n<meta name=\"author\" content=\"Charge\" \/>\n<meta name=\"twitter:card\" content=\"summary_large_image\" \/>\n<meta name=\"twitter:creator\" content=\"@sindromecharge\" \/>\n<meta name=\"twitter:site\" content=\"@sindromecharge\" \/>\n<meta name=\"twitter:label1\" content=\"Escrito por\" \/>\n\t<meta name=\"twitter:data1\" content=\"Charge\" \/>\n\t<meta name=\"twitter:label2\" content=\"Tiempo de lectura\" \/>\n\t<meta name=\"twitter:data2\" content=\"7 minutos\" \/>\n<script type=\"application\/ld+json\" class=\"yoast-schema-graph\">{\"@context\":\"https:\\\/\\\/schema.org\",\"@graph\":[{\"@type\":\"Article\",\"@id\":\"https:\\\/\\\/sindromecharge.es\\\/index.php\\\/2024\\\/08\\\/31\\\/explorador-sobre-ruedas-21-000-kilometros-traves-america-viajar-es-libertad-es-riqueza\\\/#article\",\"isPartOf\":{\"@id\":\"https:\\\/\\\/sindromecharge.es\\\/index.php\\\/2024\\\/08\\\/31\\\/explorador-sobre-ruedas-21-000-kilometros-traves-america-viajar-es-libertad-es-riqueza\\\/\"},\"author\":{\"name\":\"Charge\",\"@id\":\"https:\\\/\\\/sindromecharge.es\\\/#\\\/schema\\\/person\\\/39a60ebe0a2b4d5a11179701e336b039\"},\"headline\":\"Jos\u00e9 Antonio Mart\u00edn, un explorador sobre ruedas que ha recorrido 21.000 km por Am\u00e9rica: \u00abViajar es libertad\u00bb\",\"datePublished\":\"2024-08-31T07:03:07+00:00\",\"mainEntityOfPage\":{\"@id\":\"https:\\\/\\\/sindromecharge.es\\\/index.php\\\/2024\\\/08\\\/31\\\/explorador-sobre-ruedas-21-000-kilometros-traves-america-viajar-es-libertad-es-riqueza\\\/\"},\"wordCount\":1320,\"articleSection\":[\"noticias\"],\"inLanguage\":\"es\"},{\"@type\":\"WebPage\",\"@id\":\"https:\\\/\\\/sindromecharge.es\\\/index.php\\\/2024\\\/08\\\/31\\\/explorador-sobre-ruedas-21-000-kilometros-traves-america-viajar-es-libertad-es-riqueza\\\/\",\"url\":\"https:\\\/\\\/sindromecharge.es\\\/index.php\\\/2024\\\/08\\\/31\\\/explorador-sobre-ruedas-21-000-kilometros-traves-america-viajar-es-libertad-es-riqueza\\\/\",\"name\":\"Jos\u00e9 Antonio Mart\u00edn, un explorador sobre ruedas que ha recorrido 21.000 km por Am\u00e9rica: \\\"Viajar es libertad\\\" - Asociaci\u00f3n Espa\u00f1ola S\u00edndrome de Charge\",\"isPartOf\":{\"@id\":\"https:\\\/\\\/sindromecharge.es\\\/#website\"},\"datePublished\":\"2024-08-31T07:03:07+00:00\",\"author\":{\"@id\":\"https:\\\/\\\/sindromecharge.es\\\/#\\\/schema\\\/person\\\/39a60ebe0a2b4d5a11179701e336b039\"},\"breadcrumb\":{\"@id\":\"https:\\\/\\\/sindromecharge.es\\\/index.php\\\/2024\\\/08\\\/31\\\/explorador-sobre-ruedas-21-000-kilometros-traves-america-viajar-es-libertad-es-riqueza\\\/#breadcrumb\"},\"inLanguage\":\"es\",\"potentialAction\":[{\"@type\":\"ReadAction\",\"target\":[\"https:\\\/\\\/sindromecharge.es\\\/index.php\\\/2024\\\/08\\\/31\\\/explorador-sobre-ruedas-21-000-kilometros-traves-america-viajar-es-libertad-es-riqueza\\\/\"]}]},{\"@type\":\"BreadcrumbList\",\"@id\":\"https:\\\/\\\/sindromecharge.es\\\/index.php\\\/2024\\\/08\\\/31\\\/explorador-sobre-ruedas-21-000-kilometros-traves-america-viajar-es-libertad-es-riqueza\\\/#breadcrumb\",\"itemListElement\":[{\"@type\":\"ListItem\",\"position\":1,\"name\":\"Portada\",\"item\":\"https:\\\/\\\/sindromecharge.es\\\/\"},{\"@type\":\"ListItem\",\"position\":2,\"name\":\"Jos\u00e9 Antonio Mart\u00edn, un explorador sobre ruedas que ha recorrido 21.000 km por Am\u00e9rica: &#8220;Viajar es libertad&#8221;\"}]},{\"@type\":\"WebSite\",\"@id\":\"https:\\\/\\\/sindromecharge.es\\\/#website\",\"url\":\"https:\\\/\\\/sindromecharge.es\\\/\",\"name\":\"Asociaci\u00f3n Espa\u00f1ola S\u00edndrome de Charge\",\"description\":\"\",\"potentialAction\":[{\"@type\":\"SearchAction\",\"target\":{\"@type\":\"EntryPoint\",\"urlTemplate\":\"https:\\\/\\\/sindromecharge.es\\\/?s={search_term_string}\"},\"query-input\":{\"@type\":\"PropertyValueSpecification\",\"valueRequired\":true,\"valueName\":\"search_term_string\"}}],\"inLanguage\":\"es\"},{\"@type\":\"Person\",\"@id\":\"https:\\\/\\\/sindromecharge.es\\\/#\\\/schema\\\/person\\\/39a60ebe0a2b4d5a11179701e336b039\",\"name\":\"Charge\",\"image\":{\"@type\":\"ImageObject\",\"inLanguage\":\"es\",\"@id\":\"https:\\\/\\\/secure.gravatar.com\\\/avatar\\\/c3b46e32a0fc3b093a0873fb767bf3293de856293065e84ef06b7ec7a8acfb98?s=96&d=identicon&r=x\",\"url\":\"https:\\\/\\\/secure.gravatar.com\\\/avatar\\\/c3b46e32a0fc3b093a0873fb767bf3293de856293065e84ef06b7ec7a8acfb98?s=96&d=identicon&r=x\",\"contentUrl\":\"https:\\\/\\\/secure.gravatar.com\\\/avatar\\\/c3b46e32a0fc3b093a0873fb767bf3293de856293065e84ef06b7ec7a8acfb98?s=96&d=identicon&r=x\",\"caption\":\"Charge\"},\"url\":\"https:\\\/\\\/sindromecharge.es\\\/index.php\\\/author\\\/admin\\\/\"}]}<\/script>\n<!-- \/ Yoast SEO plugin. -->","yoast_head_json":{"title":"Jos\u00e9 Antonio Mart\u00edn, un explorador sobre ruedas que ha recorrido 21.000 km por Am\u00e9rica: \"Viajar es libertad\" - Asociaci\u00f3n Espa\u00f1ola S\u00edndrome de Charge","robots":{"index":"index","follow":"follow","max-snippet":"max-snippet:-1","max-image-preview":"max-image-preview:large","max-video-preview":"max-video-preview:-1"},"canonical":"https:\/\/sindromecharge.es\/index.php\/2024\/08\/31\/explorador-sobre-ruedas-21-000-kilometros-traves-america-viajar-es-libertad-es-riqueza\/","og_locale":"es_ES","og_type":"article","og_title":"Jos\u00e9 Antonio Mart\u00edn, un explorador sobre ruedas que ha recorrido 21.000 km por Am\u00e9rica: \"Viajar es libertad\" - Asociaci\u00f3n Espa\u00f1ola S\u00edndrome de Charge","og_description":"21.000 kil\u00f3metros. Cinco estados de Estados Unidos. Dieciocho de los treinta y dos estados mexicanos. Belice. Guatemala. El Salvador. Honduras.","og_url":"https:\/\/sindromecharge.es\/index.php\/2024\/08\/31\/explorador-sobre-ruedas-21-000-kilometros-traves-america-viajar-es-libertad-es-riqueza\/","og_site_name":"Asociaci\u00f3n Espa\u00f1ola S\u00edndrome de Charge","article_publisher":"https:\/\/www.facebook.com\/asociacionsindromecharge","article_published_time":"2024-08-31T07:03:07+00:00","og_image":[{"width":300,"height":98,"url":"https:\/\/sindromecharge.es\/wp-content\/uploads\/2013\/09\/logodecharge300x98.png","type":"image\/png"}],"author":"Charge","twitter_card":"summary_large_image","twitter_creator":"@sindromecharge","twitter_site":"@sindromecharge","twitter_misc":{"Escrito por":"Charge","Tiempo de lectura":"7 minutos"},"schema":{"@context":"https:\/\/schema.org","@graph":[{"@type":"Article","@id":"https:\/\/sindromecharge.es\/index.php\/2024\/08\/31\/explorador-sobre-ruedas-21-000-kilometros-traves-america-viajar-es-libertad-es-riqueza\/#article","isPartOf":{"@id":"https:\/\/sindromecharge.es\/index.php\/2024\/08\/31\/explorador-sobre-ruedas-21-000-kilometros-traves-america-viajar-es-libertad-es-riqueza\/"},"author":{"name":"Charge","@id":"https:\/\/sindromecharge.es\/#\/schema\/person\/39a60ebe0a2b4d5a11179701e336b039"},"headline":"Jos\u00e9 Antonio Mart\u00edn, un explorador sobre ruedas que ha recorrido 21.000 km por Am\u00e9rica: \u00abViajar es libertad\u00bb","datePublished":"2024-08-31T07:03:07+00:00","mainEntityOfPage":{"@id":"https:\/\/sindromecharge.es\/index.php\/2024\/08\/31\/explorador-sobre-ruedas-21-000-kilometros-traves-america-viajar-es-libertad-es-riqueza\/"},"wordCount":1320,"articleSection":["noticias"],"inLanguage":"es"},{"@type":"WebPage","@id":"https:\/\/sindromecharge.es\/index.php\/2024\/08\/31\/explorador-sobre-ruedas-21-000-kilometros-traves-america-viajar-es-libertad-es-riqueza\/","url":"https:\/\/sindromecharge.es\/index.php\/2024\/08\/31\/explorador-sobre-ruedas-21-000-kilometros-traves-america-viajar-es-libertad-es-riqueza\/","name":"Jos\u00e9 Antonio Mart\u00edn, un explorador sobre ruedas que ha recorrido 21.000 km por Am\u00e9rica: \"Viajar es libertad\" - Asociaci\u00f3n Espa\u00f1ola S\u00edndrome de Charge","isPartOf":{"@id":"https:\/\/sindromecharge.es\/#website"},"datePublished":"2024-08-31T07:03:07+00:00","author":{"@id":"https:\/\/sindromecharge.es\/#\/schema\/person\/39a60ebe0a2b4d5a11179701e336b039"},"breadcrumb":{"@id":"https:\/\/sindromecharge.es\/index.php\/2024\/08\/31\/explorador-sobre-ruedas-21-000-kilometros-traves-america-viajar-es-libertad-es-riqueza\/#breadcrumb"},"inLanguage":"es","potentialAction":[{"@type":"ReadAction","target":["https:\/\/sindromecharge.es\/index.php\/2024\/08\/31\/explorador-sobre-ruedas-21-000-kilometros-traves-america-viajar-es-libertad-es-riqueza\/"]}]},{"@type":"BreadcrumbList","@id":"https:\/\/sindromecharge.es\/index.php\/2024\/08\/31\/explorador-sobre-ruedas-21-000-kilometros-traves-america-viajar-es-libertad-es-riqueza\/#breadcrumb","itemListElement":[{"@type":"ListItem","position":1,"name":"Portada","item":"https:\/\/sindromecharge.es\/"},{"@type":"ListItem","position":2,"name":"Jos\u00e9 Antonio Mart\u00edn, un explorador sobre ruedas que ha recorrido 21.000 km por Am\u00e9rica: &#8220;Viajar es libertad&#8221;"}]},{"@type":"WebSite","@id":"https:\/\/sindromecharge.es\/#website","url":"https:\/\/sindromecharge.es\/","name":"Asociaci\u00f3n Espa\u00f1ola S\u00edndrome de Charge","description":"","potentialAction":[{"@type":"SearchAction","target":{"@type":"EntryPoint","urlTemplate":"https:\/\/sindromecharge.es\/?s={search_term_string}"},"query-input":{"@type":"PropertyValueSpecification","valueRequired":true,"valueName":"search_term_string"}}],"inLanguage":"es"},{"@type":"Person","@id":"https:\/\/sindromecharge.es\/#\/schema\/person\/39a60ebe0a2b4d5a11179701e336b039","name":"Charge","image":{"@type":"ImageObject","inLanguage":"es","@id":"https:\/\/secure.gravatar.com\/avatar\/c3b46e32a0fc3b093a0873fb767bf3293de856293065e84ef06b7ec7a8acfb98?s=96&d=identicon&r=x","url":"https:\/\/secure.gravatar.com\/avatar\/c3b46e32a0fc3b093a0873fb767bf3293de856293065e84ef06b7ec7a8acfb98?s=96&d=identicon&r=x","contentUrl":"https:\/\/secure.gravatar.com\/avatar\/c3b46e32a0fc3b093a0873fb767bf3293de856293065e84ef06b7ec7a8acfb98?s=96&d=identicon&r=x","caption":"Charge"},"url":"https:\/\/sindromecharge.es\/index.php\/author\/admin\/"}]}},"_links":{"self":[{"href":"https:\/\/sindromecharge.es\/index.php\/wp-json\/wp\/v2\/posts\/10279","targetHints":{"allow":["GET"]}}],"collection":[{"href":"https:\/\/sindromecharge.es\/index.php\/wp-json\/wp\/v2\/posts"}],"about":[{"href":"https:\/\/sindromecharge.es\/index.php\/wp-json\/wp\/v2\/types\/post"}],"author":[{"embeddable":true,"href":"https:\/\/sindromecharge.es\/index.php\/wp-json\/wp\/v2\/users\/1"}],"replies":[{"embeddable":true,"href":"https:\/\/sindromecharge.es\/index.php\/wp-json\/wp\/v2\/comments?post=10279"}],"version-history":[{"count":0,"href":"https:\/\/sindromecharge.es\/index.php\/wp-json\/wp\/v2\/posts\/10279\/revisions"}],"wp:attachment":[{"href":"https:\/\/sindromecharge.es\/index.php\/wp-json\/wp\/v2\/media?parent=10279"}],"wp:term":[{"taxonomy":"category","embeddable":true,"href":"https:\/\/sindromecharge.es\/index.php\/wp-json\/wp\/v2\/categories?post=10279"},{"taxonomy":"post_tag","embeddable":true,"href":"https:\/\/sindromecharge.es\/index.php\/wp-json\/wp\/v2\/tags?post=10279"}],"curies":[{"name":"wp","href":"https:\/\/api.w.org\/{rel}","templated":true}]}}