{"id":10278,"date":"2024-08-30T05:38:07","date_gmt":"2024-08-30T05:38:07","guid":{"rendered":"https:\/\/sindromecharge.es\/index.php\/2024\/08\/30\/special-olympics-virtus-las-paralimpiadas-alternativas-que-consiguen-que-los-deportistas-con-discapacidad-intelectual-tengan-proyeccion-internacional\/"},"modified":"2024-08-30T05:38:07","modified_gmt":"2024-08-30T05:38:07","slug":"special-olympics-virtus-las-paralimpiadas-alternativas-que-consiguen-que-los-deportistas-con-discapacidad-intelectual-tengan-proyeccion-internacional","status":"publish","type":"post","link":"https:\/\/sindromecharge.es\/index.php\/2024\/08\/30\/special-olympics-virtus-las-paralimpiadas-alternativas-que-consiguen-que-los-deportistas-con-discapacidad-intelectual-tengan-proyeccion-internacional\/","title":{"rendered":"Special Olympics y Virtus, las competiciones para que deportistas con discapacidad intelectual \u00abtengan proyecci\u00f3n internacional\u00bb"},"content":{"rendered":"<p>Leemos en Discapacidad la siguiente noticia que os reproducimos de forma \u00edntegra: <\/p>\n<div>\n<p>Las personas con <a href=\"https:\/\/www.20minutos.es\/noticia\/5607449\/0\/discapacidad-intelectual-los-juegos-paralimpicos-merecen-mayor-igualdad-oportunidades\/\">discapacidad intelectual tienen una presencia muy escasa en los Juegos Paral\u00edmpicos.<\/a> Los motivos son muchos. Entre ellos, que fue la \u00faltima discapacidad en llegar, que solo se incluye una clase o pueden competir solo en tres deportes.<\/p>\n<p>Por este motivo, es extremadamente dif\u00edcil para un deportista con discapacidad intelectual, incluso para los de alto rendimiento, llegar a tener un<b> hueco en los Juegos Paral\u00edmpicos<\/b>.<\/p>\n<p>Los Juegos paral\u00edmpicos son, si duda, la competici\u00f3n deportiva con m\u00e1s trascendencia, pero no son, afortunadamente, la \u00fanica opci\u00f3n que tienen esos deportistas de conseguir una carrera con <b>proyecci\u00f3n internacional, con los recursos que conlleva<\/b>.<\/p>\n<p>Gracias a<b> Virtus<\/b> (La Federaci\u00f3n Internacional de Deportes para Personas con Discapacidad Intelectual), que organiza campeonatos regionales, mundiales y los <b>Global Games<\/b>, los deportistas con discapacidad  pueden llegar a lo m\u00e1s alto a nivel deportivo. Y gracias a <b>Special Olympics<\/b>, todas aquellas personas con <a href=\"https:\/\/www.20minutos.es\/minuteca\/discapacidad\/\" title=\"Discapacidad\" target=\"_blank\" rel=\"noopener\">discapacidad<\/a> intelectual que quieran competir, tienen la posibilidad de hacerlo.<\/p>\n<p>Son <b>dos filosof\u00edas distintas<\/b>, pero gracias a ambas organizaciones, las personas con discapacidad intelectual pueden ver reconocido su esfuerzo m\u00e1s all\u00e1 de nuestras fronteras.<\/p>\n<h2>Special Olympics: La &#8216;felicidad&#8217; de competir<\/h2>\n<p><b>Miguel Sagarra<\/b>, que adem\u00e1s de secretario general del Comit\u00e9 Paral\u00edmpico Espa\u00f1ol (CPE) es <b>presidente de Special Olympics Espa\u00f1a<\/b>, nos explica cu\u00e1l es la filosof\u00eda de la organizaci\u00f3n, \u00abpropiciar el acceso al deporte de las personas con discapacidad intelectual. Si una persona con discapacidad intelectual decide incorporar la pr\u00e1ctica deportiva como parte de su proyecto de vida, le ayudamos a hacerlo, siempre teniendo en cuenta que las familias son una parte muy importante para el movimiento\u00bb, asegura. <\/p>\n<p>Quieren, sobre todo, <b>que ninguna persona con que lo desee se quede sin competir<\/b>, \u00abganar o perder no es lo principal para nuestra filosof\u00eda, y el propio juramento de los deportistas dice \u2018quiero ganar, pero si no lo consigo, dejarme ser valiente en el intento\u2019. Adem\u00e1s, queremos que sean felices en el intento, porque cuando alguien est\u00e1 en una competici\u00f3n de Special Olympics, a nivel que sea -local, auton\u00f3mico, nacional o internacional-, lo que impacta es la <b>felicidad de los deportistas<\/b>\u00ab, cuenta Miguel Sagarra.<\/p>\n<p>Otra de los objetivos de Special Olympics es que el deporte sea una <b>herramienta m\u00e1s para mejorar <a href=\"https:\/\/www.20minutos.es\/minuteca\/inclusion\/\" title=\"Inclusi\u00f3n\" target=\"_blank\" rel=\"noopener\">inclusi\u00f3n<\/a> <\/b>y la sociabilizaci\u00f3n del colectivo, por eso potencia el deporte inclusivo, \u00aben las competiciones internacionales de deportes de equipo se fomenta que compitan en un mismo equipo <b>personas con y personas sin discapacidad<\/b>, pero aplicando unas reglas para que la presencia de personas sin discapacidad no sea un elemento que pueda hacer que un equipo gane, sino que ejerzan m\u00e1s de embajadores, tutores, no como estrellas\u00bb, insiste.<\/p>\n<p>En Special Olympics organizan tanto<b> competiciones regionales <\/b>(por comunidades aut\u00f3nomas) como<b> internacionales<\/b>, a las que suelen acudir \u00absiempre que hay oportunidad. Nuestros deportistas salen a salen a competir fuera de Espa\u00f1a o reciben visitas, porque tambi\u00e9n organizamos competiciones aqu\u00ed\u00bb, cuenta.<\/p>\n<h1>Espa\u00f1a participa en los Juegos Mundiales de Special Olympics con unos 100 deportistas<\/h1>\n<p>Adem\u00e1s, cada cuatro a\u00f1os Special Olympics internacional celebra sus <b>Juegos Mundiales<\/b>, \u00abes nuestra gran cita, pues ser\u00eda el equivalente a los Juegos Paral\u00edmpicos. Los \u00faltimos juegos fueron en Berl\u00edn el a\u00f1o pasado, y el 2027 est\u00e1 pendiente de confirmaci\u00f3n. Tanto si son los de verano como los de invierno, Espa\u00f1a siempre participa con una buena representaci\u00f3n, porque hay m\u00e1s territorios afiliados a Special Olympics Internacional que al <b>movimiento Paral\u00edmpico\u00bb<\/b>, relata.<\/p>\n<p>A diferencia de lo que ocurre en los Juegos Paral\u00edmpicos, estas competiciones <b>hay distintos niveles dentro de la capacidad intelectual<\/b>, lo que permite que participen atletas con afectaciones distintas, \u00abal final, a los Paral\u00edmpicos las personas con discapacidad intelectual que van tienen discapacidad intelectual, pero <b>muy leve<\/b>. Las personas con otros problemas asociados, como el <a href=\"https:\/\/www.20minutos.es\/minuteca\/sindrome-de-down\/\" title=\"S\u00edndrome de Down\" target=\"_blank\" rel=\"noopener\">s\u00edndrome de Down<\/a> o una discapacidad intelectual m\u00e1s severa nunca llegan, porque no llegan a los m\u00ednimos para clasificarse\u00bb.<\/p>\n<p>Esto no ocurre en los juegos de Special Olympics, donde los dividen por niveles, \u00abas\u00ed, una persona con <b>una discapacidad intelectual severa no compite con alguien con una discapacidad intelectual leve<\/b> o moderado y una persona con una discapacidad m\u00e1s grave puede competir en unos Juegos mundiales, porque para ellos es la bomba\u00bb.<\/p>\n<p>Sagarra reconoce que sus marcas no son las de Virtus ni las de los Juegos Paral\u00edmpicos ni sus criterios tan exigentes, pero<b> prefieren que vayan m\u00e1s deportistas<\/b>, \u00abEspa\u00f1a participa con unos 100 deportistas en las competiciones internacionales, 100 deportistas felices m\u00e1s 100 familias felices\u00bb. <\/p>\n<h2>Virtus: Una oportunidad real de llegar a lo m\u00e1s alto<\/h2>\n<p><b>Virtus<\/b> es la Federaci\u00f3n Internacional de Deportes para Personas con Discapacidad Intelectual. En Espa\u00f1a, su representaci\u00f3n es <b>FEDDI<\/b>, cuyo objetivo principal es conseguir la <b>igualdad de oportunidades<\/b> de las personas con discapacidad intelectual en el deporte, que todas aquellas personas con discapacidad intelectual que quieran puedan tener una carrera como la de cualquier otro deportista, \u00abnuestro trabajo es intentar que nuestros deportistas, dentro de las pocas posibilidades que tienen de llegar a los paral\u00edmpicos, tengan las m\u00e1ximas posibilidades y conseguir la mayor representaci\u00f3n posible\u00bb, cuenta <b>Alfredo Salazar, director t\u00e9cnico de Federaci\u00f3n Espa\u00f1ola.<\/b><\/p>\n<p>Feddi pertenece al Comit\u00e9 Paral\u00edmpico espa\u00f1ol y los dos deportistas espa\u00f1oles con discapacidad intelectual que han conseguido llegar a los juegos este a\u00f1o son federados suyos. Llevar a los Paral\u00edmpicos al mayor n\u00famero de deportistas es uno de sus objetivos, pero son conscientes de que la representaci\u00f3n es tan peque\u00f1a que, si quieren que sus deportistas tengan oportunidades reales de proyecci\u00f3n internacional, tienen que <b>apostar por participar al m\u00e1ximo en las competiciones internacionales<\/b> de Virtus, \u00abes una realidad que los Juegos Paral\u00edmpicos van menos pa\u00edses, menos deportistas\u2026 y deportistas con discapacidad intelectual hay de sobra como para que fueran m\u00e1s\u00bb.<\/p>\n<p>En los <b>campeonatos de Virtus <\/b>&#8211; unos 15 eventos anuales con m\u00e1s de 4.000 deportistas- las opciones son mucho mayores, pues como explica Alfredo Salazar, \u00abla federaci\u00f3n internacional trabaja<b> un programa completo de diferentes deportes<\/b>. Anualmente, se convoca una temporada de atletismo o nataci\u00f3n, por ejemplo, asimilable a la que podr\u00eda tener un deportista sin discapacidad, con distintas pruebas\u2026 es una oportunidad para que los deportistas con discapacidad intelectual que quieran puedan tener una <b>proyecci\u00f3n internacional<\/b>, que es lo que quiere cualquier deportista que tiene el talento y se esfuerza. Si la federaci\u00f3n no apostara por esas competiciones, la mayor\u00eda de los deportistas con discapacidad intelectual no tendr\u00edan proyecci\u00f3n fuera de Espa\u00f1a\u00bb, asegura.<\/p>\n<p>En Virtus hay muchos deportes, pero FEDDI solo compite a nivel internacional con los que cree que est\u00e1n m\u00e1s preparados, \u00abde momento solemos ir con atletismo, nataci\u00f3n y f\u00fatbol sala, y en breve nos gustar\u00eda ir tambien con baloncesto. Vamos dando pasitos\u00bb, reconoce.<\/p>\n<h1>Trabajamos para que una persona con discapacidad intelectual pueda tener el mismo rendimiento deportivo <\/h1>\n<p>Adem\u00e1s de estas competiciones de temporada, Virtus organiza campeonatos regionales de verano e invierno -Espa\u00f1a participa en la Europea- y la joya de la corona: los <b>Virtus Global Games<\/b>, \u00abcuando en el 2000 la discapacidad intelectual sale de los paral\u00edmpicos, INAS -que es como entonces se llamaba Virtus- decide hacer un evento paralelo o <b>similar a los Juegos Paral\u00edmpicos <\/b>pero centrados en la discapacidad intelectual y as\u00ed nacen los Global Games, en 2004, en Suecia. Los \u00faltimos fueron en Vichy (Francia) en 2023 y en 2027 se celebran en Egipto, porque la idea es que se celebren un a\u00f1o antes que los Paral\u00edmpicos\u00bb. <\/p>\n<p>Se trata de un evento que ha cobrado mucha relevancia en los \u00faltimos a\u00f1os, al que van <b>m\u00e1s de 1.000 deportistas<\/b> y al que se suman cada vez m\u00e1s pa\u00edses, pues \u00abcada vez son m\u00e1s los que est\u00e1n trabajando para que sus deportistas con discapacidad tengan proyecci\u00f3n internacional, algo que hasta hace poco pasada todav\u00eda en pocos pa\u00edses. En el de Vichy ya fueron unos 50\u00bb. <\/p>\n<p>Desde 2017, adem\u00e1s, tienen cabida m\u00e1s tipos de deportistas, pues hasta entonces se trabajaba como en los Paral\u00edmpicos, con solo una categor\u00eda, \u00abdesde entonces se cuenta con un <b>grupo 2<\/b>, en el que pueden participar <b>deportistas con discapacidad intelectual y una discapacidad adicional <\/b>o un s\u00edndrome asociado. En este grupo entran las personas con <a href=\"https:\/\/www.20minutos.es\/minuteca\/sindrome-de-down\/\" title=\"S\u00edndrome de Down\" target=\"_blank\" rel=\"noopener\">s\u00edndrome de Down<\/a>, pero no solo ellas, tambi\u00e9n, por ejemplo, una persona con par\u00e1lisis cerebral u otro s\u00edndrome\u00bb.<\/p>\n<p>Esta es la idea que quieren trasladar a los Juegos Paral\u00edmpicos para dar m\u00e1s oportunidades a deportistas con discapacidad intelectual, pero Alfredo quiere dejar claro que en Espa\u00f1a ya lo hac\u00edan, \u00aba nosotros no nos cost\u00f3 trabajarlo tambi\u00e9n a nivel internacional porque ya lo hac\u00edamos en nuestras competiciones internas. Cre\u00edamos que estas personas <b>ten\u00edan que tener un grupo propio<\/b>, porque si no, las personas con una discapacidad intelectual m\u00e1s acusada siempre se iban a quedar fuera del alto rendimiento\u00bb.<\/p>\n<p>Desde el a\u00f1o pasado, adem\u00e1s, hay una clase 3 que incluye a personas con autismo. Pero estos cambios se van haciendo poco a poco, pues, como explica Salazar, \u00ab<b>en los deportes de equipo solo se incluye una clase<\/b>, porque ahora mismo no hay volumen de deportistas tan grande como para hacer dos clases. Todo lleva su proceso\u2026\u00bb<\/p>\n<p>En cuando a la representaci\u00f3n espa\u00f1ola en los Virtus, desde FEDDI siempre intentan que sea generosa, \u00abdependiendo del deporte que sea, pero puede llevar en torno a <b>15-20 deportistas que compiten a nivel internacional<\/b> a lo largo de la temporada\u00bb. <\/p>\n<p>En los <b>Global Games<\/b>, la delegaci\u00f3n es m\u00e1s grande, pues \u00abentre t\u00e9cnicos, deportistas, staff\u2026 somos unas<b> 60 personas <\/b>para tres deportes: atletismo, nataci\u00f3n y f\u00fatbol sala\u00bb. Y est\u00e1n trabajando para que en 2027 vayan tambi\u00e9n con equipo de baloncesto, por lo que la delegaci\u00f3n podr\u00eda aumentar.<\/p>\n<h1>Somos exigentes, pedimos siempre que cumplan unos m\u00ednimos, pero funciona, a nivel de federaciones, somos la que m\u00e1s r\u00e9cords consigue en estas competiciones<\/h1>\n<p>Alfredo Salazar asegura, adem\u00e1s, que<b> su forma de trabajar funciona<\/b>, pues el nivel de sus deportistas es cada vez mayor y cada vez tienen m\u00e1s deportistas entre los que elegir, \u00abpor ejemplo, tenemos un grupo muy bueno en Cross, que es campe\u00f3n del mundo por equipos\u2026 trabajamos tanto objetivos individuales de los atletas como objetivos como equipo, como pa\u00eds, y vemos como<b> nuestras marcas suben cada a\u00f1o<\/b>\u00ab. <\/p>\n<p>El director t\u00e9cnico <b>reconoce que son exigentes<\/b>, pero creen que es la mejor opci\u00f3n para favorecer la presencia de los sus deportistas a nivel internacional, \u00abpedimos siempre que cumplan unos m\u00ednimos y unos requisitos que establecemos nosotros, pero creemos que es la clave, porque la evoluci\u00f3n de nuestros deportistas ha sido muy positiva en los \u00faltimos a\u00f1os. A nivel de federaciones, somos las que m\u00e1s r\u00e9cord consigue en estas competiciones\u00bb, insiste.<\/p>\n<p>Alfredo quiere dejar claro que no solo apuestan por el <b>alto rendimiento<\/b>, sino que apoyan la pr\u00e1ctica del deporte desde la base, las categor\u00edas inferiores y la <b>tecnificaci\u00f3n deportiva<\/b>, donde trabajan con los deportistas m\u00e1s j\u00f3venes, pero lo que quieren es que, todo el que quiera, tenga talento y se esfuerce, tengan la posibilidad de llegar a este alto rendimiento, que tengan una proyecci\u00f3n, \u00abtrabajamos por una <b>igualdad de oportunidades<\/b> real, para que una persona con discapacidad intelectual pueda llegar a tener el mismo rendimiento deportivo que una personas sin discapacidad, desde la base, hasta lo m\u00e1s alto y en todas las modalidades deportivas\u00bb. <\/p>\n<\/div>\n<p>Fuente: Discapacidad https:\/\/www.20minutos.es\/noticia\/5628557\/0\/special-olympics-virtus-las-paralimpiadas-alternativas-que-consiguen-que-los-deportistas-con-discapacidad-intelectual-tengan-proyeccion-internacional\/<\/p>\n","protected":false},"excerpt":{"rendered":"<p>Como explicamos en este reportaje, las personas con discapacidad tienen una presencia muy escasa en los Juegos Paral\u00edmpicos. Los motivos son muchos. Entre&#8230;<\/p>\n","protected":false},"author":1,"featured_media":0,"comment_status":"closed","ping_status":"closed","sticky":false,"template":"","format":"standard","meta":{"footnotes":""},"categories":[8],"tags":[],"class_list":["post-10278","post","type-post","status-publish","format-standard","hentry","category-noticias"],"yoast_head":"<!-- This site is optimized with the Yoast SEO plugin v27.5 - https:\/\/yoast.com\/product\/yoast-seo-wordpress\/ -->\n<title>Special Olympics y Virtus, las competiciones para que deportistas con discapacidad intelectual &quot;tengan proyecci\u00f3n internacional&quot; - Asociaci\u00f3n Espa\u00f1ola S\u00edndrome de Charge<\/title>\n<meta name=\"robots\" content=\"index, follow, max-snippet:-1, max-image-preview:large, max-video-preview:-1\" \/>\n<link rel=\"canonical\" href=\"https:\/\/sindromecharge.es\/index.php\/2024\/08\/30\/special-olympics-virtus-las-paralimpiadas-alternativas-que-consiguen-que-los-deportistas-con-discapacidad-intelectual-tengan-proyeccion-internacional\/\" \/>\n<meta property=\"og:locale\" content=\"es_ES\" \/>\n<meta property=\"og:type\" content=\"article\" \/>\n<meta property=\"og:title\" content=\"Special Olympics y Virtus, las competiciones para que deportistas con discapacidad intelectual &quot;tengan proyecci\u00f3n internacional&quot; - Asociaci\u00f3n Espa\u00f1ola S\u00edndrome de Charge\" \/>\n<meta property=\"og:description\" content=\"Como explicamos en este reportaje, las personas con discapacidad tienen una presencia muy escasa en los Juegos Paral\u00edmpicos. Los motivos son muchos. Entre&#8230;\" \/>\n<meta property=\"og:url\" content=\"https:\/\/sindromecharge.es\/index.php\/2024\/08\/30\/special-olympics-virtus-las-paralimpiadas-alternativas-que-consiguen-que-los-deportistas-con-discapacidad-intelectual-tengan-proyeccion-internacional\/\" \/>\n<meta property=\"og:site_name\" content=\"Asociaci\u00f3n Espa\u00f1ola S\u00edndrome de Charge\" \/>\n<meta property=\"article:publisher\" content=\"https:\/\/www.facebook.com\/asociacionsindromecharge\" \/>\n<meta property=\"article:published_time\" content=\"2024-08-30T05:38:07+00:00\" \/>\n<meta property=\"og:image\" content=\"https:\/\/sindromecharge.es\/wp-content\/uploads\/2013\/09\/logodecharge300x98.png\" \/>\n\t<meta property=\"og:image:width\" content=\"300\" \/>\n\t<meta property=\"og:image:height\" content=\"98\" \/>\n\t<meta property=\"og:image:type\" content=\"image\/png\" \/>\n<meta name=\"author\" content=\"Charge\" \/>\n<meta name=\"twitter:card\" content=\"summary_large_image\" \/>\n<meta name=\"twitter:creator\" content=\"@sindromecharge\" \/>\n<meta name=\"twitter:site\" content=\"@sindromecharge\" \/>\n<meta name=\"twitter:label1\" content=\"Escrito por\" \/>\n\t<meta name=\"twitter:data1\" content=\"Charge\" \/>\n\t<meta name=\"twitter:label2\" content=\"Tiempo de lectura\" \/>\n\t<meta name=\"twitter:data2\" content=\"10 minutos\" \/>\n<script type=\"application\/ld+json\" class=\"yoast-schema-graph\">{\"@context\":\"https:\\\/\\\/schema.org\",\"@graph\":[{\"@type\":\"Article\",\"@id\":\"https:\\\/\\\/sindromecharge.es\\\/index.php\\\/2024\\\/08\\\/30\\\/special-olympics-virtus-las-paralimpiadas-alternativas-que-consiguen-que-los-deportistas-con-discapacidad-intelectual-tengan-proyeccion-internacional\\\/#article\",\"isPartOf\":{\"@id\":\"https:\\\/\\\/sindromecharge.es\\\/index.php\\\/2024\\\/08\\\/30\\\/special-olympics-virtus-las-paralimpiadas-alternativas-que-consiguen-que-los-deportistas-con-discapacidad-intelectual-tengan-proyeccion-internacional\\\/\"},\"author\":{\"name\":\"Charge\",\"@id\":\"https:\\\/\\\/sindromecharge.es\\\/#\\\/schema\\\/person\\\/39a60ebe0a2b4d5a11179701e336b039\"},\"headline\":\"Special Olympics y Virtus, las competiciones para que deportistas con discapacidad intelectual \u00abtengan proyecci\u00f3n internacional\u00bb\",\"datePublished\":\"2024-08-30T05:38:07+00:00\",\"mainEntityOfPage\":{\"@id\":\"https:\\\/\\\/sindromecharge.es\\\/index.php\\\/2024\\\/08\\\/30\\\/special-olympics-virtus-las-paralimpiadas-alternativas-que-consiguen-que-los-deportistas-con-discapacidad-intelectual-tengan-proyeccion-internacional\\\/\"},\"wordCount\":2002,\"articleSection\":[\"noticias\"],\"inLanguage\":\"es\"},{\"@type\":\"WebPage\",\"@id\":\"https:\\\/\\\/sindromecharge.es\\\/index.php\\\/2024\\\/08\\\/30\\\/special-olympics-virtus-las-paralimpiadas-alternativas-que-consiguen-que-los-deportistas-con-discapacidad-intelectual-tengan-proyeccion-internacional\\\/\",\"url\":\"https:\\\/\\\/sindromecharge.es\\\/index.php\\\/2024\\\/08\\\/30\\\/special-olympics-virtus-las-paralimpiadas-alternativas-que-consiguen-que-los-deportistas-con-discapacidad-intelectual-tengan-proyeccion-internacional\\\/\",\"name\":\"Special Olympics y Virtus, las competiciones para que deportistas con discapacidad intelectual \\\"tengan proyecci\u00f3n internacional\\\" - Asociaci\u00f3n Espa\u00f1ola S\u00edndrome de Charge\",\"isPartOf\":{\"@id\":\"https:\\\/\\\/sindromecharge.es\\\/#website\"},\"datePublished\":\"2024-08-30T05:38:07+00:00\",\"author\":{\"@id\":\"https:\\\/\\\/sindromecharge.es\\\/#\\\/schema\\\/person\\\/39a60ebe0a2b4d5a11179701e336b039\"},\"breadcrumb\":{\"@id\":\"https:\\\/\\\/sindromecharge.es\\\/index.php\\\/2024\\\/08\\\/30\\\/special-olympics-virtus-las-paralimpiadas-alternativas-que-consiguen-que-los-deportistas-con-discapacidad-intelectual-tengan-proyeccion-internacional\\\/#breadcrumb\"},\"inLanguage\":\"es\",\"potentialAction\":[{\"@type\":\"ReadAction\",\"target\":[\"https:\\\/\\\/sindromecharge.es\\\/index.php\\\/2024\\\/08\\\/30\\\/special-olympics-virtus-las-paralimpiadas-alternativas-que-consiguen-que-los-deportistas-con-discapacidad-intelectual-tengan-proyeccion-internacional\\\/\"]}]},{\"@type\":\"BreadcrumbList\",\"@id\":\"https:\\\/\\\/sindromecharge.es\\\/index.php\\\/2024\\\/08\\\/30\\\/special-olympics-virtus-las-paralimpiadas-alternativas-que-consiguen-que-los-deportistas-con-discapacidad-intelectual-tengan-proyeccion-internacional\\\/#breadcrumb\",\"itemListElement\":[{\"@type\":\"ListItem\",\"position\":1,\"name\":\"Portada\",\"item\":\"https:\\\/\\\/sindromecharge.es\\\/\"},{\"@type\":\"ListItem\",\"position\":2,\"name\":\"Special Olympics y Virtus, las competiciones para que deportistas con discapacidad intelectual &#8220;tengan proyecci\u00f3n internacional&#8221;\"}]},{\"@type\":\"WebSite\",\"@id\":\"https:\\\/\\\/sindromecharge.es\\\/#website\",\"url\":\"https:\\\/\\\/sindromecharge.es\\\/\",\"name\":\"Asociaci\u00f3n Espa\u00f1ola S\u00edndrome de Charge\",\"description\":\"\",\"potentialAction\":[{\"@type\":\"SearchAction\",\"target\":{\"@type\":\"EntryPoint\",\"urlTemplate\":\"https:\\\/\\\/sindromecharge.es\\\/?s={search_term_string}\"},\"query-input\":{\"@type\":\"PropertyValueSpecification\",\"valueRequired\":true,\"valueName\":\"search_term_string\"}}],\"inLanguage\":\"es\"},{\"@type\":\"Person\",\"@id\":\"https:\\\/\\\/sindromecharge.es\\\/#\\\/schema\\\/person\\\/39a60ebe0a2b4d5a11179701e336b039\",\"name\":\"Charge\",\"image\":{\"@type\":\"ImageObject\",\"inLanguage\":\"es\",\"@id\":\"https:\\\/\\\/secure.gravatar.com\\\/avatar\\\/c3b46e32a0fc3b093a0873fb767bf3293de856293065e84ef06b7ec7a8acfb98?s=96&d=identicon&r=x\",\"url\":\"https:\\\/\\\/secure.gravatar.com\\\/avatar\\\/c3b46e32a0fc3b093a0873fb767bf3293de856293065e84ef06b7ec7a8acfb98?s=96&d=identicon&r=x\",\"contentUrl\":\"https:\\\/\\\/secure.gravatar.com\\\/avatar\\\/c3b46e32a0fc3b093a0873fb767bf3293de856293065e84ef06b7ec7a8acfb98?s=96&d=identicon&r=x\",\"caption\":\"Charge\"},\"url\":\"https:\\\/\\\/sindromecharge.es\\\/index.php\\\/author\\\/admin\\\/\"}]}<\/script>\n<!-- \/ Yoast SEO plugin. -->","yoast_head_json":{"title":"Special Olympics y Virtus, las competiciones para que deportistas con discapacidad intelectual \"tengan proyecci\u00f3n internacional\" - Asociaci\u00f3n Espa\u00f1ola S\u00edndrome de Charge","robots":{"index":"index","follow":"follow","max-snippet":"max-snippet:-1","max-image-preview":"max-image-preview:large","max-video-preview":"max-video-preview:-1"},"canonical":"https:\/\/sindromecharge.es\/index.php\/2024\/08\/30\/special-olympics-virtus-las-paralimpiadas-alternativas-que-consiguen-que-los-deportistas-con-discapacidad-intelectual-tengan-proyeccion-internacional\/","og_locale":"es_ES","og_type":"article","og_title":"Special Olympics y Virtus, las competiciones para que deportistas con discapacidad intelectual \"tengan proyecci\u00f3n internacional\" - Asociaci\u00f3n Espa\u00f1ola S\u00edndrome de Charge","og_description":"Como explicamos en este reportaje, las personas con discapacidad tienen una presencia muy escasa en los Juegos Paral\u00edmpicos. Los motivos son muchos. Entre&#8230;","og_url":"https:\/\/sindromecharge.es\/index.php\/2024\/08\/30\/special-olympics-virtus-las-paralimpiadas-alternativas-que-consiguen-que-los-deportistas-con-discapacidad-intelectual-tengan-proyeccion-internacional\/","og_site_name":"Asociaci\u00f3n Espa\u00f1ola S\u00edndrome de Charge","article_publisher":"https:\/\/www.facebook.com\/asociacionsindromecharge","article_published_time":"2024-08-30T05:38:07+00:00","og_image":[{"width":300,"height":98,"url":"https:\/\/sindromecharge.es\/wp-content\/uploads\/2013\/09\/logodecharge300x98.png","type":"image\/png"}],"author":"Charge","twitter_card":"summary_large_image","twitter_creator":"@sindromecharge","twitter_site":"@sindromecharge","twitter_misc":{"Escrito por":"Charge","Tiempo de lectura":"10 minutos"},"schema":{"@context":"https:\/\/schema.org","@graph":[{"@type":"Article","@id":"https:\/\/sindromecharge.es\/index.php\/2024\/08\/30\/special-olympics-virtus-las-paralimpiadas-alternativas-que-consiguen-que-los-deportistas-con-discapacidad-intelectual-tengan-proyeccion-internacional\/#article","isPartOf":{"@id":"https:\/\/sindromecharge.es\/index.php\/2024\/08\/30\/special-olympics-virtus-las-paralimpiadas-alternativas-que-consiguen-que-los-deportistas-con-discapacidad-intelectual-tengan-proyeccion-internacional\/"},"author":{"name":"Charge","@id":"https:\/\/sindromecharge.es\/#\/schema\/person\/39a60ebe0a2b4d5a11179701e336b039"},"headline":"Special Olympics y Virtus, las competiciones para que deportistas con discapacidad intelectual \u00abtengan proyecci\u00f3n internacional\u00bb","datePublished":"2024-08-30T05:38:07+00:00","mainEntityOfPage":{"@id":"https:\/\/sindromecharge.es\/index.php\/2024\/08\/30\/special-olympics-virtus-las-paralimpiadas-alternativas-que-consiguen-que-los-deportistas-con-discapacidad-intelectual-tengan-proyeccion-internacional\/"},"wordCount":2002,"articleSection":["noticias"],"inLanguage":"es"},{"@type":"WebPage","@id":"https:\/\/sindromecharge.es\/index.php\/2024\/08\/30\/special-olympics-virtus-las-paralimpiadas-alternativas-que-consiguen-que-los-deportistas-con-discapacidad-intelectual-tengan-proyeccion-internacional\/","url":"https:\/\/sindromecharge.es\/index.php\/2024\/08\/30\/special-olympics-virtus-las-paralimpiadas-alternativas-que-consiguen-que-los-deportistas-con-discapacidad-intelectual-tengan-proyeccion-internacional\/","name":"Special Olympics y Virtus, las competiciones para que deportistas con discapacidad intelectual \"tengan proyecci\u00f3n internacional\" - Asociaci\u00f3n Espa\u00f1ola S\u00edndrome de Charge","isPartOf":{"@id":"https:\/\/sindromecharge.es\/#website"},"datePublished":"2024-08-30T05:38:07+00:00","author":{"@id":"https:\/\/sindromecharge.es\/#\/schema\/person\/39a60ebe0a2b4d5a11179701e336b039"},"breadcrumb":{"@id":"https:\/\/sindromecharge.es\/index.php\/2024\/08\/30\/special-olympics-virtus-las-paralimpiadas-alternativas-que-consiguen-que-los-deportistas-con-discapacidad-intelectual-tengan-proyeccion-internacional\/#breadcrumb"},"inLanguage":"es","potentialAction":[{"@type":"ReadAction","target":["https:\/\/sindromecharge.es\/index.php\/2024\/08\/30\/special-olympics-virtus-las-paralimpiadas-alternativas-que-consiguen-que-los-deportistas-con-discapacidad-intelectual-tengan-proyeccion-internacional\/"]}]},{"@type":"BreadcrumbList","@id":"https:\/\/sindromecharge.es\/index.php\/2024\/08\/30\/special-olympics-virtus-las-paralimpiadas-alternativas-que-consiguen-que-los-deportistas-con-discapacidad-intelectual-tengan-proyeccion-internacional\/#breadcrumb","itemListElement":[{"@type":"ListItem","position":1,"name":"Portada","item":"https:\/\/sindromecharge.es\/"},{"@type":"ListItem","position":2,"name":"Special Olympics y Virtus, las competiciones para que deportistas con discapacidad intelectual &#8220;tengan proyecci\u00f3n internacional&#8221;"}]},{"@type":"WebSite","@id":"https:\/\/sindromecharge.es\/#website","url":"https:\/\/sindromecharge.es\/","name":"Asociaci\u00f3n Espa\u00f1ola S\u00edndrome de Charge","description":"","potentialAction":[{"@type":"SearchAction","target":{"@type":"EntryPoint","urlTemplate":"https:\/\/sindromecharge.es\/?s={search_term_string}"},"query-input":{"@type":"PropertyValueSpecification","valueRequired":true,"valueName":"search_term_string"}}],"inLanguage":"es"},{"@type":"Person","@id":"https:\/\/sindromecharge.es\/#\/schema\/person\/39a60ebe0a2b4d5a11179701e336b039","name":"Charge","image":{"@type":"ImageObject","inLanguage":"es","@id":"https:\/\/secure.gravatar.com\/avatar\/c3b46e32a0fc3b093a0873fb767bf3293de856293065e84ef06b7ec7a8acfb98?s=96&d=identicon&r=x","url":"https:\/\/secure.gravatar.com\/avatar\/c3b46e32a0fc3b093a0873fb767bf3293de856293065e84ef06b7ec7a8acfb98?s=96&d=identicon&r=x","contentUrl":"https:\/\/secure.gravatar.com\/avatar\/c3b46e32a0fc3b093a0873fb767bf3293de856293065e84ef06b7ec7a8acfb98?s=96&d=identicon&r=x","caption":"Charge"},"url":"https:\/\/sindromecharge.es\/index.php\/author\/admin\/"}]}},"_links":{"self":[{"href":"https:\/\/sindromecharge.es\/index.php\/wp-json\/wp\/v2\/posts\/10278","targetHints":{"allow":["GET"]}}],"collection":[{"href":"https:\/\/sindromecharge.es\/index.php\/wp-json\/wp\/v2\/posts"}],"about":[{"href":"https:\/\/sindromecharge.es\/index.php\/wp-json\/wp\/v2\/types\/post"}],"author":[{"embeddable":true,"href":"https:\/\/sindromecharge.es\/index.php\/wp-json\/wp\/v2\/users\/1"}],"replies":[{"embeddable":true,"href":"https:\/\/sindromecharge.es\/index.php\/wp-json\/wp\/v2\/comments?post=10278"}],"version-history":[{"count":0,"href":"https:\/\/sindromecharge.es\/index.php\/wp-json\/wp\/v2\/posts\/10278\/revisions"}],"wp:attachment":[{"href":"https:\/\/sindromecharge.es\/index.php\/wp-json\/wp\/v2\/media?parent=10278"}],"wp:term":[{"taxonomy":"category","embeddable":true,"href":"https:\/\/sindromecharge.es\/index.php\/wp-json\/wp\/v2\/categories?post=10278"},{"taxonomy":"post_tag","embeddable":true,"href":"https:\/\/sindromecharge.es\/index.php\/wp-json\/wp\/v2\/tags?post=10278"}],"curies":[{"name":"wp","href":"https:\/\/api.w.org\/{rel}","templated":true}]}}