{"id":10277,"date":"2024-08-29T08:43:32","date_gmt":"2024-08-29T08:43:32","guid":{"rendered":"https:\/\/sindromecharge.es\/index.php\/2024\/08\/29\/atleta-medico-primer-astronauta-con-discapacidad-que-ira-espacio-increible-vida-icono-paralimpico-john-mcfall\/"},"modified":"2024-08-29T08:43:32","modified_gmt":"2024-08-29T08:43:32","slug":"atleta-medico-primer-astronauta-con-discapacidad-que-ira-espacio-increible-vida-icono-paralimpico-john-mcfall","status":"publish","type":"post","link":"https:\/\/sindromecharge.es\/index.php\/2024\/08\/29\/atleta-medico-primer-astronauta-con-discapacidad-que-ira-espacio-increible-vida-icono-paralimpico-john-mcfall\/","title":{"rendered":"Atleta, m\u00e9dico y primer astronauta con discapacidad que ir\u00e1 al espacio: la incre\u00edble vida del icono paral\u00edmpico John McFall"},"content":{"rendered":"<p>Leemos en Discapacidad la siguiente noticia que os reproducimos de forma \u00edntegra: <\/p>\n<div>\n<p>El brit\u00e1nico<b> John McFall<\/b>, que se prepara en la Agencia Espacial Europea para viajar al espacio, fue uno de los grandes protagonistas este mi\u00e9rcoles  en la Plaza de la Concordia de Par\u00eds al portar la bandera paral\u00edmpica en la <a href=\"https:\/\/www.20minutos.es\/deportes\/noticia\/5628619\/0\/ceremonia-inauguracion-los-juegos-paralimpicos-2024-directo-ultima-hora-espectaculo-las-calles-paris\/\" title='Par\u00eds da de nuevo la bienvenida a miles de deportistas: \"Es momento de la revoluci\u00f3n paral\u00edmpica\"'>ceremonia de inauguraci\u00f3n de los Juegos<\/a>, una competici\u00f3n que conoce bien por su pasado como atleta.<\/p>\n<p>Con 19 a\u00f1os, John McFall (Frimley, Reino Unido; 1981) tuvo un accidente de moto en Tailandia y <b>sufri\u00f3 la amputaci\u00f3n de la pierna derecha<\/b>. Lejos de hundirse se refugi\u00f3 en el deporte e inici\u00f3 una exitosa carrera en el atletismo, que culmin\u00f3 con una medalla de<b> bronce en los 100 metros lisos en los Juegos Paral\u00edmpicos de Pek\u00edn 2008.<\/b><\/p>\n<p>Su carrera deportiva dio paso a otra profesional en la medicina. Obtuvo el t\u00edtulo de <b>especialista en traumatolog\u00eda y ortopedia<\/b> antes de que en noviembre de 2022, en otro giro de 360 grados en su vida, fue seleccionado por la Agencia Espacial Europea como miembro de la reserva de astronautas, convirti\u00e9ndose as\u00ed en la primera persona con discapacidad del mundo en ocupar un puesto de esa magnitud.<\/p>\n<p>Su elecci\u00f3n se produjo tras participar en el programa &#8216;Fly&#8217; (Vuela), un proyecto pionero para integrar a las personas con discapacidad en el sector espacial con el objetivo de impulsar un cambio sist\u00e9mico. Aunque el estudio se centra actualmente en la discapacidad espec\u00edfica de John,<b> su marco podr\u00eda aplicarse a otras discapacidades en el futuro<\/b>, promoviendo una mayor accesibilidad en los vuelos espaciales tripulados.<\/p>\n<p>Con su elecci\u00f3n, la Agencia Espacial Europea trat\u00f3 de explorar la viabilidad de enviar a un astronauta con discapacidad al espacio y el an\u00e1lisis, que concluy\u00f3 recientemente, indic\u00f3 que<b> no existen impedimentos para que McFall participe en una misi\u00f3n espacial<\/b>.<\/p>\n<p>Siempre acompa\u00f1ado por su esposa, Sonia Lawrence, que compiti\u00f3 en los Juegos Ol\u00edmpicos de Atlanta en 1996 en gimnasia art\u00edstica para el Reino Unido, y sus tres hijos, la presencia de John McFall en la ceremonia de inauguraci\u00f3n quiso<b> poner de \u00abrelieve el compromiso de los Juegos Paral\u00edmpicos <\/b>por superar los l\u00edmites para las personas con discapacidad\u00bb.<\/p>\n<p>John fue uno de los dos \u00fanicos abanderados que representaron a toda la comunidad paral\u00edmpica en lugar de a un pa\u00eds concreto, honor que comparti\u00f3 con el regatista franc\u00e9s Damien Seguin.<\/p>\n<p>El astronauta brit\u00e1nico <b>port\u00f3 la bandera paral\u00edmpica en uno de los momentos m\u00e1s emotivos de la ceremonia<\/b>, ante la atenta mirada de las casi 50.000 personas que se congregaron en la Plaza de la Concordia.<\/p>\n<p>\u00abMe siento realmente honrado de estar aqu\u00ed,<b> como paral\u00edmpico y miembro de la reserva de astronautas <\/b>con discapacidad f\u00edsica. Me gusta pensar que mi presencia en la ceremonia de este a\u00f1o, en mi nueva funci\u00f3n en la Agencia Espacial Europea, atestigua y encarna el \u00e9xito, el alcance y el legado del movimiento paral\u00edmpico\u00bb, dijo McFall.<\/p>\n<p>\u00abCon cada nuevo paso en mi camino, me enorgullece desafiar las ideas preconcebidas sobre las funciones profesionales en las que deber\u00edamos esperar ver a personas con discapacidades f\u00edsicas. Me comprometo a contribuir a sentar las bases de <b>un futuro diverso, integrador y lleno de oportunidades para todos<\/b>\u00ab, concluy\u00f3.<\/p>\n<\/div>\n<p>Fuente: Discapacidad https:\/\/www.20minutos.es\/deportes\/noticia\/5628661\/0\/atleta-medico-primer-astronauta-con-discapacidad-que-ira-espacio-increible-vida-icono-paralimpico-john-mcfall\/<\/p>\n","protected":false},"excerpt":{"rendered":"<p>Perdi\u00f3 una pierna en un accidente de moto sufrido en Tailandia con 19 a\u00f1os y le cambi\u00f3 la vida para siempre.<\/p>\n","protected":false},"author":1,"featured_media":0,"comment_status":"closed","ping_status":"closed","sticky":false,"template":"","format":"standard","meta":{"footnotes":""},"categories":[8],"tags":[],"class_list":["post-10277","post","type-post","status-publish","format-standard","hentry","category-noticias"],"yoast_head":"<!-- This site is optimized with the Yoast SEO plugin v27.5 - https:\/\/yoast.com\/product\/yoast-seo-wordpress\/ -->\n<title>Atleta, m\u00e9dico y primer astronauta con discapacidad que ir\u00e1 al espacio: la incre\u00edble vida del icono paral\u00edmpico John McFall - Asociaci\u00f3n Espa\u00f1ola S\u00edndrome de Charge<\/title>\n<meta name=\"robots\" content=\"index, follow, max-snippet:-1, max-image-preview:large, max-video-preview:-1\" \/>\n<link rel=\"canonical\" href=\"https:\/\/sindromecharge.es\/index.php\/2024\/08\/29\/atleta-medico-primer-astronauta-con-discapacidad-que-ira-espacio-increible-vida-icono-paralimpico-john-mcfall\/\" \/>\n<meta property=\"og:locale\" content=\"es_ES\" \/>\n<meta property=\"og:type\" content=\"article\" \/>\n<meta property=\"og:title\" content=\"Atleta, m\u00e9dico y primer astronauta con discapacidad que ir\u00e1 al espacio: la incre\u00edble vida del icono paral\u00edmpico John McFall - Asociaci\u00f3n Espa\u00f1ola S\u00edndrome de Charge\" \/>\n<meta property=\"og:description\" content=\"Perdi\u00f3 una pierna en un accidente de moto sufrido en Tailandia con 19 a\u00f1os y le cambi\u00f3 la vida para siempre.\" \/>\n<meta property=\"og:url\" content=\"https:\/\/sindromecharge.es\/index.php\/2024\/08\/29\/atleta-medico-primer-astronauta-con-discapacidad-que-ira-espacio-increible-vida-icono-paralimpico-john-mcfall\/\" \/>\n<meta property=\"og:site_name\" content=\"Asociaci\u00f3n Espa\u00f1ola S\u00edndrome de Charge\" \/>\n<meta property=\"article:publisher\" content=\"https:\/\/www.facebook.com\/asociacionsindromecharge\" \/>\n<meta property=\"article:published_time\" content=\"2024-08-29T08:43:32+00:00\" \/>\n<meta property=\"og:image\" content=\"https:\/\/sindromecharge.es\/wp-content\/uploads\/2013\/09\/logodecharge300x98.png\" \/>\n\t<meta property=\"og:image:width\" content=\"300\" \/>\n\t<meta property=\"og:image:height\" content=\"98\" \/>\n\t<meta property=\"og:image:type\" content=\"image\/png\" \/>\n<meta name=\"author\" content=\"Charge\" \/>\n<meta name=\"twitter:card\" content=\"summary_large_image\" \/>\n<meta name=\"twitter:creator\" content=\"@sindromecharge\" \/>\n<meta name=\"twitter:site\" content=\"@sindromecharge\" \/>\n<meta name=\"twitter:label1\" content=\"Escrito por\" \/>\n\t<meta name=\"twitter:data1\" content=\"Charge\" \/>\n\t<meta name=\"twitter:label2\" content=\"Tiempo de lectura\" \/>\n\t<meta name=\"twitter:data2\" content=\"3 minutos\" \/>\n<script type=\"application\/ld+json\" class=\"yoast-schema-graph\">{\"@context\":\"https:\\\/\\\/schema.org\",\"@graph\":[{\"@type\":\"Article\",\"@id\":\"https:\\\/\\\/sindromecharge.es\\\/index.php\\\/2024\\\/08\\\/29\\\/atleta-medico-primer-astronauta-con-discapacidad-que-ira-espacio-increible-vida-icono-paralimpico-john-mcfall\\\/#article\",\"isPartOf\":{\"@id\":\"https:\\\/\\\/sindromecharge.es\\\/index.php\\\/2024\\\/08\\\/29\\\/atleta-medico-primer-astronauta-con-discapacidad-que-ira-espacio-increible-vida-icono-paralimpico-john-mcfall\\\/\"},\"author\":{\"name\":\"Charge\",\"@id\":\"https:\\\/\\\/sindromecharge.es\\\/#\\\/schema\\\/person\\\/39a60ebe0a2b4d5a11179701e336b039\"},\"headline\":\"Atleta, m\u00e9dico y primer astronauta con discapacidad que ir\u00e1 al espacio: la incre\u00edble vida del icono paral\u00edmpico John McFall\",\"datePublished\":\"2024-08-29T08:43:32+00:00\",\"mainEntityOfPage\":{\"@id\":\"https:\\\/\\\/sindromecharge.es\\\/index.php\\\/2024\\\/08\\\/29\\\/atleta-medico-primer-astronauta-con-discapacidad-que-ira-espacio-increible-vida-icono-paralimpico-john-mcfall\\\/\"},\"wordCount\":585,\"articleSection\":[\"noticias\"],\"inLanguage\":\"es\"},{\"@type\":\"WebPage\",\"@id\":\"https:\\\/\\\/sindromecharge.es\\\/index.php\\\/2024\\\/08\\\/29\\\/atleta-medico-primer-astronauta-con-discapacidad-que-ira-espacio-increible-vida-icono-paralimpico-john-mcfall\\\/\",\"url\":\"https:\\\/\\\/sindromecharge.es\\\/index.php\\\/2024\\\/08\\\/29\\\/atleta-medico-primer-astronauta-con-discapacidad-que-ira-espacio-increible-vida-icono-paralimpico-john-mcfall\\\/\",\"name\":\"Atleta, m\u00e9dico y primer astronauta con discapacidad que ir\u00e1 al espacio: la incre\u00edble vida del icono paral\u00edmpico John McFall - Asociaci\u00f3n Espa\u00f1ola S\u00edndrome de Charge\",\"isPartOf\":{\"@id\":\"https:\\\/\\\/sindromecharge.es\\\/#website\"},\"datePublished\":\"2024-08-29T08:43:32+00:00\",\"author\":{\"@id\":\"https:\\\/\\\/sindromecharge.es\\\/#\\\/schema\\\/person\\\/39a60ebe0a2b4d5a11179701e336b039\"},\"breadcrumb\":{\"@id\":\"https:\\\/\\\/sindromecharge.es\\\/index.php\\\/2024\\\/08\\\/29\\\/atleta-medico-primer-astronauta-con-discapacidad-que-ira-espacio-increible-vida-icono-paralimpico-john-mcfall\\\/#breadcrumb\"},\"inLanguage\":\"es\",\"potentialAction\":[{\"@type\":\"ReadAction\",\"target\":[\"https:\\\/\\\/sindromecharge.es\\\/index.php\\\/2024\\\/08\\\/29\\\/atleta-medico-primer-astronauta-con-discapacidad-que-ira-espacio-increible-vida-icono-paralimpico-john-mcfall\\\/\"]}]},{\"@type\":\"BreadcrumbList\",\"@id\":\"https:\\\/\\\/sindromecharge.es\\\/index.php\\\/2024\\\/08\\\/29\\\/atleta-medico-primer-astronauta-con-discapacidad-que-ira-espacio-increible-vida-icono-paralimpico-john-mcfall\\\/#breadcrumb\",\"itemListElement\":[{\"@type\":\"ListItem\",\"position\":1,\"name\":\"Portada\",\"item\":\"https:\\\/\\\/sindromecharge.es\\\/\"},{\"@type\":\"ListItem\",\"position\":2,\"name\":\"Atleta, m\u00e9dico y primer astronauta con discapacidad que ir\u00e1 al espacio: la incre\u00edble vida del icono paral\u00edmpico John McFall\"}]},{\"@type\":\"WebSite\",\"@id\":\"https:\\\/\\\/sindromecharge.es\\\/#website\",\"url\":\"https:\\\/\\\/sindromecharge.es\\\/\",\"name\":\"Asociaci\u00f3n Espa\u00f1ola S\u00edndrome de Charge\",\"description\":\"\",\"potentialAction\":[{\"@type\":\"SearchAction\",\"target\":{\"@type\":\"EntryPoint\",\"urlTemplate\":\"https:\\\/\\\/sindromecharge.es\\\/?s={search_term_string}\"},\"query-input\":{\"@type\":\"PropertyValueSpecification\",\"valueRequired\":true,\"valueName\":\"search_term_string\"}}],\"inLanguage\":\"es\"},{\"@type\":\"Person\",\"@id\":\"https:\\\/\\\/sindromecharge.es\\\/#\\\/schema\\\/person\\\/39a60ebe0a2b4d5a11179701e336b039\",\"name\":\"Charge\",\"image\":{\"@type\":\"ImageObject\",\"inLanguage\":\"es\",\"@id\":\"https:\\\/\\\/secure.gravatar.com\\\/avatar\\\/c3b46e32a0fc3b093a0873fb767bf3293de856293065e84ef06b7ec7a8acfb98?s=96&d=identicon&r=x\",\"url\":\"https:\\\/\\\/secure.gravatar.com\\\/avatar\\\/c3b46e32a0fc3b093a0873fb767bf3293de856293065e84ef06b7ec7a8acfb98?s=96&d=identicon&r=x\",\"contentUrl\":\"https:\\\/\\\/secure.gravatar.com\\\/avatar\\\/c3b46e32a0fc3b093a0873fb767bf3293de856293065e84ef06b7ec7a8acfb98?s=96&d=identicon&r=x\",\"caption\":\"Charge\"},\"url\":\"https:\\\/\\\/sindromecharge.es\\\/index.php\\\/author\\\/admin\\\/\"}]}<\/script>\n<!-- \/ Yoast SEO plugin. -->","yoast_head_json":{"title":"Atleta, m\u00e9dico y primer astronauta con discapacidad que ir\u00e1 al espacio: la incre\u00edble vida del icono paral\u00edmpico John McFall - Asociaci\u00f3n Espa\u00f1ola S\u00edndrome de Charge","robots":{"index":"index","follow":"follow","max-snippet":"max-snippet:-1","max-image-preview":"max-image-preview:large","max-video-preview":"max-video-preview:-1"},"canonical":"https:\/\/sindromecharge.es\/index.php\/2024\/08\/29\/atleta-medico-primer-astronauta-con-discapacidad-que-ira-espacio-increible-vida-icono-paralimpico-john-mcfall\/","og_locale":"es_ES","og_type":"article","og_title":"Atleta, m\u00e9dico y primer astronauta con discapacidad que ir\u00e1 al espacio: la incre\u00edble vida del icono paral\u00edmpico John McFall - Asociaci\u00f3n Espa\u00f1ola S\u00edndrome de Charge","og_description":"Perdi\u00f3 una pierna en un accidente de moto sufrido en Tailandia con 19 a\u00f1os y le cambi\u00f3 la vida para siempre.","og_url":"https:\/\/sindromecharge.es\/index.php\/2024\/08\/29\/atleta-medico-primer-astronauta-con-discapacidad-que-ira-espacio-increible-vida-icono-paralimpico-john-mcfall\/","og_site_name":"Asociaci\u00f3n Espa\u00f1ola S\u00edndrome de Charge","article_publisher":"https:\/\/www.facebook.com\/asociacionsindromecharge","article_published_time":"2024-08-29T08:43:32+00:00","og_image":[{"width":300,"height":98,"url":"https:\/\/sindromecharge.es\/wp-content\/uploads\/2013\/09\/logodecharge300x98.png","type":"image\/png"}],"author":"Charge","twitter_card":"summary_large_image","twitter_creator":"@sindromecharge","twitter_site":"@sindromecharge","twitter_misc":{"Escrito por":"Charge","Tiempo de lectura":"3 minutos"},"schema":{"@context":"https:\/\/schema.org","@graph":[{"@type":"Article","@id":"https:\/\/sindromecharge.es\/index.php\/2024\/08\/29\/atleta-medico-primer-astronauta-con-discapacidad-que-ira-espacio-increible-vida-icono-paralimpico-john-mcfall\/#article","isPartOf":{"@id":"https:\/\/sindromecharge.es\/index.php\/2024\/08\/29\/atleta-medico-primer-astronauta-con-discapacidad-que-ira-espacio-increible-vida-icono-paralimpico-john-mcfall\/"},"author":{"name":"Charge","@id":"https:\/\/sindromecharge.es\/#\/schema\/person\/39a60ebe0a2b4d5a11179701e336b039"},"headline":"Atleta, m\u00e9dico y primer astronauta con discapacidad que ir\u00e1 al espacio: la incre\u00edble vida del icono paral\u00edmpico John McFall","datePublished":"2024-08-29T08:43:32+00:00","mainEntityOfPage":{"@id":"https:\/\/sindromecharge.es\/index.php\/2024\/08\/29\/atleta-medico-primer-astronauta-con-discapacidad-que-ira-espacio-increible-vida-icono-paralimpico-john-mcfall\/"},"wordCount":585,"articleSection":["noticias"],"inLanguage":"es"},{"@type":"WebPage","@id":"https:\/\/sindromecharge.es\/index.php\/2024\/08\/29\/atleta-medico-primer-astronauta-con-discapacidad-que-ira-espacio-increible-vida-icono-paralimpico-john-mcfall\/","url":"https:\/\/sindromecharge.es\/index.php\/2024\/08\/29\/atleta-medico-primer-astronauta-con-discapacidad-que-ira-espacio-increible-vida-icono-paralimpico-john-mcfall\/","name":"Atleta, m\u00e9dico y primer astronauta con discapacidad que ir\u00e1 al espacio: la incre\u00edble vida del icono paral\u00edmpico John McFall - Asociaci\u00f3n Espa\u00f1ola S\u00edndrome de Charge","isPartOf":{"@id":"https:\/\/sindromecharge.es\/#website"},"datePublished":"2024-08-29T08:43:32+00:00","author":{"@id":"https:\/\/sindromecharge.es\/#\/schema\/person\/39a60ebe0a2b4d5a11179701e336b039"},"breadcrumb":{"@id":"https:\/\/sindromecharge.es\/index.php\/2024\/08\/29\/atleta-medico-primer-astronauta-con-discapacidad-que-ira-espacio-increible-vida-icono-paralimpico-john-mcfall\/#breadcrumb"},"inLanguage":"es","potentialAction":[{"@type":"ReadAction","target":["https:\/\/sindromecharge.es\/index.php\/2024\/08\/29\/atleta-medico-primer-astronauta-con-discapacidad-que-ira-espacio-increible-vida-icono-paralimpico-john-mcfall\/"]}]},{"@type":"BreadcrumbList","@id":"https:\/\/sindromecharge.es\/index.php\/2024\/08\/29\/atleta-medico-primer-astronauta-con-discapacidad-que-ira-espacio-increible-vida-icono-paralimpico-john-mcfall\/#breadcrumb","itemListElement":[{"@type":"ListItem","position":1,"name":"Portada","item":"https:\/\/sindromecharge.es\/"},{"@type":"ListItem","position":2,"name":"Atleta, m\u00e9dico y primer astronauta con discapacidad que ir\u00e1 al espacio: la incre\u00edble vida del icono paral\u00edmpico John McFall"}]},{"@type":"WebSite","@id":"https:\/\/sindromecharge.es\/#website","url":"https:\/\/sindromecharge.es\/","name":"Asociaci\u00f3n Espa\u00f1ola S\u00edndrome de Charge","description":"","potentialAction":[{"@type":"SearchAction","target":{"@type":"EntryPoint","urlTemplate":"https:\/\/sindromecharge.es\/?s={search_term_string}"},"query-input":{"@type":"PropertyValueSpecification","valueRequired":true,"valueName":"search_term_string"}}],"inLanguage":"es"},{"@type":"Person","@id":"https:\/\/sindromecharge.es\/#\/schema\/person\/39a60ebe0a2b4d5a11179701e336b039","name":"Charge","image":{"@type":"ImageObject","inLanguage":"es","@id":"https:\/\/secure.gravatar.com\/avatar\/c3b46e32a0fc3b093a0873fb767bf3293de856293065e84ef06b7ec7a8acfb98?s=96&d=identicon&r=x","url":"https:\/\/secure.gravatar.com\/avatar\/c3b46e32a0fc3b093a0873fb767bf3293de856293065e84ef06b7ec7a8acfb98?s=96&d=identicon&r=x","contentUrl":"https:\/\/secure.gravatar.com\/avatar\/c3b46e32a0fc3b093a0873fb767bf3293de856293065e84ef06b7ec7a8acfb98?s=96&d=identicon&r=x","caption":"Charge"},"url":"https:\/\/sindromecharge.es\/index.php\/author\/admin\/"}]}},"_links":{"self":[{"href":"https:\/\/sindromecharge.es\/index.php\/wp-json\/wp\/v2\/posts\/10277","targetHints":{"allow":["GET"]}}],"collection":[{"href":"https:\/\/sindromecharge.es\/index.php\/wp-json\/wp\/v2\/posts"}],"about":[{"href":"https:\/\/sindromecharge.es\/index.php\/wp-json\/wp\/v2\/types\/post"}],"author":[{"embeddable":true,"href":"https:\/\/sindromecharge.es\/index.php\/wp-json\/wp\/v2\/users\/1"}],"replies":[{"embeddable":true,"href":"https:\/\/sindromecharge.es\/index.php\/wp-json\/wp\/v2\/comments?post=10277"}],"version-history":[{"count":0,"href":"https:\/\/sindromecharge.es\/index.php\/wp-json\/wp\/v2\/posts\/10277\/revisions"}],"wp:attachment":[{"href":"https:\/\/sindromecharge.es\/index.php\/wp-json\/wp\/v2\/media?parent=10277"}],"wp:term":[{"taxonomy":"category","embeddable":true,"href":"https:\/\/sindromecharge.es\/index.php\/wp-json\/wp\/v2\/categories?post=10277"},{"taxonomy":"post_tag","embeddable":true,"href":"https:\/\/sindromecharge.es\/index.php\/wp-json\/wp\/v2\/tags?post=10277"}],"curies":[{"name":"wp","href":"https:\/\/api.w.org\/{rel}","templated":true}]}}