{"id":10276,"date":"2024-08-29T05:58:58","date_gmt":"2024-08-29T05:58:58","guid":{"rendered":"https:\/\/sindromecharge.es\/index.php\/2024\/08\/29\/cermi-pide-gobierno-equiparar-cuantia-las-pensiones-no-contributivas-las-minimas-contributivas-seguridad-social\/"},"modified":"2024-08-29T05:58:58","modified_gmt":"2024-08-29T05:58:58","slug":"cermi-pide-gobierno-equiparar-cuantia-las-pensiones-no-contributivas-las-minimas-contributivas-seguridad-social","status":"publish","type":"post","link":"https:\/\/sindromecharge.es\/index.php\/2024\/08\/29\/cermi-pide-gobierno-equiparar-cuantia-las-pensiones-no-contributivas-las-minimas-contributivas-seguridad-social\/","title":{"rendered":"Piden al Gobierno equiparar las pensiones no contributivas a las m\u00ednimas contributivas de la Seguridad Social"},"content":{"rendered":"<p>Leemos en Discapacidad la siguiente noticia que os reproducimos de forma \u00edntegra: <\/p>\n<div>\n<p>El Comit\u00e9 Espa\u00f1ol de Representantes de Personas con Discapacidad (<a href=\"https:\/\/www.20minutos.es\/minuteca\/cermi\/\" title=\"Cermi\" target=\"_blank\" rel=\"noopener\">Cermi<\/a>) plante\u00f3 este mi\u00e9rcoles al Gobierno la necesidad de <b>incrementar sustancialmente las cuant\u00edas de las pensiones no contributivas<\/b> de Seguridad Social, tanto las de jubilaci\u00f3n como las de <a href=\"https:\/\/www.20minutos.es\/minuteca\/discapacidad\/\" title=\"Discapacidad\" target=\"_blank\" rel=\"noopener\">discapacidad<\/a>, para que los pensionistas que las reciban puedan atender con dignidad a sus necesidades vitales.<\/p>\n<p>Para la plataforma unitaria de la discapacidad, este incremento deber\u00eda consistir en la equiparaci\u00f3n con las pensiones m\u00ednimas de la <a href=\"https:\/\/www.20minutos.es\/minuteca\/seguridad-social\/\" title=\"Seguridad Social\" target=\"_blank\" rel=\"noopener\">Seguridad Social<\/a> en su modalidad contributiva, ya que \u00abcada vez se separa m\u00e1s el diferencial de cuant\u00edas entre unas y otras, quedando las<b> no contributivas<\/b> relegadas, sometidas a <b>crecimientos m\u00ednimos<\/b>, que deterioran la capacidad econ\u00f3mica de los que las perciben\u00bb.<\/p>\n<p>La cuant\u00eda de la pensi\u00f3n no contributiva para 2024 es de <b>7.250,60 euros<\/b>, cuando la de la pensi\u00f3n contributiva m\u00ednima, para ese mismo a\u00f1o, asciende a<b> 11.552,80 euros<\/b>, lo que evidencia la gran distancia que las separa.<\/p>\n<h1>Cermi tambi\u00e9n propone que, para las personas con discapacidad, se tenga en cuenta solo su capacidad econ\u00f3mica, no la renta familiar <\/h1>\n<p>Aparte de la modificaci\u00f3n de los importes, el Cermi propone que <b>se cambie la regulaci\u00f3n de las pensiones no contributivas<\/b> tambi\u00e9n para que el c\u00f3mputo de la capacidad de renta del solicitante venga referido a su capacidad econ\u00f3mica personal, no a la de la unidad familiar, ya que esto<b> supone un castigo para la persona con discapacidad<\/b>, al no tenerse en cuenta exclusivamente su situaci\u00f3n individual.<\/p>\n<p>Otro aspecto que deber\u00eda acometerse, seg\u00fan el Cermi, es la mejora de la compatibilidad entre la percepci\u00f3n de la pensi\u00f3n no contributiva por discapacidad y la realizaci\u00f3n de un trabajo remunerado, a fin de favorecer la activaci\u00f3n de las<b> personas con discapacidad<\/b>.<\/p>\n<\/div>\n<p>Fuente: Discapacidad https:\/\/www.20minutos.es\/noticia\/5628458\/0\/cermi-pide-gobierno-equiparar-cuantia-las-pensiones-no-contributivas-las-minimas-contributivas-seguridad-social\/<\/p>\n","protected":false},"excerpt":{"rendered":"<p>En 2024, la pensi\u00f3n no contributiva es de 7.250,60 euros y la contributiva m\u00ednima de 11.552,80 euros.<\/p>\n","protected":false},"author":1,"featured_media":0,"comment_status":"closed","ping_status":"closed","sticky":false,"template":"","format":"standard","meta":{"footnotes":""},"categories":[8],"tags":[],"class_list":["post-10276","post","type-post","status-publish","format-standard","hentry","category-noticias"],"yoast_head":"<!-- This site is optimized with the Yoast SEO plugin v27.5 - https:\/\/yoast.com\/product\/yoast-seo-wordpress\/ -->\n<title>Piden al Gobierno equiparar las pensiones no contributivas a las m\u00ednimas contributivas de la Seguridad Social - Asociaci\u00f3n Espa\u00f1ola S\u00edndrome de Charge<\/title>\n<meta name=\"robots\" content=\"index, follow, max-snippet:-1, max-image-preview:large, max-video-preview:-1\" \/>\n<link rel=\"canonical\" href=\"https:\/\/sindromecharge.es\/index.php\/2024\/08\/29\/cermi-pide-gobierno-equiparar-cuantia-las-pensiones-no-contributivas-las-minimas-contributivas-seguridad-social\/\" \/>\n<meta property=\"og:locale\" content=\"es_ES\" \/>\n<meta property=\"og:type\" content=\"article\" \/>\n<meta property=\"og:title\" content=\"Piden al Gobierno equiparar las pensiones no contributivas a las m\u00ednimas contributivas de la Seguridad Social - Asociaci\u00f3n Espa\u00f1ola S\u00edndrome de Charge\" \/>\n<meta property=\"og:description\" content=\"En 2024, la pensi\u00f3n no contributiva es de 7.250,60 euros y la contributiva m\u00ednima de 11.552,80 euros.\" \/>\n<meta property=\"og:url\" content=\"https:\/\/sindromecharge.es\/index.php\/2024\/08\/29\/cermi-pide-gobierno-equiparar-cuantia-las-pensiones-no-contributivas-las-minimas-contributivas-seguridad-social\/\" \/>\n<meta property=\"og:site_name\" content=\"Asociaci\u00f3n Espa\u00f1ola S\u00edndrome de Charge\" \/>\n<meta property=\"article:publisher\" content=\"https:\/\/www.facebook.com\/asociacionsindromecharge\" \/>\n<meta property=\"article:published_time\" content=\"2024-08-29T05:58:58+00:00\" \/>\n<meta property=\"og:image\" content=\"https:\/\/sindromecharge.es\/wp-content\/uploads\/2013\/09\/logodecharge300x98.png\" \/>\n\t<meta property=\"og:image:width\" content=\"300\" \/>\n\t<meta property=\"og:image:height\" content=\"98\" \/>\n\t<meta property=\"og:image:type\" content=\"image\/png\" \/>\n<meta name=\"author\" content=\"Charge\" \/>\n<meta name=\"twitter:card\" content=\"summary_large_image\" \/>\n<meta name=\"twitter:creator\" content=\"@sindromecharge\" \/>\n<meta name=\"twitter:site\" content=\"@sindromecharge\" \/>\n<meta name=\"twitter:label1\" content=\"Escrito por\" \/>\n\t<meta name=\"twitter:data1\" content=\"Charge\" \/>\n\t<meta name=\"twitter:label2\" content=\"Tiempo de lectura\" \/>\n\t<meta name=\"twitter:data2\" content=\"2 minutos\" \/>\n<script type=\"application\/ld+json\" class=\"yoast-schema-graph\">{\"@context\":\"https:\\\/\\\/schema.org\",\"@graph\":[{\"@type\":\"Article\",\"@id\":\"https:\\\/\\\/sindromecharge.es\\\/index.php\\\/2024\\\/08\\\/29\\\/cermi-pide-gobierno-equiparar-cuantia-las-pensiones-no-contributivas-las-minimas-contributivas-seguridad-social\\\/#article\",\"isPartOf\":{\"@id\":\"https:\\\/\\\/sindromecharge.es\\\/index.php\\\/2024\\\/08\\\/29\\\/cermi-pide-gobierno-equiparar-cuantia-las-pensiones-no-contributivas-las-minimas-contributivas-seguridad-social\\\/\"},\"author\":{\"name\":\"Charge\",\"@id\":\"https:\\\/\\\/sindromecharge.es\\\/#\\\/schema\\\/person\\\/39a60ebe0a2b4d5a11179701e336b039\"},\"headline\":\"Piden al Gobierno equiparar las pensiones no contributivas a las m\u00ednimas contributivas de la Seguridad Social\",\"datePublished\":\"2024-08-29T05:58:58+00:00\",\"mainEntityOfPage\":{\"@id\":\"https:\\\/\\\/sindromecharge.es\\\/index.php\\\/2024\\\/08\\\/29\\\/cermi-pide-gobierno-equiparar-cuantia-las-pensiones-no-contributivas-las-minimas-contributivas-seguridad-social\\\/\"},\"wordCount\":343,\"articleSection\":[\"noticias\"],\"inLanguage\":\"es\"},{\"@type\":\"WebPage\",\"@id\":\"https:\\\/\\\/sindromecharge.es\\\/index.php\\\/2024\\\/08\\\/29\\\/cermi-pide-gobierno-equiparar-cuantia-las-pensiones-no-contributivas-las-minimas-contributivas-seguridad-social\\\/\",\"url\":\"https:\\\/\\\/sindromecharge.es\\\/index.php\\\/2024\\\/08\\\/29\\\/cermi-pide-gobierno-equiparar-cuantia-las-pensiones-no-contributivas-las-minimas-contributivas-seguridad-social\\\/\",\"name\":\"Piden al Gobierno equiparar las pensiones no contributivas a las m\u00ednimas contributivas de la Seguridad Social - Asociaci\u00f3n Espa\u00f1ola S\u00edndrome de Charge\",\"isPartOf\":{\"@id\":\"https:\\\/\\\/sindromecharge.es\\\/#website\"},\"datePublished\":\"2024-08-29T05:58:58+00:00\",\"author\":{\"@id\":\"https:\\\/\\\/sindromecharge.es\\\/#\\\/schema\\\/person\\\/39a60ebe0a2b4d5a11179701e336b039\"},\"breadcrumb\":{\"@id\":\"https:\\\/\\\/sindromecharge.es\\\/index.php\\\/2024\\\/08\\\/29\\\/cermi-pide-gobierno-equiparar-cuantia-las-pensiones-no-contributivas-las-minimas-contributivas-seguridad-social\\\/#breadcrumb\"},\"inLanguage\":\"es\",\"potentialAction\":[{\"@type\":\"ReadAction\",\"target\":[\"https:\\\/\\\/sindromecharge.es\\\/index.php\\\/2024\\\/08\\\/29\\\/cermi-pide-gobierno-equiparar-cuantia-las-pensiones-no-contributivas-las-minimas-contributivas-seguridad-social\\\/\"]}]},{\"@type\":\"BreadcrumbList\",\"@id\":\"https:\\\/\\\/sindromecharge.es\\\/index.php\\\/2024\\\/08\\\/29\\\/cermi-pide-gobierno-equiparar-cuantia-las-pensiones-no-contributivas-las-minimas-contributivas-seguridad-social\\\/#breadcrumb\",\"itemListElement\":[{\"@type\":\"ListItem\",\"position\":1,\"name\":\"Portada\",\"item\":\"https:\\\/\\\/sindromecharge.es\\\/\"},{\"@type\":\"ListItem\",\"position\":2,\"name\":\"Piden al Gobierno equiparar las pensiones no contributivas a las m\u00ednimas contributivas de la Seguridad Social\"}]},{\"@type\":\"WebSite\",\"@id\":\"https:\\\/\\\/sindromecharge.es\\\/#website\",\"url\":\"https:\\\/\\\/sindromecharge.es\\\/\",\"name\":\"Asociaci\u00f3n Espa\u00f1ola S\u00edndrome de Charge\",\"description\":\"\",\"potentialAction\":[{\"@type\":\"SearchAction\",\"target\":{\"@type\":\"EntryPoint\",\"urlTemplate\":\"https:\\\/\\\/sindromecharge.es\\\/?s={search_term_string}\"},\"query-input\":{\"@type\":\"PropertyValueSpecification\",\"valueRequired\":true,\"valueName\":\"search_term_string\"}}],\"inLanguage\":\"es\"},{\"@type\":\"Person\",\"@id\":\"https:\\\/\\\/sindromecharge.es\\\/#\\\/schema\\\/person\\\/39a60ebe0a2b4d5a11179701e336b039\",\"name\":\"Charge\",\"image\":{\"@type\":\"ImageObject\",\"inLanguage\":\"es\",\"@id\":\"https:\\\/\\\/secure.gravatar.com\\\/avatar\\\/c3b46e32a0fc3b093a0873fb767bf3293de856293065e84ef06b7ec7a8acfb98?s=96&d=identicon&r=x\",\"url\":\"https:\\\/\\\/secure.gravatar.com\\\/avatar\\\/c3b46e32a0fc3b093a0873fb767bf3293de856293065e84ef06b7ec7a8acfb98?s=96&d=identicon&r=x\",\"contentUrl\":\"https:\\\/\\\/secure.gravatar.com\\\/avatar\\\/c3b46e32a0fc3b093a0873fb767bf3293de856293065e84ef06b7ec7a8acfb98?s=96&d=identicon&r=x\",\"caption\":\"Charge\"},\"url\":\"https:\\\/\\\/sindromecharge.es\\\/index.php\\\/author\\\/admin\\\/\"}]}<\/script>\n<!-- \/ Yoast SEO plugin. -->","yoast_head_json":{"title":"Piden al Gobierno equiparar las pensiones no contributivas a las m\u00ednimas contributivas de la Seguridad Social - Asociaci\u00f3n Espa\u00f1ola S\u00edndrome de Charge","robots":{"index":"index","follow":"follow","max-snippet":"max-snippet:-1","max-image-preview":"max-image-preview:large","max-video-preview":"max-video-preview:-1"},"canonical":"https:\/\/sindromecharge.es\/index.php\/2024\/08\/29\/cermi-pide-gobierno-equiparar-cuantia-las-pensiones-no-contributivas-las-minimas-contributivas-seguridad-social\/","og_locale":"es_ES","og_type":"article","og_title":"Piden al Gobierno equiparar las pensiones no contributivas a las m\u00ednimas contributivas de la Seguridad Social - Asociaci\u00f3n Espa\u00f1ola S\u00edndrome de Charge","og_description":"En 2024, la pensi\u00f3n no contributiva es de 7.250,60 euros y la contributiva m\u00ednima de 11.552,80 euros.","og_url":"https:\/\/sindromecharge.es\/index.php\/2024\/08\/29\/cermi-pide-gobierno-equiparar-cuantia-las-pensiones-no-contributivas-las-minimas-contributivas-seguridad-social\/","og_site_name":"Asociaci\u00f3n Espa\u00f1ola S\u00edndrome de Charge","article_publisher":"https:\/\/www.facebook.com\/asociacionsindromecharge","article_published_time":"2024-08-29T05:58:58+00:00","og_image":[{"width":300,"height":98,"url":"https:\/\/sindromecharge.es\/wp-content\/uploads\/2013\/09\/logodecharge300x98.png","type":"image\/png"}],"author":"Charge","twitter_card":"summary_large_image","twitter_creator":"@sindromecharge","twitter_site":"@sindromecharge","twitter_misc":{"Escrito por":"Charge","Tiempo de lectura":"2 minutos"},"schema":{"@context":"https:\/\/schema.org","@graph":[{"@type":"Article","@id":"https:\/\/sindromecharge.es\/index.php\/2024\/08\/29\/cermi-pide-gobierno-equiparar-cuantia-las-pensiones-no-contributivas-las-minimas-contributivas-seguridad-social\/#article","isPartOf":{"@id":"https:\/\/sindromecharge.es\/index.php\/2024\/08\/29\/cermi-pide-gobierno-equiparar-cuantia-las-pensiones-no-contributivas-las-minimas-contributivas-seguridad-social\/"},"author":{"name":"Charge","@id":"https:\/\/sindromecharge.es\/#\/schema\/person\/39a60ebe0a2b4d5a11179701e336b039"},"headline":"Piden al Gobierno equiparar las pensiones no contributivas a las m\u00ednimas contributivas de la Seguridad Social","datePublished":"2024-08-29T05:58:58+00:00","mainEntityOfPage":{"@id":"https:\/\/sindromecharge.es\/index.php\/2024\/08\/29\/cermi-pide-gobierno-equiparar-cuantia-las-pensiones-no-contributivas-las-minimas-contributivas-seguridad-social\/"},"wordCount":343,"articleSection":["noticias"],"inLanguage":"es"},{"@type":"WebPage","@id":"https:\/\/sindromecharge.es\/index.php\/2024\/08\/29\/cermi-pide-gobierno-equiparar-cuantia-las-pensiones-no-contributivas-las-minimas-contributivas-seguridad-social\/","url":"https:\/\/sindromecharge.es\/index.php\/2024\/08\/29\/cermi-pide-gobierno-equiparar-cuantia-las-pensiones-no-contributivas-las-minimas-contributivas-seguridad-social\/","name":"Piden al Gobierno equiparar las pensiones no contributivas a las m\u00ednimas contributivas de la Seguridad Social - Asociaci\u00f3n Espa\u00f1ola S\u00edndrome de Charge","isPartOf":{"@id":"https:\/\/sindromecharge.es\/#website"},"datePublished":"2024-08-29T05:58:58+00:00","author":{"@id":"https:\/\/sindromecharge.es\/#\/schema\/person\/39a60ebe0a2b4d5a11179701e336b039"},"breadcrumb":{"@id":"https:\/\/sindromecharge.es\/index.php\/2024\/08\/29\/cermi-pide-gobierno-equiparar-cuantia-las-pensiones-no-contributivas-las-minimas-contributivas-seguridad-social\/#breadcrumb"},"inLanguage":"es","potentialAction":[{"@type":"ReadAction","target":["https:\/\/sindromecharge.es\/index.php\/2024\/08\/29\/cermi-pide-gobierno-equiparar-cuantia-las-pensiones-no-contributivas-las-minimas-contributivas-seguridad-social\/"]}]},{"@type":"BreadcrumbList","@id":"https:\/\/sindromecharge.es\/index.php\/2024\/08\/29\/cermi-pide-gobierno-equiparar-cuantia-las-pensiones-no-contributivas-las-minimas-contributivas-seguridad-social\/#breadcrumb","itemListElement":[{"@type":"ListItem","position":1,"name":"Portada","item":"https:\/\/sindromecharge.es\/"},{"@type":"ListItem","position":2,"name":"Piden al Gobierno equiparar las pensiones no contributivas a las m\u00ednimas contributivas de la Seguridad Social"}]},{"@type":"WebSite","@id":"https:\/\/sindromecharge.es\/#website","url":"https:\/\/sindromecharge.es\/","name":"Asociaci\u00f3n Espa\u00f1ola S\u00edndrome de Charge","description":"","potentialAction":[{"@type":"SearchAction","target":{"@type":"EntryPoint","urlTemplate":"https:\/\/sindromecharge.es\/?s={search_term_string}"},"query-input":{"@type":"PropertyValueSpecification","valueRequired":true,"valueName":"search_term_string"}}],"inLanguage":"es"},{"@type":"Person","@id":"https:\/\/sindromecharge.es\/#\/schema\/person\/39a60ebe0a2b4d5a11179701e336b039","name":"Charge","image":{"@type":"ImageObject","inLanguage":"es","@id":"https:\/\/secure.gravatar.com\/avatar\/c3b46e32a0fc3b093a0873fb767bf3293de856293065e84ef06b7ec7a8acfb98?s=96&d=identicon&r=x","url":"https:\/\/secure.gravatar.com\/avatar\/c3b46e32a0fc3b093a0873fb767bf3293de856293065e84ef06b7ec7a8acfb98?s=96&d=identicon&r=x","contentUrl":"https:\/\/secure.gravatar.com\/avatar\/c3b46e32a0fc3b093a0873fb767bf3293de856293065e84ef06b7ec7a8acfb98?s=96&d=identicon&r=x","caption":"Charge"},"url":"https:\/\/sindromecharge.es\/index.php\/author\/admin\/"}]}},"_links":{"self":[{"href":"https:\/\/sindromecharge.es\/index.php\/wp-json\/wp\/v2\/posts\/10276","targetHints":{"allow":["GET"]}}],"collection":[{"href":"https:\/\/sindromecharge.es\/index.php\/wp-json\/wp\/v2\/posts"}],"about":[{"href":"https:\/\/sindromecharge.es\/index.php\/wp-json\/wp\/v2\/types\/post"}],"author":[{"embeddable":true,"href":"https:\/\/sindromecharge.es\/index.php\/wp-json\/wp\/v2\/users\/1"}],"replies":[{"embeddable":true,"href":"https:\/\/sindromecharge.es\/index.php\/wp-json\/wp\/v2\/comments?post=10276"}],"version-history":[{"count":0,"href":"https:\/\/sindromecharge.es\/index.php\/wp-json\/wp\/v2\/posts\/10276\/revisions"}],"wp:attachment":[{"href":"https:\/\/sindromecharge.es\/index.php\/wp-json\/wp\/v2\/media?parent=10276"}],"wp:term":[{"taxonomy":"category","embeddable":true,"href":"https:\/\/sindromecharge.es\/index.php\/wp-json\/wp\/v2\/categories?post=10276"},{"taxonomy":"post_tag","embeddable":true,"href":"https:\/\/sindromecharge.es\/index.php\/wp-json\/wp\/v2\/tags?post=10276"}],"curies":[{"name":"wp","href":"https:\/\/api.w.org\/{rel}","templated":true}]}}