{"id":10275,"date":"2024-08-29T05:57:49","date_gmt":"2024-08-29T05:57:49","guid":{"rendered":"https:\/\/sindromecharge.es\/index.php\/2024\/08\/29\/los-presos-con-discapacidad-cognitiva-apenas-suponen-1-poblacion-reclusa-acumulan-delitos-leves\/"},"modified":"2024-08-29T05:57:49","modified_gmt":"2024-08-29T05:57:49","slug":"los-presos-con-discapacidad-cognitiva-apenas-suponen-1-poblacion-reclusa-acumulan-delitos-leves","status":"publish","type":"post","link":"https:\/\/sindromecharge.es\/index.php\/2024\/08\/29\/los-presos-con-discapacidad-cognitiva-apenas-suponen-1-poblacion-reclusa-acumulan-delitos-leves\/","title":{"rendered":"Los presos con discapacidad intelectual y del desarrollo apenas suponen el 1% y por \u00abdelitos leves\u00bb"},"content":{"rendered":"<p>Leemos en Discapacidad la siguiente noticia que os reproducimos de forma \u00edntegra: <\/p>\n<div>\n<p>Las personas con <a href=\"https:\/\/www.20minutos.es\/minuteca\/discapacidad-intelectual\/\" title=\"Discapacidad intelectual\" target=\"_blank\" rel=\"noopener\">discapacidad intelectual<\/a> y del desarrollo cognitivo representan apenas entre el 1% y 2% del total de los reclusos de las instituciones penitenciarias espa\u00f1olas. Por lo general, \u201csuelen ser personas que acumulan delitos leves\u201d, muy diferentes a lo ocurrido en el reciente crimen de Mocej\u00f3n (Toledo).<\/p>\n<p>As\u00ed lo explic\u00f3 a Servimedia la coordinadora del<b> Programa del Facilitador Procesal de Plena inclusi\u00f3n Espa\u00f1a, Sonia Bermejo<\/b>, quien reconoci\u00f3 que hay personas con discapacidad intelectual que viven en ambientes \u00abm\u00e1s desfavorecidos\u00bb y son \u00abm\u00e1s vulnerables a entornos delincuenciales\u00bb. \u201cLa <a href=\"https:\/\/www.20minutos.es\/minuteca\/discapacidad\/\" title=\"Discapacidad\" target=\"_blank\" rel=\"noopener\">discapacidad<\/a> intelectual es muy heterog\u00e9nea y normalmente la persona que se encuentra en un recurso, en una instituci\u00f3n, no comete un delito\u201d, asegur\u00f3.<\/p>\n<p>Esta profesional andaluza lleva m\u00e1s de dos d\u00e9cadas asistiendo a la <b>poblaci\u00f3n reclusa que presenta problemas cognitivos<\/b> en calidad de Coordinadora de Acceso a la Justicia de Plena inclusi\u00f3n de Andaluc\u00eda del Programa de Atenci\u00f3n integral a personas con discapacidad intelectual y del desarrollo reclusas, exreclusas o que cumplen medidas alternativas.<\/p>\n<p>Preguntada sobre si ha asistido a alg\u00fan caso similar al del presunto asesino del ni\u00f1o de 11 a\u00f1os apu\u00f1alado en agosto en Mocej\u00f3n (Toledo), la <b>facilitadora procesal<\/b> asever\u00f3 que se trata de un caso muy excepcional. \u201cEn 20 a\u00f1os de trabajo, tan s\u00f3lo he tenido un caso de intento fallido de delito de sangre por parte de una persona con discapacidad intelectual que se encontrar\u00e1 dentro de un recurso de personas con discapacidad intelectual. <b>Estos casos los puedo contar con los dedos de la mano<\/b>\u201d, afirm\u00f3.<\/p>\n<p>\u201cEn aquella \u00e9poca no exist\u00eda la figura del facilitador procesal\u201d, record\u00f3 Bermejo. \u201cActu\u00e9 como testigo perito, puesto que soy psic\u00f3loga y redact\u00e9 un informe de la discapacidad que se lo present\u00e9 al juez para que lo tuviera en consideraci\u00f3n\u201d.<\/p>\n<p>Asimismo, destac\u00f3 la necesidad de recomendar a Instituciones Penitenciarias cuando observan un alto grado de discapacidad en el sujeto, su<b> derivaci\u00f3n \u201ca un centro especializado para su perfil\u201d<\/b>. De hecho, existe un art\u00edculo dentro del reglamento penitenciario que contempla esta posibilidad.<\/p>\n<h1>En 20 a\u00f1os de trabajo, tan s\u00f3lo he tenido un caso de intento fallido de delito de sangre por parte de una persona con discapacidad intelectual<\/h1>\n<h2>Trabajar desde la prevenci\u00f3n<\/h2>\n<p>En la actualidad, el movimiento asociativo Plena inclusi\u00f3n, que re\u00fane a 950 entidades en todo el pa\u00eds, ofrece <b>acompa\u00f1amiento a 1.431 personas con discapacidad intelectual <\/b>y del desarrollo en tres niveles: prevenci\u00f3n, personas reclusas y personas exreclusas en el marco de su programa de intervenci\u00f3n en medios penitenciarios. Sonia Bermejo incidi\u00f3 en que la clave est\u00e1 precisamente en la <b>intervenci\u00f3n en el nivel de prevenci\u00f3n<\/b>, en el trabajo que se hace con personas con discapacidad intelectual y del desarrollo que se encuentran en situaci\u00f3n de riesgo.<\/p>\n<p>Del total de poblaci\u00f3n reclusa, tan solo un 1% presenta alguna discapacidad intelectual o problema del desarrollo cognitivo. La facilitadora se lament\u00f3 de que estas personas, en las fases iniciales del proceso, como la declaraci\u00f3n policial, \u201c<b>pasan a menudo desapercibidas<\/b>\u201d.<\/p>\n<h1>s\u00f3lo un 51% de las personas con discapacidad intelectual privadas de libertad contaban con un certificado que acreditara su discapacidad<\/h1>\n<p>\u201c<b>Una persona con discapacidad intelectual l\u00edmite que est\u00e1 \u2018normalizada\u2019 en la sociedad<\/b>, por poner un ejemplo, al final nos la encontramos en prisi\u00f3n, sin haberla valorado. Y eso es muy dif\u00edcil frenarlo porque ya hay una sentencia y una pena\u201d, concluy\u00f3.<\/p>\n<p>Seg\u00fan datos un informe de Plena inclusi\u00f3n sobre prisiones, \u00abs\u00f3lo un 51% de las personas con discapacidad intelectual <b>privadas de libertad<\/b> contaban con un certificado que acreditara su discapacidad\u00bb, lo que significa que han pasado desapercibidas para todos los sistemas de protecci\u00f3n: sanitario, educativo, social, etc.<\/p>\n<\/div>\n<p>Fuente: Discapacidad https:\/\/www.20minutos.es\/noticia\/5628672\/0\/los-presos-con-discapacidad-cognitiva-apenas-suponen-1-poblacion-reclusa-acumulan-delitos-leves\/<\/p>\n","protected":false},"excerpt":{"rendered":"<p>Sonia Bermejo, facilitadora procesal de Plena inclusi\u00f3n, asegura que el de Mocej\u00f3n es un caso muy excepcional.<\/p>\n","protected":false},"author":1,"featured_media":0,"comment_status":"closed","ping_status":"closed","sticky":false,"template":"","format":"standard","meta":{"footnotes":""},"categories":[8],"tags":[],"class_list":["post-10275","post","type-post","status-publish","format-standard","hentry","category-noticias"],"yoast_head":"<!-- This site is optimized with the Yoast SEO plugin v27.5 - https:\/\/yoast.com\/product\/yoast-seo-wordpress\/ -->\n<title>Los presos con discapacidad intelectual y del desarrollo apenas suponen el 1% y por &quot;delitos leves&quot; - Asociaci\u00f3n Espa\u00f1ola S\u00edndrome de Charge<\/title>\n<meta name=\"robots\" content=\"index, follow, max-snippet:-1, max-image-preview:large, max-video-preview:-1\" \/>\n<link rel=\"canonical\" href=\"https:\/\/sindromecharge.es\/index.php\/2024\/08\/29\/los-presos-con-discapacidad-cognitiva-apenas-suponen-1-poblacion-reclusa-acumulan-delitos-leves\/\" \/>\n<meta property=\"og:locale\" content=\"es_ES\" \/>\n<meta property=\"og:type\" content=\"article\" \/>\n<meta property=\"og:title\" content=\"Los presos con discapacidad intelectual y del desarrollo apenas suponen el 1% y por &quot;delitos leves&quot; - Asociaci\u00f3n Espa\u00f1ola S\u00edndrome de Charge\" \/>\n<meta property=\"og:description\" content=\"Sonia Bermejo, facilitadora procesal de Plena inclusi\u00f3n, asegura que el de Mocej\u00f3n es un caso muy excepcional.\" \/>\n<meta property=\"og:url\" content=\"https:\/\/sindromecharge.es\/index.php\/2024\/08\/29\/los-presos-con-discapacidad-cognitiva-apenas-suponen-1-poblacion-reclusa-acumulan-delitos-leves\/\" \/>\n<meta property=\"og:site_name\" content=\"Asociaci\u00f3n Espa\u00f1ola S\u00edndrome de Charge\" \/>\n<meta property=\"article:publisher\" content=\"https:\/\/www.facebook.com\/asociacionsindromecharge\" \/>\n<meta property=\"article:published_time\" content=\"2024-08-29T05:57:49+00:00\" \/>\n<meta property=\"og:image\" content=\"https:\/\/sindromecharge.es\/wp-content\/uploads\/2013\/09\/logodecharge300x98.png\" \/>\n\t<meta property=\"og:image:width\" content=\"300\" \/>\n\t<meta property=\"og:image:height\" content=\"98\" \/>\n\t<meta property=\"og:image:type\" content=\"image\/png\" \/>\n<meta name=\"author\" content=\"Charge\" \/>\n<meta name=\"twitter:card\" content=\"summary_large_image\" \/>\n<meta name=\"twitter:creator\" content=\"@sindromecharge\" \/>\n<meta name=\"twitter:site\" content=\"@sindromecharge\" \/>\n<meta name=\"twitter:label1\" content=\"Escrito por\" \/>\n\t<meta name=\"twitter:data1\" content=\"Charge\" \/>\n\t<meta name=\"twitter:label2\" content=\"Tiempo de lectura\" \/>\n\t<meta name=\"twitter:data2\" content=\"3 minutos\" \/>\n<script type=\"application\/ld+json\" class=\"yoast-schema-graph\">{\"@context\":\"https:\\\/\\\/schema.org\",\"@graph\":[{\"@type\":\"Article\",\"@id\":\"https:\\\/\\\/sindromecharge.es\\\/index.php\\\/2024\\\/08\\\/29\\\/los-presos-con-discapacidad-cognitiva-apenas-suponen-1-poblacion-reclusa-acumulan-delitos-leves\\\/#article\",\"isPartOf\":{\"@id\":\"https:\\\/\\\/sindromecharge.es\\\/index.php\\\/2024\\\/08\\\/29\\\/los-presos-con-discapacidad-cognitiva-apenas-suponen-1-poblacion-reclusa-acumulan-delitos-leves\\\/\"},\"author\":{\"name\":\"Charge\",\"@id\":\"https:\\\/\\\/sindromecharge.es\\\/#\\\/schema\\\/person\\\/39a60ebe0a2b4d5a11179701e336b039\"},\"headline\":\"Los presos con discapacidad intelectual y del desarrollo apenas suponen el 1% y por \u00abdelitos leves\u00bb\",\"datePublished\":\"2024-08-29T05:57:49+00:00\",\"mainEntityOfPage\":{\"@id\":\"https:\\\/\\\/sindromecharge.es\\\/index.php\\\/2024\\\/08\\\/29\\\/los-presos-con-discapacidad-cognitiva-apenas-suponen-1-poblacion-reclusa-acumulan-delitos-leves\\\/\"},\"wordCount\":665,\"articleSection\":[\"noticias\"],\"inLanguage\":\"es\"},{\"@type\":\"WebPage\",\"@id\":\"https:\\\/\\\/sindromecharge.es\\\/index.php\\\/2024\\\/08\\\/29\\\/los-presos-con-discapacidad-cognitiva-apenas-suponen-1-poblacion-reclusa-acumulan-delitos-leves\\\/\",\"url\":\"https:\\\/\\\/sindromecharge.es\\\/index.php\\\/2024\\\/08\\\/29\\\/los-presos-con-discapacidad-cognitiva-apenas-suponen-1-poblacion-reclusa-acumulan-delitos-leves\\\/\",\"name\":\"Los presos con discapacidad intelectual y del desarrollo apenas suponen el 1% y por \\\"delitos leves\\\" - Asociaci\u00f3n Espa\u00f1ola S\u00edndrome de Charge\",\"isPartOf\":{\"@id\":\"https:\\\/\\\/sindromecharge.es\\\/#website\"},\"datePublished\":\"2024-08-29T05:57:49+00:00\",\"author\":{\"@id\":\"https:\\\/\\\/sindromecharge.es\\\/#\\\/schema\\\/person\\\/39a60ebe0a2b4d5a11179701e336b039\"},\"breadcrumb\":{\"@id\":\"https:\\\/\\\/sindromecharge.es\\\/index.php\\\/2024\\\/08\\\/29\\\/los-presos-con-discapacidad-cognitiva-apenas-suponen-1-poblacion-reclusa-acumulan-delitos-leves\\\/#breadcrumb\"},\"inLanguage\":\"es\",\"potentialAction\":[{\"@type\":\"ReadAction\",\"target\":[\"https:\\\/\\\/sindromecharge.es\\\/index.php\\\/2024\\\/08\\\/29\\\/los-presos-con-discapacidad-cognitiva-apenas-suponen-1-poblacion-reclusa-acumulan-delitos-leves\\\/\"]}]},{\"@type\":\"BreadcrumbList\",\"@id\":\"https:\\\/\\\/sindromecharge.es\\\/index.php\\\/2024\\\/08\\\/29\\\/los-presos-con-discapacidad-cognitiva-apenas-suponen-1-poblacion-reclusa-acumulan-delitos-leves\\\/#breadcrumb\",\"itemListElement\":[{\"@type\":\"ListItem\",\"position\":1,\"name\":\"Portada\",\"item\":\"https:\\\/\\\/sindromecharge.es\\\/\"},{\"@type\":\"ListItem\",\"position\":2,\"name\":\"Los presos con discapacidad intelectual y del desarrollo apenas suponen el 1% y por &#8220;delitos leves&#8221;\"}]},{\"@type\":\"WebSite\",\"@id\":\"https:\\\/\\\/sindromecharge.es\\\/#website\",\"url\":\"https:\\\/\\\/sindromecharge.es\\\/\",\"name\":\"Asociaci\u00f3n Espa\u00f1ola S\u00edndrome de Charge\",\"description\":\"\",\"potentialAction\":[{\"@type\":\"SearchAction\",\"target\":{\"@type\":\"EntryPoint\",\"urlTemplate\":\"https:\\\/\\\/sindromecharge.es\\\/?s={search_term_string}\"},\"query-input\":{\"@type\":\"PropertyValueSpecification\",\"valueRequired\":true,\"valueName\":\"search_term_string\"}}],\"inLanguage\":\"es\"},{\"@type\":\"Person\",\"@id\":\"https:\\\/\\\/sindromecharge.es\\\/#\\\/schema\\\/person\\\/39a60ebe0a2b4d5a11179701e336b039\",\"name\":\"Charge\",\"image\":{\"@type\":\"ImageObject\",\"inLanguage\":\"es\",\"@id\":\"https:\\\/\\\/secure.gravatar.com\\\/avatar\\\/c3b46e32a0fc3b093a0873fb767bf3293de856293065e84ef06b7ec7a8acfb98?s=96&d=identicon&r=x\",\"url\":\"https:\\\/\\\/secure.gravatar.com\\\/avatar\\\/c3b46e32a0fc3b093a0873fb767bf3293de856293065e84ef06b7ec7a8acfb98?s=96&d=identicon&r=x\",\"contentUrl\":\"https:\\\/\\\/secure.gravatar.com\\\/avatar\\\/c3b46e32a0fc3b093a0873fb767bf3293de856293065e84ef06b7ec7a8acfb98?s=96&d=identicon&r=x\",\"caption\":\"Charge\"},\"url\":\"https:\\\/\\\/sindromecharge.es\\\/index.php\\\/author\\\/admin\\\/\"}]}<\/script>\n<!-- \/ Yoast SEO plugin. -->","yoast_head_json":{"title":"Los presos con discapacidad intelectual y del desarrollo apenas suponen el 1% y por \"delitos leves\" - Asociaci\u00f3n Espa\u00f1ola S\u00edndrome de Charge","robots":{"index":"index","follow":"follow","max-snippet":"max-snippet:-1","max-image-preview":"max-image-preview:large","max-video-preview":"max-video-preview:-1"},"canonical":"https:\/\/sindromecharge.es\/index.php\/2024\/08\/29\/los-presos-con-discapacidad-cognitiva-apenas-suponen-1-poblacion-reclusa-acumulan-delitos-leves\/","og_locale":"es_ES","og_type":"article","og_title":"Los presos con discapacidad intelectual y del desarrollo apenas suponen el 1% y por \"delitos leves\" - Asociaci\u00f3n Espa\u00f1ola S\u00edndrome de Charge","og_description":"Sonia Bermejo, facilitadora procesal de Plena inclusi\u00f3n, asegura que el de Mocej\u00f3n es un caso muy excepcional.","og_url":"https:\/\/sindromecharge.es\/index.php\/2024\/08\/29\/los-presos-con-discapacidad-cognitiva-apenas-suponen-1-poblacion-reclusa-acumulan-delitos-leves\/","og_site_name":"Asociaci\u00f3n Espa\u00f1ola S\u00edndrome de Charge","article_publisher":"https:\/\/www.facebook.com\/asociacionsindromecharge","article_published_time":"2024-08-29T05:57:49+00:00","og_image":[{"width":300,"height":98,"url":"https:\/\/sindromecharge.es\/wp-content\/uploads\/2013\/09\/logodecharge300x98.png","type":"image\/png"}],"author":"Charge","twitter_card":"summary_large_image","twitter_creator":"@sindromecharge","twitter_site":"@sindromecharge","twitter_misc":{"Escrito por":"Charge","Tiempo de lectura":"3 minutos"},"schema":{"@context":"https:\/\/schema.org","@graph":[{"@type":"Article","@id":"https:\/\/sindromecharge.es\/index.php\/2024\/08\/29\/los-presos-con-discapacidad-cognitiva-apenas-suponen-1-poblacion-reclusa-acumulan-delitos-leves\/#article","isPartOf":{"@id":"https:\/\/sindromecharge.es\/index.php\/2024\/08\/29\/los-presos-con-discapacidad-cognitiva-apenas-suponen-1-poblacion-reclusa-acumulan-delitos-leves\/"},"author":{"name":"Charge","@id":"https:\/\/sindromecharge.es\/#\/schema\/person\/39a60ebe0a2b4d5a11179701e336b039"},"headline":"Los presos con discapacidad intelectual y del desarrollo apenas suponen el 1% y por \u00abdelitos leves\u00bb","datePublished":"2024-08-29T05:57:49+00:00","mainEntityOfPage":{"@id":"https:\/\/sindromecharge.es\/index.php\/2024\/08\/29\/los-presos-con-discapacidad-cognitiva-apenas-suponen-1-poblacion-reclusa-acumulan-delitos-leves\/"},"wordCount":665,"articleSection":["noticias"],"inLanguage":"es"},{"@type":"WebPage","@id":"https:\/\/sindromecharge.es\/index.php\/2024\/08\/29\/los-presos-con-discapacidad-cognitiva-apenas-suponen-1-poblacion-reclusa-acumulan-delitos-leves\/","url":"https:\/\/sindromecharge.es\/index.php\/2024\/08\/29\/los-presos-con-discapacidad-cognitiva-apenas-suponen-1-poblacion-reclusa-acumulan-delitos-leves\/","name":"Los presos con discapacidad intelectual y del desarrollo apenas suponen el 1% y por \"delitos leves\" - Asociaci\u00f3n Espa\u00f1ola S\u00edndrome de Charge","isPartOf":{"@id":"https:\/\/sindromecharge.es\/#website"},"datePublished":"2024-08-29T05:57:49+00:00","author":{"@id":"https:\/\/sindromecharge.es\/#\/schema\/person\/39a60ebe0a2b4d5a11179701e336b039"},"breadcrumb":{"@id":"https:\/\/sindromecharge.es\/index.php\/2024\/08\/29\/los-presos-con-discapacidad-cognitiva-apenas-suponen-1-poblacion-reclusa-acumulan-delitos-leves\/#breadcrumb"},"inLanguage":"es","potentialAction":[{"@type":"ReadAction","target":["https:\/\/sindromecharge.es\/index.php\/2024\/08\/29\/los-presos-con-discapacidad-cognitiva-apenas-suponen-1-poblacion-reclusa-acumulan-delitos-leves\/"]}]},{"@type":"BreadcrumbList","@id":"https:\/\/sindromecharge.es\/index.php\/2024\/08\/29\/los-presos-con-discapacidad-cognitiva-apenas-suponen-1-poblacion-reclusa-acumulan-delitos-leves\/#breadcrumb","itemListElement":[{"@type":"ListItem","position":1,"name":"Portada","item":"https:\/\/sindromecharge.es\/"},{"@type":"ListItem","position":2,"name":"Los presos con discapacidad intelectual y del desarrollo apenas suponen el 1% y por &#8220;delitos leves&#8221;"}]},{"@type":"WebSite","@id":"https:\/\/sindromecharge.es\/#website","url":"https:\/\/sindromecharge.es\/","name":"Asociaci\u00f3n Espa\u00f1ola S\u00edndrome de Charge","description":"","potentialAction":[{"@type":"SearchAction","target":{"@type":"EntryPoint","urlTemplate":"https:\/\/sindromecharge.es\/?s={search_term_string}"},"query-input":{"@type":"PropertyValueSpecification","valueRequired":true,"valueName":"search_term_string"}}],"inLanguage":"es"},{"@type":"Person","@id":"https:\/\/sindromecharge.es\/#\/schema\/person\/39a60ebe0a2b4d5a11179701e336b039","name":"Charge","image":{"@type":"ImageObject","inLanguage":"es","@id":"https:\/\/secure.gravatar.com\/avatar\/c3b46e32a0fc3b093a0873fb767bf3293de856293065e84ef06b7ec7a8acfb98?s=96&d=identicon&r=x","url":"https:\/\/secure.gravatar.com\/avatar\/c3b46e32a0fc3b093a0873fb767bf3293de856293065e84ef06b7ec7a8acfb98?s=96&d=identicon&r=x","contentUrl":"https:\/\/secure.gravatar.com\/avatar\/c3b46e32a0fc3b093a0873fb767bf3293de856293065e84ef06b7ec7a8acfb98?s=96&d=identicon&r=x","caption":"Charge"},"url":"https:\/\/sindromecharge.es\/index.php\/author\/admin\/"}]}},"_links":{"self":[{"href":"https:\/\/sindromecharge.es\/index.php\/wp-json\/wp\/v2\/posts\/10275","targetHints":{"allow":["GET"]}}],"collection":[{"href":"https:\/\/sindromecharge.es\/index.php\/wp-json\/wp\/v2\/posts"}],"about":[{"href":"https:\/\/sindromecharge.es\/index.php\/wp-json\/wp\/v2\/types\/post"}],"author":[{"embeddable":true,"href":"https:\/\/sindromecharge.es\/index.php\/wp-json\/wp\/v2\/users\/1"}],"replies":[{"embeddable":true,"href":"https:\/\/sindromecharge.es\/index.php\/wp-json\/wp\/v2\/comments?post=10275"}],"version-history":[{"count":0,"href":"https:\/\/sindromecharge.es\/index.php\/wp-json\/wp\/v2\/posts\/10275\/revisions"}],"wp:attachment":[{"href":"https:\/\/sindromecharge.es\/index.php\/wp-json\/wp\/v2\/media?parent=10275"}],"wp:term":[{"taxonomy":"category","embeddable":true,"href":"https:\/\/sindromecharge.es\/index.php\/wp-json\/wp\/v2\/categories?post=10275"},{"taxonomy":"post_tag","embeddable":true,"href":"https:\/\/sindromecharge.es\/index.php\/wp-json\/wp\/v2\/tags?post=10275"}],"curies":[{"name":"wp","href":"https:\/\/api.w.org\/{rel}","templated":true}]}}