{"id":10274,"date":"2024-08-29T05:33:01","date_gmt":"2024-08-29T05:33:01","guid":{"rendered":"https:\/\/sindromecharge.es\/index.php\/2024\/08\/29\/betty-fea-por-discapacidad-pretty-woman-por-actitud\/"},"modified":"2024-08-29T05:33:01","modified_gmt":"2024-08-29T05:33:01","slug":"betty-fea-por-discapacidad-pretty-woman-por-actitud","status":"publish","type":"post","link":"https:\/\/sindromecharge.es\/index.php\/2024\/08\/29\/betty-fea-por-discapacidad-pretty-woman-por-actitud\/","title":{"rendered":"De &#8216;Betty la fea&#8217; por discapacidad a &#8216;Pretty Woman&#8217; por actitud"},"content":{"rendered":"<p>Leemos en Discapacidad la siguiente noticia que os reproducimos de forma \u00edntegra: <\/p>\n<div>\n<p>La <a href=\"https:\/\/www.20minutos.es\/minuteca\/discapacidad\/\" title=\"Discapacidad\">discapacidad<\/a>, ya sea de nacimiento, sobrevenida o degenerativa, <b>es una amenaza importante para la <a href=\"https:\/\/www.20minutos.es\/minuteca\/autoestima\/\" title=\"Autoestima\">autoestima<\/a>.<\/b> Uno de los grandes retos es, sin duda, mirarse al espejo, aceptarse  y quererse.<\/p>\n<p>Tanto en la asociaci\u00f3n <a href=\"https:\/\/www.20minutos.es\/noticia\/5243037\/0\/claudia-tecglen-psicologa-no-me-avergueenza-mi-discapacidad-pero-tampoco-quiero-que-me-identifique\/\" title='Claudia Tecglen, psic\u00f3loga: \"No me averg\u00fcenza mi discapacidad, pero tampoco quiero que me identifique\"'>Convives con Espasticidad<\/a> como en <a href=\"http:\/\/www.claudiatecglen.com\/\" target=\"_blank\" rel=\"noopener\">mi consulta de psicolog\u00eda<\/a> <b>conozco a muchas personas con discapacidad que intentan ocultarla<\/b>, que se averg\u00fcenzan de su cuerpo y se sienten feos. Algo especialmente cr\u00edtico en la <a href=\"https:\/\/www.20minutos.es\/minuteca\/adolescencia\/\" title=\"Adolescencia\">adolescencia<\/a>, etapa en la que los complejos se multiplican.<\/p>\n<p>Sin embargo, hoy no quiero hablar como presidenta de la Asociaci\u00f3n Convives con Espasticidad o de la Fundaci\u00f3n Claudia Tecglen, ni siquiera como psic\u00f3loga, <b>quiero dar mi testimonio de c\u00f3mo pas\u00e9 de querer esconderme a sentirme una mujer atractiva, <\/b>con la dificultad a\u00f1adida de nacer en una familia de guapos. En una familia as\u00ed, tener un cuerpo que no atiende a los est\u00e1ndares de belleza es, si cabe, m\u00e1s complicado.<\/p>\n<p>Las personas cultivamos nuestros atributos y en mi familia siempre se atendi\u00f3 a la belleza porque es una caracter\u00edstica  que sobresale.<b> En ese escenario, yo siempre me sent\u00ed el patito feo<\/b>. Para quienes no me conozcan tengo tantas cicatrices en el cuerpo que he perdido la cuenta. Recuerdo que a los 16 a\u00f1os me gastaba toda mi paga en un maquillaje especial para cubrirlas que, por el contrario, las resaltaba. Por si fuera poco, tengo una<a href=\"https:\/\/www.medtronic.com\/es-es\/tu-salud\/tratamientos-y-terapias\/lesion-medula-espinal-espasticidad\/dispositivo.html\" target=\"_blank\" rel=\"noopener\"> bomba de Baclofeno intratecal<\/a> que hace que, por mucho que adelgace, mi abdomen tenga un bulto. <b>Tras mucho trabajo psicol\u00f3gico entiendo que son heridas de guerra en la batalla por mi independencia<\/b> y agradezco su existencia.<\/p>\n<p>Recuerdo el sentimiento de tristeza por no poder ir a la moda como mis amigas cuando se empezaron a poner minifaldas. Para m\u00ed eran impensables. Y no puedo ponerme tacones porque me matar\u00eda. Debo de reconocer que, pasada la fiebre de la minifalda, <b>s\u00ed que me veo limitada en vestimenta y que los zapatos me traen por el camino de la amargura<\/b>. Encontrar un buen calzado es toda una aventura.<\/p>\n<p>Para consolarme pienso que <a href=\"https:\/\/www.20minutos.es\/minuteca\/steve-jobs\/\" title=\"Steve Jobs\">Steve Jobs<\/a> <b>se pon\u00eda siempre el mismo tipo de jersey<\/b> para no perder  el tiempo en cuestiones irrelevantes. A lo mejor, tener pocos modelos me ayuda a tener mayor productividad. Dejando de lado las bromas, <b>lo cierto es que las firmas de moda deber\u00edan tener m\u00e1s en cuenta a las personas con discapacidad<\/b>. La moda inclusiva fomenta nuestra autoestima y su rentabilidad.<\/p>\n<p>He pasado del negro para esconderme a colores que transmiten alegr\u00eda. Antes ten\u00eda la percepci\u00f3n err\u00f3nea de que el negro disimulaba mi discapacidad. Ahora, entre mis b\u00e1sicos est\u00e1n el rosa, el verde esmeralda, el rojo, el naranja&#8230; <b>\u00bfA qu\u00e9 se debe este cambio? <\/b>Me di cuenta de que el complemento m\u00e1s atractivo es la actitud. <\/p>\n<p>Siempre he sabido <b>rodearme de  buena gente <\/b>que me quiere como soy y me acepta con mis luces y mis sombras. Eso me hace m\u00e1s feliz, y la felicidad es el mejor secreto de belleza. Un d\u00eda al ver a la madre de una amiga sufrir por hacerse mayor propuse mirarnos al espejo y hacer un listado juntas de todo lo bonito que ve\u00edamos en la otra y lo poco que encontr\u00e1bamos en nosotras mismas. \u00a1Resulta que no solo yo era la acomplejada!<\/p>\n<p>Me he sentido identificada con <i><a href=\"https:\/\/www.20minutos.es\/cinemania\/series\/betty-fea-ana-maria-orozco-cambiado-5526396\/\">Betty la fea<\/a><\/i>. Para quien no conozca la historia, Betty es una secretaria muy brillante, con un gran coraz\u00f3n, pero muy fea, que empieza <b>una transformaci\u00f3n externa tras un proceso interior de autodescubrimiento<\/b> que yo tambi\u00e9n recorr\u00ed a mi manera. Por cierto, se liga al guapo de la serie, pero eso no es lo importante.<\/p>\n<p>Mientras escribo estas l\u00edneas me viene a la cabeza mi primer noviete, que siempre me dec\u00eda que era la barbie muletas y estaba tan buena como el bollicao. A d\u00eda de hoy, ese recuerdo me sigue provocando una sonrisa. Gran parte de la infelicidad que observo y yo tambi\u00e9n viv\u00ed es <b>creer que, al tener una discapacidad, no vas a gustarle a nadie. <\/b>Doy fe de que eso no es verdad. <\/p>\n<p>El cambio comenz\u00f3 mucho antes, pero con 27 a\u00f1os me sent\u00ed <i>Pretty woman<\/i> al ver c\u00f3mo me miraba el hombre con el que descubr\u00ed el  verdadero amor por  primera vez. <b>Ojal\u00e1 t\u00fa, que est\u00e1s leyendo esto, tambi\u00e9n consigas esa transformaci\u00f3n<\/b>, da igual el detonante o tener una pareja sentimental.<\/p>\n<p>La \u00fanica forma de dejar de avergonzarte de tu f\u00edsico es <b>que realmente transmitas lo que sientes;<\/b> que te sientas atractiva har\u00e1 que muchas personas te perciban as\u00ed. Por \u00faltimo, quiero terminar con un consejo que me dio mi amigo Ra\u00fal:  <b>nunca pierdas la valent\u00eda de mirarte al espejo<\/b>, aunque te d\u00e9 miedo. Y yo a\u00f1ado m\u00edrate con cari\u00f1o y deja de esconderte. \u00bfAceptas el reto de mirarte con amor propio? <b>Es el amor m\u00e1s importante de todos.<\/b><\/p>\n<\/div>\n<p>Fuente: Discapacidad https:\/\/www.20minutos.es\/noticia\/5628478\/0\/betty-fea-por-discapacidad-pretty-woman-por-actitud\/<\/p>\n","protected":false},"excerpt":{"rendered":"<p>\u00abUno de los grandes retos de la discapacidad es, sin duda, mirarse al espejo, aceptarse y quererse\u00bb.<\/p>\n","protected":false},"author":1,"featured_media":0,"comment_status":"closed","ping_status":"closed","sticky":false,"template":"","format":"standard","meta":{"footnotes":""},"categories":[8],"tags":[],"class_list":["post-10274","post","type-post","status-publish","format-standard","hentry","category-noticias"],"yoast_head":"<!-- This site is optimized with the Yoast SEO plugin v27.5 - https:\/\/yoast.com\/product\/yoast-seo-wordpress\/ -->\n<title>De &#039;Betty la fea&#039; por discapacidad a &#039;Pretty Woman&#039; por actitud - Asociaci\u00f3n Espa\u00f1ola S\u00edndrome de Charge<\/title>\n<meta name=\"robots\" content=\"index, follow, max-snippet:-1, max-image-preview:large, max-video-preview:-1\" \/>\n<link rel=\"canonical\" href=\"https:\/\/sindromecharge.es\/index.php\/2024\/08\/29\/betty-fea-por-discapacidad-pretty-woman-por-actitud\/\" \/>\n<meta property=\"og:locale\" content=\"es_ES\" \/>\n<meta property=\"og:type\" content=\"article\" \/>\n<meta property=\"og:title\" content=\"De &#039;Betty la fea&#039; por discapacidad a &#039;Pretty Woman&#039; por actitud - Asociaci\u00f3n Espa\u00f1ola S\u00edndrome de Charge\" \/>\n<meta property=\"og:description\" content=\"\u00abUno de los grandes retos de la discapacidad es, sin duda, mirarse al espejo, aceptarse y quererse\u00bb.\" \/>\n<meta property=\"og:url\" content=\"https:\/\/sindromecharge.es\/index.php\/2024\/08\/29\/betty-fea-por-discapacidad-pretty-woman-por-actitud\/\" \/>\n<meta property=\"og:site_name\" content=\"Asociaci\u00f3n Espa\u00f1ola S\u00edndrome de Charge\" \/>\n<meta property=\"article:publisher\" content=\"https:\/\/www.facebook.com\/asociacionsindromecharge\" \/>\n<meta property=\"article:published_time\" content=\"2024-08-29T05:33:01+00:00\" \/>\n<meta property=\"og:image\" content=\"https:\/\/sindromecharge.es\/wp-content\/uploads\/2013\/09\/logodecharge300x98.png\" \/>\n\t<meta property=\"og:image:width\" content=\"300\" \/>\n\t<meta property=\"og:image:height\" content=\"98\" \/>\n\t<meta property=\"og:image:type\" content=\"image\/png\" \/>\n<meta name=\"author\" content=\"Charge\" \/>\n<meta name=\"twitter:card\" content=\"summary_large_image\" \/>\n<meta name=\"twitter:creator\" content=\"@sindromecharge\" \/>\n<meta name=\"twitter:site\" content=\"@sindromecharge\" \/>\n<meta name=\"twitter:label1\" content=\"Escrito por\" \/>\n\t<meta name=\"twitter:data1\" content=\"Charge\" \/>\n\t<meta name=\"twitter:label2\" content=\"Tiempo de lectura\" \/>\n\t<meta name=\"twitter:data2\" content=\"4 minutos\" \/>\n<script type=\"application\/ld+json\" class=\"yoast-schema-graph\">{\"@context\":\"https:\\\/\\\/schema.org\",\"@graph\":[{\"@type\":\"Article\",\"@id\":\"https:\\\/\\\/sindromecharge.es\\\/index.php\\\/2024\\\/08\\\/29\\\/betty-fea-por-discapacidad-pretty-woman-por-actitud\\\/#article\",\"isPartOf\":{\"@id\":\"https:\\\/\\\/sindromecharge.es\\\/index.php\\\/2024\\\/08\\\/29\\\/betty-fea-por-discapacidad-pretty-woman-por-actitud\\\/\"},\"author\":{\"name\":\"Charge\",\"@id\":\"https:\\\/\\\/sindromecharge.es\\\/#\\\/schema\\\/person\\\/39a60ebe0a2b4d5a11179701e336b039\"},\"headline\":\"De &#8216;Betty la fea&#8217; por discapacidad a &#8216;Pretty Woman&#8217; por actitud\",\"datePublished\":\"2024-08-29T05:33:01+00:00\",\"mainEntityOfPage\":{\"@id\":\"https:\\\/\\\/sindromecharge.es\\\/index.php\\\/2024\\\/08\\\/29\\\/betty-fea-por-discapacidad-pretty-woman-por-actitud\\\/\"},\"wordCount\":867,\"articleSection\":[\"noticias\"],\"inLanguage\":\"es\"},{\"@type\":\"WebPage\",\"@id\":\"https:\\\/\\\/sindromecharge.es\\\/index.php\\\/2024\\\/08\\\/29\\\/betty-fea-por-discapacidad-pretty-woman-por-actitud\\\/\",\"url\":\"https:\\\/\\\/sindromecharge.es\\\/index.php\\\/2024\\\/08\\\/29\\\/betty-fea-por-discapacidad-pretty-woman-por-actitud\\\/\",\"name\":\"De 'Betty la fea' por discapacidad a 'Pretty Woman' por actitud - Asociaci\u00f3n Espa\u00f1ola S\u00edndrome de Charge\",\"isPartOf\":{\"@id\":\"https:\\\/\\\/sindromecharge.es\\\/#website\"},\"datePublished\":\"2024-08-29T05:33:01+00:00\",\"author\":{\"@id\":\"https:\\\/\\\/sindromecharge.es\\\/#\\\/schema\\\/person\\\/39a60ebe0a2b4d5a11179701e336b039\"},\"breadcrumb\":{\"@id\":\"https:\\\/\\\/sindromecharge.es\\\/index.php\\\/2024\\\/08\\\/29\\\/betty-fea-por-discapacidad-pretty-woman-por-actitud\\\/#breadcrumb\"},\"inLanguage\":\"es\",\"potentialAction\":[{\"@type\":\"ReadAction\",\"target\":[\"https:\\\/\\\/sindromecharge.es\\\/index.php\\\/2024\\\/08\\\/29\\\/betty-fea-por-discapacidad-pretty-woman-por-actitud\\\/\"]}]},{\"@type\":\"BreadcrumbList\",\"@id\":\"https:\\\/\\\/sindromecharge.es\\\/index.php\\\/2024\\\/08\\\/29\\\/betty-fea-por-discapacidad-pretty-woman-por-actitud\\\/#breadcrumb\",\"itemListElement\":[{\"@type\":\"ListItem\",\"position\":1,\"name\":\"Portada\",\"item\":\"https:\\\/\\\/sindromecharge.es\\\/\"},{\"@type\":\"ListItem\",\"position\":2,\"name\":\"De &#8216;Betty la fea&#8217; por discapacidad a &#8216;Pretty Woman&#8217; por actitud\"}]},{\"@type\":\"WebSite\",\"@id\":\"https:\\\/\\\/sindromecharge.es\\\/#website\",\"url\":\"https:\\\/\\\/sindromecharge.es\\\/\",\"name\":\"Asociaci\u00f3n Espa\u00f1ola S\u00edndrome de Charge\",\"description\":\"\",\"potentialAction\":[{\"@type\":\"SearchAction\",\"target\":{\"@type\":\"EntryPoint\",\"urlTemplate\":\"https:\\\/\\\/sindromecharge.es\\\/?s={search_term_string}\"},\"query-input\":{\"@type\":\"PropertyValueSpecification\",\"valueRequired\":true,\"valueName\":\"search_term_string\"}}],\"inLanguage\":\"es\"},{\"@type\":\"Person\",\"@id\":\"https:\\\/\\\/sindromecharge.es\\\/#\\\/schema\\\/person\\\/39a60ebe0a2b4d5a11179701e336b039\",\"name\":\"Charge\",\"image\":{\"@type\":\"ImageObject\",\"inLanguage\":\"es\",\"@id\":\"https:\\\/\\\/secure.gravatar.com\\\/avatar\\\/c3b46e32a0fc3b093a0873fb767bf3293de856293065e84ef06b7ec7a8acfb98?s=96&d=identicon&r=x\",\"url\":\"https:\\\/\\\/secure.gravatar.com\\\/avatar\\\/c3b46e32a0fc3b093a0873fb767bf3293de856293065e84ef06b7ec7a8acfb98?s=96&d=identicon&r=x\",\"contentUrl\":\"https:\\\/\\\/secure.gravatar.com\\\/avatar\\\/c3b46e32a0fc3b093a0873fb767bf3293de856293065e84ef06b7ec7a8acfb98?s=96&d=identicon&r=x\",\"caption\":\"Charge\"},\"url\":\"https:\\\/\\\/sindromecharge.es\\\/index.php\\\/author\\\/admin\\\/\"}]}<\/script>\n<!-- \/ Yoast SEO plugin. -->","yoast_head_json":{"title":"De 'Betty la fea' por discapacidad a 'Pretty Woman' por actitud - Asociaci\u00f3n Espa\u00f1ola S\u00edndrome de Charge","robots":{"index":"index","follow":"follow","max-snippet":"max-snippet:-1","max-image-preview":"max-image-preview:large","max-video-preview":"max-video-preview:-1"},"canonical":"https:\/\/sindromecharge.es\/index.php\/2024\/08\/29\/betty-fea-por-discapacidad-pretty-woman-por-actitud\/","og_locale":"es_ES","og_type":"article","og_title":"De 'Betty la fea' por discapacidad a 'Pretty Woman' por actitud - Asociaci\u00f3n Espa\u00f1ola S\u00edndrome de Charge","og_description":"\u00abUno de los grandes retos de la discapacidad es, sin duda, mirarse al espejo, aceptarse y quererse\u00bb.","og_url":"https:\/\/sindromecharge.es\/index.php\/2024\/08\/29\/betty-fea-por-discapacidad-pretty-woman-por-actitud\/","og_site_name":"Asociaci\u00f3n Espa\u00f1ola S\u00edndrome de Charge","article_publisher":"https:\/\/www.facebook.com\/asociacionsindromecharge","article_published_time":"2024-08-29T05:33:01+00:00","og_image":[{"width":300,"height":98,"url":"https:\/\/sindromecharge.es\/wp-content\/uploads\/2013\/09\/logodecharge300x98.png","type":"image\/png"}],"author":"Charge","twitter_card":"summary_large_image","twitter_creator":"@sindromecharge","twitter_site":"@sindromecharge","twitter_misc":{"Escrito por":"Charge","Tiempo de lectura":"4 minutos"},"schema":{"@context":"https:\/\/schema.org","@graph":[{"@type":"Article","@id":"https:\/\/sindromecharge.es\/index.php\/2024\/08\/29\/betty-fea-por-discapacidad-pretty-woman-por-actitud\/#article","isPartOf":{"@id":"https:\/\/sindromecharge.es\/index.php\/2024\/08\/29\/betty-fea-por-discapacidad-pretty-woman-por-actitud\/"},"author":{"name":"Charge","@id":"https:\/\/sindromecharge.es\/#\/schema\/person\/39a60ebe0a2b4d5a11179701e336b039"},"headline":"De &#8216;Betty la fea&#8217; por discapacidad a &#8216;Pretty Woman&#8217; por actitud","datePublished":"2024-08-29T05:33:01+00:00","mainEntityOfPage":{"@id":"https:\/\/sindromecharge.es\/index.php\/2024\/08\/29\/betty-fea-por-discapacidad-pretty-woman-por-actitud\/"},"wordCount":867,"articleSection":["noticias"],"inLanguage":"es"},{"@type":"WebPage","@id":"https:\/\/sindromecharge.es\/index.php\/2024\/08\/29\/betty-fea-por-discapacidad-pretty-woman-por-actitud\/","url":"https:\/\/sindromecharge.es\/index.php\/2024\/08\/29\/betty-fea-por-discapacidad-pretty-woman-por-actitud\/","name":"De 'Betty la fea' por discapacidad a 'Pretty Woman' por actitud - Asociaci\u00f3n Espa\u00f1ola S\u00edndrome de Charge","isPartOf":{"@id":"https:\/\/sindromecharge.es\/#website"},"datePublished":"2024-08-29T05:33:01+00:00","author":{"@id":"https:\/\/sindromecharge.es\/#\/schema\/person\/39a60ebe0a2b4d5a11179701e336b039"},"breadcrumb":{"@id":"https:\/\/sindromecharge.es\/index.php\/2024\/08\/29\/betty-fea-por-discapacidad-pretty-woman-por-actitud\/#breadcrumb"},"inLanguage":"es","potentialAction":[{"@type":"ReadAction","target":["https:\/\/sindromecharge.es\/index.php\/2024\/08\/29\/betty-fea-por-discapacidad-pretty-woman-por-actitud\/"]}]},{"@type":"BreadcrumbList","@id":"https:\/\/sindromecharge.es\/index.php\/2024\/08\/29\/betty-fea-por-discapacidad-pretty-woman-por-actitud\/#breadcrumb","itemListElement":[{"@type":"ListItem","position":1,"name":"Portada","item":"https:\/\/sindromecharge.es\/"},{"@type":"ListItem","position":2,"name":"De &#8216;Betty la fea&#8217; por discapacidad a &#8216;Pretty Woman&#8217; por actitud"}]},{"@type":"WebSite","@id":"https:\/\/sindromecharge.es\/#website","url":"https:\/\/sindromecharge.es\/","name":"Asociaci\u00f3n Espa\u00f1ola S\u00edndrome de Charge","description":"","potentialAction":[{"@type":"SearchAction","target":{"@type":"EntryPoint","urlTemplate":"https:\/\/sindromecharge.es\/?s={search_term_string}"},"query-input":{"@type":"PropertyValueSpecification","valueRequired":true,"valueName":"search_term_string"}}],"inLanguage":"es"},{"@type":"Person","@id":"https:\/\/sindromecharge.es\/#\/schema\/person\/39a60ebe0a2b4d5a11179701e336b039","name":"Charge","image":{"@type":"ImageObject","inLanguage":"es","@id":"https:\/\/secure.gravatar.com\/avatar\/c3b46e32a0fc3b093a0873fb767bf3293de856293065e84ef06b7ec7a8acfb98?s=96&d=identicon&r=x","url":"https:\/\/secure.gravatar.com\/avatar\/c3b46e32a0fc3b093a0873fb767bf3293de856293065e84ef06b7ec7a8acfb98?s=96&d=identicon&r=x","contentUrl":"https:\/\/secure.gravatar.com\/avatar\/c3b46e32a0fc3b093a0873fb767bf3293de856293065e84ef06b7ec7a8acfb98?s=96&d=identicon&r=x","caption":"Charge"},"url":"https:\/\/sindromecharge.es\/index.php\/author\/admin\/"}]}},"_links":{"self":[{"href":"https:\/\/sindromecharge.es\/index.php\/wp-json\/wp\/v2\/posts\/10274","targetHints":{"allow":["GET"]}}],"collection":[{"href":"https:\/\/sindromecharge.es\/index.php\/wp-json\/wp\/v2\/posts"}],"about":[{"href":"https:\/\/sindromecharge.es\/index.php\/wp-json\/wp\/v2\/types\/post"}],"author":[{"embeddable":true,"href":"https:\/\/sindromecharge.es\/index.php\/wp-json\/wp\/v2\/users\/1"}],"replies":[{"embeddable":true,"href":"https:\/\/sindromecharge.es\/index.php\/wp-json\/wp\/v2\/comments?post=10274"}],"version-history":[{"count":0,"href":"https:\/\/sindromecharge.es\/index.php\/wp-json\/wp\/v2\/posts\/10274\/revisions"}],"wp:attachment":[{"href":"https:\/\/sindromecharge.es\/index.php\/wp-json\/wp\/v2\/media?parent=10274"}],"wp:term":[{"taxonomy":"category","embeddable":true,"href":"https:\/\/sindromecharge.es\/index.php\/wp-json\/wp\/v2\/categories?post=10274"},{"taxonomy":"post_tag","embeddable":true,"href":"https:\/\/sindromecharge.es\/index.php\/wp-json\/wp\/v2\/tags?post=10274"}],"curies":[{"name":"wp","href":"https:\/\/api.w.org\/{rel}","templated":true}]}}