{"id":10273,"date":"2024-08-29T05:31:27","date_gmt":"2024-08-29T05:31:27","guid":{"rendered":"https:\/\/sindromecharge.es\/index.php\/2024\/08\/29\/horacio-pelaez-funcionario-con-discapacidad-intelectual-ahora-mismo-no-existe-promocion-interna-para-nosotros\/"},"modified":"2024-08-29T05:31:27","modified_gmt":"2024-08-29T05:31:27","slug":"horacio-pelaez-funcionario-con-discapacidad-intelectual-ahora-mismo-no-existe-promocion-interna-para-nosotros","status":"publish","type":"post","link":"https:\/\/sindromecharge.es\/index.php\/2024\/08\/29\/horacio-pelaez-funcionario-con-discapacidad-intelectual-ahora-mismo-no-existe-promocion-interna-para-nosotros\/","title":{"rendered":"Horacio Pel\u00e1ez, funcionario con discapacidad intelectual: \u00abNo existe la promoci\u00f3n interna para nosotros\u00bb"},"content":{"rendered":"<p>Leemos en Discapacidad la siguiente noticia que os reproducimos de forma \u00edntegra: <\/p>\n<div>\n<p>A principios del mes de julio se aprob\u00f3 una <a href=\"https:\/\/www.20minutos.es\/noticia\/5526985\/0\/gobierno-aprueba-oferta-empleo-publico-2024-con-mas-40-000-plazas-un-10-reservadas-personas-con-discapacidad\/\" title=\"El Gobierno aprueba la oferta de empleo p\u00fablico de 2024 con m\u00e1s de 40.000 plazas y un 10% reservadas a personas con discapacidad\" target=\"_blank\" rel=\"noopener\">oferta p\u00fablica de empleo (OPE) de m\u00e1s de 40.000 plazas<\/a>, la primera en la que se <b>reserva un 10% de estas plazas para las personas con <a href=\"https:\/\/www.20minutos.es\/minuteca\/discapacidad\/\" title=\"Discapacidad\" target=\"_blank\" rel=\"noopener\">discapacidad<\/a><\/b>. De ellas, un 2% debe dedicarse a personas con discapacidad intelectual, porcentaje que no ha subido pese a que, en el caso de las plazas reservadas para ellas, siempre se cubren, pues se presentan muchas personas y aprueban la mayor\u00eda de ellos.<\/p>\n<p>Seg\u00fan datos recopilados por <b>Plena Inclusi\u00f3n Espa\u00f1a<\/b>, para las 1.356 plazas de la administraci\u00f3n del Estado que se han reservado para personas con <a href=\"https:\/\/www.20minutos.es\/minuteca\/discapacidad-intelectual\/\" title=\"Discapacidad intelectual\">discapacidad intelectual<\/a> desde el a\u00f1o 2012, se han presentado 18.398 y se han cubierto todas las plazas. A estas habr\u00eda que sumar las convocadas con administraciones locales y auton\u00f3micas, de las que no se han recopilado datos.<\/p>\n<p>Visto que las plazas se cubren con creces, desde Plena Inclusi\u00f3n han pedido <b><a href=\"https:\/\/www.20minutos.es\/noticia\/5279482\/0\/plena-inclusion-pide-elevar-3-subcuota-para-acceso-empleo-publico-personas-con-discapacidad-intelectual\/\" title=\"Plena inclusi\u00f3n pide elevar al 3% la subcuota para el acceso al empleo p\u00fablico de personas con discapacidad intelectual\" target=\"_blank\" rel=\"noopener\">que se eleve del 2% al 3% <\/a><\/b>el porcentaje de reserva de plazas para personas con discapacidad en la administraci\u00f3n p\u00fablica, pues como indican los datos es una buena manera de favorecer su inserci\u00f3n laboral. De hecho, el n\u00famero de plazas reservadas para personas con discapacidad ha tendido a incrementarse desde hace una d\u00e9cada y nunca han tenido problemas para cubrir la reserva, y por cada plaza disponible<b> se postulan entre 10-15 personas<\/b>.<\/p>\n<p>Por ejemplo, en el a\u00f1o 2022, el a\u00f1o en el que m\u00e1s plazas salieron, se presentaron 5.000 para 433 plazas, y en el segundo, el a\u00f1o 2018, se postularon 4.000 para 299.<\/p>\n<p>Uno de ellos fue <b>Horacio Pel\u00e1ez<\/b>, un gallego que, tras, varios intentos, consigui\u00f3 una plaza en la oficia de tr\u00e1fico de Vigo.<\/p>\n<h2>Con apoyo, &#8216;el que la sigue la consigue&#8217;<\/h2>\n<p>Horario Pel\u00e1ez, que ahora tiene 39 a\u00f1os, trabajaba en el centro especial de empleo Juan Mar\u00eda de Nigr\u00e1n (Pontevedra) cuando le ofrecieron la oportunidad de prepararse unas <a href=\"https:\/\/www.20minutos.es\/minuteca\/oposiciones\/\" title=\"Oposiciones\" target=\"_blank\" rel=\"noopener\">oposiciones<\/a>. No se lo pens\u00f3 dos veces, \u00aben el mismo centro de empleo donde trabajaba me ofrecieron la posibilidad de <b>ayudarme a prepararme las oposiciones<\/b>. All\u00ed nos explicaban el temario, nos los adaptaban y explicaban en<a href=\"https:\/\/www.20minutos.es\/minuteca\/lectura-facil\/\" title=\"Lectura f\u00e1cil\" target=\"_blank\" rel=\"noopener\"> lectura f\u00e1cil<\/a>, nos hac\u00edan ex\u00e1menes cada semana para si avanz\u00e1bamos\u2026 la verdad es que tuve mucho apoyo. <b>Aprobamos todos, pero al final la plaza la consegu\u00ed yo<\/b>\u00ab, recuerda.<\/p>\n<p>Adem\u00e1s de la ayuda de la que dispuso, logr\u00f3 aprobar gracias a su trabajo y su tes\u00f3n, pues le cost\u00f3 varios a\u00f1os, \u00abme present\u00e9 dos veces a las generales y tres veces a las de Galicia. <b>Al final aprob\u00e9 y consegu\u00ed la plaza por m\u00e9ritos<\/b>\u00ab, nos cuenta, \u00aby mi trabajo consiste en recibir el correo, repartirlo, enviar el correo, hacer fotocopias, escanear, subir carteras al archivo y documentaci\u00f3n hago recados fuera, trabajo con el programa de gesti\u00f3n de espera de la oficina, como conductor subalterno cuando se me necesita, hago inventario de material\u2026\u00bb<\/p>\n<p>Desde entonces, no puede estar m\u00e1s contento, porque adem\u00e1s de que el trabajo le gusta, est\u00e1 muy integrado \u00abvivo en un pueblo, Borreiros, que est\u00e1 a 18 kil\u00f3metros de Vigo, pero estoy muy contento, muy integrado, <b>tengo un grupo de amigos en el trabajo<\/b>\u2026 nadie me juzga ni me hace de menos por tener<a href=\"https:\/\/www.20minutos.es\/minuteca\/discapacidad\/\" title=\"Discapacidad\" target=\"_blank\" rel=\"noopener\"> discapacidad<\/a>. Al rev\u00e9s, muchas veces me vienen a preguntar a m\u00ed, sobre todo en la parte del archivo, soy el que mejor lo conoce\u00bb. <\/p>\n<h2>M\u00e1s plazas, m\u00e1s accesibilidad y promoci\u00f3n interna<\/h2>\n<p>Para que haya m\u00e1s casos como el suyo, Horacio reconoce que a\u00fan queda mucho por hacer, sobre todo por parte de la administraci\u00f3n. En primer lugar, m\u00e1s plazas, pues las personas con discapacidad intelectual han demostrado con creces que son perfectamente capaces de aprobar oposiciones y de desenvolverse en un puesto de trabajo en la administraci\u00f3n p\u00fablica, \u00abes cierto que ha mejorado mucho la situaci\u00f3n desde que yo aprob\u00e9, porque van saliendo m\u00e1s plazas, pero a\u00fan no se cumple <b>el 2% de personas con discapacidad en la administraci\u00f3n<\/b>\u00ab.<\/p>\n<p>Tambi\u00e9n reivindica una mayor <a href=\"https:\/\/www.20minutos.es\/minuteca\/accesibilidad\/\" title=\"Accesibilidad\" target=\"_blank\" rel=\"noopener\">accesibilidad<\/a>, tanto en los temarios, que ahora mismo los adaptan las entidades, como en las pruebas, \u00aben el examen, solo nos dec\u00edan el tiempo que ten\u00edamos para hacerlo, pero nada m\u00e1s. Hab\u00eda gente que ten\u00eda dudas con alguna palabra, pero no se la sab\u00edan explicar en lectura f\u00e1cil. Entonces, la persona se sent\u00eda un poco perdida, porque <b>el examen no estaba del todo adaptado en lectura f\u00e1cil<\/b>\u00ab, se queja.<\/p>\n<h1>Ha mejorado la situaci\u00f3n desde que yo aprob\u00e9, pero a\u00fan no se cumple el 2% de personas con discapacidad <\/h1>\n<p>Otra cosa que le gustar\u00eda reivindicar es que se les promocionada, \u00abahora mismo<b> no existe la promoci\u00f3n interna<\/b> para las personas con <a href=\"https:\/\/www.20minutos.es\/minuteca\/discapacidad-intelectual\/\" title=\"Discapacidad intelectual\" target=\"_blank\" rel=\"noopener\">discapacidad intelectual<\/a> dentro de la administraci\u00f3n, y tambi\u00e9n tenemos derecho a mejorar\u00bb. <\/p>\n<p>Para terminar, cree que estar\u00eda bien que se adapten los puestos a las necesidades de la persona, \u00abque haya una persona de apoyo, al menos al principio, para que te explique las cosas. Yo tuve la suerte de tener una persona que me ech\u00f3 una mano las primeras semanas, y ahora hago las cosas normalmente, yo solo, sin apoyo, pero<b> al principio se necesita ese apoyo<\/b> y s\u00e9 hay mucha gente que no ha tenido esa suerte. En la empresa privada s\u00ed existe, y en la administraci\u00f3n p\u00fablica deber\u00eda ser igual\u00bb, reivindica.<\/p>\n<p>Con estos peque\u00f1os cambios, Horario est\u00e1 convencido de que el \u00e9xito estar\u00eda asegurado,<b> solo tienen que trabajar e insistir<\/b>, \u00abme gustar\u00eda animar a las personas con discapacidad intelectual que quieran trabajar en la administraci\u00f3n p\u00fablica a que se presenten, porque si se esfuerzan, se puede conseguir, si no es un a\u00f1o, en tres, o en cuatro, pero que insistan\u00bb. <\/p>\n<\/div>\n<p>Fuente: Discapacidad https:\/\/www.20minutos.es\/noticia\/5627803\/0\/horacio-pelaez-funcionario-con-discapacidad-intelectual-ahora-mismo-no-existe-promocion-interna-para-nosotros\/<\/p>\n","protected":false},"excerpt":{"rendered":"<p>Horacio Pel\u00e1ez es funcionario, desde hace cinco a\u00f1os, en la oficina de tr\u00e1fico de Vigo.<\/p>\n","protected":false},"author":1,"featured_media":0,"comment_status":"closed","ping_status":"closed","sticky":false,"template":"","format":"standard","meta":{"footnotes":""},"categories":[8],"tags":[],"class_list":["post-10273","post","type-post","status-publish","format-standard","hentry","category-noticias"],"yoast_head":"<!-- This site is optimized with the Yoast SEO plugin v27.5 - https:\/\/yoast.com\/product\/yoast-seo-wordpress\/ -->\n<title>Horacio Pel\u00e1ez, funcionario con discapacidad intelectual: &quot;No existe la promoci\u00f3n interna para nosotros&quot; - Asociaci\u00f3n Espa\u00f1ola S\u00edndrome de Charge<\/title>\n<meta name=\"robots\" content=\"index, follow, max-snippet:-1, max-image-preview:large, max-video-preview:-1\" \/>\n<link rel=\"canonical\" href=\"https:\/\/sindromecharge.es\/index.php\/2024\/08\/29\/horacio-pelaez-funcionario-con-discapacidad-intelectual-ahora-mismo-no-existe-promocion-interna-para-nosotros\/\" \/>\n<meta property=\"og:locale\" content=\"es_ES\" \/>\n<meta property=\"og:type\" content=\"article\" \/>\n<meta property=\"og:title\" content=\"Horacio Pel\u00e1ez, funcionario con discapacidad intelectual: &quot;No existe la promoci\u00f3n interna para nosotros&quot; - Asociaci\u00f3n Espa\u00f1ola S\u00edndrome de Charge\" \/>\n<meta property=\"og:description\" content=\"Horacio Pel\u00e1ez es funcionario, desde hace cinco a\u00f1os, en la oficina de tr\u00e1fico de Vigo.\" \/>\n<meta property=\"og:url\" content=\"https:\/\/sindromecharge.es\/index.php\/2024\/08\/29\/horacio-pelaez-funcionario-con-discapacidad-intelectual-ahora-mismo-no-existe-promocion-interna-para-nosotros\/\" \/>\n<meta property=\"og:site_name\" content=\"Asociaci\u00f3n Espa\u00f1ola S\u00edndrome de Charge\" \/>\n<meta property=\"article:publisher\" content=\"https:\/\/www.facebook.com\/asociacionsindromecharge\" \/>\n<meta property=\"article:published_time\" content=\"2024-08-29T05:31:27+00:00\" \/>\n<meta property=\"og:image\" content=\"https:\/\/sindromecharge.es\/wp-content\/uploads\/2013\/09\/logodecharge300x98.png\" \/>\n\t<meta property=\"og:image:width\" content=\"300\" \/>\n\t<meta property=\"og:image:height\" content=\"98\" \/>\n\t<meta property=\"og:image:type\" content=\"image\/png\" \/>\n<meta name=\"author\" content=\"Charge\" \/>\n<meta name=\"twitter:card\" content=\"summary_large_image\" \/>\n<meta name=\"twitter:creator\" content=\"@sindromecharge\" \/>\n<meta name=\"twitter:site\" content=\"@sindromecharge\" \/>\n<meta name=\"twitter:label1\" content=\"Escrito por\" \/>\n\t<meta name=\"twitter:data1\" content=\"Charge\" \/>\n\t<meta name=\"twitter:label2\" content=\"Tiempo de lectura\" \/>\n\t<meta name=\"twitter:data2\" content=\"5 minutos\" \/>\n<script type=\"application\/ld+json\" class=\"yoast-schema-graph\">{\"@context\":\"https:\\\/\\\/schema.org\",\"@graph\":[{\"@type\":\"Article\",\"@id\":\"https:\\\/\\\/sindromecharge.es\\\/index.php\\\/2024\\\/08\\\/29\\\/horacio-pelaez-funcionario-con-discapacidad-intelectual-ahora-mismo-no-existe-promocion-interna-para-nosotros\\\/#article\",\"isPartOf\":{\"@id\":\"https:\\\/\\\/sindromecharge.es\\\/index.php\\\/2024\\\/08\\\/29\\\/horacio-pelaez-funcionario-con-discapacidad-intelectual-ahora-mismo-no-existe-promocion-interna-para-nosotros\\\/\"},\"author\":{\"name\":\"Charge\",\"@id\":\"https:\\\/\\\/sindromecharge.es\\\/#\\\/schema\\\/person\\\/39a60ebe0a2b4d5a11179701e336b039\"},\"headline\":\"Horacio Pel\u00e1ez, funcionario con discapacidad intelectual: \u00abNo existe la promoci\u00f3n interna para nosotros\u00bb\",\"datePublished\":\"2024-08-29T05:31:27+00:00\",\"mainEntityOfPage\":{\"@id\":\"https:\\\/\\\/sindromecharge.es\\\/index.php\\\/2024\\\/08\\\/29\\\/horacio-pelaez-funcionario-con-discapacidad-intelectual-ahora-mismo-no-existe-promocion-interna-para-nosotros\\\/\"},\"wordCount\":1016,\"articleSection\":[\"noticias\"],\"inLanguage\":\"es\"},{\"@type\":\"WebPage\",\"@id\":\"https:\\\/\\\/sindromecharge.es\\\/index.php\\\/2024\\\/08\\\/29\\\/horacio-pelaez-funcionario-con-discapacidad-intelectual-ahora-mismo-no-existe-promocion-interna-para-nosotros\\\/\",\"url\":\"https:\\\/\\\/sindromecharge.es\\\/index.php\\\/2024\\\/08\\\/29\\\/horacio-pelaez-funcionario-con-discapacidad-intelectual-ahora-mismo-no-existe-promocion-interna-para-nosotros\\\/\",\"name\":\"Horacio Pel\u00e1ez, funcionario con discapacidad intelectual: \\\"No existe la promoci\u00f3n interna para nosotros\\\" - Asociaci\u00f3n Espa\u00f1ola S\u00edndrome de Charge\",\"isPartOf\":{\"@id\":\"https:\\\/\\\/sindromecharge.es\\\/#website\"},\"datePublished\":\"2024-08-29T05:31:27+00:00\",\"author\":{\"@id\":\"https:\\\/\\\/sindromecharge.es\\\/#\\\/schema\\\/person\\\/39a60ebe0a2b4d5a11179701e336b039\"},\"breadcrumb\":{\"@id\":\"https:\\\/\\\/sindromecharge.es\\\/index.php\\\/2024\\\/08\\\/29\\\/horacio-pelaez-funcionario-con-discapacidad-intelectual-ahora-mismo-no-existe-promocion-interna-para-nosotros\\\/#breadcrumb\"},\"inLanguage\":\"es\",\"potentialAction\":[{\"@type\":\"ReadAction\",\"target\":[\"https:\\\/\\\/sindromecharge.es\\\/index.php\\\/2024\\\/08\\\/29\\\/horacio-pelaez-funcionario-con-discapacidad-intelectual-ahora-mismo-no-existe-promocion-interna-para-nosotros\\\/\"]}]},{\"@type\":\"BreadcrumbList\",\"@id\":\"https:\\\/\\\/sindromecharge.es\\\/index.php\\\/2024\\\/08\\\/29\\\/horacio-pelaez-funcionario-con-discapacidad-intelectual-ahora-mismo-no-existe-promocion-interna-para-nosotros\\\/#breadcrumb\",\"itemListElement\":[{\"@type\":\"ListItem\",\"position\":1,\"name\":\"Portada\",\"item\":\"https:\\\/\\\/sindromecharge.es\\\/\"},{\"@type\":\"ListItem\",\"position\":2,\"name\":\"Horacio Pel\u00e1ez, funcionario con discapacidad intelectual: &#8220;No existe la promoci\u00f3n interna para nosotros&#8221;\"}]},{\"@type\":\"WebSite\",\"@id\":\"https:\\\/\\\/sindromecharge.es\\\/#website\",\"url\":\"https:\\\/\\\/sindromecharge.es\\\/\",\"name\":\"Asociaci\u00f3n Espa\u00f1ola S\u00edndrome de Charge\",\"description\":\"\",\"potentialAction\":[{\"@type\":\"SearchAction\",\"target\":{\"@type\":\"EntryPoint\",\"urlTemplate\":\"https:\\\/\\\/sindromecharge.es\\\/?s={search_term_string}\"},\"query-input\":{\"@type\":\"PropertyValueSpecification\",\"valueRequired\":true,\"valueName\":\"search_term_string\"}}],\"inLanguage\":\"es\"},{\"@type\":\"Person\",\"@id\":\"https:\\\/\\\/sindromecharge.es\\\/#\\\/schema\\\/person\\\/39a60ebe0a2b4d5a11179701e336b039\",\"name\":\"Charge\",\"image\":{\"@type\":\"ImageObject\",\"inLanguage\":\"es\",\"@id\":\"https:\\\/\\\/secure.gravatar.com\\\/avatar\\\/c3b46e32a0fc3b093a0873fb767bf3293de856293065e84ef06b7ec7a8acfb98?s=96&d=identicon&r=x\",\"url\":\"https:\\\/\\\/secure.gravatar.com\\\/avatar\\\/c3b46e32a0fc3b093a0873fb767bf3293de856293065e84ef06b7ec7a8acfb98?s=96&d=identicon&r=x\",\"contentUrl\":\"https:\\\/\\\/secure.gravatar.com\\\/avatar\\\/c3b46e32a0fc3b093a0873fb767bf3293de856293065e84ef06b7ec7a8acfb98?s=96&d=identicon&r=x\",\"caption\":\"Charge\"},\"url\":\"https:\\\/\\\/sindromecharge.es\\\/index.php\\\/author\\\/admin\\\/\"}]}<\/script>\n<!-- \/ Yoast SEO plugin. -->","yoast_head_json":{"title":"Horacio Pel\u00e1ez, funcionario con discapacidad intelectual: \"No existe la promoci\u00f3n interna para nosotros\" - Asociaci\u00f3n Espa\u00f1ola S\u00edndrome de Charge","robots":{"index":"index","follow":"follow","max-snippet":"max-snippet:-1","max-image-preview":"max-image-preview:large","max-video-preview":"max-video-preview:-1"},"canonical":"https:\/\/sindromecharge.es\/index.php\/2024\/08\/29\/horacio-pelaez-funcionario-con-discapacidad-intelectual-ahora-mismo-no-existe-promocion-interna-para-nosotros\/","og_locale":"es_ES","og_type":"article","og_title":"Horacio Pel\u00e1ez, funcionario con discapacidad intelectual: \"No existe la promoci\u00f3n interna para nosotros\" - Asociaci\u00f3n Espa\u00f1ola S\u00edndrome de Charge","og_description":"Horacio Pel\u00e1ez es funcionario, desde hace cinco a\u00f1os, en la oficina de tr\u00e1fico de Vigo.","og_url":"https:\/\/sindromecharge.es\/index.php\/2024\/08\/29\/horacio-pelaez-funcionario-con-discapacidad-intelectual-ahora-mismo-no-existe-promocion-interna-para-nosotros\/","og_site_name":"Asociaci\u00f3n Espa\u00f1ola S\u00edndrome de Charge","article_publisher":"https:\/\/www.facebook.com\/asociacionsindromecharge","article_published_time":"2024-08-29T05:31:27+00:00","og_image":[{"width":300,"height":98,"url":"https:\/\/sindromecharge.es\/wp-content\/uploads\/2013\/09\/logodecharge300x98.png","type":"image\/png"}],"author":"Charge","twitter_card":"summary_large_image","twitter_creator":"@sindromecharge","twitter_site":"@sindromecharge","twitter_misc":{"Escrito por":"Charge","Tiempo de lectura":"5 minutos"},"schema":{"@context":"https:\/\/schema.org","@graph":[{"@type":"Article","@id":"https:\/\/sindromecharge.es\/index.php\/2024\/08\/29\/horacio-pelaez-funcionario-con-discapacidad-intelectual-ahora-mismo-no-existe-promocion-interna-para-nosotros\/#article","isPartOf":{"@id":"https:\/\/sindromecharge.es\/index.php\/2024\/08\/29\/horacio-pelaez-funcionario-con-discapacidad-intelectual-ahora-mismo-no-existe-promocion-interna-para-nosotros\/"},"author":{"name":"Charge","@id":"https:\/\/sindromecharge.es\/#\/schema\/person\/39a60ebe0a2b4d5a11179701e336b039"},"headline":"Horacio Pel\u00e1ez, funcionario con discapacidad intelectual: \u00abNo existe la promoci\u00f3n interna para nosotros\u00bb","datePublished":"2024-08-29T05:31:27+00:00","mainEntityOfPage":{"@id":"https:\/\/sindromecharge.es\/index.php\/2024\/08\/29\/horacio-pelaez-funcionario-con-discapacidad-intelectual-ahora-mismo-no-existe-promocion-interna-para-nosotros\/"},"wordCount":1016,"articleSection":["noticias"],"inLanguage":"es"},{"@type":"WebPage","@id":"https:\/\/sindromecharge.es\/index.php\/2024\/08\/29\/horacio-pelaez-funcionario-con-discapacidad-intelectual-ahora-mismo-no-existe-promocion-interna-para-nosotros\/","url":"https:\/\/sindromecharge.es\/index.php\/2024\/08\/29\/horacio-pelaez-funcionario-con-discapacidad-intelectual-ahora-mismo-no-existe-promocion-interna-para-nosotros\/","name":"Horacio Pel\u00e1ez, funcionario con discapacidad intelectual: \"No existe la promoci\u00f3n interna para nosotros\" - Asociaci\u00f3n Espa\u00f1ola S\u00edndrome de Charge","isPartOf":{"@id":"https:\/\/sindromecharge.es\/#website"},"datePublished":"2024-08-29T05:31:27+00:00","author":{"@id":"https:\/\/sindromecharge.es\/#\/schema\/person\/39a60ebe0a2b4d5a11179701e336b039"},"breadcrumb":{"@id":"https:\/\/sindromecharge.es\/index.php\/2024\/08\/29\/horacio-pelaez-funcionario-con-discapacidad-intelectual-ahora-mismo-no-existe-promocion-interna-para-nosotros\/#breadcrumb"},"inLanguage":"es","potentialAction":[{"@type":"ReadAction","target":["https:\/\/sindromecharge.es\/index.php\/2024\/08\/29\/horacio-pelaez-funcionario-con-discapacidad-intelectual-ahora-mismo-no-existe-promocion-interna-para-nosotros\/"]}]},{"@type":"BreadcrumbList","@id":"https:\/\/sindromecharge.es\/index.php\/2024\/08\/29\/horacio-pelaez-funcionario-con-discapacidad-intelectual-ahora-mismo-no-existe-promocion-interna-para-nosotros\/#breadcrumb","itemListElement":[{"@type":"ListItem","position":1,"name":"Portada","item":"https:\/\/sindromecharge.es\/"},{"@type":"ListItem","position":2,"name":"Horacio Pel\u00e1ez, funcionario con discapacidad intelectual: &#8220;No existe la promoci\u00f3n interna para nosotros&#8221;"}]},{"@type":"WebSite","@id":"https:\/\/sindromecharge.es\/#website","url":"https:\/\/sindromecharge.es\/","name":"Asociaci\u00f3n Espa\u00f1ola S\u00edndrome de Charge","description":"","potentialAction":[{"@type":"SearchAction","target":{"@type":"EntryPoint","urlTemplate":"https:\/\/sindromecharge.es\/?s={search_term_string}"},"query-input":{"@type":"PropertyValueSpecification","valueRequired":true,"valueName":"search_term_string"}}],"inLanguage":"es"},{"@type":"Person","@id":"https:\/\/sindromecharge.es\/#\/schema\/person\/39a60ebe0a2b4d5a11179701e336b039","name":"Charge","image":{"@type":"ImageObject","inLanguage":"es","@id":"https:\/\/secure.gravatar.com\/avatar\/c3b46e32a0fc3b093a0873fb767bf3293de856293065e84ef06b7ec7a8acfb98?s=96&d=identicon&r=x","url":"https:\/\/secure.gravatar.com\/avatar\/c3b46e32a0fc3b093a0873fb767bf3293de856293065e84ef06b7ec7a8acfb98?s=96&d=identicon&r=x","contentUrl":"https:\/\/secure.gravatar.com\/avatar\/c3b46e32a0fc3b093a0873fb767bf3293de856293065e84ef06b7ec7a8acfb98?s=96&d=identicon&r=x","caption":"Charge"},"url":"https:\/\/sindromecharge.es\/index.php\/author\/admin\/"}]}},"_links":{"self":[{"href":"https:\/\/sindromecharge.es\/index.php\/wp-json\/wp\/v2\/posts\/10273","targetHints":{"allow":["GET"]}}],"collection":[{"href":"https:\/\/sindromecharge.es\/index.php\/wp-json\/wp\/v2\/posts"}],"about":[{"href":"https:\/\/sindromecharge.es\/index.php\/wp-json\/wp\/v2\/types\/post"}],"author":[{"embeddable":true,"href":"https:\/\/sindromecharge.es\/index.php\/wp-json\/wp\/v2\/users\/1"}],"replies":[{"embeddable":true,"href":"https:\/\/sindromecharge.es\/index.php\/wp-json\/wp\/v2\/comments?post=10273"}],"version-history":[{"count":0,"href":"https:\/\/sindromecharge.es\/index.php\/wp-json\/wp\/v2\/posts\/10273\/revisions"}],"wp:attachment":[{"href":"https:\/\/sindromecharge.es\/index.php\/wp-json\/wp\/v2\/media?parent=10273"}],"wp:term":[{"taxonomy":"category","embeddable":true,"href":"https:\/\/sindromecharge.es\/index.php\/wp-json\/wp\/v2\/categories?post=10273"},{"taxonomy":"post_tag","embeddable":true,"href":"https:\/\/sindromecharge.es\/index.php\/wp-json\/wp\/v2\/tags?post=10273"}],"curies":[{"name":"wp","href":"https:\/\/api.w.org\/{rel}","templated":true}]}}