{"id":10272,"date":"2024-08-28T06:29:18","date_gmt":"2024-08-28T06:29:18","guid":{"rendered":"https:\/\/sindromecharge.es\/index.php\/2024\/08\/28\/gonzalo-perez-corredor-que-hara-40-km-dia-para-comprar-sillas-ruedas-para-ninos-con-ataxia-telangiectasia\/"},"modified":"2024-08-28T06:29:18","modified_gmt":"2024-08-28T06:29:18","slug":"gonzalo-perez-corredor-que-hara-40-km-dia-para-comprar-sillas-ruedas-para-ninos-con-ataxia-telangiectasia","status":"publish","type":"post","link":"https:\/\/sindromecharge.es\/index.php\/2024\/08\/28\/gonzalo-perez-corredor-que-hara-40-km-dia-para-comprar-sillas-ruedas-para-ninos-con-ataxia-telangiectasia\/","title":{"rendered":"Gonzalo P\u00e9rez, el corredor que har\u00e1 40 km al d\u00eda para comprar sillas de ruedas para ni\u00f1os con ataxia telangiectasia"},"content":{"rendered":"<p>Leemos en Discapacidad la siguiente noticia que os reproducimos de forma \u00edntegra: <\/p>\n<div>\n<p>El <b>corredor solidario y cronista Gonzalo P\u00e9rez <\/b>afrontar\u00e1 un nuevo reto para ayudar a los ni\u00f1os y j\u00f3venes con<b> ataxia telangiectasia<\/b> y correr\u00e1 40 kil\u00f3metros diarios durante una semana, por la costa vasca, para <b>recaudar 8.000 euros<\/b> y comprar <b>dos sillas especiales<\/b> \u00abpara que estos chicos con <a href=\"https:\/\/www.20minutos.es\/minuteca\/discapacidad\/\" title=\"Discapacidad\" target=\"_blank\" rel=\"noopener\">discapacidad<\/a> f\u00edsica puedan realizar recorridos por monta\u00f1a\u00bb.<\/p>\n<p>Seg\u00fan ha informado en un comunicado <b>Aefat<\/b>, que agrupa a las familias afectadas por <b>ataxia telangiectasia<\/b> en Espa\u00f1a, el corredor ya ha conseguido recaudar m\u00e1s de 5.000 euros entre patrocinadores y crowdfunding.<\/p>\n<p>Gonzalo P\u00e9rez correr\u00e1 40 kil\u00f3metros al d\u00eda durante una semana, del 2 al 8 de septiembre, para realizar la \u00abRuta de los faros\u00bb por la costa vasca, desde Biarritz hasta Getxo, pasando por Hondarribia, San Sebasti\u00e1n, Zumaia, Plentzia y San Juan de Gaztelugatxe, entre otros enclaves.<\/p>\n<p>Este &#8216;trail runner&#8217; bilba\u00edno, afincado en \u00c1lava, comenz\u00f3 como corredor solidario<b> empujando las sillas de ni\u00f1os con ataxia<\/b> telangiectasia que participaban en distintas maratones, \u00absin tener ninguna vinculaci\u00f3n con las familias, solamente porque un amigo le invit\u00f3 a colaborar\u00bb.<\/p>\n<p>Sin embargo, \u00abal conocer a los chicos y sus familias, y las complicaciones f\u00edsicas que provoca esta devastadora enfermedad\u00bb, decidi\u00f3 \u00abimplicarse m\u00e1s\u00bb y organizar \u00abun reto deportivo tit\u00e1nico cada a\u00f1o, siempre en modo autosuficiente\u00bb.<\/p>\n<p>Con estas pruebas Gonzalo P\u00e9rez busca recaudar fondos para financiar la investigaci\u00f3n de esta <b><a href=\"https:\/\/www.20minutos.es\/salud\/minuteca\/enfermedades-raras\/\" title=\"Enfermedades raras\" target=\"_blank\" rel=\"noopener\">enfermedad rara<\/a>, gen\u00e9tica y neurodegenerativa<\/b> \u00abque a\u00fan no tiene cura ni tratamiento, y provoca que los ni\u00f1os tengan que usar <a href=\"https:\/\/www.20minutos.es\/minuteca\/silla-de-ruedas\/\" title=\"Silla de ruedas\" target=\"_blank\" rel=\"noopener\">silla de ruedas<\/a> alrededor de los nueve a\u00f1os\u00bb.<\/p>\n<p>En 2021, corri\u00f3 211 kil\u00f3metros en tres d\u00edas por la Llanada alavesa y recaud\u00f3 m\u00e1s de 2.000 euros en favor de Aefat. En 2022 complet\u00f3 el Camino de Santiago corriendo 800 kil\u00f3metros en 16 d\u00edas consecutivos, reto con el que adelgaz\u00f3 16 kilos y recaud\u00f3 m\u00e1s de 8.000 euros.<\/p>\n<p>En 2023 corri\u00f3 la vuelta a Euskadi y Navarra por monta\u00f1a, unos 500 kil\u00f3metros en 10 d\u00edas, con m\u00e1s de 10.000 metros positivos de desnivel y coronando una cima cada d\u00eda. En aquella ocasi\u00f3n recaud\u00f3 m\u00e1s de 6.600 euros.<\/p>\n<p>Adem\u00e1s, Gonzalo P\u00e9rez corre habitualmente con el Equipo Zurich Aefat, <b>empujando las <a href=\"https:\/\/www.20minutos.es\/minuteca\/silla-de-ruedas\/\" title=\"Silla de ruedas\" target=\"_blank\" rel=\"noopener\">sillas<\/a> de los ni\u00f1os y j\u00f3venes con ataxia telangiectasia, durante los 42 kil\u00f3metros de cada marat\u00f3n<\/b>. En total, ha participado en ocho maratones y prev\u00e9 participar en el pr\u00f3ximo de San Sebasti\u00e1n.<\/p>\n<p>Como en anteriores retos, este atleta y cronista, que publica sus recorridos de runner en la Revista ON del Grupo Noticias, contar\u00e1 con patrocinadores para su ruta. Adem\u00e1s, est\u00e1 recibiendo<b> donaciones de particulares<\/b> a trav\u00e9s del reto publicado en una plataforma de recaudaci\u00f3n de fondos.<\/p>\n<p>La ataxia telangiectasia (AT o A-T) es uno de los <b>300 tipos de ataxias<\/b> que existen y ocasiona una grave discapacidad f\u00edsica progresiva.<\/p>\n<p>Se trata de una enfermedad multisist\u00e9mica que se manifiesta habitualmente<b> antes de los dos a\u00f1os de edad<\/b>, aunque hay afectados que no son diagnosticados hasta los diez a\u00f1os, porque se confunde con otras patolog\u00edas.<\/p>\n<p>Afecta a las funciones de diferentes \u00f3rganos y provoca incapacidad de coordinar movimientos,<b> p\u00e9rdida progresiva de movilidad<\/b>, dificultad en el habla, estancamiento en el crecimiento, inmunodeficiencia, dificultades para comer, problemas en la piel y en la visi\u00f3n, neumon\u00edas y otras complicaciones. Adem\u00e1s, los pacientes son m\u00e1s proclives a los tumores malignos.<\/p>\n<\/div>\n<p>Fuente: Discapacidad https:\/\/www.20minutos.es\/noticia\/5628354\/0\/gonzalo-perez-corredor-que-hara-40-km-dia-para-comprar-sillas-ruedas-para-ninos-con-ataxia-telangiectasia\/<\/p>\n","protected":false},"excerpt":{"rendered":"<p>La ataxia telangiectasia es una enfermedad rara y neurodegenerativa que se presenta antes de los dos a\u00f1os.<\/p>\n","protected":false},"author":1,"featured_media":0,"comment_status":"closed","ping_status":"closed","sticky":false,"template":"","format":"standard","meta":{"footnotes":""},"categories":[8],"tags":[],"class_list":["post-10272","post","type-post","status-publish","format-standard","hentry","category-noticias"],"yoast_head":"<!-- This site is optimized with the Yoast SEO plugin v27.5 - https:\/\/yoast.com\/product\/yoast-seo-wordpress\/ -->\n<title>Gonzalo P\u00e9rez, el corredor que har\u00e1 40 km al d\u00eda para comprar sillas de ruedas para ni\u00f1os con ataxia telangiectasia - Asociaci\u00f3n Espa\u00f1ola S\u00edndrome de Charge<\/title>\n<meta name=\"robots\" content=\"index, follow, max-snippet:-1, max-image-preview:large, max-video-preview:-1\" \/>\n<link rel=\"canonical\" href=\"https:\/\/sindromecharge.es\/index.php\/2024\/08\/28\/gonzalo-perez-corredor-que-hara-40-km-dia-para-comprar-sillas-ruedas-para-ninos-con-ataxia-telangiectasia\/\" \/>\n<meta property=\"og:locale\" content=\"es_ES\" \/>\n<meta property=\"og:type\" content=\"article\" \/>\n<meta property=\"og:title\" content=\"Gonzalo P\u00e9rez, el corredor que har\u00e1 40 km al d\u00eda para comprar sillas de ruedas para ni\u00f1os con ataxia telangiectasia - Asociaci\u00f3n Espa\u00f1ola S\u00edndrome de Charge\" \/>\n<meta property=\"og:description\" content=\"La ataxia telangiectasia es una enfermedad rara y neurodegenerativa que se presenta antes de los dos a\u00f1os.\" \/>\n<meta property=\"og:url\" content=\"https:\/\/sindromecharge.es\/index.php\/2024\/08\/28\/gonzalo-perez-corredor-que-hara-40-km-dia-para-comprar-sillas-ruedas-para-ninos-con-ataxia-telangiectasia\/\" \/>\n<meta property=\"og:site_name\" content=\"Asociaci\u00f3n Espa\u00f1ola S\u00edndrome de Charge\" \/>\n<meta property=\"article:publisher\" content=\"https:\/\/www.facebook.com\/asociacionsindromecharge\" \/>\n<meta property=\"article:published_time\" content=\"2024-08-28T06:29:18+00:00\" \/>\n<meta property=\"og:image\" content=\"https:\/\/sindromecharge.es\/wp-content\/uploads\/2013\/09\/logodecharge300x98.png\" \/>\n\t<meta property=\"og:image:width\" content=\"300\" \/>\n\t<meta property=\"og:image:height\" content=\"98\" \/>\n\t<meta property=\"og:image:type\" content=\"image\/png\" \/>\n<meta name=\"author\" content=\"Charge\" \/>\n<meta name=\"twitter:card\" content=\"summary_large_image\" \/>\n<meta name=\"twitter:creator\" content=\"@sindromecharge\" \/>\n<meta name=\"twitter:site\" content=\"@sindromecharge\" \/>\n<meta name=\"twitter:label1\" content=\"Escrito por\" \/>\n\t<meta name=\"twitter:data1\" content=\"Charge\" \/>\n\t<meta name=\"twitter:label2\" content=\"Tiempo de lectura\" \/>\n\t<meta name=\"twitter:data2\" content=\"3 minutos\" \/>\n<script type=\"application\/ld+json\" class=\"yoast-schema-graph\">{\"@context\":\"https:\\\/\\\/schema.org\",\"@graph\":[{\"@type\":\"Article\",\"@id\":\"https:\\\/\\\/sindromecharge.es\\\/index.php\\\/2024\\\/08\\\/28\\\/gonzalo-perez-corredor-que-hara-40-km-dia-para-comprar-sillas-ruedas-para-ninos-con-ataxia-telangiectasia\\\/#article\",\"isPartOf\":{\"@id\":\"https:\\\/\\\/sindromecharge.es\\\/index.php\\\/2024\\\/08\\\/28\\\/gonzalo-perez-corredor-que-hara-40-km-dia-para-comprar-sillas-ruedas-para-ninos-con-ataxia-telangiectasia\\\/\"},\"author\":{\"name\":\"Charge\",\"@id\":\"https:\\\/\\\/sindromecharge.es\\\/#\\\/schema\\\/person\\\/39a60ebe0a2b4d5a11179701e336b039\"},\"headline\":\"Gonzalo P\u00e9rez, el corredor que har\u00e1 40 km al d\u00eda para comprar sillas de ruedas para ni\u00f1os con ataxia telangiectasia\",\"datePublished\":\"2024-08-28T06:29:18+00:00\",\"mainEntityOfPage\":{\"@id\":\"https:\\\/\\\/sindromecharge.es\\\/index.php\\\/2024\\\/08\\\/28\\\/gonzalo-perez-corredor-que-hara-40-km-dia-para-comprar-sillas-ruedas-para-ninos-con-ataxia-telangiectasia\\\/\"},\"wordCount\":614,\"articleSection\":[\"noticias\"],\"inLanguage\":\"es\"},{\"@type\":\"WebPage\",\"@id\":\"https:\\\/\\\/sindromecharge.es\\\/index.php\\\/2024\\\/08\\\/28\\\/gonzalo-perez-corredor-que-hara-40-km-dia-para-comprar-sillas-ruedas-para-ninos-con-ataxia-telangiectasia\\\/\",\"url\":\"https:\\\/\\\/sindromecharge.es\\\/index.php\\\/2024\\\/08\\\/28\\\/gonzalo-perez-corredor-que-hara-40-km-dia-para-comprar-sillas-ruedas-para-ninos-con-ataxia-telangiectasia\\\/\",\"name\":\"Gonzalo P\u00e9rez, el corredor que har\u00e1 40 km al d\u00eda para comprar sillas de ruedas para ni\u00f1os con ataxia telangiectasia - Asociaci\u00f3n Espa\u00f1ola S\u00edndrome de Charge\",\"isPartOf\":{\"@id\":\"https:\\\/\\\/sindromecharge.es\\\/#website\"},\"datePublished\":\"2024-08-28T06:29:18+00:00\",\"author\":{\"@id\":\"https:\\\/\\\/sindromecharge.es\\\/#\\\/schema\\\/person\\\/39a60ebe0a2b4d5a11179701e336b039\"},\"breadcrumb\":{\"@id\":\"https:\\\/\\\/sindromecharge.es\\\/index.php\\\/2024\\\/08\\\/28\\\/gonzalo-perez-corredor-que-hara-40-km-dia-para-comprar-sillas-ruedas-para-ninos-con-ataxia-telangiectasia\\\/#breadcrumb\"},\"inLanguage\":\"es\",\"potentialAction\":[{\"@type\":\"ReadAction\",\"target\":[\"https:\\\/\\\/sindromecharge.es\\\/index.php\\\/2024\\\/08\\\/28\\\/gonzalo-perez-corredor-que-hara-40-km-dia-para-comprar-sillas-ruedas-para-ninos-con-ataxia-telangiectasia\\\/\"]}]},{\"@type\":\"BreadcrumbList\",\"@id\":\"https:\\\/\\\/sindromecharge.es\\\/index.php\\\/2024\\\/08\\\/28\\\/gonzalo-perez-corredor-que-hara-40-km-dia-para-comprar-sillas-ruedas-para-ninos-con-ataxia-telangiectasia\\\/#breadcrumb\",\"itemListElement\":[{\"@type\":\"ListItem\",\"position\":1,\"name\":\"Portada\",\"item\":\"https:\\\/\\\/sindromecharge.es\\\/\"},{\"@type\":\"ListItem\",\"position\":2,\"name\":\"Gonzalo P\u00e9rez, el corredor que har\u00e1 40 km al d\u00eda para comprar sillas de ruedas para ni\u00f1os con ataxia telangiectasia\"}]},{\"@type\":\"WebSite\",\"@id\":\"https:\\\/\\\/sindromecharge.es\\\/#website\",\"url\":\"https:\\\/\\\/sindromecharge.es\\\/\",\"name\":\"Asociaci\u00f3n Espa\u00f1ola S\u00edndrome de Charge\",\"description\":\"\",\"potentialAction\":[{\"@type\":\"SearchAction\",\"target\":{\"@type\":\"EntryPoint\",\"urlTemplate\":\"https:\\\/\\\/sindromecharge.es\\\/?s={search_term_string}\"},\"query-input\":{\"@type\":\"PropertyValueSpecification\",\"valueRequired\":true,\"valueName\":\"search_term_string\"}}],\"inLanguage\":\"es\"},{\"@type\":\"Person\",\"@id\":\"https:\\\/\\\/sindromecharge.es\\\/#\\\/schema\\\/person\\\/39a60ebe0a2b4d5a11179701e336b039\",\"name\":\"Charge\",\"image\":{\"@type\":\"ImageObject\",\"inLanguage\":\"es\",\"@id\":\"https:\\\/\\\/secure.gravatar.com\\\/avatar\\\/c3b46e32a0fc3b093a0873fb767bf3293de856293065e84ef06b7ec7a8acfb98?s=96&d=identicon&r=x\",\"url\":\"https:\\\/\\\/secure.gravatar.com\\\/avatar\\\/c3b46e32a0fc3b093a0873fb767bf3293de856293065e84ef06b7ec7a8acfb98?s=96&d=identicon&r=x\",\"contentUrl\":\"https:\\\/\\\/secure.gravatar.com\\\/avatar\\\/c3b46e32a0fc3b093a0873fb767bf3293de856293065e84ef06b7ec7a8acfb98?s=96&d=identicon&r=x\",\"caption\":\"Charge\"},\"url\":\"https:\\\/\\\/sindromecharge.es\\\/index.php\\\/author\\\/admin\\\/\"}]}<\/script>\n<!-- \/ Yoast SEO plugin. -->","yoast_head_json":{"title":"Gonzalo P\u00e9rez, el corredor que har\u00e1 40 km al d\u00eda para comprar sillas de ruedas para ni\u00f1os con ataxia telangiectasia - Asociaci\u00f3n Espa\u00f1ola S\u00edndrome de Charge","robots":{"index":"index","follow":"follow","max-snippet":"max-snippet:-1","max-image-preview":"max-image-preview:large","max-video-preview":"max-video-preview:-1"},"canonical":"https:\/\/sindromecharge.es\/index.php\/2024\/08\/28\/gonzalo-perez-corredor-que-hara-40-km-dia-para-comprar-sillas-ruedas-para-ninos-con-ataxia-telangiectasia\/","og_locale":"es_ES","og_type":"article","og_title":"Gonzalo P\u00e9rez, el corredor que har\u00e1 40 km al d\u00eda para comprar sillas de ruedas para ni\u00f1os con ataxia telangiectasia - Asociaci\u00f3n Espa\u00f1ola S\u00edndrome de Charge","og_description":"La ataxia telangiectasia es una enfermedad rara y neurodegenerativa que se presenta antes de los dos a\u00f1os.","og_url":"https:\/\/sindromecharge.es\/index.php\/2024\/08\/28\/gonzalo-perez-corredor-que-hara-40-km-dia-para-comprar-sillas-ruedas-para-ninos-con-ataxia-telangiectasia\/","og_site_name":"Asociaci\u00f3n Espa\u00f1ola S\u00edndrome de Charge","article_publisher":"https:\/\/www.facebook.com\/asociacionsindromecharge","article_published_time":"2024-08-28T06:29:18+00:00","og_image":[{"width":300,"height":98,"url":"https:\/\/sindromecharge.es\/wp-content\/uploads\/2013\/09\/logodecharge300x98.png","type":"image\/png"}],"author":"Charge","twitter_card":"summary_large_image","twitter_creator":"@sindromecharge","twitter_site":"@sindromecharge","twitter_misc":{"Escrito por":"Charge","Tiempo de lectura":"3 minutos"},"schema":{"@context":"https:\/\/schema.org","@graph":[{"@type":"Article","@id":"https:\/\/sindromecharge.es\/index.php\/2024\/08\/28\/gonzalo-perez-corredor-que-hara-40-km-dia-para-comprar-sillas-ruedas-para-ninos-con-ataxia-telangiectasia\/#article","isPartOf":{"@id":"https:\/\/sindromecharge.es\/index.php\/2024\/08\/28\/gonzalo-perez-corredor-que-hara-40-km-dia-para-comprar-sillas-ruedas-para-ninos-con-ataxia-telangiectasia\/"},"author":{"name":"Charge","@id":"https:\/\/sindromecharge.es\/#\/schema\/person\/39a60ebe0a2b4d5a11179701e336b039"},"headline":"Gonzalo P\u00e9rez, el corredor que har\u00e1 40 km al d\u00eda para comprar sillas de ruedas para ni\u00f1os con ataxia telangiectasia","datePublished":"2024-08-28T06:29:18+00:00","mainEntityOfPage":{"@id":"https:\/\/sindromecharge.es\/index.php\/2024\/08\/28\/gonzalo-perez-corredor-que-hara-40-km-dia-para-comprar-sillas-ruedas-para-ninos-con-ataxia-telangiectasia\/"},"wordCount":614,"articleSection":["noticias"],"inLanguage":"es"},{"@type":"WebPage","@id":"https:\/\/sindromecharge.es\/index.php\/2024\/08\/28\/gonzalo-perez-corredor-que-hara-40-km-dia-para-comprar-sillas-ruedas-para-ninos-con-ataxia-telangiectasia\/","url":"https:\/\/sindromecharge.es\/index.php\/2024\/08\/28\/gonzalo-perez-corredor-que-hara-40-km-dia-para-comprar-sillas-ruedas-para-ninos-con-ataxia-telangiectasia\/","name":"Gonzalo P\u00e9rez, el corredor que har\u00e1 40 km al d\u00eda para comprar sillas de ruedas para ni\u00f1os con ataxia telangiectasia - Asociaci\u00f3n Espa\u00f1ola S\u00edndrome de Charge","isPartOf":{"@id":"https:\/\/sindromecharge.es\/#website"},"datePublished":"2024-08-28T06:29:18+00:00","author":{"@id":"https:\/\/sindromecharge.es\/#\/schema\/person\/39a60ebe0a2b4d5a11179701e336b039"},"breadcrumb":{"@id":"https:\/\/sindromecharge.es\/index.php\/2024\/08\/28\/gonzalo-perez-corredor-que-hara-40-km-dia-para-comprar-sillas-ruedas-para-ninos-con-ataxia-telangiectasia\/#breadcrumb"},"inLanguage":"es","potentialAction":[{"@type":"ReadAction","target":["https:\/\/sindromecharge.es\/index.php\/2024\/08\/28\/gonzalo-perez-corredor-que-hara-40-km-dia-para-comprar-sillas-ruedas-para-ninos-con-ataxia-telangiectasia\/"]}]},{"@type":"BreadcrumbList","@id":"https:\/\/sindromecharge.es\/index.php\/2024\/08\/28\/gonzalo-perez-corredor-que-hara-40-km-dia-para-comprar-sillas-ruedas-para-ninos-con-ataxia-telangiectasia\/#breadcrumb","itemListElement":[{"@type":"ListItem","position":1,"name":"Portada","item":"https:\/\/sindromecharge.es\/"},{"@type":"ListItem","position":2,"name":"Gonzalo P\u00e9rez, el corredor que har\u00e1 40 km al d\u00eda para comprar sillas de ruedas para ni\u00f1os con ataxia telangiectasia"}]},{"@type":"WebSite","@id":"https:\/\/sindromecharge.es\/#website","url":"https:\/\/sindromecharge.es\/","name":"Asociaci\u00f3n Espa\u00f1ola S\u00edndrome de Charge","description":"","potentialAction":[{"@type":"SearchAction","target":{"@type":"EntryPoint","urlTemplate":"https:\/\/sindromecharge.es\/?s={search_term_string}"},"query-input":{"@type":"PropertyValueSpecification","valueRequired":true,"valueName":"search_term_string"}}],"inLanguage":"es"},{"@type":"Person","@id":"https:\/\/sindromecharge.es\/#\/schema\/person\/39a60ebe0a2b4d5a11179701e336b039","name":"Charge","image":{"@type":"ImageObject","inLanguage":"es","@id":"https:\/\/secure.gravatar.com\/avatar\/c3b46e32a0fc3b093a0873fb767bf3293de856293065e84ef06b7ec7a8acfb98?s=96&d=identicon&r=x","url":"https:\/\/secure.gravatar.com\/avatar\/c3b46e32a0fc3b093a0873fb767bf3293de856293065e84ef06b7ec7a8acfb98?s=96&d=identicon&r=x","contentUrl":"https:\/\/secure.gravatar.com\/avatar\/c3b46e32a0fc3b093a0873fb767bf3293de856293065e84ef06b7ec7a8acfb98?s=96&d=identicon&r=x","caption":"Charge"},"url":"https:\/\/sindromecharge.es\/index.php\/author\/admin\/"}]}},"_links":{"self":[{"href":"https:\/\/sindromecharge.es\/index.php\/wp-json\/wp\/v2\/posts\/10272","targetHints":{"allow":["GET"]}}],"collection":[{"href":"https:\/\/sindromecharge.es\/index.php\/wp-json\/wp\/v2\/posts"}],"about":[{"href":"https:\/\/sindromecharge.es\/index.php\/wp-json\/wp\/v2\/types\/post"}],"author":[{"embeddable":true,"href":"https:\/\/sindromecharge.es\/index.php\/wp-json\/wp\/v2\/users\/1"}],"replies":[{"embeddable":true,"href":"https:\/\/sindromecharge.es\/index.php\/wp-json\/wp\/v2\/comments?post=10272"}],"version-history":[{"count":0,"href":"https:\/\/sindromecharge.es\/index.php\/wp-json\/wp\/v2\/posts\/10272\/revisions"}],"wp:attachment":[{"href":"https:\/\/sindromecharge.es\/index.php\/wp-json\/wp\/v2\/media?parent=10272"}],"wp:term":[{"taxonomy":"category","embeddable":true,"href":"https:\/\/sindromecharge.es\/index.php\/wp-json\/wp\/v2\/categories?post=10272"},{"taxonomy":"post_tag","embeddable":true,"href":"https:\/\/sindromecharge.es\/index.php\/wp-json\/wp\/v2\/tags?post=10272"}],"curies":[{"name":"wp","href":"https:\/\/api.w.org\/{rel}","templated":true}]}}