{"id":10268,"date":"2024-08-27T05:16:10","date_gmt":"2024-08-27T05:16:10","guid":{"rendered":"https:\/\/sindromecharge.es\/index.php\/2024\/08\/27\/mikel-guillermo-blanca-con-down-que-buscan-su-hueco-los-paralimpicos-queremos-las-mismas-oportunidades\/"},"modified":"2024-08-27T05:16:10","modified_gmt":"2024-08-27T05:16:10","slug":"mikel-guillermo-blanca-con-down-que-buscan-su-hueco-los-paralimpicos-queremos-las-mismas-oportunidades","status":"publish","type":"post","link":"https:\/\/sindromecharge.es\/index.php\/2024\/08\/27\/mikel-guillermo-blanca-con-down-que-buscan-su-hueco-los-paralimpicos-queremos-las-mismas-oportunidades\/","title":{"rendered":"Mikel y Guillermo, campeones con Down, buscan su hueco en los Juegos Paral\u00edmpicos: \u00abQueremos las mismas oportunidades\u00bb"},"content":{"rendered":"<p>Leemos en Discapacidad la siguiente noticia que os reproducimos de forma \u00edntegra: <\/p>\n<div>\n<p>En Espa\u00f1a, hay pocos deportistas que tengan la cantidad de triunfos a nivel internacional que <b>Mikel Garc\u00eda Aguirrezabal y Guillermo Gracia<\/b>. Mikel acumula 26 <b>medallas<\/b> de atletismo y Guillermo ha sido 20 veces campe\u00f3n del mundo y 5 veces plusmarquista mundial de nataci\u00f3n.<\/p>\n<p>Sin embargo, a pesar de su espectacular palmar\u00e9s, <b>no han conseguido tener un hueco en los<a href=\"https:\/\/www.20minutos.es\/deportes\/minuteca\/juegos-paralimpicos\/\" title=\"Juegos Paral\u00edmpicos\" target=\"_blank\" rel=\"noopener\"> Juegos paral\u00edmpicos<\/a><\/b>, ni ellos ni otros muchos atletas con s\u00edndrome de Down alrededor del mundo.<\/p>\n<p>El motivo, como explicamos <a href=\"https:\/\/www.20minutos.es\/noticia\/5607449\/0\/discapacidad-intelectual-los-juegos-paralimpicos-merecen-mayor-igualdad-oportunidades\/\" target=\"_blank\" rel=\"noopener\">tras hablar con el Comit\u00e9 Paral\u00edmpico Espa\u00f1ol, FEDDI, Plena Inclusi\u00f3n y Down Espa\u00f1a<\/a>, es que no existe una categor\u00eda para ellos. A diferencia del resto de discapacidades, la intelectual, dentro de la que podr\u00edan presentarse, solo dispone de una clase y tres deportes en los que pueden participar, lo que hace que <b>las plazas sean limitad\u00edsimas<\/b>. De hecho, en Espa\u00f1a, de los 139 deportistas que forman parte del equipo paral\u00edmpico, solo dos tienen <a href=\"https:\/\/www.20minutos.es\/minuteca\/discapacidad-intelectual\/\" title=\"Discapacidad intelectual\" target=\"_blank\" rel=\"noopener\">discapacidad intelectual<\/a>.<\/p>\n<p>Viendo lo que consideran una injusticia, Mikel y su familia fueron los primeros en moverse para cambiar esta realidad, \u00abtras ganar tres oros en los Global Games en Brisbane (Australia) en 2019, los periodistas le preguntaban por los Juegos y Mikel se cans\u00f3 de decir que su categor\u00eda no existe,<b> no est\u00e1 admitida en los Juegos Paral\u00edmpicos<\/b>. Hasta ese momento nosotros, su madre Elvira y yo, no ten\u00edamos ni idea del asunto\u00bb, afirma Gotzon, su padre.<\/p>\n<p>Fue en la pandemia cuando empezaron a mover el asunto, \u00abcreamos el hashtag <b>#downparis2024<\/b> y lanzamos una petici\u00f3n en change.org que lleg\u00f3 a m\u00e1s de 100.000 firmas. La historia se extendi\u00f3 por otros pa\u00edses y lleg\u00f3 en forma de moci\u00f3n al <a href=\"https:\/\/www.20minutos.es\/minuteca\/senado\/\" title=\"Senado\">Senado<\/a> en diciembre de 2020. Se aprob\u00f3 por unanimidad\u00bb.<\/p>\n<p>El asunto lleg\u00f3 hasta <a href=\"https:\/\/www.20minutos.es\/minuteca\/bruselas\/\" title=\"Bruselas\">Bruselas<\/a> en 2021, y tras la buena acogida de la propuesta, el Comit\u00e9 Paral\u00edmpico Espa\u00f1ol expuso el tema a nivel internacional, algo que ha repetido en varias ocasiones, pero, a d\u00eda de hoy, <b>siguen sin poder participar<\/b>, algo que les entristece y frustra, \u00absigo sin entender por qu\u00e9 no puedo ir a los Juegos Paral\u00edmpicos. <b>Esto tiene que cambiar ya<\/b>, para nosotros y para los dem\u00e1s atletas con discapacidad intelectual\u00bb, asegura Mikel.<\/p>\n<h1>Tengo 28 a\u00f1os, me estoy haciendo mayor. Creo que mi momento es ahora, pero por lo menos aspiro a Los \u00c1ngeles 2028 (Mikel)<\/h1>\n<p>En su caso, adem\u00e1s, si no lo consiguen para los pr\u00f3ximos juegos, cree improbable que pueda llegar a participar alg\u00fan d\u00eda, \u00abtengo 28 a\u00f1os, me estoy haciendo mayor. Creo que mi momento es ahora, pero por lo menos <b>aspiro a Los \u00c1ngeles 2028<\/b>\u00ab.<\/p>\n<p>Guillermo Gracia, por su parte, reconoce que en estos momentos siente \u00abrabia, incomprensi\u00f3n, frustraci\u00f3n y algo de &#8216;envidia&#8217;. Representar a tu pa\u00eds en unos Juegos Paral\u00edmpicos es el sue\u00f1o de muchos, y los deportistas con <a href=\"https:\/\/www.20minutos.es\/minuteca\/sindrome-de-down\/\" title=\"S\u00edndrome de Down\" target=\"_blank\" rel=\"noopener\">S\u00edndrome de Down<\/a> <b>nos sentimos impotentes <\/b>de no poder alcanzarlo, ni siquiera intentarlo, ya que no tenemos la oportunidad de demostrar nuestra val\u00eda\u00bb.<\/p>\n<h1>Los deportistas con S\u00edndrome de Down nos sentimos impotentes, no tenemos la oportunidad de demostrar nuestra val\u00eda (Guille)<\/h1>\n<h2>Reconocer la diversidad de la discapacidad intelectual<\/h2>\n<p>Deportistas como Mikel y Guille, en realidad no piden nada imposible. De hecho, es algo que ya se hace en las competiciones de Virtus -la federaci\u00f3n internacional de deportistas con discapacidad intelectual-. En los campeonatos de Virtus<b> hay tres clasificaciones dentro de la intelectual: II1, II2, II3<\/b>, \u00ablas personas con s\u00edndrome de Down estar\u00edamos dentro de la<b> II2: discapacidad intelectual y otra discapacidad asociada<\/b>. As\u00ed podr\u00edamos estar en igualdad de condiciones y de oportunidades\u00bb, asegura Guillermo.<\/p>\n<p>En la actualidad existe <b>una sola categor\u00eda para discapacidad intelectual<\/b> en los Paral\u00edmpicos, la <b>clasificaci\u00f3n funcional S14<\/b>, \u00abah\u00ed entramos todas las personas que tenemos reconocida una discapacidad intelectual, sea cual sea su naturaleza\u00bb, cuenta. Esto provoca que, como reconoce Lorena N\u00fa\u00f1ez, la madre de Guillermo, que sea \u00abimposible que una persona con S\u00edndrome de Down pueda conseguir una calificaci\u00f3n m\u00ednima para ir a unas paralimpiadas, ya que aparte de discapacidad intelectual, tienen <b>asociada una parte de discapacidad f\u00edsica<\/b>\u00ab. <\/p>\n<p>No se puede comparar, a\u00f1ade Lorena, \u00abla discapacidad intelectual y f\u00edsica que lleva asociado el S\u00edndrome de Down con otras discapacidades intelectuales. Las capacidades f\u00edsicas similares, dentro de una discapacidad intelectual, se pueden interpretar de muchas maneras, cuando una persona con S\u00edndrome de Down presenta un cariotipo de su trisom\u00eda, <b>ser\u00eda suficiente para definir esas capacidades f\u00edsicas similares<\/b>, no har\u00eda falta nada m\u00e1s, nuestra clasificaci\u00f3n ser\u00eda sencilla en ese sentido\u00bb. <\/p>\n<p><b>Es igualdad lo \u00fanico que piden<\/b>, pues en el resto de discapacidades s\u00ed existen distintas clasificaciones, 10 en las f\u00edsicas y 3 en las visuales, \u00ablas clases de la S1 a la S10 engloban a los que tienen discapacidad f\u00edsica o par\u00e1lisis cerebral, siendo los S1 los m\u00e1s afectados y los S10 los m\u00e1s leves. Las clases S11 se reserva a los nadadores ciegos y las clases S12 y S13 para los que tienen discapacidad visual y la S14 es para toda la discapacidad intelectual, y ah\u00ed <b>una persona con S\u00edndrome de Down<\/b> no tiene cabida, ya que aparte de intelectual, como ya he comentado, tiene parte f\u00edsica\u00bb. <\/p>\n<p>\u00abCreo que se deber\u00eda cambiar la clasificaci\u00f3n a nivel de Comit\u00e9 Paral\u00edmpico Internacional,<b> hacer nuevas clasificaciones <\/b>en las que podamos entrar todas las personas con discapacidad, como tienen hecho en la Federaci\u00f3n Internacional para personas con discapacidad intelectual (VIRTUS)\u00bb, asegura Guille, \u00abporque creo que todos los deportistas con discapacidad, ya sea f\u00edsica o intelectual, tenemos algo en com\u00fan, y no podemos hacer distinciones entre ellas; todos somos deportistas y tenemos derecho a tener, por lo menos, <b>las mismas oportunidades<\/b>. Se ve claramente que si de 139 representados, solo dos son intelectuales, algo hay que cambiar\u2026\u00bb.<\/p>\n<h1>Todos somos deportistas y tenemos derecho a tener, por lo menos, las mismas oportunidades (Guille)<\/h1>\n<p>Desde el Comit\u00e9 Paral\u00edmpico Espa\u00f1ol ya se ha hecho alg\u00fan intento y han a\u00f1adido la categor\u00eda S15, pero no lo consideran suficiente, \u00abpuntuamos como S14 y competimos contra ellos en puntuaci\u00f3n y en premiaci\u00f3n, es como dejarnos competir, pero <b>sin opci\u00f3n de reconocimiento<\/b>. Lo adecuado ser\u00eda adaptarlo al formato de F\u00edsicos, <b>con m\u00faltiples categor\u00edas que de verdad reflejen la diversidad real<\/b> que existe entre nosotros\u00bb, explican Guille y Lorena.<\/p>\n<p>Con estos peque\u00f1os cambios se lograr\u00eda lo que tanto ans\u00eda Mikel, \u00abque en los Juegos hubiera sitio para todos. Nosotros<b> sabemos que a las instituciones les cuesta moverse<\/b>, pero habr\u00eda que hacer es exigir al CPI (Comit\u00e9 Paral\u00edmpico Internacional) que ponga fecha ya, un horizonte y que no d\u00e9 m\u00e1s largas. Todos los deportistas con s\u00edndrome de Down somos atletas como los dem\u00e1s, que entrenan 5, 6 o 7 d\u00edas a la semana y que merecen ir a los Juegos\u00bb.<\/p>\n<h1>Los deportistas con s\u00edndrome de Down somos atletas como los dem\u00e1s. Entrenamos 5, 6 o 7 d\u00edas a la semana (Mikel)<\/h1>\n<p>En cualquier caso, quieren dejar claro que no quieren que sus reivindicaciones \u00abensombrezcan ni quiten protagonismo a la actuaci\u00f3n de los deportistas paral\u00edmpicos que se est\u00e1n dejando la piel para estar en los Juegos Paral\u00edmpicos y s\u00ed lo han conseguido.<b> Les deseamos mucha suerte y unos magn\u00edficos Juegos Paral\u00edmpicos en Par\u00eds<\/b>. Cuando pasen, seguiremos dando la tabarra con este tema, que es de justicia\u00bb, insiste Gotzon, el padre de Mikel. <\/p>\n<\/div>\n<p>Fuente: Discapacidad https:\/\/www.20minutos.es\/noticia\/5627396\/0\/mikel-guillermo-blanca-con-down-que-buscan-su-hueco-los-paralimpicos-queremos-las-mismas-oportunidades\/<\/p>\n","protected":false},"excerpt":{"rendered":"<p>Mikel Garc\u00eda Aguirrezabal y Guillermo Gracia tienen varias medallas internacionales, pero no oportunidad de ir a los Juegos Paral\u00edmpicos.<\/p>\n","protected":false},"author":1,"featured_media":0,"comment_status":"closed","ping_status":"closed","sticky":false,"template":"","format":"standard","meta":{"footnotes":""},"categories":[8],"tags":[],"class_list":["post-10268","post","type-post","status-publish","format-standard","hentry","category-noticias"],"yoast_head":"<!-- This site is optimized with the Yoast SEO plugin v27.5 - https:\/\/yoast.com\/product\/yoast-seo-wordpress\/ -->\n<title>Mikel y Guillermo, campeones con Down, buscan su hueco en los Juegos Paral\u00edmpicos: &quot;Queremos las mismas oportunidades&quot; - Asociaci\u00f3n Espa\u00f1ola S\u00edndrome de Charge<\/title>\n<meta name=\"robots\" content=\"index, follow, max-snippet:-1, max-image-preview:large, max-video-preview:-1\" \/>\n<link rel=\"canonical\" href=\"https:\/\/sindromecharge.es\/index.php\/2024\/08\/27\/mikel-guillermo-blanca-con-down-que-buscan-su-hueco-los-paralimpicos-queremos-las-mismas-oportunidades\/\" \/>\n<meta property=\"og:locale\" content=\"es_ES\" \/>\n<meta property=\"og:type\" content=\"article\" \/>\n<meta property=\"og:title\" content=\"Mikel y Guillermo, campeones con Down, buscan su hueco en los Juegos Paral\u00edmpicos: &quot;Queremos las mismas oportunidades&quot; - Asociaci\u00f3n Espa\u00f1ola S\u00edndrome de Charge\" \/>\n<meta property=\"og:description\" content=\"Mikel Garc\u00eda Aguirrezabal y Guillermo Gracia tienen varias medallas internacionales, pero no oportunidad de ir a los Juegos Paral\u00edmpicos.\" \/>\n<meta property=\"og:url\" content=\"https:\/\/sindromecharge.es\/index.php\/2024\/08\/27\/mikel-guillermo-blanca-con-down-que-buscan-su-hueco-los-paralimpicos-queremos-las-mismas-oportunidades\/\" \/>\n<meta property=\"og:site_name\" content=\"Asociaci\u00f3n Espa\u00f1ola S\u00edndrome de Charge\" \/>\n<meta property=\"article:publisher\" content=\"https:\/\/www.facebook.com\/asociacionsindromecharge\" \/>\n<meta property=\"article:published_time\" content=\"2024-08-27T05:16:10+00:00\" \/>\n<meta property=\"og:image\" content=\"https:\/\/sindromecharge.es\/wp-content\/uploads\/2013\/09\/logodecharge300x98.png\" \/>\n\t<meta property=\"og:image:width\" content=\"300\" \/>\n\t<meta property=\"og:image:height\" content=\"98\" \/>\n\t<meta property=\"og:image:type\" content=\"image\/png\" \/>\n<meta name=\"author\" content=\"Charge\" \/>\n<meta name=\"twitter:card\" content=\"summary_large_image\" \/>\n<meta name=\"twitter:creator\" content=\"@sindromecharge\" \/>\n<meta name=\"twitter:site\" content=\"@sindromecharge\" \/>\n<meta name=\"twitter:label1\" content=\"Escrito por\" \/>\n\t<meta name=\"twitter:data1\" content=\"Charge\" \/>\n\t<meta name=\"twitter:label2\" content=\"Tiempo de lectura\" \/>\n\t<meta name=\"twitter:data2\" content=\"6 minutos\" \/>\n<script type=\"application\/ld+json\" class=\"yoast-schema-graph\">{\"@context\":\"https:\\\/\\\/schema.org\",\"@graph\":[{\"@type\":\"Article\",\"@id\":\"https:\\\/\\\/sindromecharge.es\\\/index.php\\\/2024\\\/08\\\/27\\\/mikel-guillermo-blanca-con-down-que-buscan-su-hueco-los-paralimpicos-queremos-las-mismas-oportunidades\\\/#article\",\"isPartOf\":{\"@id\":\"https:\\\/\\\/sindromecharge.es\\\/index.php\\\/2024\\\/08\\\/27\\\/mikel-guillermo-blanca-con-down-que-buscan-su-hueco-los-paralimpicos-queremos-las-mismas-oportunidades\\\/\"},\"author\":{\"name\":\"Charge\",\"@id\":\"https:\\\/\\\/sindromecharge.es\\\/#\\\/schema\\\/person\\\/39a60ebe0a2b4d5a11179701e336b039\"},\"headline\":\"Mikel y Guillermo, campeones con Down, buscan su hueco en los Juegos Paral\u00edmpicos: \u00abQueremos las mismas oportunidades\u00bb\",\"datePublished\":\"2024-08-27T05:16:10+00:00\",\"mainEntityOfPage\":{\"@id\":\"https:\\\/\\\/sindromecharge.es\\\/index.php\\\/2024\\\/08\\\/27\\\/mikel-guillermo-blanca-con-down-que-buscan-su-hueco-los-paralimpicos-queremos-las-mismas-oportunidades\\\/\"},\"wordCount\":1315,\"articleSection\":[\"noticias\"],\"inLanguage\":\"es\"},{\"@type\":\"WebPage\",\"@id\":\"https:\\\/\\\/sindromecharge.es\\\/index.php\\\/2024\\\/08\\\/27\\\/mikel-guillermo-blanca-con-down-que-buscan-su-hueco-los-paralimpicos-queremos-las-mismas-oportunidades\\\/\",\"url\":\"https:\\\/\\\/sindromecharge.es\\\/index.php\\\/2024\\\/08\\\/27\\\/mikel-guillermo-blanca-con-down-que-buscan-su-hueco-los-paralimpicos-queremos-las-mismas-oportunidades\\\/\",\"name\":\"Mikel y Guillermo, campeones con Down, buscan su hueco en los Juegos Paral\u00edmpicos: \\\"Queremos las mismas oportunidades\\\" - Asociaci\u00f3n Espa\u00f1ola S\u00edndrome de Charge\",\"isPartOf\":{\"@id\":\"https:\\\/\\\/sindromecharge.es\\\/#website\"},\"datePublished\":\"2024-08-27T05:16:10+00:00\",\"author\":{\"@id\":\"https:\\\/\\\/sindromecharge.es\\\/#\\\/schema\\\/person\\\/39a60ebe0a2b4d5a11179701e336b039\"},\"breadcrumb\":{\"@id\":\"https:\\\/\\\/sindromecharge.es\\\/index.php\\\/2024\\\/08\\\/27\\\/mikel-guillermo-blanca-con-down-que-buscan-su-hueco-los-paralimpicos-queremos-las-mismas-oportunidades\\\/#breadcrumb\"},\"inLanguage\":\"es\",\"potentialAction\":[{\"@type\":\"ReadAction\",\"target\":[\"https:\\\/\\\/sindromecharge.es\\\/index.php\\\/2024\\\/08\\\/27\\\/mikel-guillermo-blanca-con-down-que-buscan-su-hueco-los-paralimpicos-queremos-las-mismas-oportunidades\\\/\"]}]},{\"@type\":\"BreadcrumbList\",\"@id\":\"https:\\\/\\\/sindromecharge.es\\\/index.php\\\/2024\\\/08\\\/27\\\/mikel-guillermo-blanca-con-down-que-buscan-su-hueco-los-paralimpicos-queremos-las-mismas-oportunidades\\\/#breadcrumb\",\"itemListElement\":[{\"@type\":\"ListItem\",\"position\":1,\"name\":\"Portada\",\"item\":\"https:\\\/\\\/sindromecharge.es\\\/\"},{\"@type\":\"ListItem\",\"position\":2,\"name\":\"Mikel y Guillermo, campeones con Down, buscan su hueco en los Juegos Paral\u00edmpicos: &#8220;Queremos las mismas oportunidades&#8221;\"}]},{\"@type\":\"WebSite\",\"@id\":\"https:\\\/\\\/sindromecharge.es\\\/#website\",\"url\":\"https:\\\/\\\/sindromecharge.es\\\/\",\"name\":\"Asociaci\u00f3n Espa\u00f1ola S\u00edndrome de Charge\",\"description\":\"\",\"potentialAction\":[{\"@type\":\"SearchAction\",\"target\":{\"@type\":\"EntryPoint\",\"urlTemplate\":\"https:\\\/\\\/sindromecharge.es\\\/?s={search_term_string}\"},\"query-input\":{\"@type\":\"PropertyValueSpecification\",\"valueRequired\":true,\"valueName\":\"search_term_string\"}}],\"inLanguage\":\"es\"},{\"@type\":\"Person\",\"@id\":\"https:\\\/\\\/sindromecharge.es\\\/#\\\/schema\\\/person\\\/39a60ebe0a2b4d5a11179701e336b039\",\"name\":\"Charge\",\"image\":{\"@type\":\"ImageObject\",\"inLanguage\":\"es\",\"@id\":\"https:\\\/\\\/secure.gravatar.com\\\/avatar\\\/c3b46e32a0fc3b093a0873fb767bf3293de856293065e84ef06b7ec7a8acfb98?s=96&d=identicon&r=x\",\"url\":\"https:\\\/\\\/secure.gravatar.com\\\/avatar\\\/c3b46e32a0fc3b093a0873fb767bf3293de856293065e84ef06b7ec7a8acfb98?s=96&d=identicon&r=x\",\"contentUrl\":\"https:\\\/\\\/secure.gravatar.com\\\/avatar\\\/c3b46e32a0fc3b093a0873fb767bf3293de856293065e84ef06b7ec7a8acfb98?s=96&d=identicon&r=x\",\"caption\":\"Charge\"},\"url\":\"https:\\\/\\\/sindromecharge.es\\\/index.php\\\/author\\\/admin\\\/\"}]}<\/script>\n<!-- \/ Yoast SEO plugin. -->","yoast_head_json":{"title":"Mikel y Guillermo, campeones con Down, buscan su hueco en los Juegos Paral\u00edmpicos: \"Queremos las mismas oportunidades\" - Asociaci\u00f3n Espa\u00f1ola S\u00edndrome de Charge","robots":{"index":"index","follow":"follow","max-snippet":"max-snippet:-1","max-image-preview":"max-image-preview:large","max-video-preview":"max-video-preview:-1"},"canonical":"https:\/\/sindromecharge.es\/index.php\/2024\/08\/27\/mikel-guillermo-blanca-con-down-que-buscan-su-hueco-los-paralimpicos-queremos-las-mismas-oportunidades\/","og_locale":"es_ES","og_type":"article","og_title":"Mikel y Guillermo, campeones con Down, buscan su hueco en los Juegos Paral\u00edmpicos: \"Queremos las mismas oportunidades\" - Asociaci\u00f3n Espa\u00f1ola S\u00edndrome de Charge","og_description":"Mikel Garc\u00eda Aguirrezabal y Guillermo Gracia tienen varias medallas internacionales, pero no oportunidad de ir a los Juegos Paral\u00edmpicos.","og_url":"https:\/\/sindromecharge.es\/index.php\/2024\/08\/27\/mikel-guillermo-blanca-con-down-que-buscan-su-hueco-los-paralimpicos-queremos-las-mismas-oportunidades\/","og_site_name":"Asociaci\u00f3n Espa\u00f1ola S\u00edndrome de Charge","article_publisher":"https:\/\/www.facebook.com\/asociacionsindromecharge","article_published_time":"2024-08-27T05:16:10+00:00","og_image":[{"width":300,"height":98,"url":"https:\/\/sindromecharge.es\/wp-content\/uploads\/2013\/09\/logodecharge300x98.png","type":"image\/png"}],"author":"Charge","twitter_card":"summary_large_image","twitter_creator":"@sindromecharge","twitter_site":"@sindromecharge","twitter_misc":{"Escrito por":"Charge","Tiempo de lectura":"6 minutos"},"schema":{"@context":"https:\/\/schema.org","@graph":[{"@type":"Article","@id":"https:\/\/sindromecharge.es\/index.php\/2024\/08\/27\/mikel-guillermo-blanca-con-down-que-buscan-su-hueco-los-paralimpicos-queremos-las-mismas-oportunidades\/#article","isPartOf":{"@id":"https:\/\/sindromecharge.es\/index.php\/2024\/08\/27\/mikel-guillermo-blanca-con-down-que-buscan-su-hueco-los-paralimpicos-queremos-las-mismas-oportunidades\/"},"author":{"name":"Charge","@id":"https:\/\/sindromecharge.es\/#\/schema\/person\/39a60ebe0a2b4d5a11179701e336b039"},"headline":"Mikel y Guillermo, campeones con Down, buscan su hueco en los Juegos Paral\u00edmpicos: \u00abQueremos las mismas oportunidades\u00bb","datePublished":"2024-08-27T05:16:10+00:00","mainEntityOfPage":{"@id":"https:\/\/sindromecharge.es\/index.php\/2024\/08\/27\/mikel-guillermo-blanca-con-down-que-buscan-su-hueco-los-paralimpicos-queremos-las-mismas-oportunidades\/"},"wordCount":1315,"articleSection":["noticias"],"inLanguage":"es"},{"@type":"WebPage","@id":"https:\/\/sindromecharge.es\/index.php\/2024\/08\/27\/mikel-guillermo-blanca-con-down-que-buscan-su-hueco-los-paralimpicos-queremos-las-mismas-oportunidades\/","url":"https:\/\/sindromecharge.es\/index.php\/2024\/08\/27\/mikel-guillermo-blanca-con-down-que-buscan-su-hueco-los-paralimpicos-queremos-las-mismas-oportunidades\/","name":"Mikel y Guillermo, campeones con Down, buscan su hueco en los Juegos Paral\u00edmpicos: \"Queremos las mismas oportunidades\" - Asociaci\u00f3n Espa\u00f1ola S\u00edndrome de Charge","isPartOf":{"@id":"https:\/\/sindromecharge.es\/#website"},"datePublished":"2024-08-27T05:16:10+00:00","author":{"@id":"https:\/\/sindromecharge.es\/#\/schema\/person\/39a60ebe0a2b4d5a11179701e336b039"},"breadcrumb":{"@id":"https:\/\/sindromecharge.es\/index.php\/2024\/08\/27\/mikel-guillermo-blanca-con-down-que-buscan-su-hueco-los-paralimpicos-queremos-las-mismas-oportunidades\/#breadcrumb"},"inLanguage":"es","potentialAction":[{"@type":"ReadAction","target":["https:\/\/sindromecharge.es\/index.php\/2024\/08\/27\/mikel-guillermo-blanca-con-down-que-buscan-su-hueco-los-paralimpicos-queremos-las-mismas-oportunidades\/"]}]},{"@type":"BreadcrumbList","@id":"https:\/\/sindromecharge.es\/index.php\/2024\/08\/27\/mikel-guillermo-blanca-con-down-que-buscan-su-hueco-los-paralimpicos-queremos-las-mismas-oportunidades\/#breadcrumb","itemListElement":[{"@type":"ListItem","position":1,"name":"Portada","item":"https:\/\/sindromecharge.es\/"},{"@type":"ListItem","position":2,"name":"Mikel y Guillermo, campeones con Down, buscan su hueco en los Juegos Paral\u00edmpicos: &#8220;Queremos las mismas oportunidades&#8221;"}]},{"@type":"WebSite","@id":"https:\/\/sindromecharge.es\/#website","url":"https:\/\/sindromecharge.es\/","name":"Asociaci\u00f3n Espa\u00f1ola S\u00edndrome de Charge","description":"","potentialAction":[{"@type":"SearchAction","target":{"@type":"EntryPoint","urlTemplate":"https:\/\/sindromecharge.es\/?s={search_term_string}"},"query-input":{"@type":"PropertyValueSpecification","valueRequired":true,"valueName":"search_term_string"}}],"inLanguage":"es"},{"@type":"Person","@id":"https:\/\/sindromecharge.es\/#\/schema\/person\/39a60ebe0a2b4d5a11179701e336b039","name":"Charge","image":{"@type":"ImageObject","inLanguage":"es","@id":"https:\/\/secure.gravatar.com\/avatar\/c3b46e32a0fc3b093a0873fb767bf3293de856293065e84ef06b7ec7a8acfb98?s=96&d=identicon&r=x","url":"https:\/\/secure.gravatar.com\/avatar\/c3b46e32a0fc3b093a0873fb767bf3293de856293065e84ef06b7ec7a8acfb98?s=96&d=identicon&r=x","contentUrl":"https:\/\/secure.gravatar.com\/avatar\/c3b46e32a0fc3b093a0873fb767bf3293de856293065e84ef06b7ec7a8acfb98?s=96&d=identicon&r=x","caption":"Charge"},"url":"https:\/\/sindromecharge.es\/index.php\/author\/admin\/"}]}},"_links":{"self":[{"href":"https:\/\/sindromecharge.es\/index.php\/wp-json\/wp\/v2\/posts\/10268","targetHints":{"allow":["GET"]}}],"collection":[{"href":"https:\/\/sindromecharge.es\/index.php\/wp-json\/wp\/v2\/posts"}],"about":[{"href":"https:\/\/sindromecharge.es\/index.php\/wp-json\/wp\/v2\/types\/post"}],"author":[{"embeddable":true,"href":"https:\/\/sindromecharge.es\/index.php\/wp-json\/wp\/v2\/users\/1"}],"replies":[{"embeddable":true,"href":"https:\/\/sindromecharge.es\/index.php\/wp-json\/wp\/v2\/comments?post=10268"}],"version-history":[{"count":0,"href":"https:\/\/sindromecharge.es\/index.php\/wp-json\/wp\/v2\/posts\/10268\/revisions"}],"wp:attachment":[{"href":"https:\/\/sindromecharge.es\/index.php\/wp-json\/wp\/v2\/media?parent=10268"}],"wp:term":[{"taxonomy":"category","embeddable":true,"href":"https:\/\/sindromecharge.es\/index.php\/wp-json\/wp\/v2\/categories?post=10268"},{"taxonomy":"post_tag","embeddable":true,"href":"https:\/\/sindromecharge.es\/index.php\/wp-json\/wp\/v2\/tags?post=10268"}],"curies":[{"name":"wp","href":"https:\/\/api.w.org\/{rel}","templated":true}]}}