{"id":10267,"date":"2024-08-27T04:35:00","date_gmt":"2024-08-27T04:35:00","guid":{"rendered":"https:\/\/sindromecharge.es\/index.php\/2024\/08\/27\/los-asistentes-virtuales-facilitan-vida-las-personas-con-discapacidad-visual-5627694\/"},"modified":"2024-08-27T04:35:00","modified_gmt":"2024-08-27T04:35:00","slug":"los-asistentes-virtuales-facilitan-vida-las-personas-con-discapacidad-visual-5627694","status":"publish","type":"post","link":"https:\/\/sindromecharge.es\/index.php\/2024\/08\/27\/los-asistentes-virtuales-facilitan-vida-las-personas-con-discapacidad-visual-5627694\/","title":{"rendered":"C\u00f3mo configurar un asistente virtual para que ayude a personas con discapacidad visual"},"content":{"rendered":"<p>Leemos en Discapacidad la siguiente noticia que os reproducimos de forma \u00edntegra: <\/p>\n<div>\n<p>Alexa o Siri son los nombres m\u00e1s conocidos de <b>asistentes virtuales<\/b>. Estas herramientas est\u00e1n incluidas en los tel\u00e9fonos m\u00f3viles y dispositivos dom\u00e9sticos m\u00e1s modernos para facilitar diferentes acciones a trav\u00e9s de comandos de voz, como hacer una llamada, realizar un pedido y controlar las luces de la habitaci\u00f3n. Adem\u00e1s, son una gran ayuda para las <b>personas con <a href=\"https:\/\/www.20minutos.es\/minuteca\/discapacidad\/\" title=\"Discapacidad\" target=\"_blank\" rel=\"noopener\">discapacidad<\/a><\/b>.<\/p>\n<p>Un asistente virtual es un programa que es capaz de <b>reconocer la forma de hablar<\/b> de una persona gracias al procesamiento del lenguaje natural y, al mismo tiempo, ejecutar una serie de acciones tecnol\u00f3gicas.<\/p>\n<p>Hasta hace pocos a\u00f1os, estos asistentes parec\u00edan exclusivos de la ciencia ficci\u00f3n pero r\u00e1pidamente se han integrado en los<b> tel\u00e9fonos m\u00f3viles<\/b> y en aparatos dom\u00e9sticos. As\u00ed, permiten todo tipo de acciones: desde jugar a Pasapalabra o conocer las noticias del d\u00eda hasta guiar durante una receta o ubicar a alguien en un lugar.<\/p>\n<p>Gracias a otros dispositivos como altavoces, bombillas o enchufes &#8216;inteligentes&#8217; (conectados a internet y que se pueden comunicar entre s\u00ed en lo que se conoce como <b>Internet de las cosas<\/b>) tambi\u00e9n es posible realizar otras acciones como apagar las luces de una habitaci\u00f3n, bajar las persianas o encender una cafetera. Todo a trav\u00e9s de nuestra voz.<\/p>\n<p>Estos asistentes de voz tienen algunas limitaciones y, en un principio, no pueden ir m\u00e1s all\u00e1 de las acciones para las que est\u00e1n programados\u2026 a no ser que se cree expresamente esa funci\u00f3n. Es posible configurar comandos y<b> acciones personalizadas<\/b>, que reciben el nombre de &#8216;skills&#8217;. As\u00ed es precisamente como la <a href=\"https:\/\/www.20minutos.es\/minuteca\/fundacion-once\/\" title=\"Fundaci\u00f3n Once\" target=\"_blank\" rel=\"noopener\">Fundaci\u00f3n ONCE<\/a> ha desarrollado una serie de funciones para Alexa que permiten entrar a su Biblioteca Digital y acceder al cat\u00e1logo de libros.<\/p>\n<h2>Tres grandes asistentes virtuales<br \/><\/h2>\n<p>Cada compa\u00f1\u00eda tecnol\u00f3gica ha dise\u00f1ado diferentes asistentes virtuales que se integran con su propio ecosistema de dispositivos. Karina Ram\u00edrez, <b>consultora en accesibilidad <\/b>en el<b> Centro de Tiflotecnolog\u00eda e Innovaci\u00f3n de la ONCE<\/b>, se\u00f1ala que todos estos asistentes vienen a realizar el mismo tipo de acciones y que la diferencia entre ellos se encuentra en la marca de dispositivos que usemos o que ya hayamos adquirido, como puede ser un m\u00f3vil Android o un altavoz de Amazon.<\/p>\n<p>Seg\u00fan la ONCE, entre las opciones m\u00e1s usadas en Espa\u00f1a se encuentra <b>Siri<\/b>: el asistente virtual de Apple y que viene instalado por defecto en m\u00f3viles iPhone, tabletas iPad, relojes Apple Watch, ordenadores Mac o altavoces Homepod. S\u00f3lo Siri puede realizar algunos comandos en <b>dispositivos iPhone<\/b>, como es cambiar el brillo de la pantalla o utilizarlo cuando el tel\u00e9fono est\u00e1 bloqueado. El comando para activarlo es &#8216;Hey Siri&#8217;.<\/p>\n<p>Por su parte, <b>Alexa es el asistente virtual de Amazon<\/b> y se encuentra en dispositivos como los altavoces Echo, las pantallas Echo Show y dispositivos de streaming como Amazon Fire TV Stick. Tambi\u00e9n se puede instalar en dispositivos <b>Android<\/b>, pero hay que tener en cuenta que no viene activada por defecto. Su frase de activaci\u00f3n es simplemente &#8216;Alexa&#8217;.<\/p>\n<p>Asimismo, <b>Google Assistant <\/b>es el asistente virtual de Google y se encuentra instalado de forma predeterminada en tel\u00e9fonos Android, aunque tambi\u00e9n se puede instalar en dispositivos Apple. Igualmente, puede encontrarse en altavoces de la compa\u00f1\u00eda como Google Nest, pantallas Google Nest Hub o algunas televisiones de marcas como Sony o Panasonic. Su frase de activaci\u00f3n es \u201cHey Google\u201d.<\/p>\n<h2>C\u00f3mo configurar el asistente virtual<\/h2>\n<p>La configuraci\u00f3n de un asistente virtual puede resultar complicada para cualquier personas y m\u00e1s a\u00fan para personas con discapacidad visual que no ven correctamente y tienen que activar esta funci\u00f3n en su nuevo dispositivo para disfrutar de sus ventajas y facilidades.<\/p>\n<p>En el caso del asistente de Google, lo primero es instalar la aplicaci\u00f3n a trav\u00e9s de la Play Store o de la AppStore. A continuaci\u00f3n es posible activarlo manteniendo el bot\u00f3n de inicio o accediendo a la aplicaci\u00f3n. Seguramente en ese momento el dispositivo pedir\u00e1<b> activar el micr\u00f3fono y recitar una serie de frases en voz alta<\/b> para que pueda distinguir la voz del usuario.<\/p>\n<p>Para activar el asistente \u00fanicamente con la voz de una persona, hay que abrir la aplicaci\u00f3n, pulsar en la <b>imagen de perfil <\/b>y dirigirse al apartado Ajustes Populares, Hey Google y Voice Match para seleccionar esta opci\u00f3n. Desde el apartado de Ajustes Populares tambi\u00e9n puede seleccionarse la opci\u00f3n de Pantalla de bloqueo para utilizar el dispositivo aunque no est\u00e9 desbloqueado.<\/p>\n<p>Para <b>Siri<\/b>, hay que ser consciente de que s\u00f3lo puede utilizarse en <b>dispositivos iPhone<\/b> y debe activare a trav\u00e9s de Ajustes, del apartado de Siri o usando el buscador dentro de la configuraci\u00f3n del tel\u00e9fono. Para usar \u00fanicamente la propia voz, hay que seleccionar la opci\u00f3n &#8216;Al o\u00edr&#8217; y despu\u00e9s &#8216;Oye Siri&#8217;. Tambi\u00e9n se puede invocar a Siri con un bot\u00f3n si se selecciona la opci\u00f3n &#8216;Tocar el bot\u00f3n lateral \/ de inicio para abrir Siri&#8217;, o con la pantalla del tel\u00e9fono bloqueada.<\/p>\n<p>Por su parte, <b>Alexa<\/b> obliga a<b> descargar la aplicaci\u00f3n de Amazon<\/b> desde la Play Store para dispositivos de Android o de la AppStore para los de Apple, ya que no suele venir instalada por defecto. Despu\u00e9s, hay que abrir la aplicaci\u00f3n y realizar una configuraci\u00f3n inicia en la que pedir\u00e1 varios datos personales y leer una serie de frases en alto para que Alexa distinga la voz. A continuaci\u00f3n hay que dirigirse a Configuraci\u00f3n, Aplicaciones y seleccionar a la opci\u00f3n de Aplicaciones predeterminadas para seleccionar a Alexa. Esta opci\u00f3n s\u00f3lo se puede configurar en<b> dispositivos Android<\/b>.<\/p>\n<p>La configuraci\u00f3n de otro tipo de dispositivos (altavoces, televisores, enchufes\u2026) depende de cada marca, por lo que es importante fijarse en las instrucciones de fabricantes como Google o Amazon para activar otras opciones de accesibilidad. Aunque la mayor\u00eda tambi\u00e9n se pueden configurar a trav\u00e9s de la voz, en algunos casos estos aparatos no cuentan con <b>opciones de <a href=\"https:\/\/www.20minutos.es\/minuteca\/accesibilidad\/\" title=\"Accesibilidad\" target=\"_blank\" rel=\"noopener\">accesibilidad<\/a><\/b> y se basan en pistas visuales (por ejemplo luces que parpadean o est\u00e1ticas).<\/p>\n<h2>Seguridad y privacidad<\/h2>\n<p>Los usuarios suelen tener dudas sobre los datos personales que recopilan estas aplicaciones y hasta qu\u00e9 punto est\u00e1n &#8216;escuchando&#8217; o &#8216;nos esp\u00edan&#8217;, sobre todo al activar alguna de las opciones en las que en cualquier momento se puede dar una orden. Aunque, en teor\u00eda, estos asistentes s\u00f3lo recogen informaci\u00f3n despu\u00e9s de escuchar la<b> frase de activaci\u00f3n<\/b>, existen casos probados de que se activan cuando no deber\u00edan, grabando conversaciones privadas, y otros en que hab\u00eda equipos humanos escuchando las peticiones para, supuestamente, &#8216;mejorar el servicio&#8217;.<\/p>\n<p>Por eso, Karina Ram\u00edrez recomienda a cualquier persona con discapacidad tener el mismo cuidado y tomar las mismas medidas para <b>proteger su privacidad<\/b> que una persona sin discapacidad a la hora de usar un asistente virtual. En este sentido, conviene conocer las pol\u00edticas de privacidad de cada aplicaci\u00f3n. Apple asegura que esta informaci\u00f3n es an\u00f3nima y que no se va a emplear para realizar un perfil publicitario, aunque en el caso de Google y Alexa esta informaci\u00f3n s\u00ed se puede utilizar para mostrarnos anuncios o recomendaciones personalizadas.<\/p>\n<p>Para mayor seguridad, es posible limitar los datos que un asistente virtual recoge y limitar sus funciones. Las grabaciones se almacenan hasta que el usuario decida eliminarlas en el historial de asistente.<\/p>\n<\/div>\n<p>Fuente: Discapacidad https:\/\/www.20minutos.es\/noticia\/5627694\/0\/los-asistentes-virtuales-facilitan-vida-las-personas-con-discapacidad-visual-5627694\/<\/p>\n","protected":false},"excerpt":{"rendered":"<p>Asistentes virtuales como Alexa, Siri o Google asistan pueden ser muy \u00fatiles para las personas con discapacidad.<\/p>\n","protected":false},"author":1,"featured_media":0,"comment_status":"closed","ping_status":"closed","sticky":false,"template":"","format":"standard","meta":{"footnotes":""},"categories":[8],"tags":[],"class_list":["post-10267","post","type-post","status-publish","format-standard","hentry","category-noticias"],"yoast_head":"<!-- This site is optimized with the Yoast SEO plugin v27.5 - https:\/\/yoast.com\/product\/yoast-seo-wordpress\/ -->\n<title>C\u00f3mo configurar un asistente virtual para que ayude a personas con discapacidad visual - Asociaci\u00f3n Espa\u00f1ola S\u00edndrome de Charge<\/title>\n<meta name=\"robots\" content=\"index, follow, max-snippet:-1, max-image-preview:large, max-video-preview:-1\" \/>\n<link rel=\"canonical\" href=\"https:\/\/sindromecharge.es\/index.php\/2024\/08\/27\/los-asistentes-virtuales-facilitan-vida-las-personas-con-discapacidad-visual-5627694\/\" \/>\n<meta property=\"og:locale\" content=\"es_ES\" \/>\n<meta property=\"og:type\" content=\"article\" \/>\n<meta property=\"og:title\" content=\"C\u00f3mo configurar un asistente virtual para que ayude a personas con discapacidad visual - Asociaci\u00f3n Espa\u00f1ola S\u00edndrome de Charge\" \/>\n<meta property=\"og:description\" content=\"Asistentes virtuales como Alexa, Siri o Google asistan pueden ser muy \u00fatiles para las personas con discapacidad.\" \/>\n<meta property=\"og:url\" content=\"https:\/\/sindromecharge.es\/index.php\/2024\/08\/27\/los-asistentes-virtuales-facilitan-vida-las-personas-con-discapacidad-visual-5627694\/\" \/>\n<meta property=\"og:site_name\" content=\"Asociaci\u00f3n Espa\u00f1ola S\u00edndrome de Charge\" \/>\n<meta property=\"article:publisher\" content=\"https:\/\/www.facebook.com\/asociacionsindromecharge\" \/>\n<meta property=\"article:published_time\" content=\"2024-08-27T04:35:00+00:00\" \/>\n<meta property=\"og:image\" content=\"https:\/\/sindromecharge.es\/wp-content\/uploads\/2013\/09\/logodecharge300x98.png\" \/>\n\t<meta property=\"og:image:width\" content=\"300\" \/>\n\t<meta property=\"og:image:height\" content=\"98\" \/>\n\t<meta property=\"og:image:type\" content=\"image\/png\" \/>\n<meta name=\"author\" content=\"Charge\" \/>\n<meta name=\"twitter:card\" content=\"summary_large_image\" \/>\n<meta name=\"twitter:creator\" content=\"@sindromecharge\" \/>\n<meta name=\"twitter:site\" content=\"@sindromecharge\" \/>\n<meta name=\"twitter:label1\" content=\"Escrito por\" \/>\n\t<meta name=\"twitter:data1\" content=\"Charge\" \/>\n\t<meta name=\"twitter:label2\" content=\"Tiempo de lectura\" \/>\n\t<meta name=\"twitter:data2\" content=\"6 minutos\" \/>\n<script type=\"application\/ld+json\" class=\"yoast-schema-graph\">{\"@context\":\"https:\\\/\\\/schema.org\",\"@graph\":[{\"@type\":\"Article\",\"@id\":\"https:\\\/\\\/sindromecharge.es\\\/index.php\\\/2024\\\/08\\\/27\\\/los-asistentes-virtuales-facilitan-vida-las-personas-con-discapacidad-visual-5627694\\\/#article\",\"isPartOf\":{\"@id\":\"https:\\\/\\\/sindromecharge.es\\\/index.php\\\/2024\\\/08\\\/27\\\/los-asistentes-virtuales-facilitan-vida-las-personas-con-discapacidad-visual-5627694\\\/\"},\"author\":{\"name\":\"Charge\",\"@id\":\"https:\\\/\\\/sindromecharge.es\\\/#\\\/schema\\\/person\\\/39a60ebe0a2b4d5a11179701e336b039\"},\"headline\":\"C\u00f3mo configurar un asistente virtual para que ayude a personas con discapacidad visual\",\"datePublished\":\"2024-08-27T04:35:00+00:00\",\"mainEntityOfPage\":{\"@id\":\"https:\\\/\\\/sindromecharge.es\\\/index.php\\\/2024\\\/08\\\/27\\\/los-asistentes-virtuales-facilitan-vida-las-personas-con-discapacidad-visual-5627694\\\/\"},\"wordCount\":1301,\"articleSection\":[\"noticias\"],\"inLanguage\":\"es\"},{\"@type\":\"WebPage\",\"@id\":\"https:\\\/\\\/sindromecharge.es\\\/index.php\\\/2024\\\/08\\\/27\\\/los-asistentes-virtuales-facilitan-vida-las-personas-con-discapacidad-visual-5627694\\\/\",\"url\":\"https:\\\/\\\/sindromecharge.es\\\/index.php\\\/2024\\\/08\\\/27\\\/los-asistentes-virtuales-facilitan-vida-las-personas-con-discapacidad-visual-5627694\\\/\",\"name\":\"C\u00f3mo configurar un asistente virtual para que ayude a personas con discapacidad visual - Asociaci\u00f3n Espa\u00f1ola S\u00edndrome de Charge\",\"isPartOf\":{\"@id\":\"https:\\\/\\\/sindromecharge.es\\\/#website\"},\"datePublished\":\"2024-08-27T04:35:00+00:00\",\"author\":{\"@id\":\"https:\\\/\\\/sindromecharge.es\\\/#\\\/schema\\\/person\\\/39a60ebe0a2b4d5a11179701e336b039\"},\"breadcrumb\":{\"@id\":\"https:\\\/\\\/sindromecharge.es\\\/index.php\\\/2024\\\/08\\\/27\\\/los-asistentes-virtuales-facilitan-vida-las-personas-con-discapacidad-visual-5627694\\\/#breadcrumb\"},\"inLanguage\":\"es\",\"potentialAction\":[{\"@type\":\"ReadAction\",\"target\":[\"https:\\\/\\\/sindromecharge.es\\\/index.php\\\/2024\\\/08\\\/27\\\/los-asistentes-virtuales-facilitan-vida-las-personas-con-discapacidad-visual-5627694\\\/\"]}]},{\"@type\":\"BreadcrumbList\",\"@id\":\"https:\\\/\\\/sindromecharge.es\\\/index.php\\\/2024\\\/08\\\/27\\\/los-asistentes-virtuales-facilitan-vida-las-personas-con-discapacidad-visual-5627694\\\/#breadcrumb\",\"itemListElement\":[{\"@type\":\"ListItem\",\"position\":1,\"name\":\"Portada\",\"item\":\"https:\\\/\\\/sindromecharge.es\\\/\"},{\"@type\":\"ListItem\",\"position\":2,\"name\":\"C\u00f3mo configurar un asistente virtual para que ayude a personas con discapacidad visual\"}]},{\"@type\":\"WebSite\",\"@id\":\"https:\\\/\\\/sindromecharge.es\\\/#website\",\"url\":\"https:\\\/\\\/sindromecharge.es\\\/\",\"name\":\"Asociaci\u00f3n Espa\u00f1ola S\u00edndrome de Charge\",\"description\":\"\",\"potentialAction\":[{\"@type\":\"SearchAction\",\"target\":{\"@type\":\"EntryPoint\",\"urlTemplate\":\"https:\\\/\\\/sindromecharge.es\\\/?s={search_term_string}\"},\"query-input\":{\"@type\":\"PropertyValueSpecification\",\"valueRequired\":true,\"valueName\":\"search_term_string\"}}],\"inLanguage\":\"es\"},{\"@type\":\"Person\",\"@id\":\"https:\\\/\\\/sindromecharge.es\\\/#\\\/schema\\\/person\\\/39a60ebe0a2b4d5a11179701e336b039\",\"name\":\"Charge\",\"image\":{\"@type\":\"ImageObject\",\"inLanguage\":\"es\",\"@id\":\"https:\\\/\\\/secure.gravatar.com\\\/avatar\\\/c3b46e32a0fc3b093a0873fb767bf3293de856293065e84ef06b7ec7a8acfb98?s=96&d=identicon&r=x\",\"url\":\"https:\\\/\\\/secure.gravatar.com\\\/avatar\\\/c3b46e32a0fc3b093a0873fb767bf3293de856293065e84ef06b7ec7a8acfb98?s=96&d=identicon&r=x\",\"contentUrl\":\"https:\\\/\\\/secure.gravatar.com\\\/avatar\\\/c3b46e32a0fc3b093a0873fb767bf3293de856293065e84ef06b7ec7a8acfb98?s=96&d=identicon&r=x\",\"caption\":\"Charge\"},\"url\":\"https:\\\/\\\/sindromecharge.es\\\/index.php\\\/author\\\/admin\\\/\"}]}<\/script>\n<!-- \/ Yoast SEO plugin. -->","yoast_head_json":{"title":"C\u00f3mo configurar un asistente virtual para que ayude a personas con discapacidad visual - Asociaci\u00f3n Espa\u00f1ola S\u00edndrome de Charge","robots":{"index":"index","follow":"follow","max-snippet":"max-snippet:-1","max-image-preview":"max-image-preview:large","max-video-preview":"max-video-preview:-1"},"canonical":"https:\/\/sindromecharge.es\/index.php\/2024\/08\/27\/los-asistentes-virtuales-facilitan-vida-las-personas-con-discapacidad-visual-5627694\/","og_locale":"es_ES","og_type":"article","og_title":"C\u00f3mo configurar un asistente virtual para que ayude a personas con discapacidad visual - Asociaci\u00f3n Espa\u00f1ola S\u00edndrome de Charge","og_description":"Asistentes virtuales como Alexa, Siri o Google asistan pueden ser muy \u00fatiles para las personas con discapacidad.","og_url":"https:\/\/sindromecharge.es\/index.php\/2024\/08\/27\/los-asistentes-virtuales-facilitan-vida-las-personas-con-discapacidad-visual-5627694\/","og_site_name":"Asociaci\u00f3n Espa\u00f1ola S\u00edndrome de Charge","article_publisher":"https:\/\/www.facebook.com\/asociacionsindromecharge","article_published_time":"2024-08-27T04:35:00+00:00","og_image":[{"width":300,"height":98,"url":"https:\/\/sindromecharge.es\/wp-content\/uploads\/2013\/09\/logodecharge300x98.png","type":"image\/png"}],"author":"Charge","twitter_card":"summary_large_image","twitter_creator":"@sindromecharge","twitter_site":"@sindromecharge","twitter_misc":{"Escrito por":"Charge","Tiempo de lectura":"6 minutos"},"schema":{"@context":"https:\/\/schema.org","@graph":[{"@type":"Article","@id":"https:\/\/sindromecharge.es\/index.php\/2024\/08\/27\/los-asistentes-virtuales-facilitan-vida-las-personas-con-discapacidad-visual-5627694\/#article","isPartOf":{"@id":"https:\/\/sindromecharge.es\/index.php\/2024\/08\/27\/los-asistentes-virtuales-facilitan-vida-las-personas-con-discapacidad-visual-5627694\/"},"author":{"name":"Charge","@id":"https:\/\/sindromecharge.es\/#\/schema\/person\/39a60ebe0a2b4d5a11179701e336b039"},"headline":"C\u00f3mo configurar un asistente virtual para que ayude a personas con discapacidad visual","datePublished":"2024-08-27T04:35:00+00:00","mainEntityOfPage":{"@id":"https:\/\/sindromecharge.es\/index.php\/2024\/08\/27\/los-asistentes-virtuales-facilitan-vida-las-personas-con-discapacidad-visual-5627694\/"},"wordCount":1301,"articleSection":["noticias"],"inLanguage":"es"},{"@type":"WebPage","@id":"https:\/\/sindromecharge.es\/index.php\/2024\/08\/27\/los-asistentes-virtuales-facilitan-vida-las-personas-con-discapacidad-visual-5627694\/","url":"https:\/\/sindromecharge.es\/index.php\/2024\/08\/27\/los-asistentes-virtuales-facilitan-vida-las-personas-con-discapacidad-visual-5627694\/","name":"C\u00f3mo configurar un asistente virtual para que ayude a personas con discapacidad visual - Asociaci\u00f3n Espa\u00f1ola S\u00edndrome de Charge","isPartOf":{"@id":"https:\/\/sindromecharge.es\/#website"},"datePublished":"2024-08-27T04:35:00+00:00","author":{"@id":"https:\/\/sindromecharge.es\/#\/schema\/person\/39a60ebe0a2b4d5a11179701e336b039"},"breadcrumb":{"@id":"https:\/\/sindromecharge.es\/index.php\/2024\/08\/27\/los-asistentes-virtuales-facilitan-vida-las-personas-con-discapacidad-visual-5627694\/#breadcrumb"},"inLanguage":"es","potentialAction":[{"@type":"ReadAction","target":["https:\/\/sindromecharge.es\/index.php\/2024\/08\/27\/los-asistentes-virtuales-facilitan-vida-las-personas-con-discapacidad-visual-5627694\/"]}]},{"@type":"BreadcrumbList","@id":"https:\/\/sindromecharge.es\/index.php\/2024\/08\/27\/los-asistentes-virtuales-facilitan-vida-las-personas-con-discapacidad-visual-5627694\/#breadcrumb","itemListElement":[{"@type":"ListItem","position":1,"name":"Portada","item":"https:\/\/sindromecharge.es\/"},{"@type":"ListItem","position":2,"name":"C\u00f3mo configurar un asistente virtual para que ayude a personas con discapacidad visual"}]},{"@type":"WebSite","@id":"https:\/\/sindromecharge.es\/#website","url":"https:\/\/sindromecharge.es\/","name":"Asociaci\u00f3n Espa\u00f1ola S\u00edndrome de Charge","description":"","potentialAction":[{"@type":"SearchAction","target":{"@type":"EntryPoint","urlTemplate":"https:\/\/sindromecharge.es\/?s={search_term_string}"},"query-input":{"@type":"PropertyValueSpecification","valueRequired":true,"valueName":"search_term_string"}}],"inLanguage":"es"},{"@type":"Person","@id":"https:\/\/sindromecharge.es\/#\/schema\/person\/39a60ebe0a2b4d5a11179701e336b039","name":"Charge","image":{"@type":"ImageObject","inLanguage":"es","@id":"https:\/\/secure.gravatar.com\/avatar\/c3b46e32a0fc3b093a0873fb767bf3293de856293065e84ef06b7ec7a8acfb98?s=96&d=identicon&r=x","url":"https:\/\/secure.gravatar.com\/avatar\/c3b46e32a0fc3b093a0873fb767bf3293de856293065e84ef06b7ec7a8acfb98?s=96&d=identicon&r=x","contentUrl":"https:\/\/secure.gravatar.com\/avatar\/c3b46e32a0fc3b093a0873fb767bf3293de856293065e84ef06b7ec7a8acfb98?s=96&d=identicon&r=x","caption":"Charge"},"url":"https:\/\/sindromecharge.es\/index.php\/author\/admin\/"}]}},"_links":{"self":[{"href":"https:\/\/sindromecharge.es\/index.php\/wp-json\/wp\/v2\/posts\/10267","targetHints":{"allow":["GET"]}}],"collection":[{"href":"https:\/\/sindromecharge.es\/index.php\/wp-json\/wp\/v2\/posts"}],"about":[{"href":"https:\/\/sindromecharge.es\/index.php\/wp-json\/wp\/v2\/types\/post"}],"author":[{"embeddable":true,"href":"https:\/\/sindromecharge.es\/index.php\/wp-json\/wp\/v2\/users\/1"}],"replies":[{"embeddable":true,"href":"https:\/\/sindromecharge.es\/index.php\/wp-json\/wp\/v2\/comments?post=10267"}],"version-history":[{"count":0,"href":"https:\/\/sindromecharge.es\/index.php\/wp-json\/wp\/v2\/posts\/10267\/revisions"}],"wp:attachment":[{"href":"https:\/\/sindromecharge.es\/index.php\/wp-json\/wp\/v2\/media?parent=10267"}],"wp:term":[{"taxonomy":"category","embeddable":true,"href":"https:\/\/sindromecharge.es\/index.php\/wp-json\/wp\/v2\/categories?post=10267"},{"taxonomy":"post_tag","embeddable":true,"href":"https:\/\/sindromecharge.es\/index.php\/wp-json\/wp\/v2\/tags?post=10267"}],"curies":[{"name":"wp","href":"https:\/\/api.w.org\/{rel}","templated":true}]}}