{"id":10266,"date":"2024-08-26T06:48:26","date_gmt":"2024-08-26T06:48:26","guid":{"rendered":"https:\/\/sindromecharge.es\/index.php\/2024\/08\/26\/cermi-pide-los-diputados-que-modifiquen-estatuto-los-trabajadores-para-eliminar-despido-automatico-por-incapacidad-sobrevenida\/"},"modified":"2024-08-26T06:48:26","modified_gmt":"2024-08-26T06:48:26","slug":"cermi-pide-los-diputados-que-modifiquen-estatuto-los-trabajadores-para-eliminar-despido-automatico-por-incapacidad-sobrevenida","status":"publish","type":"post","link":"https:\/\/sindromecharge.es\/index.php\/2024\/08\/26\/cermi-pide-los-diputados-que-modifiquen-estatuto-los-trabajadores-para-eliminar-despido-automatico-por-incapacidad-sobrevenida\/","title":{"rendered":"Cermi pide a los diputados que respalden el proyecto de ley que elimina el despido autom\u00e1tico por incapacidad sobrevenida"},"content":{"rendered":"<p>Leemos en Discapacidad la siguiente noticia que os reproducimos de forma \u00edntegra: <\/p>\n<div>\n<p>El Comit\u00e9 Espa\u00f1ol de Representantes de Personas con Discapacidad (<a href=\"https:\/\/www.20minutos.es\/minuteca\/cermi\/\" title=\"Cermi\" target=\"_blank\" rel=\"noopener\">Cermi<\/a>)<b> ha pedido a los grupos parlamentarios del Congreso<\/b> de los Diputados<b> que respalden el proyecto de Ley <\/b>de modificaci\u00f3n del art\u00edculo 49 del Estatuto de los Trabajadores que tiene como objeto acabar con el despido autom\u00e1tico por incapacidad laboral permanente sobrevenida.<\/p>\n<p>El Comit\u00e9 subray\u00f3 este s\u00e1bado que, una vez retome su actividad tras el descanso estival, <b>la C\u00e1mara Baja deber\u00e1 abordar este proyecto de ley<\/b>, cuya remisi\u00f3n a las Cortes aprob\u00f3 el Consejo de Ministros el pasado 23 de julio, tras varios meses de tramitaci\u00f3n previa de la iniciativa, acordada entre el Ministerio de Trabajo y Econom\u00eda Social y el Cermi.<\/p>\n<p>\u00abLa extinci\u00f3n autom\u00e1tica de la relaci\u00f3n laboral por incapacidad sobrevenida del trabajador, permitida por el vigente art\u00edculo 49 del Estatuto de los Trabajadores,<b> constituye una discriminaci\u00f3n grave <\/b>por motivos de <a href=\"https:\/\/www.20minutos.es\/minuteca\/discapacidad\/\" title=\"Discapacidad\" target=\"_blank\" rel=\"noopener\">discapacidad<\/a>, siendo contraria a los mandatos internacionales y europeos de derechos humanos y tambi\u00e9n al nuevo<b><a href=\"https:\/\/www.20minutos.es\/noticia\/5212478\/0\/termino-disminuido-se-elimina-constitucion-senado-da-ultimo-visto-bueno-con-rechazo-vox\/\" title=\"El t\u00e9rmino 'disminuido' se elimina de la Constituci\u00f3n: el Senado da el \u00faltimo visto bueno con el \u00fanico rechazo de Vox\" target=\"_blank\" rel=\"noopener\"> art\u00edculo 49 de la Constituci\u00f3n<\/a><\/b>, tras la reforma de febrero de 2024, por lo que era necesario proceder a su modificaci\u00f3n, objeto del proyecto de ley\u00bb, explic\u00f3 la organizaci\u00f3n.<\/p>\n<h1>El despido por incapacidad sobrevenida constituye una discriminaci\u00f3n grave por motivos de discapacidad<\/h1>\n<p>Seg\u00fan el Cermi, adem\u00e1s de atender los imperativos internacionales, el cambio en el<b> art\u00edculo 49 del Estatuto de los Trabajadores<\/b> \u00abfavorecer\u00e1 la permanencia en la actividad laboral de la persona devenida en incapacidad permanente, si es esa su voluntad, lo cual evitar\u00e1 el pase forzoso a la situaci\u00f3n de pensionista, incrementando las tasas de empleo de las<b> personas con discapacidad<\/b>\u00ab.<\/p>\n<p>El Cermi concluy\u00f3 su nota trasladando su confianza en \u00abel apoyo amplio\u00bb de los grupos pol\u00edticos a esta reforma \u00abineludible\u00bb del ordenamiento laboral \u00abque dispensar\u00e1 un trato adecuado y respetuoso a los trabajadores con <b>discapacidad sobrevenida<\/b>\u00ab.<\/p>\n<\/div>\n<p>Fuente: Discapacidad https:\/\/www.20minutos.es\/noticia\/5627696\/0\/cermi-pide-los-diputados-que-modifiquen-estatuto-los-trabajadores-para-eliminar-despido-automatico-por-incapacidad-sobrevenida\/<\/p>\n","protected":false},"excerpt":{"rendered":"<p>El proyecto de ley, aprobado en Consejo de Ministros el 23 de julio, a\u00fan debe ser respaldada en el Congreso.<\/p>\n","protected":false},"author":1,"featured_media":0,"comment_status":"closed","ping_status":"closed","sticky":false,"template":"","format":"standard","meta":{"footnotes":""},"categories":[8],"tags":[],"class_list":["post-10266","post","type-post","status-publish","format-standard","hentry","category-noticias"],"yoast_head":"<!-- This site is optimized with the Yoast SEO plugin v27.5 - https:\/\/yoast.com\/product\/yoast-seo-wordpress\/ -->\n<title>Cermi pide a los diputados que respalden el proyecto de ley que elimina el despido autom\u00e1tico por incapacidad sobrevenida - Asociaci\u00f3n Espa\u00f1ola S\u00edndrome de Charge<\/title>\n<meta name=\"robots\" content=\"index, follow, max-snippet:-1, max-image-preview:large, max-video-preview:-1\" \/>\n<link rel=\"canonical\" href=\"https:\/\/sindromecharge.es\/index.php\/2024\/08\/26\/cermi-pide-los-diputados-que-modifiquen-estatuto-los-trabajadores-para-eliminar-despido-automatico-por-incapacidad-sobrevenida\/\" \/>\n<meta property=\"og:locale\" content=\"es_ES\" \/>\n<meta property=\"og:type\" content=\"article\" \/>\n<meta property=\"og:title\" content=\"Cermi pide a los diputados que respalden el proyecto de ley que elimina el despido autom\u00e1tico por incapacidad sobrevenida - Asociaci\u00f3n Espa\u00f1ola S\u00edndrome de Charge\" \/>\n<meta property=\"og:description\" content=\"El proyecto de ley, aprobado en Consejo de Ministros el 23 de julio, a\u00fan debe ser respaldada en el Congreso.\" \/>\n<meta property=\"og:url\" content=\"https:\/\/sindromecharge.es\/index.php\/2024\/08\/26\/cermi-pide-los-diputados-que-modifiquen-estatuto-los-trabajadores-para-eliminar-despido-automatico-por-incapacidad-sobrevenida\/\" \/>\n<meta property=\"og:site_name\" content=\"Asociaci\u00f3n Espa\u00f1ola S\u00edndrome de Charge\" \/>\n<meta property=\"article:publisher\" content=\"https:\/\/www.facebook.com\/asociacionsindromecharge\" \/>\n<meta property=\"article:published_time\" content=\"2024-08-26T06:48:26+00:00\" \/>\n<meta property=\"og:image\" content=\"https:\/\/sindromecharge.es\/wp-content\/uploads\/2013\/09\/logodecharge300x98.png\" \/>\n\t<meta property=\"og:image:width\" content=\"300\" \/>\n\t<meta property=\"og:image:height\" content=\"98\" \/>\n\t<meta property=\"og:image:type\" content=\"image\/png\" \/>\n<meta name=\"author\" content=\"Charge\" \/>\n<meta name=\"twitter:card\" content=\"summary_large_image\" \/>\n<meta name=\"twitter:creator\" content=\"@sindromecharge\" \/>\n<meta name=\"twitter:site\" content=\"@sindromecharge\" \/>\n<meta name=\"twitter:label1\" content=\"Escrito por\" \/>\n\t<meta name=\"twitter:data1\" content=\"Charge\" \/>\n\t<meta name=\"twitter:label2\" content=\"Tiempo de lectura\" \/>\n\t<meta name=\"twitter:data2\" content=\"2 minutos\" \/>\n<script type=\"application\/ld+json\" class=\"yoast-schema-graph\">{\"@context\":\"https:\\\/\\\/schema.org\",\"@graph\":[{\"@type\":\"Article\",\"@id\":\"https:\\\/\\\/sindromecharge.es\\\/index.php\\\/2024\\\/08\\\/26\\\/cermi-pide-los-diputados-que-modifiquen-estatuto-los-trabajadores-para-eliminar-despido-automatico-por-incapacidad-sobrevenida\\\/#article\",\"isPartOf\":{\"@id\":\"https:\\\/\\\/sindromecharge.es\\\/index.php\\\/2024\\\/08\\\/26\\\/cermi-pide-los-diputados-que-modifiquen-estatuto-los-trabajadores-para-eliminar-despido-automatico-por-incapacidad-sobrevenida\\\/\"},\"author\":{\"name\":\"Charge\",\"@id\":\"https:\\\/\\\/sindromecharge.es\\\/#\\\/schema\\\/person\\\/39a60ebe0a2b4d5a11179701e336b039\"},\"headline\":\"Cermi pide a los diputados que respalden el proyecto de ley que elimina el despido autom\u00e1tico por incapacidad sobrevenida\",\"datePublished\":\"2024-08-26T06:48:26+00:00\",\"mainEntityOfPage\":{\"@id\":\"https:\\\/\\\/sindromecharge.es\\\/index.php\\\/2024\\\/08\\\/26\\\/cermi-pide-los-diputados-que-modifiquen-estatuto-los-trabajadores-para-eliminar-despido-automatico-por-incapacidad-sobrevenida\\\/\"},\"wordCount\":354,\"articleSection\":[\"noticias\"],\"inLanguage\":\"es\"},{\"@type\":\"WebPage\",\"@id\":\"https:\\\/\\\/sindromecharge.es\\\/index.php\\\/2024\\\/08\\\/26\\\/cermi-pide-los-diputados-que-modifiquen-estatuto-los-trabajadores-para-eliminar-despido-automatico-por-incapacidad-sobrevenida\\\/\",\"url\":\"https:\\\/\\\/sindromecharge.es\\\/index.php\\\/2024\\\/08\\\/26\\\/cermi-pide-los-diputados-que-modifiquen-estatuto-los-trabajadores-para-eliminar-despido-automatico-por-incapacidad-sobrevenida\\\/\",\"name\":\"Cermi pide a los diputados que respalden el proyecto de ley que elimina el despido autom\u00e1tico por incapacidad sobrevenida - Asociaci\u00f3n Espa\u00f1ola S\u00edndrome de Charge\",\"isPartOf\":{\"@id\":\"https:\\\/\\\/sindromecharge.es\\\/#website\"},\"datePublished\":\"2024-08-26T06:48:26+00:00\",\"author\":{\"@id\":\"https:\\\/\\\/sindromecharge.es\\\/#\\\/schema\\\/person\\\/39a60ebe0a2b4d5a11179701e336b039\"},\"breadcrumb\":{\"@id\":\"https:\\\/\\\/sindromecharge.es\\\/index.php\\\/2024\\\/08\\\/26\\\/cermi-pide-los-diputados-que-modifiquen-estatuto-los-trabajadores-para-eliminar-despido-automatico-por-incapacidad-sobrevenida\\\/#breadcrumb\"},\"inLanguage\":\"es\",\"potentialAction\":[{\"@type\":\"ReadAction\",\"target\":[\"https:\\\/\\\/sindromecharge.es\\\/index.php\\\/2024\\\/08\\\/26\\\/cermi-pide-los-diputados-que-modifiquen-estatuto-los-trabajadores-para-eliminar-despido-automatico-por-incapacidad-sobrevenida\\\/\"]}]},{\"@type\":\"BreadcrumbList\",\"@id\":\"https:\\\/\\\/sindromecharge.es\\\/index.php\\\/2024\\\/08\\\/26\\\/cermi-pide-los-diputados-que-modifiquen-estatuto-los-trabajadores-para-eliminar-despido-automatico-por-incapacidad-sobrevenida\\\/#breadcrumb\",\"itemListElement\":[{\"@type\":\"ListItem\",\"position\":1,\"name\":\"Portada\",\"item\":\"https:\\\/\\\/sindromecharge.es\\\/\"},{\"@type\":\"ListItem\",\"position\":2,\"name\":\"Cermi pide a los diputados que respalden el proyecto de ley que elimina el despido autom\u00e1tico por incapacidad sobrevenida\"}]},{\"@type\":\"WebSite\",\"@id\":\"https:\\\/\\\/sindromecharge.es\\\/#website\",\"url\":\"https:\\\/\\\/sindromecharge.es\\\/\",\"name\":\"Asociaci\u00f3n Espa\u00f1ola S\u00edndrome de Charge\",\"description\":\"\",\"potentialAction\":[{\"@type\":\"SearchAction\",\"target\":{\"@type\":\"EntryPoint\",\"urlTemplate\":\"https:\\\/\\\/sindromecharge.es\\\/?s={search_term_string}\"},\"query-input\":{\"@type\":\"PropertyValueSpecification\",\"valueRequired\":true,\"valueName\":\"search_term_string\"}}],\"inLanguage\":\"es\"},{\"@type\":\"Person\",\"@id\":\"https:\\\/\\\/sindromecharge.es\\\/#\\\/schema\\\/person\\\/39a60ebe0a2b4d5a11179701e336b039\",\"name\":\"Charge\",\"image\":{\"@type\":\"ImageObject\",\"inLanguage\":\"es\",\"@id\":\"https:\\\/\\\/secure.gravatar.com\\\/avatar\\\/c3b46e32a0fc3b093a0873fb767bf3293de856293065e84ef06b7ec7a8acfb98?s=96&d=identicon&r=x\",\"url\":\"https:\\\/\\\/secure.gravatar.com\\\/avatar\\\/c3b46e32a0fc3b093a0873fb767bf3293de856293065e84ef06b7ec7a8acfb98?s=96&d=identicon&r=x\",\"contentUrl\":\"https:\\\/\\\/secure.gravatar.com\\\/avatar\\\/c3b46e32a0fc3b093a0873fb767bf3293de856293065e84ef06b7ec7a8acfb98?s=96&d=identicon&r=x\",\"caption\":\"Charge\"},\"url\":\"https:\\\/\\\/sindromecharge.es\\\/index.php\\\/author\\\/admin\\\/\"}]}<\/script>\n<!-- \/ Yoast SEO plugin. -->","yoast_head_json":{"title":"Cermi pide a los diputados que respalden el proyecto de ley que elimina el despido autom\u00e1tico por incapacidad sobrevenida - Asociaci\u00f3n Espa\u00f1ola S\u00edndrome de Charge","robots":{"index":"index","follow":"follow","max-snippet":"max-snippet:-1","max-image-preview":"max-image-preview:large","max-video-preview":"max-video-preview:-1"},"canonical":"https:\/\/sindromecharge.es\/index.php\/2024\/08\/26\/cermi-pide-los-diputados-que-modifiquen-estatuto-los-trabajadores-para-eliminar-despido-automatico-por-incapacidad-sobrevenida\/","og_locale":"es_ES","og_type":"article","og_title":"Cermi pide a los diputados que respalden el proyecto de ley que elimina el despido autom\u00e1tico por incapacidad sobrevenida - Asociaci\u00f3n Espa\u00f1ola S\u00edndrome de Charge","og_description":"El proyecto de ley, aprobado en Consejo de Ministros el 23 de julio, a\u00fan debe ser respaldada en el Congreso.","og_url":"https:\/\/sindromecharge.es\/index.php\/2024\/08\/26\/cermi-pide-los-diputados-que-modifiquen-estatuto-los-trabajadores-para-eliminar-despido-automatico-por-incapacidad-sobrevenida\/","og_site_name":"Asociaci\u00f3n Espa\u00f1ola S\u00edndrome de Charge","article_publisher":"https:\/\/www.facebook.com\/asociacionsindromecharge","article_published_time":"2024-08-26T06:48:26+00:00","og_image":[{"width":300,"height":98,"url":"https:\/\/sindromecharge.es\/wp-content\/uploads\/2013\/09\/logodecharge300x98.png","type":"image\/png"}],"author":"Charge","twitter_card":"summary_large_image","twitter_creator":"@sindromecharge","twitter_site":"@sindromecharge","twitter_misc":{"Escrito por":"Charge","Tiempo de lectura":"2 minutos"},"schema":{"@context":"https:\/\/schema.org","@graph":[{"@type":"Article","@id":"https:\/\/sindromecharge.es\/index.php\/2024\/08\/26\/cermi-pide-los-diputados-que-modifiquen-estatuto-los-trabajadores-para-eliminar-despido-automatico-por-incapacidad-sobrevenida\/#article","isPartOf":{"@id":"https:\/\/sindromecharge.es\/index.php\/2024\/08\/26\/cermi-pide-los-diputados-que-modifiquen-estatuto-los-trabajadores-para-eliminar-despido-automatico-por-incapacidad-sobrevenida\/"},"author":{"name":"Charge","@id":"https:\/\/sindromecharge.es\/#\/schema\/person\/39a60ebe0a2b4d5a11179701e336b039"},"headline":"Cermi pide a los diputados que respalden el proyecto de ley que elimina el despido autom\u00e1tico por incapacidad sobrevenida","datePublished":"2024-08-26T06:48:26+00:00","mainEntityOfPage":{"@id":"https:\/\/sindromecharge.es\/index.php\/2024\/08\/26\/cermi-pide-los-diputados-que-modifiquen-estatuto-los-trabajadores-para-eliminar-despido-automatico-por-incapacidad-sobrevenida\/"},"wordCount":354,"articleSection":["noticias"],"inLanguage":"es"},{"@type":"WebPage","@id":"https:\/\/sindromecharge.es\/index.php\/2024\/08\/26\/cermi-pide-los-diputados-que-modifiquen-estatuto-los-trabajadores-para-eliminar-despido-automatico-por-incapacidad-sobrevenida\/","url":"https:\/\/sindromecharge.es\/index.php\/2024\/08\/26\/cermi-pide-los-diputados-que-modifiquen-estatuto-los-trabajadores-para-eliminar-despido-automatico-por-incapacidad-sobrevenida\/","name":"Cermi pide a los diputados que respalden el proyecto de ley que elimina el despido autom\u00e1tico por incapacidad sobrevenida - Asociaci\u00f3n Espa\u00f1ola S\u00edndrome de Charge","isPartOf":{"@id":"https:\/\/sindromecharge.es\/#website"},"datePublished":"2024-08-26T06:48:26+00:00","author":{"@id":"https:\/\/sindromecharge.es\/#\/schema\/person\/39a60ebe0a2b4d5a11179701e336b039"},"breadcrumb":{"@id":"https:\/\/sindromecharge.es\/index.php\/2024\/08\/26\/cermi-pide-los-diputados-que-modifiquen-estatuto-los-trabajadores-para-eliminar-despido-automatico-por-incapacidad-sobrevenida\/#breadcrumb"},"inLanguage":"es","potentialAction":[{"@type":"ReadAction","target":["https:\/\/sindromecharge.es\/index.php\/2024\/08\/26\/cermi-pide-los-diputados-que-modifiquen-estatuto-los-trabajadores-para-eliminar-despido-automatico-por-incapacidad-sobrevenida\/"]}]},{"@type":"BreadcrumbList","@id":"https:\/\/sindromecharge.es\/index.php\/2024\/08\/26\/cermi-pide-los-diputados-que-modifiquen-estatuto-los-trabajadores-para-eliminar-despido-automatico-por-incapacidad-sobrevenida\/#breadcrumb","itemListElement":[{"@type":"ListItem","position":1,"name":"Portada","item":"https:\/\/sindromecharge.es\/"},{"@type":"ListItem","position":2,"name":"Cermi pide a los diputados que respalden el proyecto de ley que elimina el despido autom\u00e1tico por incapacidad sobrevenida"}]},{"@type":"WebSite","@id":"https:\/\/sindromecharge.es\/#website","url":"https:\/\/sindromecharge.es\/","name":"Asociaci\u00f3n Espa\u00f1ola S\u00edndrome de Charge","description":"","potentialAction":[{"@type":"SearchAction","target":{"@type":"EntryPoint","urlTemplate":"https:\/\/sindromecharge.es\/?s={search_term_string}"},"query-input":{"@type":"PropertyValueSpecification","valueRequired":true,"valueName":"search_term_string"}}],"inLanguage":"es"},{"@type":"Person","@id":"https:\/\/sindromecharge.es\/#\/schema\/person\/39a60ebe0a2b4d5a11179701e336b039","name":"Charge","image":{"@type":"ImageObject","inLanguage":"es","@id":"https:\/\/secure.gravatar.com\/avatar\/c3b46e32a0fc3b093a0873fb767bf3293de856293065e84ef06b7ec7a8acfb98?s=96&d=identicon&r=x","url":"https:\/\/secure.gravatar.com\/avatar\/c3b46e32a0fc3b093a0873fb767bf3293de856293065e84ef06b7ec7a8acfb98?s=96&d=identicon&r=x","contentUrl":"https:\/\/secure.gravatar.com\/avatar\/c3b46e32a0fc3b093a0873fb767bf3293de856293065e84ef06b7ec7a8acfb98?s=96&d=identicon&r=x","caption":"Charge"},"url":"https:\/\/sindromecharge.es\/index.php\/author\/admin\/"}]}},"_links":{"self":[{"href":"https:\/\/sindromecharge.es\/index.php\/wp-json\/wp\/v2\/posts\/10266","targetHints":{"allow":["GET"]}}],"collection":[{"href":"https:\/\/sindromecharge.es\/index.php\/wp-json\/wp\/v2\/posts"}],"about":[{"href":"https:\/\/sindromecharge.es\/index.php\/wp-json\/wp\/v2\/types\/post"}],"author":[{"embeddable":true,"href":"https:\/\/sindromecharge.es\/index.php\/wp-json\/wp\/v2\/users\/1"}],"replies":[{"embeddable":true,"href":"https:\/\/sindromecharge.es\/index.php\/wp-json\/wp\/v2\/comments?post=10266"}],"version-history":[{"count":0,"href":"https:\/\/sindromecharge.es\/index.php\/wp-json\/wp\/v2\/posts\/10266\/revisions"}],"wp:attachment":[{"href":"https:\/\/sindromecharge.es\/index.php\/wp-json\/wp\/v2\/media?parent=10266"}],"wp:term":[{"taxonomy":"category","embeddable":true,"href":"https:\/\/sindromecharge.es\/index.php\/wp-json\/wp\/v2\/categories?post=10266"},{"taxonomy":"post_tag","embeddable":true,"href":"https:\/\/sindromecharge.es\/index.php\/wp-json\/wp\/v2\/tags?post=10266"}],"curies":[{"name":"wp","href":"https:\/\/api.w.org\/{rel}","templated":true}]}}