{"id":10265,"date":"2024-08-26T06:18:01","date_gmt":"2024-08-26T06:18:01","guid":{"rendered":"https:\/\/sindromecharge.es\/index.php\/2024\/08\/26\/paris-2024-paralimpicos-125-millones-para-hacer-ciudad-luz-mas-accesible-cara-los-paralimpicos\/"},"modified":"2024-08-26T06:18:01","modified_gmt":"2024-08-26T06:18:01","slug":"paris-2024-paralimpicos-125-millones-para-hacer-ciudad-luz-mas-accesible-cara-los-paralimpicos","status":"publish","type":"post","link":"https:\/\/sindromecharge.es\/index.php\/2024\/08\/26\/paris-2024-paralimpicos-125-millones-para-hacer-ciudad-luz-mas-accesible-cara-los-paralimpicos\/","title":{"rendered":"125 millones para hacer Par\u00eds m\u00e1s accesible por los Juegos Paral\u00edmpicos: \u00abHa iniciado una revoluci\u00f3n de la inclusi\u00f3n\u00bb"},"content":{"rendered":"<p>Leemos en Discapacidad la siguiente noticia que os reproducimos de forma \u00edntegra: <\/p>\n<div>\n<p>La capital francesa ha destinado m\u00e1s de<b> 125 millones de euros para mejorar la <a href=\"https:\/\/www.20minutos.es\/minuteca\/accesibilidad\/\" title=\"Accesibilidad\" target=\"_blank\" rel=\"noopener\">accesibilidad<\/a> <\/b>y promover la <a href=\"https:\/\/www.20minutos.es\/minuteca\/inclusion\/\" title=\"Inclusi\u00f3n\" target=\"_blank\" rel=\"noopener\">inclusi\u00f3n<\/a> en la ciudad con motivo de los <a href=\"https:\/\/www.20minutos.es\/deportes\/minuteca\/juegos-paralimpicos\/\" title=\"Juegos Paral\u00edmpicos\" target=\"_blank\" rel=\"noopener\">Juegos Paral\u00edmpicos<\/a> de Par\u00eds 2024, que se celebrar\u00e1n del 28 de agosto al 8 de septiembre.<\/p>\n<p>Esta inversi\u00f3n, impulsada por la primera ocasi\u00f3n en que Par\u00eds ser\u00e1 anfitriona de los Paral\u00edmpicos, no solo tiene como objetivo preparar la ciudad para el evento, sino tambi\u00e9n <b>dejar un legado duradero <\/b>y convertirla en un modelo global de accesibilidad para sus m\u00e1s de 185.000 <b>residentes con <a href=\"https:\/\/www.20minutos.es\/minuteca\/discapacidad\/\" title=\"Discapacidad\" target=\"_blank\" rel=\"noopener\">discapacidad<\/a><\/b>.<\/p>\n<p>Andrew Parsons, presidente del <b>Comit\u00e9 Paral\u00edmpico Internacional (IPC)<\/b>, ha elogiado los avances logrados y recalcado que en los \u00faltimos a\u00f1os, Par\u00eds ha progresado m\u00e1s en accesibilidad que cualquier otra ciudad anfitriona de los Juegos Paral\u00edmpicos.<\/p>\n<p>\u00abPar\u00eds ha iniciado una revoluci\u00f3n de la inclusi\u00f3n\u00bb, coment\u00f3 Parsons y resalt\u00f3 que los cambios beneficiar\u00e1n a todos los ciudadanos y visitantes, y no solo a aquellos con discapacidades.<\/p>\n<h2>Transformaciones urbanas clave<\/h2>\n<p>Uno de los principales avances es el desarrollo de diecisiete barrios de <b>accesibilidad mejorada<\/b>, en los que se han asegurado que los servicios p\u00fablicos esenciales est\u00e9n a 15 minutos de cualquier residente, sin importar su movilidad.<\/p>\n<p>En el transporte terrestre,<b> se han adaptado autobuses y tranv\u00edas<\/b> para ser completamente accesibles, y se han sumado 1.000 taxis para personas con <b>movilidad reducida<\/b>.<\/p>\n<p>Adem\u00e1s, se han aumentado los m\u00f3dulos de sonido en cruces viales para facilitar la movilidad de personas con <b>discapacidad visual<\/b>.<\/p>\n<p>En educaci\u00f3n, se espera que para 2030 haya una escuela accesible a 15 minutos de cualquier hogar. Adem\u00e1s, para 2025,<b> el 95% de los edificios municipales ser\u00e1n accesibles<\/b>.<\/p>\n<h2>Promoci\u00f3n del deporte inclusivo<\/h2>\n<p>Adem\u00e1s de las mejoras urbanas, Par\u00eds ha destinado m\u00e1s de 10 millones de euros para hacer que seis instalaciones deportivas de la ciudad, como la Piscina Georges Vallerey y el estadio Pierre de Coubertin, sean m\u00e1s accesibles. Tambi\u00e9n se ha fomentado la creaci\u00f3n de \u00ab<b>Clubes Inclusivos<\/b>\u00ab, con 44 clubes deportivos adaptados para acoger a deportistas con discapacidad, lo que supera el objetivo inicial de 40 clubes antes de 2024.<\/p>\n<h2>Desaf\u00edos persistentes en el transporte<\/h2>\n<p>A pesar de estos significativos avances, hay cr\u00edticas, especialmente en lo que respecta al sistema de <b>metro de Par\u00eds<\/b>, que sigue siendo mayormente <b>inaccesible <\/b>para personas con movilidad reducida debido a la falta de ascensores y escaleras mec\u00e1nicas en muchas estaciones.<\/p>\n<p>Este contraste con los avances logrados en el transporte terrestre subraya la necesidad de m\u00e1s inversiones para lograr una accesibilidad total.<\/p>\n<p>Parsons reconoci\u00f3 estos desaf\u00edos, mencionando que, aunque se han logrado mejoras importantes, a\u00fan queda mucho por hacer para garantizar que todos los ciudadanos, independientemente de sus necesidades de movilidad, puedan disfrutar plenamente de Par\u00eds.<\/p>\n<\/div>\n<p>Fuente: Discapacidad https:\/\/www.20minutos.es\/noticia\/5627693\/0\/paris-2024-paralimpicos-125-millones-para-hacer-ciudad-luz-mas-accesible-cara-los-paralimpicos\/<\/p>\n","protected":false},"excerpt":{"rendered":"<p>El objetivo es convertir a Par\u00eds en un modelo global de accesibilidad para sus residentes con discapacidad.<\/p>\n","protected":false},"author":1,"featured_media":0,"comment_status":"closed","ping_status":"closed","sticky":false,"template":"","format":"standard","meta":{"footnotes":""},"categories":[8],"tags":[],"class_list":["post-10265","post","type-post","status-publish","format-standard","hentry","category-noticias"],"yoast_head":"<!-- This site is optimized with the Yoast SEO plugin v27.5 - https:\/\/yoast.com\/product\/yoast-seo-wordpress\/ -->\n<title>125 millones para hacer Par\u00eds m\u00e1s accesible por los Juegos Paral\u00edmpicos: &quot;Ha iniciado una revoluci\u00f3n de la inclusi\u00f3n&quot; - Asociaci\u00f3n Espa\u00f1ola S\u00edndrome de Charge<\/title>\n<meta name=\"robots\" content=\"index, follow, max-snippet:-1, max-image-preview:large, max-video-preview:-1\" \/>\n<link rel=\"canonical\" href=\"https:\/\/sindromecharge.es\/index.php\/2024\/08\/26\/paris-2024-paralimpicos-125-millones-para-hacer-ciudad-luz-mas-accesible-cara-los-paralimpicos\/\" \/>\n<meta property=\"og:locale\" content=\"es_ES\" \/>\n<meta property=\"og:type\" content=\"article\" \/>\n<meta property=\"og:title\" content=\"125 millones para hacer Par\u00eds m\u00e1s accesible por los Juegos Paral\u00edmpicos: &quot;Ha iniciado una revoluci\u00f3n de la inclusi\u00f3n&quot; - Asociaci\u00f3n Espa\u00f1ola S\u00edndrome de Charge\" \/>\n<meta property=\"og:description\" content=\"El objetivo es convertir a Par\u00eds en un modelo global de accesibilidad para sus residentes con discapacidad.\" \/>\n<meta property=\"og:url\" content=\"https:\/\/sindromecharge.es\/index.php\/2024\/08\/26\/paris-2024-paralimpicos-125-millones-para-hacer-ciudad-luz-mas-accesible-cara-los-paralimpicos\/\" \/>\n<meta property=\"og:site_name\" content=\"Asociaci\u00f3n Espa\u00f1ola S\u00edndrome de Charge\" \/>\n<meta property=\"article:publisher\" content=\"https:\/\/www.facebook.com\/asociacionsindromecharge\" \/>\n<meta property=\"article:published_time\" content=\"2024-08-26T06:18:01+00:00\" \/>\n<meta property=\"og:image\" content=\"https:\/\/sindromecharge.es\/wp-content\/uploads\/2013\/09\/logodecharge300x98.png\" \/>\n\t<meta property=\"og:image:width\" content=\"300\" \/>\n\t<meta property=\"og:image:height\" content=\"98\" \/>\n\t<meta property=\"og:image:type\" content=\"image\/png\" \/>\n<meta name=\"author\" content=\"Charge\" \/>\n<meta name=\"twitter:card\" content=\"summary_large_image\" \/>\n<meta name=\"twitter:creator\" content=\"@sindromecharge\" \/>\n<meta name=\"twitter:site\" content=\"@sindromecharge\" \/>\n<meta name=\"twitter:label1\" content=\"Escrito por\" \/>\n\t<meta name=\"twitter:data1\" content=\"Charge\" \/>\n\t<meta name=\"twitter:label2\" content=\"Tiempo de lectura\" \/>\n\t<meta name=\"twitter:data2\" content=\"2 minutos\" \/>\n<script type=\"application\/ld+json\" class=\"yoast-schema-graph\">{\"@context\":\"https:\\\/\\\/schema.org\",\"@graph\":[{\"@type\":\"Article\",\"@id\":\"https:\\\/\\\/sindromecharge.es\\\/index.php\\\/2024\\\/08\\\/26\\\/paris-2024-paralimpicos-125-millones-para-hacer-ciudad-luz-mas-accesible-cara-los-paralimpicos\\\/#article\",\"isPartOf\":{\"@id\":\"https:\\\/\\\/sindromecharge.es\\\/index.php\\\/2024\\\/08\\\/26\\\/paris-2024-paralimpicos-125-millones-para-hacer-ciudad-luz-mas-accesible-cara-los-paralimpicos\\\/\"},\"author\":{\"name\":\"Charge\",\"@id\":\"https:\\\/\\\/sindromecharge.es\\\/#\\\/schema\\\/person\\\/39a60ebe0a2b4d5a11179701e336b039\"},\"headline\":\"125 millones para hacer Par\u00eds m\u00e1s accesible por los Juegos Paral\u00edmpicos: \u00abHa iniciado una revoluci\u00f3n de la inclusi\u00f3n\u00bb\",\"datePublished\":\"2024-08-26T06:18:01+00:00\",\"mainEntityOfPage\":{\"@id\":\"https:\\\/\\\/sindromecharge.es\\\/index.php\\\/2024\\\/08\\\/26\\\/paris-2024-paralimpicos-125-millones-para-hacer-ciudad-luz-mas-accesible-cara-los-paralimpicos\\\/\"},\"wordCount\":512,\"articleSection\":[\"noticias\"],\"inLanguage\":\"es\"},{\"@type\":\"WebPage\",\"@id\":\"https:\\\/\\\/sindromecharge.es\\\/index.php\\\/2024\\\/08\\\/26\\\/paris-2024-paralimpicos-125-millones-para-hacer-ciudad-luz-mas-accesible-cara-los-paralimpicos\\\/\",\"url\":\"https:\\\/\\\/sindromecharge.es\\\/index.php\\\/2024\\\/08\\\/26\\\/paris-2024-paralimpicos-125-millones-para-hacer-ciudad-luz-mas-accesible-cara-los-paralimpicos\\\/\",\"name\":\"125 millones para hacer Par\u00eds m\u00e1s accesible por los Juegos Paral\u00edmpicos: \\\"Ha iniciado una revoluci\u00f3n de la inclusi\u00f3n\\\" - Asociaci\u00f3n Espa\u00f1ola S\u00edndrome de Charge\",\"isPartOf\":{\"@id\":\"https:\\\/\\\/sindromecharge.es\\\/#website\"},\"datePublished\":\"2024-08-26T06:18:01+00:00\",\"author\":{\"@id\":\"https:\\\/\\\/sindromecharge.es\\\/#\\\/schema\\\/person\\\/39a60ebe0a2b4d5a11179701e336b039\"},\"breadcrumb\":{\"@id\":\"https:\\\/\\\/sindromecharge.es\\\/index.php\\\/2024\\\/08\\\/26\\\/paris-2024-paralimpicos-125-millones-para-hacer-ciudad-luz-mas-accesible-cara-los-paralimpicos\\\/#breadcrumb\"},\"inLanguage\":\"es\",\"potentialAction\":[{\"@type\":\"ReadAction\",\"target\":[\"https:\\\/\\\/sindromecharge.es\\\/index.php\\\/2024\\\/08\\\/26\\\/paris-2024-paralimpicos-125-millones-para-hacer-ciudad-luz-mas-accesible-cara-los-paralimpicos\\\/\"]}]},{\"@type\":\"BreadcrumbList\",\"@id\":\"https:\\\/\\\/sindromecharge.es\\\/index.php\\\/2024\\\/08\\\/26\\\/paris-2024-paralimpicos-125-millones-para-hacer-ciudad-luz-mas-accesible-cara-los-paralimpicos\\\/#breadcrumb\",\"itemListElement\":[{\"@type\":\"ListItem\",\"position\":1,\"name\":\"Portada\",\"item\":\"https:\\\/\\\/sindromecharge.es\\\/\"},{\"@type\":\"ListItem\",\"position\":2,\"name\":\"125 millones para hacer Par\u00eds m\u00e1s accesible por los Juegos Paral\u00edmpicos: &#8220;Ha iniciado una revoluci\u00f3n de la inclusi\u00f3n&#8221;\"}]},{\"@type\":\"WebSite\",\"@id\":\"https:\\\/\\\/sindromecharge.es\\\/#website\",\"url\":\"https:\\\/\\\/sindromecharge.es\\\/\",\"name\":\"Asociaci\u00f3n Espa\u00f1ola S\u00edndrome de Charge\",\"description\":\"\",\"potentialAction\":[{\"@type\":\"SearchAction\",\"target\":{\"@type\":\"EntryPoint\",\"urlTemplate\":\"https:\\\/\\\/sindromecharge.es\\\/?s={search_term_string}\"},\"query-input\":{\"@type\":\"PropertyValueSpecification\",\"valueRequired\":true,\"valueName\":\"search_term_string\"}}],\"inLanguage\":\"es\"},{\"@type\":\"Person\",\"@id\":\"https:\\\/\\\/sindromecharge.es\\\/#\\\/schema\\\/person\\\/39a60ebe0a2b4d5a11179701e336b039\",\"name\":\"Charge\",\"image\":{\"@type\":\"ImageObject\",\"inLanguage\":\"es\",\"@id\":\"https:\\\/\\\/secure.gravatar.com\\\/avatar\\\/c3b46e32a0fc3b093a0873fb767bf3293de856293065e84ef06b7ec7a8acfb98?s=96&d=identicon&r=x\",\"url\":\"https:\\\/\\\/secure.gravatar.com\\\/avatar\\\/c3b46e32a0fc3b093a0873fb767bf3293de856293065e84ef06b7ec7a8acfb98?s=96&d=identicon&r=x\",\"contentUrl\":\"https:\\\/\\\/secure.gravatar.com\\\/avatar\\\/c3b46e32a0fc3b093a0873fb767bf3293de856293065e84ef06b7ec7a8acfb98?s=96&d=identicon&r=x\",\"caption\":\"Charge\"},\"url\":\"https:\\\/\\\/sindromecharge.es\\\/index.php\\\/author\\\/admin\\\/\"}]}<\/script>\n<!-- \/ Yoast SEO plugin. -->","yoast_head_json":{"title":"125 millones para hacer Par\u00eds m\u00e1s accesible por los Juegos Paral\u00edmpicos: \"Ha iniciado una revoluci\u00f3n de la inclusi\u00f3n\" - Asociaci\u00f3n Espa\u00f1ola S\u00edndrome de Charge","robots":{"index":"index","follow":"follow","max-snippet":"max-snippet:-1","max-image-preview":"max-image-preview:large","max-video-preview":"max-video-preview:-1"},"canonical":"https:\/\/sindromecharge.es\/index.php\/2024\/08\/26\/paris-2024-paralimpicos-125-millones-para-hacer-ciudad-luz-mas-accesible-cara-los-paralimpicos\/","og_locale":"es_ES","og_type":"article","og_title":"125 millones para hacer Par\u00eds m\u00e1s accesible por los Juegos Paral\u00edmpicos: \"Ha iniciado una revoluci\u00f3n de la inclusi\u00f3n\" - Asociaci\u00f3n Espa\u00f1ola S\u00edndrome de Charge","og_description":"El objetivo es convertir a Par\u00eds en un modelo global de accesibilidad para sus residentes con discapacidad.","og_url":"https:\/\/sindromecharge.es\/index.php\/2024\/08\/26\/paris-2024-paralimpicos-125-millones-para-hacer-ciudad-luz-mas-accesible-cara-los-paralimpicos\/","og_site_name":"Asociaci\u00f3n Espa\u00f1ola S\u00edndrome de Charge","article_publisher":"https:\/\/www.facebook.com\/asociacionsindromecharge","article_published_time":"2024-08-26T06:18:01+00:00","og_image":[{"width":300,"height":98,"url":"https:\/\/sindromecharge.es\/wp-content\/uploads\/2013\/09\/logodecharge300x98.png","type":"image\/png"}],"author":"Charge","twitter_card":"summary_large_image","twitter_creator":"@sindromecharge","twitter_site":"@sindromecharge","twitter_misc":{"Escrito por":"Charge","Tiempo de lectura":"2 minutos"},"schema":{"@context":"https:\/\/schema.org","@graph":[{"@type":"Article","@id":"https:\/\/sindromecharge.es\/index.php\/2024\/08\/26\/paris-2024-paralimpicos-125-millones-para-hacer-ciudad-luz-mas-accesible-cara-los-paralimpicos\/#article","isPartOf":{"@id":"https:\/\/sindromecharge.es\/index.php\/2024\/08\/26\/paris-2024-paralimpicos-125-millones-para-hacer-ciudad-luz-mas-accesible-cara-los-paralimpicos\/"},"author":{"name":"Charge","@id":"https:\/\/sindromecharge.es\/#\/schema\/person\/39a60ebe0a2b4d5a11179701e336b039"},"headline":"125 millones para hacer Par\u00eds m\u00e1s accesible por los Juegos Paral\u00edmpicos: \u00abHa iniciado una revoluci\u00f3n de la inclusi\u00f3n\u00bb","datePublished":"2024-08-26T06:18:01+00:00","mainEntityOfPage":{"@id":"https:\/\/sindromecharge.es\/index.php\/2024\/08\/26\/paris-2024-paralimpicos-125-millones-para-hacer-ciudad-luz-mas-accesible-cara-los-paralimpicos\/"},"wordCount":512,"articleSection":["noticias"],"inLanguage":"es"},{"@type":"WebPage","@id":"https:\/\/sindromecharge.es\/index.php\/2024\/08\/26\/paris-2024-paralimpicos-125-millones-para-hacer-ciudad-luz-mas-accesible-cara-los-paralimpicos\/","url":"https:\/\/sindromecharge.es\/index.php\/2024\/08\/26\/paris-2024-paralimpicos-125-millones-para-hacer-ciudad-luz-mas-accesible-cara-los-paralimpicos\/","name":"125 millones para hacer Par\u00eds m\u00e1s accesible por los Juegos Paral\u00edmpicos: \"Ha iniciado una revoluci\u00f3n de la inclusi\u00f3n\" - Asociaci\u00f3n Espa\u00f1ola S\u00edndrome de Charge","isPartOf":{"@id":"https:\/\/sindromecharge.es\/#website"},"datePublished":"2024-08-26T06:18:01+00:00","author":{"@id":"https:\/\/sindromecharge.es\/#\/schema\/person\/39a60ebe0a2b4d5a11179701e336b039"},"breadcrumb":{"@id":"https:\/\/sindromecharge.es\/index.php\/2024\/08\/26\/paris-2024-paralimpicos-125-millones-para-hacer-ciudad-luz-mas-accesible-cara-los-paralimpicos\/#breadcrumb"},"inLanguage":"es","potentialAction":[{"@type":"ReadAction","target":["https:\/\/sindromecharge.es\/index.php\/2024\/08\/26\/paris-2024-paralimpicos-125-millones-para-hacer-ciudad-luz-mas-accesible-cara-los-paralimpicos\/"]}]},{"@type":"BreadcrumbList","@id":"https:\/\/sindromecharge.es\/index.php\/2024\/08\/26\/paris-2024-paralimpicos-125-millones-para-hacer-ciudad-luz-mas-accesible-cara-los-paralimpicos\/#breadcrumb","itemListElement":[{"@type":"ListItem","position":1,"name":"Portada","item":"https:\/\/sindromecharge.es\/"},{"@type":"ListItem","position":2,"name":"125 millones para hacer Par\u00eds m\u00e1s accesible por los Juegos Paral\u00edmpicos: &#8220;Ha iniciado una revoluci\u00f3n de la inclusi\u00f3n&#8221;"}]},{"@type":"WebSite","@id":"https:\/\/sindromecharge.es\/#website","url":"https:\/\/sindromecharge.es\/","name":"Asociaci\u00f3n Espa\u00f1ola S\u00edndrome de Charge","description":"","potentialAction":[{"@type":"SearchAction","target":{"@type":"EntryPoint","urlTemplate":"https:\/\/sindromecharge.es\/?s={search_term_string}"},"query-input":{"@type":"PropertyValueSpecification","valueRequired":true,"valueName":"search_term_string"}}],"inLanguage":"es"},{"@type":"Person","@id":"https:\/\/sindromecharge.es\/#\/schema\/person\/39a60ebe0a2b4d5a11179701e336b039","name":"Charge","image":{"@type":"ImageObject","inLanguage":"es","@id":"https:\/\/secure.gravatar.com\/avatar\/c3b46e32a0fc3b093a0873fb767bf3293de856293065e84ef06b7ec7a8acfb98?s=96&d=identicon&r=x","url":"https:\/\/secure.gravatar.com\/avatar\/c3b46e32a0fc3b093a0873fb767bf3293de856293065e84ef06b7ec7a8acfb98?s=96&d=identicon&r=x","contentUrl":"https:\/\/secure.gravatar.com\/avatar\/c3b46e32a0fc3b093a0873fb767bf3293de856293065e84ef06b7ec7a8acfb98?s=96&d=identicon&r=x","caption":"Charge"},"url":"https:\/\/sindromecharge.es\/index.php\/author\/admin\/"}]}},"_links":{"self":[{"href":"https:\/\/sindromecharge.es\/index.php\/wp-json\/wp\/v2\/posts\/10265","targetHints":{"allow":["GET"]}}],"collection":[{"href":"https:\/\/sindromecharge.es\/index.php\/wp-json\/wp\/v2\/posts"}],"about":[{"href":"https:\/\/sindromecharge.es\/index.php\/wp-json\/wp\/v2\/types\/post"}],"author":[{"embeddable":true,"href":"https:\/\/sindromecharge.es\/index.php\/wp-json\/wp\/v2\/users\/1"}],"replies":[{"embeddable":true,"href":"https:\/\/sindromecharge.es\/index.php\/wp-json\/wp\/v2\/comments?post=10265"}],"version-history":[{"count":0,"href":"https:\/\/sindromecharge.es\/index.php\/wp-json\/wp\/v2\/posts\/10265\/revisions"}],"wp:attachment":[{"href":"https:\/\/sindromecharge.es\/index.php\/wp-json\/wp\/v2\/media?parent=10265"}],"wp:term":[{"taxonomy":"category","embeddable":true,"href":"https:\/\/sindromecharge.es\/index.php\/wp-json\/wp\/v2\/categories?post=10265"},{"taxonomy":"post_tag","embeddable":true,"href":"https:\/\/sindromecharge.es\/index.php\/wp-json\/wp\/v2\/tags?post=10265"}],"curies":[{"name":"wp","href":"https:\/\/api.w.org\/{rel}","templated":true}]}}