{"id":10264,"date":"2024-08-26T05:16:28","date_gmt":"2024-08-26T05:16:28","guid":{"rendered":"https:\/\/sindromecharge.es\/index.php\/2024\/08\/26\/eva-madre-cuidadora-izan-enrique-con-discapacidad-nadie-me-dijo-que-existia-cume-me-quede-sin-trabajo-sin-ayudas\/"},"modified":"2024-08-26T05:16:28","modified_gmt":"2024-08-26T05:16:28","slug":"eva-madre-cuidadora-izan-enrique-con-discapacidad-nadie-me-dijo-que-existia-cume-me-quede-sin-trabajo-sin-ayudas","status":"publish","type":"post","link":"https:\/\/sindromecharge.es\/index.php\/2024\/08\/26\/eva-madre-cuidadora-izan-enrique-con-discapacidad-nadie-me-dijo-que-existia-cume-me-quede-sin-trabajo-sin-ayudas\/","title":{"rendered":"Eva, madre cuidadora en solitario de Izan y Enrique, con discapacidad: \u00abMe qued\u00e9 sin trabajo y sin ayudas\u00bb"},"content":{"rendered":"<p>Leemos en Discapacidad la siguiente noticia que os reproducimos de forma \u00edntegra: <\/p>\n<div>\n<p>Eva Brandi Alonso tiene 48 a\u00f1os y es la <b>madre de dos ni\u00f1os con discapacidad<\/b>. El mayor, Quique, tiene 12 a\u00f1os y debido a tres <a href=\"https:\/\/www.20minutos.es\/salud\/minuteca\/enfermedades-raras\/\" title=\"Enfermedades raras\" target=\"_blank\" rel=\"noopener\">enfermedades raras<\/a>, tiene <a href=\"https:\/\/www.20minutos.es\/minuteca\/autismo\/\" title=\"Autismo\" target=\"_blank\" rel=\"noopener\">autismo<\/a>, <a href=\"https:\/\/www.20minutos.es\/minuteca\/epilepsia\/\" title=\"Epilepsia\" target=\"_blank\" rel=\"noopener\">epilepsia<\/a> y disfagia, entre otros problemas que le producen un 82% de <a href=\"https:\/\/www.20minutos.es\/minuteca\/discapacidad\/\" title=\"Discapacidad\" target=\"_blank\" rel=\"noopener\">discapacidad<\/a>. Izan, el peque\u00f1o, de 9, tiene un 36% ocasionado por TDAH y problemas de conducta.<\/p>\n<p>Ambos necesitan de sus cuidados, por edad y por su discapacidad, pero en el caso de Quique<b> esos cuidados son de 24 horas al d\u00eda<\/b>, pues necesita ayuda para todo: comer, desplazarse, lleva pa\u00f1al\u2026 adem\u00e1s de estar acompa\u00f1ado por la noche, pues tambi\u00e9n tiene trastornos de sue\u00f1o, \u00abpor s\u00ed solo no puede hacer nada\u00bb, cuenta Eva, \u00abes un gran dependiente y yo no tengo un respiro ni por la noche\u00bb. <\/p>\n<p>La familia de Eva es monoparental, se separ\u00f3 para hace a\u00f1os y vive sola con sus hijos, una situaci\u00f3n que le impide tener un trabajo, \u00absolo cobro el <a href=\"https:\/\/www.20minutos.es\/minuteca\/ingreso-minimo-vital\/\" title=\"Ingreso M\u00ednimo Vital\" target=\"_blank\" rel=\"noopener\">Ingreso M\u00ednimo Vital<\/a>, una pensi\u00f3n de 300 euros y la <a href=\"https:\/\/www.20minutos.es\/minuteca\/dependencia\/\" title=\"Dependencia\" target=\"_blank\" rel=\"noopener\">dependencia<\/a> de Quique. Mis recursos son \u00ednfimos, pero tiro adelante con lo que sea\u00bb.<\/p>\n<p>Adem\u00e1s, <b>tampoco cuenta con ayuda familiar<\/b>, solo la de su pareja que, de vez en cuando, si su trabajo se lo permite, se queda alguna noche con Quique para que ella pueda descansar un poco, \u00abpero no deber\u00eda de ser as\u00ed, tendr\u00edamos que tener los recursos necesarios y deber\u00edamos poder tener respiros\u00bb, se queja.<\/p>\n<h2>La falta de informaci\u00f3n le impidi\u00f3 pedir la CUME<\/h2>\n<p>Eva, como otras muchas <b>madres cuidadoras de grandes dependientes<\/b>, tiene muchas cosas que pedir y reprochar a la administraci\u00f3n, pero una de las que m\u00e1s le indignan es la <b>falta de informaci\u00f3n<\/b> y el desamparo en el que se encuentran las familias a las que diagnostican una enfermedad grave, como la de su hijo.<\/p>\n<p>En su caso, el primer reproche es para la pediatra, que <b>la \u2018acusaba\u2019 de \u00abmadre primeriza desquiciada\u00bb <\/b>cada vez que iba a la consulta porque notaba que algo en su hijo no iba bien. A los siete meses se confirmaron sus peores temores y un neur\u00f3logo diagnostic\u00f3 a su hijo con <b>varias enfermedades raras<\/b> que le provocaban, entre otras muchas cosas, una epilepsia complicada de controlar que le llevaba a estar largas temporadas en el hospital. <\/p>\n<p>Se pas\u00f3 as\u00ed dos a\u00f1os y<b> en su empresa, una cl\u00ednica dental, la despidieron<\/b>, \u00abni mi empresa ni yo conoc\u00edamos la CUME (prestaci\u00f3n que permite reducir la jornada hasta el 99% para cuidar a un hijo con una enfermedad grave), y por aquel entonces ya exist\u00eda\u00bb. <\/p>\n<p>Esa falta de informaci\u00f3n le ha salido cara, porque hoy d\u00eda <b>casi no cuenta con ingresos a pesar de tener dos hijos con discapacidad <\/b>a su cargo y casi tuvo que rogar que le dieran una <b>vivienda social<\/b>, \u00abdespu\u00e9s de a\u00f1os de lucha, de espera\u2026 tuve que escribir personalmente al presidente del principado explicando mi situaci\u00f3n, porque yo no pod\u00eda pagar el alquiler\u00bb, dice indignada.<\/p>\n<h1>Por falta de informaci\u00f3n, yo me qued\u00e9 sin trabajo y sin ning\u00fan tipo de ayuda. No tener informaci\u00f3n te deja desamparado<\/h1>\n<p>\u00abAl final -se queja- te enteras de tus derechos por otros pap\u00e1s, y poco a poco, porque cuando est\u00e1s en el hospital con tu hijo, en lo \u00faltimo que piensas es en irte a hacer papeles y tampoco piensas que pasar\u00e1 contigo en el futuro. Por eso creo que, en el primer momento que te dan un diagn\u00f3stico como el de mi hijo, <b>deber\u00edan darnos toda la informaci\u00f3n<\/b>, y en el mismo hospital. El trabajador social del hospital deber\u00eda decirte con los recursos que cuentas, orientarte, decirte lo que tiene que hacer\u2026 y en mi caso no me dijeron nada. Por esa falta de informaci\u00f3n, yo me qued\u00e9 sin trabajo y sin ning\u00fan tipo de ayuda. No tener informaci\u00f3n te deja desamparado\u00bb, lamenta.<\/p>\n<p>Desde entonces, tiene la sensaci\u00f3n de que tiene que pelear contra todo, \u00aba mi hijo hubo que quitarle <b>tumores en el cerebro <\/b>que le provocaba la enfermedad pagando, porque en sanidad no me hac\u00edan caso. A veces da la sensaci\u00f3n que venimos a pegarnos con las instituciones: sanidad, hacienda, la seguridad social, educaci\u00f3n, servicios sociales\u2026 siempre encuentras trabas en todo\u00bb. <\/p>\n<h2>Sus reivindicaciones como cuidadora principal<\/h2>\n<p>Eva forma parte de la Plataforma de cuidadoras principales, un grupo de personas que quieren aprovechar las anunciadas <b>reformas de las leyes de dependencia y discapacidad<\/b> para visibilizar su labor y reivindicar sus derechos. Entre ellos, un <b>sueldo para las cuidadoras<\/b>, que no haya incompatibilidades en la <a href=\"https:\/\/www.20minutos.es\/minuteca\/ley-de-dependencia\/\" title=\"Ley de Dependencia\" target=\"_blank\" rel=\"noopener\">Ley de dependencia<\/a>, que suban las prestaciones o respiros familiares, entre otros, y para ello se han reunido con varios responsables de <b>Derechos sociales<\/b>, \u201cno nos adelantan nada, solo nos dicen que s\u00ed van a eliminar incompatibilidades, pero no nos dicen cu\u00e1les, tambi\u00e9n nos dicen que vayamos a Hacienda, a la Seguridad Social\u2026 porque la reforma de las leyes tienen que revisarlas todos los ministerios, pero poco m\u00e1s, que estemos atentas al borrador y que presentemos alegaciones\u201d.<\/p>\n<p>Sin muchas esperanzas de conseguir lo que piden, Eva espera que, al menos, reformen aspectos que considera \u2018inexplicables\u2019, como que la <b>prestaci\u00f3n por dependencia sea menor que en 2006<\/b> -quieren que sea de al menos el SMI para el grado 3- y que se eliminen incompatibilidades, como la de la prestaci\u00f3n y poder acceder a un centro de d\u00eda, \u00abmis hijos a\u00fan son peque\u00f1os, pero ahora mismo, si esto no lo cambian, cuando cumplen 21 te quitan la dependencia, la cotizaci\u00f3n\u2026 y tienes a tu hijo en casa a la misma hora que cuando iba al colegio\u2026 y todo sin tener en cuenta la situaci\u00f3n econ\u00f3mica, familiar y social de cada caso. Hay mucho por cambiar. Nosotras estamos trabajando en varios grupos para que se nos tenga en cuenta\u00bb. <\/p>\n<h1>Estoy muy desencantada, porque parece que nos oyen, pero no nos escuchan, y hay muchas familias en vulnerabilidad extrema<\/h1>\n<p>De no atender a sus demandas, Eva cree que ser\u00e1 dram\u00e1tico para muchas familias como la suya, \u00abcada vez se nos pone m\u00e1s dif\u00edcil, porque la vida sube y<b> los recursos son cada vez m\u00e1s insuficientes<\/b>. Yo estoy muy desencantada, porque parece que nos oyen, pero no nos escuchan, y hay muchas familias que est\u00e1n en situaciones de vulnerabilidad extrema, y yo puedo llegar a ser una de ellas. Yo tengo la espalda ya hecha polvo, necesito ayuda psicol\u00f3gica\u2026 no me lo quiero imaginar c\u00f3mo voy a estar en unos a\u00f1os como siga as\u00ed, vamos a salirle mucho m\u00e1s cara la sanidad p\u00fablica si <b>no cuidan de nosotras<\/b>\u00ab, asegura.<\/p>\n<p>Para terminar, Eva quiere insistir en que muchas familias con grandes dependientes a su cargo se encuentran en una <b>situaci\u00f3n de extrema vulnerabilidad<\/b>, \u00abespecialmente frente a la violencia institucional, que exacerba a\u00fan m\u00e1s nuestras dificultades. Las actuales medidas para la autonom\u00eda y atenci\u00f3n a la dependencia, reflejadas en la ley, son totalmente insuficientes y deja a las personas cuidadoras principales, la mayor\u00eda mujeres, abandonadas a su suerte en un mercado laboral que no respeta los a\u00f1os de dedicaci\u00f3n a las personas dependientes. El techo de cristal se convierte en un muro insalvable para muchas mujeres que tuvieron que <b>sacrificar su vida laboral<\/b>, profesional y personal durante a\u00f1os para cubrir los roles de madres, terapeutas, gestores y contables, peleando contra una burocracia que cambia sin previo aviso y que no nos respeta, ni nos valora\u00bb. <\/p>\n<\/div>\n<p>Fuente: Discapacidad https:\/\/www.20minutos.es\/noticia\/5612386\/0\/eva-madre-cuidadora-izan-enrique-con-discapacidad-nadie-me-dijo-que-existia-cume-me-quede-sin-trabajo-sin-ayudas\/<\/p>\n","protected":false},"excerpt":{"rendered":"<p>Eva Brandi cuida sola de Quique, con una gran dependencia, y Izan, con TDAH.<\/p>\n","protected":false},"author":1,"featured_media":0,"comment_status":"closed","ping_status":"closed","sticky":false,"template":"","format":"standard","meta":{"footnotes":""},"categories":[8],"tags":[],"class_list":["post-10264","post","type-post","status-publish","format-standard","hentry","category-noticias"],"yoast_head":"<!-- This site is optimized with the Yoast SEO plugin v27.5 - https:\/\/yoast.com\/product\/yoast-seo-wordpress\/ -->\n<title>Eva, madre cuidadora en solitario de Izan y Enrique, con discapacidad: &quot;Me qued\u00e9 sin trabajo y sin ayudas&quot; - Asociaci\u00f3n Espa\u00f1ola S\u00edndrome de Charge<\/title>\n<meta name=\"robots\" content=\"index, follow, max-snippet:-1, max-image-preview:large, max-video-preview:-1\" \/>\n<link rel=\"canonical\" href=\"https:\/\/sindromecharge.es\/index.php\/2024\/08\/26\/eva-madre-cuidadora-izan-enrique-con-discapacidad-nadie-me-dijo-que-existia-cume-me-quede-sin-trabajo-sin-ayudas\/\" \/>\n<meta property=\"og:locale\" content=\"es_ES\" \/>\n<meta property=\"og:type\" content=\"article\" \/>\n<meta property=\"og:title\" content=\"Eva, madre cuidadora en solitario de Izan y Enrique, con discapacidad: &quot;Me qued\u00e9 sin trabajo y sin ayudas&quot; - Asociaci\u00f3n Espa\u00f1ola S\u00edndrome de Charge\" \/>\n<meta property=\"og:description\" content=\"Eva Brandi cuida sola de Quique, con una gran dependencia, y Izan, con TDAH.\" \/>\n<meta property=\"og:url\" content=\"https:\/\/sindromecharge.es\/index.php\/2024\/08\/26\/eva-madre-cuidadora-izan-enrique-con-discapacidad-nadie-me-dijo-que-existia-cume-me-quede-sin-trabajo-sin-ayudas\/\" \/>\n<meta property=\"og:site_name\" content=\"Asociaci\u00f3n Espa\u00f1ola S\u00edndrome de Charge\" \/>\n<meta property=\"article:publisher\" content=\"https:\/\/www.facebook.com\/asociacionsindromecharge\" \/>\n<meta property=\"article:published_time\" content=\"2024-08-26T05:16:28+00:00\" \/>\n<meta property=\"og:image\" content=\"https:\/\/sindromecharge.es\/wp-content\/uploads\/2013\/09\/logodecharge300x98.png\" \/>\n\t<meta property=\"og:image:width\" content=\"300\" \/>\n\t<meta property=\"og:image:height\" content=\"98\" \/>\n\t<meta property=\"og:image:type\" content=\"image\/png\" \/>\n<meta name=\"author\" content=\"Charge\" \/>\n<meta name=\"twitter:card\" content=\"summary_large_image\" \/>\n<meta name=\"twitter:creator\" content=\"@sindromecharge\" \/>\n<meta name=\"twitter:site\" content=\"@sindromecharge\" \/>\n<meta name=\"twitter:label1\" content=\"Escrito por\" \/>\n\t<meta name=\"twitter:data1\" content=\"Charge\" \/>\n\t<meta name=\"twitter:label2\" content=\"Tiempo de lectura\" \/>\n\t<meta name=\"twitter:data2\" content=\"6 minutos\" \/>\n<script type=\"application\/ld+json\" class=\"yoast-schema-graph\">{\"@context\":\"https:\\\/\\\/schema.org\",\"@graph\":[{\"@type\":\"Article\",\"@id\":\"https:\\\/\\\/sindromecharge.es\\\/index.php\\\/2024\\\/08\\\/26\\\/eva-madre-cuidadora-izan-enrique-con-discapacidad-nadie-me-dijo-que-existia-cume-me-quede-sin-trabajo-sin-ayudas\\\/#article\",\"isPartOf\":{\"@id\":\"https:\\\/\\\/sindromecharge.es\\\/index.php\\\/2024\\\/08\\\/26\\\/eva-madre-cuidadora-izan-enrique-con-discapacidad-nadie-me-dijo-que-existia-cume-me-quede-sin-trabajo-sin-ayudas\\\/\"},\"author\":{\"name\":\"Charge\",\"@id\":\"https:\\\/\\\/sindromecharge.es\\\/#\\\/schema\\\/person\\\/39a60ebe0a2b4d5a11179701e336b039\"},\"headline\":\"Eva, madre cuidadora en solitario de Izan y Enrique, con discapacidad: \u00abMe qued\u00e9 sin trabajo y sin ayudas\u00bb\",\"datePublished\":\"2024-08-26T05:16:28+00:00\",\"mainEntityOfPage\":{\"@id\":\"https:\\\/\\\/sindromecharge.es\\\/index.php\\\/2024\\\/08\\\/26\\\/eva-madre-cuidadora-izan-enrique-con-discapacidad-nadie-me-dijo-que-existia-cume-me-quede-sin-trabajo-sin-ayudas\\\/\"},\"wordCount\":1315,\"articleSection\":[\"noticias\"],\"inLanguage\":\"es\"},{\"@type\":\"WebPage\",\"@id\":\"https:\\\/\\\/sindromecharge.es\\\/index.php\\\/2024\\\/08\\\/26\\\/eva-madre-cuidadora-izan-enrique-con-discapacidad-nadie-me-dijo-que-existia-cume-me-quede-sin-trabajo-sin-ayudas\\\/\",\"url\":\"https:\\\/\\\/sindromecharge.es\\\/index.php\\\/2024\\\/08\\\/26\\\/eva-madre-cuidadora-izan-enrique-con-discapacidad-nadie-me-dijo-que-existia-cume-me-quede-sin-trabajo-sin-ayudas\\\/\",\"name\":\"Eva, madre cuidadora en solitario de Izan y Enrique, con discapacidad: \\\"Me qued\u00e9 sin trabajo y sin ayudas\\\" - Asociaci\u00f3n Espa\u00f1ola S\u00edndrome de Charge\",\"isPartOf\":{\"@id\":\"https:\\\/\\\/sindromecharge.es\\\/#website\"},\"datePublished\":\"2024-08-26T05:16:28+00:00\",\"author\":{\"@id\":\"https:\\\/\\\/sindromecharge.es\\\/#\\\/schema\\\/person\\\/39a60ebe0a2b4d5a11179701e336b039\"},\"breadcrumb\":{\"@id\":\"https:\\\/\\\/sindromecharge.es\\\/index.php\\\/2024\\\/08\\\/26\\\/eva-madre-cuidadora-izan-enrique-con-discapacidad-nadie-me-dijo-que-existia-cume-me-quede-sin-trabajo-sin-ayudas\\\/#breadcrumb\"},\"inLanguage\":\"es\",\"potentialAction\":[{\"@type\":\"ReadAction\",\"target\":[\"https:\\\/\\\/sindromecharge.es\\\/index.php\\\/2024\\\/08\\\/26\\\/eva-madre-cuidadora-izan-enrique-con-discapacidad-nadie-me-dijo-que-existia-cume-me-quede-sin-trabajo-sin-ayudas\\\/\"]}]},{\"@type\":\"BreadcrumbList\",\"@id\":\"https:\\\/\\\/sindromecharge.es\\\/index.php\\\/2024\\\/08\\\/26\\\/eva-madre-cuidadora-izan-enrique-con-discapacidad-nadie-me-dijo-que-existia-cume-me-quede-sin-trabajo-sin-ayudas\\\/#breadcrumb\",\"itemListElement\":[{\"@type\":\"ListItem\",\"position\":1,\"name\":\"Portada\",\"item\":\"https:\\\/\\\/sindromecharge.es\\\/\"},{\"@type\":\"ListItem\",\"position\":2,\"name\":\"Eva, madre cuidadora en solitario de Izan y Enrique, con discapacidad: &#8220;Me qued\u00e9 sin trabajo y sin ayudas&#8221;\"}]},{\"@type\":\"WebSite\",\"@id\":\"https:\\\/\\\/sindromecharge.es\\\/#website\",\"url\":\"https:\\\/\\\/sindromecharge.es\\\/\",\"name\":\"Asociaci\u00f3n Espa\u00f1ola S\u00edndrome de Charge\",\"description\":\"\",\"potentialAction\":[{\"@type\":\"SearchAction\",\"target\":{\"@type\":\"EntryPoint\",\"urlTemplate\":\"https:\\\/\\\/sindromecharge.es\\\/?s={search_term_string}\"},\"query-input\":{\"@type\":\"PropertyValueSpecification\",\"valueRequired\":true,\"valueName\":\"search_term_string\"}}],\"inLanguage\":\"es\"},{\"@type\":\"Person\",\"@id\":\"https:\\\/\\\/sindromecharge.es\\\/#\\\/schema\\\/person\\\/39a60ebe0a2b4d5a11179701e336b039\",\"name\":\"Charge\",\"image\":{\"@type\":\"ImageObject\",\"inLanguage\":\"es\",\"@id\":\"https:\\\/\\\/secure.gravatar.com\\\/avatar\\\/c3b46e32a0fc3b093a0873fb767bf3293de856293065e84ef06b7ec7a8acfb98?s=96&d=identicon&r=x\",\"url\":\"https:\\\/\\\/secure.gravatar.com\\\/avatar\\\/c3b46e32a0fc3b093a0873fb767bf3293de856293065e84ef06b7ec7a8acfb98?s=96&d=identicon&r=x\",\"contentUrl\":\"https:\\\/\\\/secure.gravatar.com\\\/avatar\\\/c3b46e32a0fc3b093a0873fb767bf3293de856293065e84ef06b7ec7a8acfb98?s=96&d=identicon&r=x\",\"caption\":\"Charge\"},\"url\":\"https:\\\/\\\/sindromecharge.es\\\/index.php\\\/author\\\/admin\\\/\"}]}<\/script>\n<!-- \/ Yoast SEO plugin. -->","yoast_head_json":{"title":"Eva, madre cuidadora en solitario de Izan y Enrique, con discapacidad: \"Me qued\u00e9 sin trabajo y sin ayudas\" - Asociaci\u00f3n Espa\u00f1ola S\u00edndrome de Charge","robots":{"index":"index","follow":"follow","max-snippet":"max-snippet:-1","max-image-preview":"max-image-preview:large","max-video-preview":"max-video-preview:-1"},"canonical":"https:\/\/sindromecharge.es\/index.php\/2024\/08\/26\/eva-madre-cuidadora-izan-enrique-con-discapacidad-nadie-me-dijo-que-existia-cume-me-quede-sin-trabajo-sin-ayudas\/","og_locale":"es_ES","og_type":"article","og_title":"Eva, madre cuidadora en solitario de Izan y Enrique, con discapacidad: \"Me qued\u00e9 sin trabajo y sin ayudas\" - Asociaci\u00f3n Espa\u00f1ola S\u00edndrome de Charge","og_description":"Eva Brandi cuida sola de Quique, con una gran dependencia, y Izan, con TDAH.","og_url":"https:\/\/sindromecharge.es\/index.php\/2024\/08\/26\/eva-madre-cuidadora-izan-enrique-con-discapacidad-nadie-me-dijo-que-existia-cume-me-quede-sin-trabajo-sin-ayudas\/","og_site_name":"Asociaci\u00f3n Espa\u00f1ola S\u00edndrome de Charge","article_publisher":"https:\/\/www.facebook.com\/asociacionsindromecharge","article_published_time":"2024-08-26T05:16:28+00:00","og_image":[{"width":300,"height":98,"url":"https:\/\/sindromecharge.es\/wp-content\/uploads\/2013\/09\/logodecharge300x98.png","type":"image\/png"}],"author":"Charge","twitter_card":"summary_large_image","twitter_creator":"@sindromecharge","twitter_site":"@sindromecharge","twitter_misc":{"Escrito por":"Charge","Tiempo de lectura":"6 minutos"},"schema":{"@context":"https:\/\/schema.org","@graph":[{"@type":"Article","@id":"https:\/\/sindromecharge.es\/index.php\/2024\/08\/26\/eva-madre-cuidadora-izan-enrique-con-discapacidad-nadie-me-dijo-que-existia-cume-me-quede-sin-trabajo-sin-ayudas\/#article","isPartOf":{"@id":"https:\/\/sindromecharge.es\/index.php\/2024\/08\/26\/eva-madre-cuidadora-izan-enrique-con-discapacidad-nadie-me-dijo-que-existia-cume-me-quede-sin-trabajo-sin-ayudas\/"},"author":{"name":"Charge","@id":"https:\/\/sindromecharge.es\/#\/schema\/person\/39a60ebe0a2b4d5a11179701e336b039"},"headline":"Eva, madre cuidadora en solitario de Izan y Enrique, con discapacidad: \u00abMe qued\u00e9 sin trabajo y sin ayudas\u00bb","datePublished":"2024-08-26T05:16:28+00:00","mainEntityOfPage":{"@id":"https:\/\/sindromecharge.es\/index.php\/2024\/08\/26\/eva-madre-cuidadora-izan-enrique-con-discapacidad-nadie-me-dijo-que-existia-cume-me-quede-sin-trabajo-sin-ayudas\/"},"wordCount":1315,"articleSection":["noticias"],"inLanguage":"es"},{"@type":"WebPage","@id":"https:\/\/sindromecharge.es\/index.php\/2024\/08\/26\/eva-madre-cuidadora-izan-enrique-con-discapacidad-nadie-me-dijo-que-existia-cume-me-quede-sin-trabajo-sin-ayudas\/","url":"https:\/\/sindromecharge.es\/index.php\/2024\/08\/26\/eva-madre-cuidadora-izan-enrique-con-discapacidad-nadie-me-dijo-que-existia-cume-me-quede-sin-trabajo-sin-ayudas\/","name":"Eva, madre cuidadora en solitario de Izan y Enrique, con discapacidad: \"Me qued\u00e9 sin trabajo y sin ayudas\" - Asociaci\u00f3n Espa\u00f1ola S\u00edndrome de Charge","isPartOf":{"@id":"https:\/\/sindromecharge.es\/#website"},"datePublished":"2024-08-26T05:16:28+00:00","author":{"@id":"https:\/\/sindromecharge.es\/#\/schema\/person\/39a60ebe0a2b4d5a11179701e336b039"},"breadcrumb":{"@id":"https:\/\/sindromecharge.es\/index.php\/2024\/08\/26\/eva-madre-cuidadora-izan-enrique-con-discapacidad-nadie-me-dijo-que-existia-cume-me-quede-sin-trabajo-sin-ayudas\/#breadcrumb"},"inLanguage":"es","potentialAction":[{"@type":"ReadAction","target":["https:\/\/sindromecharge.es\/index.php\/2024\/08\/26\/eva-madre-cuidadora-izan-enrique-con-discapacidad-nadie-me-dijo-que-existia-cume-me-quede-sin-trabajo-sin-ayudas\/"]}]},{"@type":"BreadcrumbList","@id":"https:\/\/sindromecharge.es\/index.php\/2024\/08\/26\/eva-madre-cuidadora-izan-enrique-con-discapacidad-nadie-me-dijo-que-existia-cume-me-quede-sin-trabajo-sin-ayudas\/#breadcrumb","itemListElement":[{"@type":"ListItem","position":1,"name":"Portada","item":"https:\/\/sindromecharge.es\/"},{"@type":"ListItem","position":2,"name":"Eva, madre cuidadora en solitario de Izan y Enrique, con discapacidad: &#8220;Me qued\u00e9 sin trabajo y sin ayudas&#8221;"}]},{"@type":"WebSite","@id":"https:\/\/sindromecharge.es\/#website","url":"https:\/\/sindromecharge.es\/","name":"Asociaci\u00f3n Espa\u00f1ola S\u00edndrome de Charge","description":"","potentialAction":[{"@type":"SearchAction","target":{"@type":"EntryPoint","urlTemplate":"https:\/\/sindromecharge.es\/?s={search_term_string}"},"query-input":{"@type":"PropertyValueSpecification","valueRequired":true,"valueName":"search_term_string"}}],"inLanguage":"es"},{"@type":"Person","@id":"https:\/\/sindromecharge.es\/#\/schema\/person\/39a60ebe0a2b4d5a11179701e336b039","name":"Charge","image":{"@type":"ImageObject","inLanguage":"es","@id":"https:\/\/secure.gravatar.com\/avatar\/c3b46e32a0fc3b093a0873fb767bf3293de856293065e84ef06b7ec7a8acfb98?s=96&d=identicon&r=x","url":"https:\/\/secure.gravatar.com\/avatar\/c3b46e32a0fc3b093a0873fb767bf3293de856293065e84ef06b7ec7a8acfb98?s=96&d=identicon&r=x","contentUrl":"https:\/\/secure.gravatar.com\/avatar\/c3b46e32a0fc3b093a0873fb767bf3293de856293065e84ef06b7ec7a8acfb98?s=96&d=identicon&r=x","caption":"Charge"},"url":"https:\/\/sindromecharge.es\/index.php\/author\/admin\/"}]}},"_links":{"self":[{"href":"https:\/\/sindromecharge.es\/index.php\/wp-json\/wp\/v2\/posts\/10264","targetHints":{"allow":["GET"]}}],"collection":[{"href":"https:\/\/sindromecharge.es\/index.php\/wp-json\/wp\/v2\/posts"}],"about":[{"href":"https:\/\/sindromecharge.es\/index.php\/wp-json\/wp\/v2\/types\/post"}],"author":[{"embeddable":true,"href":"https:\/\/sindromecharge.es\/index.php\/wp-json\/wp\/v2\/users\/1"}],"replies":[{"embeddable":true,"href":"https:\/\/sindromecharge.es\/index.php\/wp-json\/wp\/v2\/comments?post=10264"}],"version-history":[{"count":0,"href":"https:\/\/sindromecharge.es\/index.php\/wp-json\/wp\/v2\/posts\/10264\/revisions"}],"wp:attachment":[{"href":"https:\/\/sindromecharge.es\/index.php\/wp-json\/wp\/v2\/media?parent=10264"}],"wp:term":[{"taxonomy":"category","embeddable":true,"href":"https:\/\/sindromecharge.es\/index.php\/wp-json\/wp\/v2\/categories?post=10264"},{"taxonomy":"post_tag","embeddable":true,"href":"https:\/\/sindromecharge.es\/index.php\/wp-json\/wp\/v2\/tags?post=10264"}],"curies":[{"name":"wp","href":"https:\/\/api.w.org\/{rel}","templated":true}]}}