{"id":10260,"date":"2024-08-23T05:13:31","date_gmt":"2024-08-23T05:13:31","guid":{"rendered":"https:\/\/sindromecharge.es\/index.php\/2024\/08\/23\/es-posible-compatibilizar-pension-incapacidad-absoluta-con-trabajo-abogado-pedro-lopez-responde\/"},"modified":"2024-08-23T05:13:31","modified_gmt":"2024-08-23T05:13:31","slug":"es-posible-compatibilizar-pension-incapacidad-absoluta-con-trabajo-abogado-pedro-lopez-responde","status":"publish","type":"post","link":"https:\/\/sindromecharge.es\/index.php\/2024\/08\/23\/es-posible-compatibilizar-pension-incapacidad-absoluta-con-trabajo-abogado-pedro-lopez-responde\/","title":{"rendered":"\u00bfEs posible compatibilizar la pensi\u00f3n de incapacidad permanente absoluta con el trabajo?"},"content":{"rendered":"<p>Leemos en Discapacidad la siguiente noticia que os reproducimos de forma \u00edntegra: <\/p>\n<div>\n<p>Pedro L\u00f3pez es abogado laborista y experto en <a href=\"https:\/\/www.20minutos.es\/noticia\/5235753\/0\/albert-campabadal-contratacion-personas-con-discapacidad-todo-son-ventajas-unico-que-hay-que-ponerle-es-ganas\/\" title='Albert Campabadal, de CEDDD: \"El trabajo permite a las personas con discapacidad tener un proyecto de vida\"'>centros especiales de empleo<\/a> en <a href=\"http:\/\/www.grupogarantia.es\/\" target=\"_blank\" rel=\"noopener\">Grupo Garant\u00eda<\/a>, as\u00ed como letrado colaborador del Consejo Espa\u00f1ol para la Defensa de la Discapacidad y la Dependencia (CEDDD).<\/p>\n<p>Seg\u00fan este experto, cuando a un trabajador se le reconoce la <b>incapacidad permanente<\/b>, generalmente por una <a href=\"https:\/\/www.20minutos.es\/minuteca\/discapacidad\/\" title=\"Discapacidad\" target=\"_blank\" rel=\"noopener\">discapacidad<\/a> sobrevenida, este reconocimiento viene acompa\u00f1ado de una <a href=\"https:\/\/www.20minutos.es\/minuteca\/pensiones\/\" title=\"Pensiones\" target=\"_blank\" rel=\"noopener\">pensi\u00f3n<\/a>, cuya cuant\u00eda depende de la cotizaci\u00f3n.<\/p>\n<p><b>En funci\u00f3n del tipo de incapacidad<\/b>, esta pensi\u00f3n ser\u00e1 o no, compatible con realizar otro trabajo. En el caso de la<b> incapacidad permanente total<\/b>, por la que se percibe el 55% de la base de cotizaci\u00f3n, porque incapacita solo para hacer un tipo de trabajo, s\u00ed se puede compatibilizar, siempre presentando <a href=\"https:\/\/sede.seg-social.gob.es\/wps\/wcm\/connect\/sede\/b7cf4405-c6c6-476f-9ea7-8dd99e9e9fd1\/6-067_Castellano_v80_Accesibilidad_Com_inicio-fin_activ.pdf?MOD=AJPERES&amp;CVID=\" target=\"_blank\" rel=\"nofollow noopener\">este formulario en la Seguridad Social<\/a>.<\/p>\n<p>Distinto es el caso de haberles concedido la<b> incapacidad permanente absoluta o la gran invalidez<\/b>, pues la pensi\u00f3n concedida asciende al 100% de la base reguladora. No obstante,<b> hasta ahora, s\u00ed era posible compatibilizar este tipo de pensiones con el trabajo<\/b>, algo que solo pod\u00eda hacerse solicitando permiso a INSS y <b>cumpliendo una serie de requisitos<\/b>.<\/p>\n<p>Sin embargo, a ra\u00edz de una<a href=\"https:\/\/www.poderjudicial.es\/search\/AN\/openDocument\/9af7a1ce22d32f3da0a8778d75e36f0d\/20240426\" target=\"_blank\" rel=\"nofollow noopener\"> reciente sentencia del Tribunal Supremo<\/a>, en la que se posicionaba en contra de que este tipo de pensiones se pudieran compatibilizar con un trabajo, esto cambiar\u00e1 a partir de ahora, pero, \u00bfqu\u00e9 ocurrir\u00e1 con <b>aquellas personas que, hasta ahora, estaban compatibilizand<\/b>o la pensi\u00f3n de incapacidad permanente absoluta o gran invalidez con el trabajo?<\/p>\n<p><b> El abogado laboral Pedro L\u00f3pez<\/b> explica que, en este caso, \u00abse va a mantener. El INSS va a permitir que se pueda compatibilizar\u00bb, pero advierte de que estas personas<b> pueden ser &#8216;revisables&#8217;<\/b>, es decir, que les pueden hacer pasar de nuevo por el tribunal m\u00e9dico por si tienen alguna mejor\u00eda.<\/p>\n<p>Distinto es el caso de aquellas a las que se les reconozcan el derecho a algunas de estas pensiones<b> tras la sentencia del <a href=\"https:\/\/www.20minutos.es\/minuteca\/tribunal-supremo\/\" title=\"Tribunal Supremo\" target=\"_blank\" rel=\"noopener\">Tribunal Supremo<\/a><\/b>, el INSS (Instituto Nacional de la Seguridad Social) <b>no lo considera compatible<\/b> y podr\u00edan ser requeridos por el cobro indebido de estas pensiones y \u00absolicitar la revisi\u00f3n de oficio por una mejor\u00eda\u00bb.<\/p>\n<p>Las personas que quieran ahora empezar trabajando pese a tener reconocido el derecho a una pensi\u00f3n de incapacidad permanente absoluta o de gran invalidez tendr\u00e1n que, en palabras de Pedro L\u00f3pez, \u00ab<b>solicitar el INSS un escrito sobre mejor\u00eda<\/b> para que valore tu incapacidad y que esta pueda bajar hasta la incapacidad permanente total\u00bb, que s\u00ed es compatible con un trabajo. El abogado advierte sobre esta opci\u00f3n, pues el INSS puede considerar, tras esta revisi\u00f3n, \u00abque no tienes ning\u00fan tipo de incapacidad y dejar\u00eda de cobrar cualquier tipo de pensi\u00f3n\u00bb.<\/p>\n<p>Para que esto no suceda, L\u00f3pez recomienda que, cualquier movimiento, \u00ab<b>se comunique previamente al INSS,<\/b> como marca la normativa\u00bb. <\/p>\n<\/div>\n<p>Fuente: Discapacidad https:\/\/www.20minutos.es\/noticia\/5536833\/0\/es-posible-compatibilizar-pension-incapacidad-absoluta-con-trabajo-abogado-pedro-lopez-responde\/<\/p>\n","protected":false},"excerpt":{"rendered":"<p>El Tribunal Supremo decidi\u00f3 hace unos meses que ni la pensi\u00f3n por incapacidad permanente total ni la gran invalidez deber\u00edan ser compatibles con trabajar.<\/p>\n","protected":false},"author":1,"featured_media":0,"comment_status":"closed","ping_status":"closed","sticky":false,"template":"","format":"standard","meta":{"footnotes":""},"categories":[8],"tags":[],"class_list":["post-10260","post","type-post","status-publish","format-standard","hentry","category-noticias"],"yoast_head":"<!-- This site is optimized with the Yoast SEO plugin v27.5 - https:\/\/yoast.com\/product\/yoast-seo-wordpress\/ -->\n<title>\u00bfEs posible compatibilizar la pensi\u00f3n de incapacidad permanente absoluta con el trabajo? - Asociaci\u00f3n Espa\u00f1ola S\u00edndrome de Charge<\/title>\n<meta name=\"robots\" content=\"index, follow, max-snippet:-1, max-image-preview:large, max-video-preview:-1\" \/>\n<link rel=\"canonical\" href=\"https:\/\/sindromecharge.es\/index.php\/2024\/08\/23\/es-posible-compatibilizar-pension-incapacidad-absoluta-con-trabajo-abogado-pedro-lopez-responde\/\" \/>\n<meta property=\"og:locale\" content=\"es_ES\" \/>\n<meta property=\"og:type\" content=\"article\" \/>\n<meta property=\"og:title\" content=\"\u00bfEs posible compatibilizar la pensi\u00f3n de incapacidad permanente absoluta con el trabajo? - Asociaci\u00f3n Espa\u00f1ola S\u00edndrome de Charge\" \/>\n<meta property=\"og:description\" content=\"El Tribunal Supremo decidi\u00f3 hace unos meses que ni la pensi\u00f3n por incapacidad permanente total ni la gran invalidez deber\u00edan ser compatibles con trabajar.\" \/>\n<meta property=\"og:url\" content=\"https:\/\/sindromecharge.es\/index.php\/2024\/08\/23\/es-posible-compatibilizar-pension-incapacidad-absoluta-con-trabajo-abogado-pedro-lopez-responde\/\" \/>\n<meta property=\"og:site_name\" content=\"Asociaci\u00f3n Espa\u00f1ola S\u00edndrome de Charge\" \/>\n<meta property=\"article:publisher\" content=\"https:\/\/www.facebook.com\/asociacionsindromecharge\" \/>\n<meta property=\"article:published_time\" content=\"2024-08-23T05:13:31+00:00\" \/>\n<meta property=\"og:image\" content=\"https:\/\/sindromecharge.es\/wp-content\/uploads\/2013\/09\/logodecharge300x98.png\" \/>\n\t<meta property=\"og:image:width\" content=\"300\" \/>\n\t<meta property=\"og:image:height\" content=\"98\" \/>\n\t<meta property=\"og:image:type\" content=\"image\/png\" \/>\n<meta name=\"author\" content=\"Charge\" \/>\n<meta name=\"twitter:card\" content=\"summary_large_image\" \/>\n<meta name=\"twitter:creator\" content=\"@sindromecharge\" \/>\n<meta name=\"twitter:site\" content=\"@sindromecharge\" \/>\n<meta name=\"twitter:label1\" content=\"Escrito por\" \/>\n\t<meta name=\"twitter:data1\" content=\"Charge\" \/>\n\t<meta name=\"twitter:label2\" content=\"Tiempo de lectura\" \/>\n\t<meta name=\"twitter:data2\" content=\"2 minutos\" \/>\n<script type=\"application\/ld+json\" class=\"yoast-schema-graph\">{\"@context\":\"https:\\\/\\\/schema.org\",\"@graph\":[{\"@type\":\"Article\",\"@id\":\"https:\\\/\\\/sindromecharge.es\\\/index.php\\\/2024\\\/08\\\/23\\\/es-posible-compatibilizar-pension-incapacidad-absoluta-con-trabajo-abogado-pedro-lopez-responde\\\/#article\",\"isPartOf\":{\"@id\":\"https:\\\/\\\/sindromecharge.es\\\/index.php\\\/2024\\\/08\\\/23\\\/es-posible-compatibilizar-pension-incapacidad-absoluta-con-trabajo-abogado-pedro-lopez-responde\\\/\"},\"author\":{\"name\":\"Charge\",\"@id\":\"https:\\\/\\\/sindromecharge.es\\\/#\\\/schema\\\/person\\\/39a60ebe0a2b4d5a11179701e336b039\"},\"headline\":\"\u00bfEs posible compatibilizar la pensi\u00f3n de incapacidad permanente absoluta con el trabajo?\",\"datePublished\":\"2024-08-23T05:13:31+00:00\",\"mainEntityOfPage\":{\"@id\":\"https:\\\/\\\/sindromecharge.es\\\/index.php\\\/2024\\\/08\\\/23\\\/es-posible-compatibilizar-pension-incapacidad-absoluta-con-trabajo-abogado-pedro-lopez-responde\\\/\"},\"wordCount\":512,\"articleSection\":[\"noticias\"],\"inLanguage\":\"es\"},{\"@type\":\"WebPage\",\"@id\":\"https:\\\/\\\/sindromecharge.es\\\/index.php\\\/2024\\\/08\\\/23\\\/es-posible-compatibilizar-pension-incapacidad-absoluta-con-trabajo-abogado-pedro-lopez-responde\\\/\",\"url\":\"https:\\\/\\\/sindromecharge.es\\\/index.php\\\/2024\\\/08\\\/23\\\/es-posible-compatibilizar-pension-incapacidad-absoluta-con-trabajo-abogado-pedro-lopez-responde\\\/\",\"name\":\"\u00bfEs posible compatibilizar la pensi\u00f3n de incapacidad permanente absoluta con el trabajo? - Asociaci\u00f3n Espa\u00f1ola S\u00edndrome de Charge\",\"isPartOf\":{\"@id\":\"https:\\\/\\\/sindromecharge.es\\\/#website\"},\"datePublished\":\"2024-08-23T05:13:31+00:00\",\"author\":{\"@id\":\"https:\\\/\\\/sindromecharge.es\\\/#\\\/schema\\\/person\\\/39a60ebe0a2b4d5a11179701e336b039\"},\"breadcrumb\":{\"@id\":\"https:\\\/\\\/sindromecharge.es\\\/index.php\\\/2024\\\/08\\\/23\\\/es-posible-compatibilizar-pension-incapacidad-absoluta-con-trabajo-abogado-pedro-lopez-responde\\\/#breadcrumb\"},\"inLanguage\":\"es\",\"potentialAction\":[{\"@type\":\"ReadAction\",\"target\":[\"https:\\\/\\\/sindromecharge.es\\\/index.php\\\/2024\\\/08\\\/23\\\/es-posible-compatibilizar-pension-incapacidad-absoluta-con-trabajo-abogado-pedro-lopez-responde\\\/\"]}]},{\"@type\":\"BreadcrumbList\",\"@id\":\"https:\\\/\\\/sindromecharge.es\\\/index.php\\\/2024\\\/08\\\/23\\\/es-posible-compatibilizar-pension-incapacidad-absoluta-con-trabajo-abogado-pedro-lopez-responde\\\/#breadcrumb\",\"itemListElement\":[{\"@type\":\"ListItem\",\"position\":1,\"name\":\"Portada\",\"item\":\"https:\\\/\\\/sindromecharge.es\\\/\"},{\"@type\":\"ListItem\",\"position\":2,\"name\":\"\u00bfEs posible compatibilizar la pensi\u00f3n de incapacidad permanente absoluta con el trabajo?\"}]},{\"@type\":\"WebSite\",\"@id\":\"https:\\\/\\\/sindromecharge.es\\\/#website\",\"url\":\"https:\\\/\\\/sindromecharge.es\\\/\",\"name\":\"Asociaci\u00f3n Espa\u00f1ola S\u00edndrome de Charge\",\"description\":\"\",\"potentialAction\":[{\"@type\":\"SearchAction\",\"target\":{\"@type\":\"EntryPoint\",\"urlTemplate\":\"https:\\\/\\\/sindromecharge.es\\\/?s={search_term_string}\"},\"query-input\":{\"@type\":\"PropertyValueSpecification\",\"valueRequired\":true,\"valueName\":\"search_term_string\"}}],\"inLanguage\":\"es\"},{\"@type\":\"Person\",\"@id\":\"https:\\\/\\\/sindromecharge.es\\\/#\\\/schema\\\/person\\\/39a60ebe0a2b4d5a11179701e336b039\",\"name\":\"Charge\",\"image\":{\"@type\":\"ImageObject\",\"inLanguage\":\"es\",\"@id\":\"https:\\\/\\\/secure.gravatar.com\\\/avatar\\\/c3b46e32a0fc3b093a0873fb767bf3293de856293065e84ef06b7ec7a8acfb98?s=96&d=identicon&r=x\",\"url\":\"https:\\\/\\\/secure.gravatar.com\\\/avatar\\\/c3b46e32a0fc3b093a0873fb767bf3293de856293065e84ef06b7ec7a8acfb98?s=96&d=identicon&r=x\",\"contentUrl\":\"https:\\\/\\\/secure.gravatar.com\\\/avatar\\\/c3b46e32a0fc3b093a0873fb767bf3293de856293065e84ef06b7ec7a8acfb98?s=96&d=identicon&r=x\",\"caption\":\"Charge\"},\"url\":\"https:\\\/\\\/sindromecharge.es\\\/index.php\\\/author\\\/admin\\\/\"}]}<\/script>\n<!-- \/ Yoast SEO plugin. -->","yoast_head_json":{"title":"\u00bfEs posible compatibilizar la pensi\u00f3n de incapacidad permanente absoluta con el trabajo? - Asociaci\u00f3n Espa\u00f1ola S\u00edndrome de Charge","robots":{"index":"index","follow":"follow","max-snippet":"max-snippet:-1","max-image-preview":"max-image-preview:large","max-video-preview":"max-video-preview:-1"},"canonical":"https:\/\/sindromecharge.es\/index.php\/2024\/08\/23\/es-posible-compatibilizar-pension-incapacidad-absoluta-con-trabajo-abogado-pedro-lopez-responde\/","og_locale":"es_ES","og_type":"article","og_title":"\u00bfEs posible compatibilizar la pensi\u00f3n de incapacidad permanente absoluta con el trabajo? - Asociaci\u00f3n Espa\u00f1ola S\u00edndrome de Charge","og_description":"El Tribunal Supremo decidi\u00f3 hace unos meses que ni la pensi\u00f3n por incapacidad permanente total ni la gran invalidez deber\u00edan ser compatibles con trabajar.","og_url":"https:\/\/sindromecharge.es\/index.php\/2024\/08\/23\/es-posible-compatibilizar-pension-incapacidad-absoluta-con-trabajo-abogado-pedro-lopez-responde\/","og_site_name":"Asociaci\u00f3n Espa\u00f1ola S\u00edndrome de Charge","article_publisher":"https:\/\/www.facebook.com\/asociacionsindromecharge","article_published_time":"2024-08-23T05:13:31+00:00","og_image":[{"width":300,"height":98,"url":"https:\/\/sindromecharge.es\/wp-content\/uploads\/2013\/09\/logodecharge300x98.png","type":"image\/png"}],"author":"Charge","twitter_card":"summary_large_image","twitter_creator":"@sindromecharge","twitter_site":"@sindromecharge","twitter_misc":{"Escrito por":"Charge","Tiempo de lectura":"2 minutos"},"schema":{"@context":"https:\/\/schema.org","@graph":[{"@type":"Article","@id":"https:\/\/sindromecharge.es\/index.php\/2024\/08\/23\/es-posible-compatibilizar-pension-incapacidad-absoluta-con-trabajo-abogado-pedro-lopez-responde\/#article","isPartOf":{"@id":"https:\/\/sindromecharge.es\/index.php\/2024\/08\/23\/es-posible-compatibilizar-pension-incapacidad-absoluta-con-trabajo-abogado-pedro-lopez-responde\/"},"author":{"name":"Charge","@id":"https:\/\/sindromecharge.es\/#\/schema\/person\/39a60ebe0a2b4d5a11179701e336b039"},"headline":"\u00bfEs posible compatibilizar la pensi\u00f3n de incapacidad permanente absoluta con el trabajo?","datePublished":"2024-08-23T05:13:31+00:00","mainEntityOfPage":{"@id":"https:\/\/sindromecharge.es\/index.php\/2024\/08\/23\/es-posible-compatibilizar-pension-incapacidad-absoluta-con-trabajo-abogado-pedro-lopez-responde\/"},"wordCount":512,"articleSection":["noticias"],"inLanguage":"es"},{"@type":"WebPage","@id":"https:\/\/sindromecharge.es\/index.php\/2024\/08\/23\/es-posible-compatibilizar-pension-incapacidad-absoluta-con-trabajo-abogado-pedro-lopez-responde\/","url":"https:\/\/sindromecharge.es\/index.php\/2024\/08\/23\/es-posible-compatibilizar-pension-incapacidad-absoluta-con-trabajo-abogado-pedro-lopez-responde\/","name":"\u00bfEs posible compatibilizar la pensi\u00f3n de incapacidad permanente absoluta con el trabajo? - Asociaci\u00f3n Espa\u00f1ola S\u00edndrome de Charge","isPartOf":{"@id":"https:\/\/sindromecharge.es\/#website"},"datePublished":"2024-08-23T05:13:31+00:00","author":{"@id":"https:\/\/sindromecharge.es\/#\/schema\/person\/39a60ebe0a2b4d5a11179701e336b039"},"breadcrumb":{"@id":"https:\/\/sindromecharge.es\/index.php\/2024\/08\/23\/es-posible-compatibilizar-pension-incapacidad-absoluta-con-trabajo-abogado-pedro-lopez-responde\/#breadcrumb"},"inLanguage":"es","potentialAction":[{"@type":"ReadAction","target":["https:\/\/sindromecharge.es\/index.php\/2024\/08\/23\/es-posible-compatibilizar-pension-incapacidad-absoluta-con-trabajo-abogado-pedro-lopez-responde\/"]}]},{"@type":"BreadcrumbList","@id":"https:\/\/sindromecharge.es\/index.php\/2024\/08\/23\/es-posible-compatibilizar-pension-incapacidad-absoluta-con-trabajo-abogado-pedro-lopez-responde\/#breadcrumb","itemListElement":[{"@type":"ListItem","position":1,"name":"Portada","item":"https:\/\/sindromecharge.es\/"},{"@type":"ListItem","position":2,"name":"\u00bfEs posible compatibilizar la pensi\u00f3n de incapacidad permanente absoluta con el trabajo?"}]},{"@type":"WebSite","@id":"https:\/\/sindromecharge.es\/#website","url":"https:\/\/sindromecharge.es\/","name":"Asociaci\u00f3n Espa\u00f1ola S\u00edndrome de Charge","description":"","potentialAction":[{"@type":"SearchAction","target":{"@type":"EntryPoint","urlTemplate":"https:\/\/sindromecharge.es\/?s={search_term_string}"},"query-input":{"@type":"PropertyValueSpecification","valueRequired":true,"valueName":"search_term_string"}}],"inLanguage":"es"},{"@type":"Person","@id":"https:\/\/sindromecharge.es\/#\/schema\/person\/39a60ebe0a2b4d5a11179701e336b039","name":"Charge","image":{"@type":"ImageObject","inLanguage":"es","@id":"https:\/\/secure.gravatar.com\/avatar\/c3b46e32a0fc3b093a0873fb767bf3293de856293065e84ef06b7ec7a8acfb98?s=96&d=identicon&r=x","url":"https:\/\/secure.gravatar.com\/avatar\/c3b46e32a0fc3b093a0873fb767bf3293de856293065e84ef06b7ec7a8acfb98?s=96&d=identicon&r=x","contentUrl":"https:\/\/secure.gravatar.com\/avatar\/c3b46e32a0fc3b093a0873fb767bf3293de856293065e84ef06b7ec7a8acfb98?s=96&d=identicon&r=x","caption":"Charge"},"url":"https:\/\/sindromecharge.es\/index.php\/author\/admin\/"}]}},"_links":{"self":[{"href":"https:\/\/sindromecharge.es\/index.php\/wp-json\/wp\/v2\/posts\/10260","targetHints":{"allow":["GET"]}}],"collection":[{"href":"https:\/\/sindromecharge.es\/index.php\/wp-json\/wp\/v2\/posts"}],"about":[{"href":"https:\/\/sindromecharge.es\/index.php\/wp-json\/wp\/v2\/types\/post"}],"author":[{"embeddable":true,"href":"https:\/\/sindromecharge.es\/index.php\/wp-json\/wp\/v2\/users\/1"}],"replies":[{"embeddable":true,"href":"https:\/\/sindromecharge.es\/index.php\/wp-json\/wp\/v2\/comments?post=10260"}],"version-history":[{"count":0,"href":"https:\/\/sindromecharge.es\/index.php\/wp-json\/wp\/v2\/posts\/10260\/revisions"}],"wp:attachment":[{"href":"https:\/\/sindromecharge.es\/index.php\/wp-json\/wp\/v2\/media?parent=10260"}],"wp:term":[{"taxonomy":"category","embeddable":true,"href":"https:\/\/sindromecharge.es\/index.php\/wp-json\/wp\/v2\/categories?post=10260"},{"taxonomy":"post_tag","embeddable":true,"href":"https:\/\/sindromecharge.es\/index.php\/wp-json\/wp\/v2\/tags?post=10260"}],"curies":[{"name":"wp","href":"https:\/\/api.w.org\/{rel}","templated":true}]}}