{"id":10259,"date":"2024-08-23T05:12:57","date_gmt":"2024-08-23T05:12:57","guid":{"rendered":"https:\/\/sindromecharge.es\/index.php\/2024\/08\/23\/discapacidad-intelectual-los-juegos-paralimpicos-merecen-mayor-igualdad-oportunidades\/"},"modified":"2024-08-23T05:12:57","modified_gmt":"2024-08-23T05:12:57","slug":"discapacidad-intelectual-los-juegos-paralimpicos-merecen-mayor-igualdad-oportunidades","status":"publish","type":"post","link":"https:\/\/sindromecharge.es\/index.php\/2024\/08\/23\/discapacidad-intelectual-los-juegos-paralimpicos-merecen-mayor-igualdad-oportunidades\/","title":{"rendered":"La discapacidad intelectual, casi inexistente en los Juegos Paral\u00edmpicos: \u00abMerecen mayor igualdad de oportunidades\u00bb"},"content":{"rendered":"<p>Leemos en Discapacidad la siguiente noticia que os reproducimos de forma \u00edntegra: <\/p>\n<div>\n<p>El pr\u00f3ximo 28 de agosto se inauguran los <a href=\"https:\/\/www.20minutos.es\/deportes\/minuteca\/juegos-paralimpicos\/\" title=\"Juegos Paral\u00edmpicos\" target=\"_blank\" rel=\"noopener\">Juegos Paral\u00edmpicos<\/a>, una cita deportiva internacional en la que se dar\u00e1n cita<b> 4.400 atletas con discapacidad<\/b> de 180 pa\u00edses, que competir\u00e1n en 22 deportes. De ellos, 139 son espa\u00f1oles, y<b> s\u00f3lo dos de ellos -Eva Coronado y David Pineda- tienen <a href=\"https:\/\/www.20minutos.es\/minuteca\/discapacidad-intelectual\/\" title=\"Discapacidad intelectual\" target=\"_blank\" rel=\"noopener\">discapacidad intelectual<\/a><\/b>, frente a, por ejemplo, los 54 deportistas que tienen discapacidad f\u00edsica o los 32 que la tienen visual.<\/p>\n<p>Se trata, por tanto, de una <b>discapacidad infrarrepresentada<\/b>, teniendo en cuenta que es una de las discapacidades m\u00e1s prevalentes.<\/p>\n<p><b>Las causas son variadas<\/b>: la incorporaci\u00f3n reciente de las personas con <a href=\"https:\/\/www.20minutos.es\/minuteca\/discapacidad\/\" title=\"Discapacidad\" target=\"_blank\" rel=\"noopener\">discapacidad<\/a> intelectual a los Juegos Paral\u00edmpicos (la primera vez fue en 1996), que solo puedan participar en tres deportes (atletismo, tenis de mesa y nataci\u00f3n) o que no existan clasificaciones dentro de la discapacidad intelectual. Todo ello provoca que el n\u00famero de atletas que se clasifican para los Juegos sean <b>muy escaso en comparaci\u00f3n con el resto de discapacidades<\/b>.<\/p>\n<p><b>Celia Garrote, gerente de FEDDI <\/b>(Federaci\u00f3n Espa\u00f1ola de Deportistas con Discapacidad Intelectual) quiere insistir especialmente en el tema de las clasificaciones: \u00abque haya solo una clase les perjudica, porque no es igual un deportista con discapacidad intelectual por <a href=\"https:\/\/www.20minutos.es\/minuteca\/sindrome-de-down\/\" title=\"S\u00edndrome de Down\" target=\"_blank\" rel=\"noopener\">s\u00edndrome de Down<\/a> que otro que solo tiene discapacidad intelectual y no un s\u00edndrome que le pueda afectar en m\u00e1s competencias. Por ejemplo, en nataci\u00f3n hay un total de 14 clases deportivas y de ellas, solo una es para deportistas con discapacidad intelectual\u00bb.<\/p>\n<p>Garrote entiende que, quiz\u00e1s, a simple vista, una persona con discapacidad intelectual<b> puede parecer m\u00e1s dif\u00edcil de clasificar<\/b> que una persona con discapacidad f\u00edsica o visual, pero s\u00ed es posible. De hecho, en los Virtus Global Games utilizan una clasificaci\u00f3n \u00abbasada en la ciencia\u00bb, \u00abbajo nuestro punto de vista,<b> se tiene que invertir en mejorar los sistemas de clasificaci\u00f3n de los Juegos Paral\u00edmpicos<\/b> y ampliar las clases, porque no todas las personas con discapacidad son iguales ni tienen el mismo nivel de competencia\u00bb, asegura la gerente de FEDDI.<\/p>\n<h1>Se tiene que invertir en mejorar los sistemas de clasificaci\u00f3n y ampliar las clases<\/h1>\n<p>En la federaci\u00f3n internacional de deportistas con discapacidad intelectual, Virtus, como apunta Celia Garrote, \u00abse est\u00e1 trabajando en eso, y por eso <b>dentro de las competiciones internacionales s\u00ed tenemos distintas clases, pero en los Juegos solo tenemos una<\/b>. Si te quiere apostar por los deportistas con discapacidad intelectual se deber\u00eda hacer algo as\u00ed tambi\u00e9n en los Juegos\u00bb, insiste.<\/p>\n<h2>Solo en cuatro Juegos y la sombra del fraude<\/h2>\n<p>Otra de las causas detr\u00e1s del escaso n\u00famero de atletas con discapacidad intelectual clasificados para los Juegos Paral\u00edmpicos es que pueden participar en ellos desde hace relativamente poco tiempo, desde 1996, \u00abnuestra historia dentro de los Juegos es muy reciente, <b>con el actual sistema llevamos desde 2012, son solo cuatro ciclos<\/b>, por eso queda mucho por desarrollar\u00bb, explica Garrote.<\/p>\n<p><b>Luis Leardy, Director de comunicaci\u00f3n de Comit\u00e9 Paral\u00edmpico Espa\u00f1ol<\/b>, coincide en que a la discapacidad intelectual le est\u00e1 costando m\u00e1s porque <b>ha sido la \u00faltima en llegar<\/b>, \u00abtradicionalmente ha sido as\u00ed porque el movimiento paral\u00edmpico se crea entorno a la discapacidad f\u00edsica, sobre todo para personas en<a href=\"https:\/\/www.20minutos.es\/minuteca\/silla-de-ruedas\/\" title=\"Silla de ruedas\" target=\"_blank\" rel=\"noopener\"> silla de ruedas<\/a>, con lesi\u00f3n medular. Luego se fueron incorporando m\u00e1s discapacidades f\u00edsicas, la visual, la par\u00e1lisis cerebral\u2026, y la intelectual no se incorpor\u00f3 hasta 1996&#8243;.<\/p>\n<p>Adem\u00e1s,<b> la sombra del estafa todav\u00eda est\u00e1 presente<\/b>, pues en el a\u00f1o 2000, solo unos juegos despu\u00e9s de su incorporaci\u00f3n, \u00absucedi\u00f3 el <a href=\"https:\/\/www.20minutos.es\/deportes\/noticia\/expresidente-feddi-plan-ingresos-falsos-paralimpicos-1954021\/0\/\" target=\"_blank\" rel=\"noopener\">dram\u00e1tico caso de fraude del equipo espa\u00f1ol de baloncesto<\/a>, y eso produjo un retroceso en la incorporaci\u00f3n de la discapacidad intelectual en los juegos\u00bb. <\/p>\n<p>Este fraude, de hecho, <b>provoc\u00f3 que la discapacidad intelectual saliera del movimiento paral\u00edmpico<\/b>, \u00abno volvi\u00f3 hasta 2012, y se va incorporando poco a poco, as\u00ed que<b> es posible que en un futuro se vayan incorporando m\u00e1s pruebas<\/b>, pero no es f\u00e1cil. Adem\u00e1s, es algo que no depende de nosotros, sino del Comit\u00e9 Paral\u00edmpico Internacional\u00bb, recuerda Leardy.<\/p>\n<p>Desde FEDDI no son muy optimistas, al menos en el corto plazo, pues Celia asegura que desde el Comit\u00e9 Internacional, les dicen que, de momento, no van a ampliar el n\u00famero de deportistas que van a los juegos: \u00bb nos comentan que si a\u00f1aden clasificaciones a la intelectual para que vayan m\u00e1s atletas, van a tener que quitarlos de otro lado, y<b> nadie quiere que le quiten su sitio<\/b>, obviamente. Desde FEDDI estamos trabajando para que se aumenten las clases sin que esto pase, pero no creo que lo consigamos a corto plazo. A largo yo espero que s\u00ed, porque es la discapacidad m\u00e1s numerosa y deber\u00eda tener una mayor representaci\u00f3n en los Juegos\u00bb.<\/p>\n<h1>Es la discapacidad m\u00e1s numerosa y deber\u00eda tener una mayor representaci\u00f3n <\/h1>\n<h2>\u00bfPor qu\u00e9 no hay deportistas con s\u00edndrome de Down?<\/h2>\n<p>Nada impide, te\u00f3ricamente, que una persona con <a href=\"https:\/\/www.20minutos.es\/minuteca\/sindrome-de-down\/\" title=\"S\u00edndrome de Down\" target=\"_blank\" rel=\"noopener\">s\u00edndrome de Down<\/a> participe en los Juegos Paral\u00edmpicos, pero, en la pr\u00e1ctica, la realidad es que no llegan, no hay deportistas con s\u00edndrome de Down en esta competici\u00f3n. El motivo, como coinciden el Comit\u00e9 Paral\u00edmpico espa\u00f1ol y FEDDI, es que no hay distintas clases dentro de la discapacidad intelectual. \u00abUna persona con s\u00edndrome de Down puede optar a las pruebas de clasificaci\u00f3n, pero como tiene m\u00e1s afectaci\u00f3n que la mayor\u00eda de las personas con discapacidad intelectual que se presentan,<b> no llega a clasificarse y no consigue plaza<\/b>\u00ab, explica Luis Leardy.<\/p>\n<p>En la actualidad, solo hay una clase en la que se pide que las personas con discapacidad intelectual tengan un CI por debajo de 75, un deterioro del funcionamiento adaptativo (en habilidades sociales, dom\u00e9sticas y de comunicaci\u00f3n) y que la discapacidad haya ocurrido antes de los 18 a\u00f1os.<\/p>\n<p>Esto provoca que las personas con Down -u otros s\u00edndromes asociados que les provocan m\u00e1s dificultades- <b>nunca lleguen a clasificarse<\/b>, a pesar de tener excelentes marcas en competiciones internacionales como los Virtus, \u00ablas marcas que piden para las personas con discapacidad intelectual en los Paral\u00edmpicos son tan exigentes que rozan el deporte convencional, y eso hace que las personas con Down no puedan llegar, que no se clasifiquen\u00bb, lamentan desde FEDDI.<\/p>\n<p>Jennifer Velasco, responsable de deporte inclusivo de Down Espa\u00f1a, quiere dejar claro que, desde la entidad en la que trabaja, consideran que, ya de por s\u00ed, \u00ab<b>los Juegos Paral\u00edmpicos son excluyentes<\/b>, y la falta de presencia de las personas con s\u00edndrome de Down en esta competici\u00f3n se produce porque est\u00e1n enfocados en personas con discapacidad f\u00edsica\u00bb, por un lado, y por otro, porque \u00ablas personas con s\u00edndrome de Down<b> no pueden practicar deporte en igualdad de condiciones<\/b>\u00ab, insiste, \u00abse les excluye del deporte de base\u00bb. <\/p>\n<p>Tanto desde el Comit\u00e9 Paral\u00edmpico Espa\u00f1ol como desde FEDDI coinciden en que <b>a\u00f1adir distintas clases a la discapacidad intelectual <\/b>dentro de los Juegos les ayudar\u00eda, aunque con matices. Desde el Comit\u00e9 Espa\u00f1ol abogan por que se a\u00f1ada una clasificaci\u00f3n espec\u00edfica, algo que han pedido al Comit\u00e9 Internacional varias veces sin \u00e9xito, \u00abnos dicen que est\u00e1 en estudio, pero de momento, no tenemos una soluci\u00f3n a corto plazo. Desde el Espa\u00f1ol, desde luego, estamos haciendo todo lo posible para que as\u00ed sea\u00bb, insiste su director de comunicaci\u00f3n.<\/p>\n<h1>Las marcas que piden son tan exigentes que las personas con Down no pueden clasificarse<\/h1>\n<p>Desde FEDDI, en cambio, creen que bastar\u00eda con ampliar las clases, \u00ab<b>no hace falta crear una categor\u00eda espec\u00edfica de Down<\/b>, porque no lo hacen con ninguna <a href=\"https:\/\/www.20minutos.es\/minuteca\/discapacidad\/\" title=\"Discapacidad\" target=\"_blank\" rel=\"noopener\">discapacidad<\/a>. Las clases son por competencias, es una clasificaci\u00f3n funcional dentro de la misma discapacidad, no por s\u00edndromes, enfermedades o diagn\u00f3sticos. Por eso, para que los deportistas con Down tuvieran m\u00e1s oportunidad de ir a los Juegos, bastar\u00eda con crear m\u00e1s clases dentro de la discapacidad intelectual. Por ejemplo, una clase podr\u00eda ser deportistas con discapacidad intelectual y alg\u00fan trastorno m\u00e1s asociado\u00bb.<\/p>\n<p><b>Desde Down Espa\u00f1a<\/b>, aunque reconocen que su visi\u00f3n es m\u00e1s ut\u00f3pica, aspiran a que las personas con s\u00edndrome de Down -y el resto de personas con discapacidad- <b>pudieran participar en unos Juegos Ol\u00edmpicos -no Paral\u00edmpicos-.<\/b> Para lograrlo, abogan por que, desde lo local, se favorezca que participen en el deporte en igualdad de condiciones que el resto de deportistas, \u00abpor que se implanten pr\u00e1cticas deportivas inclusivas desde lo m\u00e1s local, porque los ol\u00edmpicos salen de lo local. No se puede pretender que una persona con discapacidad pueda alcanzar un rendimiento deportivo alto cuando ni siquiera tienen acceso a pr\u00e1cticas deportivas comunes de forma natural. Ese ser\u00eda el primer paso, y ahora mismo no se da. Una vez que esto se d\u00e9, ya podemos empezar a pensar en competiciones y en Juegos Ol\u00edmpicos\u00bb, dice tajante Jennifer Velasco.<\/p>\n<p>Sea de una manera u otra, el objetivo es el mismo, \u00abque nuestros deportistas tengan <b>una mayor igualdad de oportunidades <\/b>y que haya m\u00e1s deportistas con discapacidad intelectual en los Paral\u00edmpicos, que es lo que se merecen\u00bb, concluye Celia Garrote. <\/p>\n<p>De momento, y de cara a estos Juegos de Par\u00eds, desde FEDDI, no les queda m\u00e1s que desear \u00abtoda la suerte y mandarles toda la fuerza del mundo a nuestros deportistas: David Pineda en atletismo y Eva Coronado en nataci\u00f3n\u00bb.  <\/p>\n<\/div>\n<p>Fuente: Discapacidad https:\/\/www.20minutos.es\/noticia\/5607449\/0\/discapacidad-intelectual-los-juegos-paralimpicos-merecen-mayor-igualdad-oportunidades\/<\/p>\n","protected":false},"excerpt":{"rendered":"<p>De los 139 deportistas del equipo paral\u00edmpico espa\u00f1ol, solo dos tienen discapacidad intelectual.<\/p>\n","protected":false},"author":1,"featured_media":0,"comment_status":"closed","ping_status":"closed","sticky":false,"template":"","format":"standard","meta":{"footnotes":""},"categories":[8],"tags":[],"class_list":["post-10259","post","type-post","status-publish","format-standard","hentry","category-noticias"],"yoast_head":"<!-- This site is optimized with the Yoast SEO plugin v27.5 - https:\/\/yoast.com\/product\/yoast-seo-wordpress\/ -->\n<title>La discapacidad intelectual, casi inexistente en los Juegos Paral\u00edmpicos: &quot;Merecen mayor igualdad de oportunidades&quot; - Asociaci\u00f3n Espa\u00f1ola S\u00edndrome de Charge<\/title>\n<meta name=\"robots\" content=\"index, follow, max-snippet:-1, max-image-preview:large, max-video-preview:-1\" \/>\n<link rel=\"canonical\" href=\"https:\/\/sindromecharge.es\/index.php\/2024\/08\/23\/discapacidad-intelectual-los-juegos-paralimpicos-merecen-mayor-igualdad-oportunidades\/\" \/>\n<meta property=\"og:locale\" content=\"es_ES\" \/>\n<meta property=\"og:type\" content=\"article\" \/>\n<meta property=\"og:title\" content=\"La discapacidad intelectual, casi inexistente en los Juegos Paral\u00edmpicos: &quot;Merecen mayor igualdad de oportunidades&quot; - Asociaci\u00f3n Espa\u00f1ola S\u00edndrome de Charge\" \/>\n<meta property=\"og:description\" content=\"De los 139 deportistas del equipo paral\u00edmpico espa\u00f1ol, solo dos tienen discapacidad intelectual.\" \/>\n<meta property=\"og:url\" content=\"https:\/\/sindromecharge.es\/index.php\/2024\/08\/23\/discapacidad-intelectual-los-juegos-paralimpicos-merecen-mayor-igualdad-oportunidades\/\" \/>\n<meta property=\"og:site_name\" content=\"Asociaci\u00f3n Espa\u00f1ola S\u00edndrome de Charge\" \/>\n<meta property=\"article:publisher\" content=\"https:\/\/www.facebook.com\/asociacionsindromecharge\" \/>\n<meta property=\"article:published_time\" content=\"2024-08-23T05:12:57+00:00\" \/>\n<meta property=\"og:image\" content=\"https:\/\/sindromecharge.es\/wp-content\/uploads\/2013\/09\/logodecharge300x98.png\" \/>\n\t<meta property=\"og:image:width\" content=\"300\" \/>\n\t<meta property=\"og:image:height\" content=\"98\" \/>\n\t<meta property=\"og:image:type\" content=\"image\/png\" \/>\n<meta name=\"author\" content=\"Charge\" \/>\n<meta name=\"twitter:card\" content=\"summary_large_image\" \/>\n<meta name=\"twitter:creator\" content=\"@sindromecharge\" \/>\n<meta name=\"twitter:site\" content=\"@sindromecharge\" \/>\n<meta name=\"twitter:label1\" content=\"Escrito por\" \/>\n\t<meta name=\"twitter:data1\" content=\"Charge\" \/>\n\t<meta name=\"twitter:label2\" content=\"Tiempo de lectura\" \/>\n\t<meta name=\"twitter:data2\" content=\"8 minutos\" \/>\n<script type=\"application\/ld+json\" class=\"yoast-schema-graph\">{\"@context\":\"https:\\\/\\\/schema.org\",\"@graph\":[{\"@type\":\"Article\",\"@id\":\"https:\\\/\\\/sindromecharge.es\\\/index.php\\\/2024\\\/08\\\/23\\\/discapacidad-intelectual-los-juegos-paralimpicos-merecen-mayor-igualdad-oportunidades\\\/#article\",\"isPartOf\":{\"@id\":\"https:\\\/\\\/sindromecharge.es\\\/index.php\\\/2024\\\/08\\\/23\\\/discapacidad-intelectual-los-juegos-paralimpicos-merecen-mayor-igualdad-oportunidades\\\/\"},\"author\":{\"name\":\"Charge\",\"@id\":\"https:\\\/\\\/sindromecharge.es\\\/#\\\/schema\\\/person\\\/39a60ebe0a2b4d5a11179701e336b039\"},\"headline\":\"La discapacidad intelectual, casi inexistente en los Juegos Paral\u00edmpicos: \u00abMerecen mayor igualdad de oportunidades\u00bb\",\"datePublished\":\"2024-08-23T05:12:57+00:00\",\"mainEntityOfPage\":{\"@id\":\"https:\\\/\\\/sindromecharge.es\\\/index.php\\\/2024\\\/08\\\/23\\\/discapacidad-intelectual-los-juegos-paralimpicos-merecen-mayor-igualdad-oportunidades\\\/\"},\"wordCount\":1633,\"articleSection\":[\"noticias\"],\"inLanguage\":\"es\"},{\"@type\":\"WebPage\",\"@id\":\"https:\\\/\\\/sindromecharge.es\\\/index.php\\\/2024\\\/08\\\/23\\\/discapacidad-intelectual-los-juegos-paralimpicos-merecen-mayor-igualdad-oportunidades\\\/\",\"url\":\"https:\\\/\\\/sindromecharge.es\\\/index.php\\\/2024\\\/08\\\/23\\\/discapacidad-intelectual-los-juegos-paralimpicos-merecen-mayor-igualdad-oportunidades\\\/\",\"name\":\"La discapacidad intelectual, casi inexistente en los Juegos Paral\u00edmpicos: \\\"Merecen mayor igualdad de oportunidades\\\" - Asociaci\u00f3n Espa\u00f1ola S\u00edndrome de Charge\",\"isPartOf\":{\"@id\":\"https:\\\/\\\/sindromecharge.es\\\/#website\"},\"datePublished\":\"2024-08-23T05:12:57+00:00\",\"author\":{\"@id\":\"https:\\\/\\\/sindromecharge.es\\\/#\\\/schema\\\/person\\\/39a60ebe0a2b4d5a11179701e336b039\"},\"breadcrumb\":{\"@id\":\"https:\\\/\\\/sindromecharge.es\\\/index.php\\\/2024\\\/08\\\/23\\\/discapacidad-intelectual-los-juegos-paralimpicos-merecen-mayor-igualdad-oportunidades\\\/#breadcrumb\"},\"inLanguage\":\"es\",\"potentialAction\":[{\"@type\":\"ReadAction\",\"target\":[\"https:\\\/\\\/sindromecharge.es\\\/index.php\\\/2024\\\/08\\\/23\\\/discapacidad-intelectual-los-juegos-paralimpicos-merecen-mayor-igualdad-oportunidades\\\/\"]}]},{\"@type\":\"BreadcrumbList\",\"@id\":\"https:\\\/\\\/sindromecharge.es\\\/index.php\\\/2024\\\/08\\\/23\\\/discapacidad-intelectual-los-juegos-paralimpicos-merecen-mayor-igualdad-oportunidades\\\/#breadcrumb\",\"itemListElement\":[{\"@type\":\"ListItem\",\"position\":1,\"name\":\"Portada\",\"item\":\"https:\\\/\\\/sindromecharge.es\\\/\"},{\"@type\":\"ListItem\",\"position\":2,\"name\":\"La discapacidad intelectual, casi inexistente en los Juegos Paral\u00edmpicos: &#8220;Merecen mayor igualdad de oportunidades&#8221;\"}]},{\"@type\":\"WebSite\",\"@id\":\"https:\\\/\\\/sindromecharge.es\\\/#website\",\"url\":\"https:\\\/\\\/sindromecharge.es\\\/\",\"name\":\"Asociaci\u00f3n Espa\u00f1ola S\u00edndrome de Charge\",\"description\":\"\",\"potentialAction\":[{\"@type\":\"SearchAction\",\"target\":{\"@type\":\"EntryPoint\",\"urlTemplate\":\"https:\\\/\\\/sindromecharge.es\\\/?s={search_term_string}\"},\"query-input\":{\"@type\":\"PropertyValueSpecification\",\"valueRequired\":true,\"valueName\":\"search_term_string\"}}],\"inLanguage\":\"es\"},{\"@type\":\"Person\",\"@id\":\"https:\\\/\\\/sindromecharge.es\\\/#\\\/schema\\\/person\\\/39a60ebe0a2b4d5a11179701e336b039\",\"name\":\"Charge\",\"image\":{\"@type\":\"ImageObject\",\"inLanguage\":\"es\",\"@id\":\"https:\\\/\\\/secure.gravatar.com\\\/avatar\\\/c3b46e32a0fc3b093a0873fb767bf3293de856293065e84ef06b7ec7a8acfb98?s=96&d=identicon&r=x\",\"url\":\"https:\\\/\\\/secure.gravatar.com\\\/avatar\\\/c3b46e32a0fc3b093a0873fb767bf3293de856293065e84ef06b7ec7a8acfb98?s=96&d=identicon&r=x\",\"contentUrl\":\"https:\\\/\\\/secure.gravatar.com\\\/avatar\\\/c3b46e32a0fc3b093a0873fb767bf3293de856293065e84ef06b7ec7a8acfb98?s=96&d=identicon&r=x\",\"caption\":\"Charge\"},\"url\":\"https:\\\/\\\/sindromecharge.es\\\/index.php\\\/author\\\/admin\\\/\"}]}<\/script>\n<!-- \/ Yoast SEO plugin. -->","yoast_head_json":{"title":"La discapacidad intelectual, casi inexistente en los Juegos Paral\u00edmpicos: \"Merecen mayor igualdad de oportunidades\" - Asociaci\u00f3n Espa\u00f1ola S\u00edndrome de Charge","robots":{"index":"index","follow":"follow","max-snippet":"max-snippet:-1","max-image-preview":"max-image-preview:large","max-video-preview":"max-video-preview:-1"},"canonical":"https:\/\/sindromecharge.es\/index.php\/2024\/08\/23\/discapacidad-intelectual-los-juegos-paralimpicos-merecen-mayor-igualdad-oportunidades\/","og_locale":"es_ES","og_type":"article","og_title":"La discapacidad intelectual, casi inexistente en los Juegos Paral\u00edmpicos: \"Merecen mayor igualdad de oportunidades\" - Asociaci\u00f3n Espa\u00f1ola S\u00edndrome de Charge","og_description":"De los 139 deportistas del equipo paral\u00edmpico espa\u00f1ol, solo dos tienen discapacidad intelectual.","og_url":"https:\/\/sindromecharge.es\/index.php\/2024\/08\/23\/discapacidad-intelectual-los-juegos-paralimpicos-merecen-mayor-igualdad-oportunidades\/","og_site_name":"Asociaci\u00f3n Espa\u00f1ola S\u00edndrome de Charge","article_publisher":"https:\/\/www.facebook.com\/asociacionsindromecharge","article_published_time":"2024-08-23T05:12:57+00:00","og_image":[{"width":300,"height":98,"url":"https:\/\/sindromecharge.es\/wp-content\/uploads\/2013\/09\/logodecharge300x98.png","type":"image\/png"}],"author":"Charge","twitter_card":"summary_large_image","twitter_creator":"@sindromecharge","twitter_site":"@sindromecharge","twitter_misc":{"Escrito por":"Charge","Tiempo de lectura":"8 minutos"},"schema":{"@context":"https:\/\/schema.org","@graph":[{"@type":"Article","@id":"https:\/\/sindromecharge.es\/index.php\/2024\/08\/23\/discapacidad-intelectual-los-juegos-paralimpicos-merecen-mayor-igualdad-oportunidades\/#article","isPartOf":{"@id":"https:\/\/sindromecharge.es\/index.php\/2024\/08\/23\/discapacidad-intelectual-los-juegos-paralimpicos-merecen-mayor-igualdad-oportunidades\/"},"author":{"name":"Charge","@id":"https:\/\/sindromecharge.es\/#\/schema\/person\/39a60ebe0a2b4d5a11179701e336b039"},"headline":"La discapacidad intelectual, casi inexistente en los Juegos Paral\u00edmpicos: \u00abMerecen mayor igualdad de oportunidades\u00bb","datePublished":"2024-08-23T05:12:57+00:00","mainEntityOfPage":{"@id":"https:\/\/sindromecharge.es\/index.php\/2024\/08\/23\/discapacidad-intelectual-los-juegos-paralimpicos-merecen-mayor-igualdad-oportunidades\/"},"wordCount":1633,"articleSection":["noticias"],"inLanguage":"es"},{"@type":"WebPage","@id":"https:\/\/sindromecharge.es\/index.php\/2024\/08\/23\/discapacidad-intelectual-los-juegos-paralimpicos-merecen-mayor-igualdad-oportunidades\/","url":"https:\/\/sindromecharge.es\/index.php\/2024\/08\/23\/discapacidad-intelectual-los-juegos-paralimpicos-merecen-mayor-igualdad-oportunidades\/","name":"La discapacidad intelectual, casi inexistente en los Juegos Paral\u00edmpicos: \"Merecen mayor igualdad de oportunidades\" - Asociaci\u00f3n Espa\u00f1ola S\u00edndrome de Charge","isPartOf":{"@id":"https:\/\/sindromecharge.es\/#website"},"datePublished":"2024-08-23T05:12:57+00:00","author":{"@id":"https:\/\/sindromecharge.es\/#\/schema\/person\/39a60ebe0a2b4d5a11179701e336b039"},"breadcrumb":{"@id":"https:\/\/sindromecharge.es\/index.php\/2024\/08\/23\/discapacidad-intelectual-los-juegos-paralimpicos-merecen-mayor-igualdad-oportunidades\/#breadcrumb"},"inLanguage":"es","potentialAction":[{"@type":"ReadAction","target":["https:\/\/sindromecharge.es\/index.php\/2024\/08\/23\/discapacidad-intelectual-los-juegos-paralimpicos-merecen-mayor-igualdad-oportunidades\/"]}]},{"@type":"BreadcrumbList","@id":"https:\/\/sindromecharge.es\/index.php\/2024\/08\/23\/discapacidad-intelectual-los-juegos-paralimpicos-merecen-mayor-igualdad-oportunidades\/#breadcrumb","itemListElement":[{"@type":"ListItem","position":1,"name":"Portada","item":"https:\/\/sindromecharge.es\/"},{"@type":"ListItem","position":2,"name":"La discapacidad intelectual, casi inexistente en los Juegos Paral\u00edmpicos: &#8220;Merecen mayor igualdad de oportunidades&#8221;"}]},{"@type":"WebSite","@id":"https:\/\/sindromecharge.es\/#website","url":"https:\/\/sindromecharge.es\/","name":"Asociaci\u00f3n Espa\u00f1ola S\u00edndrome de Charge","description":"","potentialAction":[{"@type":"SearchAction","target":{"@type":"EntryPoint","urlTemplate":"https:\/\/sindromecharge.es\/?s={search_term_string}"},"query-input":{"@type":"PropertyValueSpecification","valueRequired":true,"valueName":"search_term_string"}}],"inLanguage":"es"},{"@type":"Person","@id":"https:\/\/sindromecharge.es\/#\/schema\/person\/39a60ebe0a2b4d5a11179701e336b039","name":"Charge","image":{"@type":"ImageObject","inLanguage":"es","@id":"https:\/\/secure.gravatar.com\/avatar\/c3b46e32a0fc3b093a0873fb767bf3293de856293065e84ef06b7ec7a8acfb98?s=96&d=identicon&r=x","url":"https:\/\/secure.gravatar.com\/avatar\/c3b46e32a0fc3b093a0873fb767bf3293de856293065e84ef06b7ec7a8acfb98?s=96&d=identicon&r=x","contentUrl":"https:\/\/secure.gravatar.com\/avatar\/c3b46e32a0fc3b093a0873fb767bf3293de856293065e84ef06b7ec7a8acfb98?s=96&d=identicon&r=x","caption":"Charge"},"url":"https:\/\/sindromecharge.es\/index.php\/author\/admin\/"}]}},"_links":{"self":[{"href":"https:\/\/sindromecharge.es\/index.php\/wp-json\/wp\/v2\/posts\/10259","targetHints":{"allow":["GET"]}}],"collection":[{"href":"https:\/\/sindromecharge.es\/index.php\/wp-json\/wp\/v2\/posts"}],"about":[{"href":"https:\/\/sindromecharge.es\/index.php\/wp-json\/wp\/v2\/types\/post"}],"author":[{"embeddable":true,"href":"https:\/\/sindromecharge.es\/index.php\/wp-json\/wp\/v2\/users\/1"}],"replies":[{"embeddable":true,"href":"https:\/\/sindromecharge.es\/index.php\/wp-json\/wp\/v2\/comments?post=10259"}],"version-history":[{"count":0,"href":"https:\/\/sindromecharge.es\/index.php\/wp-json\/wp\/v2\/posts\/10259\/revisions"}],"wp:attachment":[{"href":"https:\/\/sindromecharge.es\/index.php\/wp-json\/wp\/v2\/media?parent=10259"}],"wp:term":[{"taxonomy":"category","embeddable":true,"href":"https:\/\/sindromecharge.es\/index.php\/wp-json\/wp\/v2\/categories?post=10259"},{"taxonomy":"post_tag","embeddable":true,"href":"https:\/\/sindromecharge.es\/index.php\/wp-json\/wp\/v2\/tags?post=10259"}],"curies":[{"name":"wp","href":"https:\/\/api.w.org\/{rel}","templated":true}]}}